{"id":573947,"date":"2024-10-18T14:27:11","date_gmt":"2024-10-18T14:27:11","guid":{"rendered":"https:\/\/grotta.is\/?p=573947"},"modified":"2024-10-18T14:27:13","modified_gmt":"2024-10-18T14:27:13","slug":"fjor-a-9-flokks-aefingum","status":"publish","type":"post","link":"https:\/\/grotta.is\/en\/handknattleiksdeild\/fjor-a-9-flokks-aefingum\/","title":{"rendered":"Fj\u00f6r \u00e1 9.flokks \u00e6fingum"},"content":{"rendered":"<p>T\u00e6plega 15 krakkar m\u00e6ta a\u00f0 sta\u00f0aldri \u00e1 \u00e6fingar 9.flokks \u00e1 laugard\u00f6gum \u00ed \u00cd\u00fer\u00f3ttah\u00fasi Gr\u00f3ttu. Um er a\u00f0 r\u00e6\u00f0a krakka f\u00e6dd 2019 og 2020. Eva Bj\u00f6rk Hl\u00f6\u00f0versd\u00f3ttir og a\u00f0sto\u00f0arf\u00f3lk hafa veg og vanda a\u00f0 skipulagningu og \u00e6fingum krakkanna en Eva Bj\u00f6rk er margreynd \u00ed \u00fej\u00e1lfun hj\u00e1 f\u00e9laginu.<\/p><p>Innihald \u00e6finganna eru leikir me\u00f0 og \u00e1n bolta auk fj\u00f6lbreyttra handbolta\u00e6finga sem reyna \u00e1 samh\u00e6fingu, jafnv\u00e6gi, styrk og hittni. Segja m\u00e1 a\u00f0 mikil einbeiting og miki\u00f0 stu\u00f0 s\u00e9 hj\u00e1 <a><\/a>\u00feessum flotta h\u00f3pi \u00e1 laugard\u00f6gum. \u00c6fingarnar hefjast kl. 09:15.<\/p><p>Skr\u00e1ning \u00ed flokkinn fer fram \u00ed Sportabler: <a href=\"https:\/\/www.sportabler.com\/shop\/grotta\/handbolti?fbclid=IwZXh0bgNhZW0CMTAAAR3fTD9dfXEkgkaxCN8hhHdUhEZUUVKkeA0d2STjyJZQFOTK8CBhmXpM8Y0_aem_FeVr5RvqGTBW4Gh8b1gStw\" rel=\"noreferrer noopener\" target=\"_blank\">https:\/\/www.sportabler.com\/shop\/grotta\/handbolti<\/a><\/p><p>Frekar uppl\u00fdsingar um handboltastarfi\u00f0 er h\u00e6gt a\u00f0 n\u00e1lgast \u00e1 heimas\u00ed\u00f0u Gr\u00f3ttu e\u00f0a hj\u00e1 Andra Sigf\u00fassyni yfir\u00fej\u00e1lfara, andri@grotta.is<\/p><p><\/p><p><img fetchpriority=\"high\" decoding=\"async\" width=\"600\" height=\"505\" class=\"wp-image-573949\" style=\"width: 600px;\" src=\"https:\/\/grotta.is\/wp-content\/uploads\/2024\/10\/462619072_1140104164306340_528972049273738557_n.jpg\" alt=\"\" srcset=\"https:\/\/grotta.is\/wp-content\/uploads\/2024\/10\/462619072_1140104164306340_528972049273738557_n.jpg 1536w, https:\/\/grotta.is\/wp-content\/uploads\/2024\/10\/462619072_1140104164306340_528972049273738557_n-300x253.jpg 300w, https:\/\/grotta.is\/wp-content\/uploads\/2024\/10\/462619072_1140104164306340_528972049273738557_n-1024x862.jpg 1024w, https:\/\/grotta.is\/wp-content\/uploads\/2024\/10\/462619072_1140104164306340_528972049273738557_n-768x647.jpg 768w, https:\/\/grotta.is\/wp-content\/uploads\/2024\/10\/462619072_1140104164306340_528972049273738557_n-14x12.jpg 14w, https:\/\/grotta.is\/wp-content\/uploads\/2024\/10\/462619072_1140104164306340_528972049273738557_n-600x505.jpg 600w\" sizes=\"(max-width: 600px) 100vw, 600px\" \/><\/p><p><\/p><p><\/p>","protected":false},"excerpt":{"rendered":"<p>T\u00e6plega 15 krakkar m\u00e6ta a\u00f0 sta\u00f0aldri \u00e1 \u00e6fingar 9.flokks \u00e1 laugard\u00f6gum \u00ed \u00cd\u00fer\u00f3ttah\u00fasi Gr\u00f3ttu. Um er a\u00f0 r\u00e6\u00f0a krakka f\u00e6dd 2019 og 2020. Eva Bj\u00f6rk Hl\u00f6\u00f0versd\u00f3ttir og a\u00f0sto\u00f0arf\u00f3lk hafa veg [&hellip;]<\/p>","protected":false},"author":10,"featured_media":573948,"comment_status":"closed","ping_status":"closed","sticky":false,"template":"","format":"standard","meta":{"footnotes":""},"categories":[12],"tags":[],"class_list":["post-573947","post","type-post","status-publish","format-standard","has-post-thumbnail","hentry","category-handknattleiksdeild"],"yoast_head":"<!-- This site is optimized with the Yoast SEO plugin v24.3 - https:\/\/yoast.com\/wordpress\/plugins\/seo\/ -->\n<title>Fj\u00f6r \u00e1 9.flokks \u00e6fingum - \u00cd\u00fer\u00f3ttaf\u00e9lagi\u00f0 Gr\u00f3tta<\/title>\n<meta name=\"robots\" content=\"index, follow, max-snippet:-1, max-image-preview:large, max-video-preview:-1\" \/>\n<link rel=\"canonical\" href=\"https:\/\/grotta.is\/en\/handknattleiksdeild\/fjor-a-9-flokks-aefingum\/\" \/>\n<meta property=\"og:locale\" content=\"en_US\" \/>\n<meta property=\"og:type\" content=\"article\" \/>\n<meta property=\"og:title\" content=\"Fj\u00f6r \u00e1 9.flokks \u00e6fingum - \u00cd\u00fer\u00f3ttaf\u00e9lagi\u00f0 Gr\u00f3tta\" \/>\n<meta property=\"og:description\" content=\"T\u00e6plega 15 krakkar m\u00e6ta a\u00f0 sta\u00f0aldri \u00e1 \u00e6fingar 9.flokks \u00e1 laugard\u00f6gum \u00ed \u00cd\u00fer\u00f3ttah\u00fasi Gr\u00f3ttu. Um er a\u00f0 r\u00e6\u00f0a krakka f\u00e6dd 2019 og 2020. Eva Bj\u00f6rk Hl\u00f6\u00f0versd\u00f3ttir og a\u00f0sto\u00f0arf\u00f3lk hafa veg [&hellip;]\" \/>\n<meta property=\"og:url\" content=\"https:\/\/grotta.is\/en\/handknattleiksdeild\/fjor-a-9-flokks-aefingum\/\" \/>\n<meta property=\"og:site_name\" content=\"\u00cd\u00fer\u00f3ttaf\u00e9lagi\u00f0 Gr\u00f3tta\" \/>\n<meta property=\"article:publisher\" content=\"https:\/\/www.facebook.com\/grottasport\" \/>\n<meta property=\"article:published_time\" content=\"2024-10-18T14:27:11+00:00\" \/>\n<meta property=\"article:modified_time\" content=\"2024-10-18T14:27:13+00:00\" \/>\n<meta property=\"og:image\" content=\"https:\/\/grotta.is\/wp-content\/uploads\/2024\/10\/462476100_1140104217639668_7986579746456469735_n.jpg\" \/>\n\t<meta property=\"og:image:width\" content=\"1491\" \/>\n\t<meta property=\"og:image:height\" content=\"1417\" \/>\n\t<meta property=\"og:image:type\" content=\"image\/jpeg\" \/>\n<meta name=\"author\" content=\"Andri Sigf\u00fasson\" \/>\n<meta name=\"twitter:card\" content=\"summary_large_image\" \/>\n<meta name=\"twitter:label1\" content=\"Written by\" \/>\n\t<meta name=\"twitter:data1\" content=\"Andri Sigf\u00fasson\" \/>\n\t<meta name=\"twitter:label2\" content=\"Est. reading time\" \/>\n\t<meta name=\"twitter:data2\" content=\"1 minute\" \/>\n<script type=\"application\/ld+json\" class=\"yoast-schema-graph\">{\"@context\":\"https:\/\/schema.org\",\"@graph\":[{\"@type\":\"Article\",\"@id\":\"https:\/\/grotta.is\/handknattleiksdeild\/fjor-a-9-flokks-aefingum\/#article\",\"isPartOf\":{\"@id\":\"https:\/\/grotta.is\/handknattleiksdeild\/fjor-a-9-flokks-aefingum\/\"},\"author\":{\"name\":\"Andri Sigf\u00fasson\",\"@id\":\"https:\/\/grotta.is\/#\/schema\/person\/b21e9d5dfd92c90211e343e8d7252b1c\"},\"headline\":\"Fj\u00f6r \u00e1 9.flokks \u00e6fingum\",\"datePublished\":\"2024-10-18T14:27:11+00:00\",\"dateModified\":\"2024-10-18T14:27:13+00:00\",\"mainEntityOfPage\":{\"@id\":\"https:\/\/grotta.is\/handknattleiksdeild\/fjor-a-9-flokks-aefingum\/\"},\"wordCount\":142,\"publisher\":{\"@id\":\"https:\/\/grotta.is\/#organization\"},\"image\":{\"@id\":\"https:\/\/grotta.is\/handknattleiksdeild\/fjor-a-9-flokks-aefingum\/#primaryimage\"},\"thumbnailUrl\":\"https:\/\/grotta.is\/wp-content\/uploads\/2024\/10\/462476100_1140104217639668_7986579746456469735_n.jpg\",\"articleSection\":[\"Handknattleiksdeild\"],\"inLanguage\":\"en-US\"},{\"@type\":\"WebPage\",\"@id\":\"https:\/\/grotta.is\/handknattleiksdeild\/fjor-a-9-flokks-aefingum\/\",\"url\":\"https:\/\/grotta.is\/handknattleiksdeild\/fjor-a-9-flokks-aefingum\/\",\"name\":\"Fj\u00f6r \u00e1 9.flokks \u00e6fingum - \u00cd\u00fer\u00f3ttaf\u00e9lagi\u00f0 Gr\u00f3tta\",\"isPartOf\":{\"@id\":\"https:\/\/grotta.is\/#website\"},\"primaryImageOfPage\":{\"@id\":\"https:\/\/grotta.is\/handknattleiksdeild\/fjor-a-9-flokks-aefingum\/#primaryimage\"},\"image\":{\"@id\":\"https:\/\/grotta.is\/handknattleiksdeild\/fjor-a-9-flokks-aefingum\/#primaryimage\"},\"thumbnailUrl\":\"https:\/\/grotta.is\/wp-content\/uploads\/2024\/10\/462476100_1140104217639668_7986579746456469735_n.jpg\",\"datePublished\":\"2024-10-18T14:27:11+00:00\",\"dateModified\":\"2024-10-18T14:27:13+00:00\",\"breadcrumb\":{\"@id\":\"https:\/\/grotta.is\/handknattleiksdeild\/fjor-a-9-flokks-aefingum\/#breadcrumb\"},\"inLanguage\":\"en-US\",\"potentialAction\":[{\"@type\":\"ReadAction\",\"target\":[\"https:\/\/grotta.is\/handknattleiksdeild\/fjor-a-9-flokks-aefingum\/\"]}]},{\"@type\":\"ImageObject\",\"inLanguage\":\"en-US\",\"@id\":\"https:\/\/grotta.is\/handknattleiksdeild\/fjor-a-9-flokks-aefingum\/#primaryimage\",\"url\":\"https:\/\/grotta.is\/wp-content\/uploads\/2024\/10\/462476100_1140104217639668_7986579746456469735_n.jpg\",\"contentUrl\":\"https:\/\/grotta.is\/wp-content\/uploads\/2024\/10\/462476100_1140104217639668_7986579746456469735_n.jpg\",\"width\":1491,\"height\":1417},{\"@type\":\"BreadcrumbList\",\"@id\":\"https:\/\/grotta.is\/handknattleiksdeild\/fjor-a-9-flokks-aefingum\/#breadcrumb\",\"itemListElement\":[{\"@type\":\"ListItem\",\"position\":1,\"name\":\"Home\",\"item\":\"https:\/\/grotta.is\/\"},{\"@type\":\"ListItem\",\"position\":2,\"name\":\"Fj\u00f6r \u00e1 9.flokks \u00e6fingum\"}]},{\"@type\":\"WebSite\",\"@id\":\"https:\/\/grotta.is\/#website\",\"url\":\"https:\/\/grotta.is\/\",\"name\":\"\u00cd\u00fer\u00f3ttaf\u00e9lagi\u00f0 Gr\u00f3tta\",\"description\":\"\u00e1 Seltjarnarnesi\",\"publisher\":{\"@id\":\"https:\/\/grotta.is\/#organization\"},\"potentialAction\":[{\"@type\":\"SearchAction\",\"target\":{\"@type\":\"EntryPoint\",\"urlTemplate\":\"https:\/\/grotta.is\/?s={search_term_string}\"},\"query-input\":{\"@type\":\"PropertyValueSpecification\",\"valueRequired\":true,\"valueName\":\"search_term_string\"}}],\"inLanguage\":\"en-US\"},{\"@type\":\"Organization\",\"@id\":\"https:\/\/grotta.is\/#organization\",\"name\":\"\u00cd\u00fer\u00f3ttaf\u00e9lagi\u00f0 Gr\u00f3tta\",\"url\":\"https:\/\/grotta.is\/\",\"logo\":{\"@type\":\"ImageObject\",\"inLanguage\":\"en-US\",\"@id\":\"https:\/\/grotta.is\/#\/schema\/logo\/image\/\",\"url\":\"https:\/\/grotta.is\/wp-content\/uploads\/2020\/02\/ithrottafelagidgrotta_logo_512x512_transparent.png\",\"contentUrl\":\"https:\/\/grotta.is\/wp-content\/uploads\/2020\/02\/ithrottafelagidgrotta_logo_512x512_transparent.png\",\"width\":512,\"height\":512,\"caption\":\"\u00cd\u00fer\u00f3ttaf\u00e9lagi\u00f0 Gr\u00f3tta\"},\"image\":{\"@id\":\"https:\/\/grotta.is\/#\/schema\/logo\/image\/\"},\"sameAs\":[\"https:\/\/www.facebook.com\/grottasport\"]},{\"@type\":\"Person\",\"@id\":\"https:\/\/grotta.is\/#\/schema\/person\/b21e9d5dfd92c90211e343e8d7252b1c\",\"name\":\"Andri Sigf\u00fasson\",\"url\":\"https:\/\/grotta.is\/en\/author\/andri\/\"}]}<\/script>\n<!-- \/ Yoast SEO plugin. -->","yoast_head_json":{"title":"Fj\u00f6r \u00e1 9.flokks \u00e6fingum - \u00cd\u00fer\u00f3ttaf\u00e9lagi\u00f0 Gr\u00f3tta","robots":{"index":"index","follow":"follow","max-snippet":"max-snippet:-1","max-image-preview":"max-image-preview:large","max-video-preview":"max-video-preview:-1"},"canonical":"https:\/\/grotta.is\/en\/handknattleiksdeild\/fjor-a-9-flokks-aefingum\/","og_locale":"en_US","og_type":"article","og_title":"Fj\u00f6r \u00e1 9.flokks \u00e6fingum - \u00cd\u00fer\u00f3ttaf\u00e9lagi\u00f0 Gr\u00f3tta","og_description":"T\u00e6plega 15 krakkar m\u00e6ta a\u00f0 sta\u00f0aldri \u00e1 \u00e6fingar 9.flokks \u00e1 laugard\u00f6gum \u00ed \u00cd\u00fer\u00f3ttah\u00fasi Gr\u00f3ttu. Um er a\u00f0 r\u00e6\u00f0a krakka f\u00e6dd 2019 og 2020. Eva Bj\u00f6rk Hl\u00f6\u00f0versd\u00f3ttir og a\u00f0sto\u00f0arf\u00f3lk hafa veg [&hellip;]","og_url":"https:\/\/grotta.is\/en\/handknattleiksdeild\/fjor-a-9-flokks-aefingum\/","og_site_name":"\u00cd\u00fer\u00f3ttaf\u00e9lagi\u00f0 Gr\u00f3tta","article_publisher":"https:\/\/www.facebook.com\/grottasport","article_published_time":"2024-10-18T14:27:11+00:00","article_modified_time":"2024-10-18T14:27:13+00:00","og_image":[{"width":1491,"height":1417,"url":"https:\/\/grotta.is\/wp-content\/uploads\/2024\/10\/462476100_1140104217639668_7986579746456469735_n.jpg","type":"image\/jpeg"}],"author":"Andri Sigf\u00fasson","twitter_card":"summary_large_image","twitter_misc":{"Written by":"Andri Sigf\u00fasson","Est. reading time":"1 minute"},"schema":{"@context":"https:\/\/schema.org","@graph":[{"@type":"Article","@id":"https:\/\/grotta.is\/handknattleiksdeild\/fjor-a-9-flokks-aefingum\/#article","isPartOf":{"@id":"https:\/\/grotta.is\/handknattleiksdeild\/fjor-a-9-flokks-aefingum\/"},"author":{"name":"Andri Sigf\u00fasson","@id":"https:\/\/grotta.is\/#\/schema\/person\/b21e9d5dfd92c90211e343e8d7252b1c"},"headline":"Fj\u00f6r \u00e1 9.flokks \u00e6fingum","datePublished":"2024-10-18T14:27:11+00:00","dateModified":"2024-10-18T14:27:13+00:00","mainEntityOfPage":{"@id":"https:\/\/grotta.is\/handknattleiksdeild\/fjor-a-9-flokks-aefingum\/"},"wordCount":142,"publisher":{"@id":"https:\/\/grotta.is\/#organization"},"image":{"@id":"https:\/\/grotta.is\/handknattleiksdeild\/fjor-a-9-flokks-aefingum\/#primaryimage"},"thumbnailUrl":"https:\/\/grotta.is\/wp-content\/uploads\/2024\/10\/462476100_1140104217639668_7986579746456469735_n.jpg","articleSection":["Handknattleiksdeild"],"inLanguage":"en-US"},{"@type":"WebPage","@id":"https:\/\/grotta.is\/handknattleiksdeild\/fjor-a-9-flokks-aefingum\/","url":"https:\/\/grotta.is\/handknattleiksdeild\/fjor-a-9-flokks-aefingum\/","name":"Fj\u00f6r \u00e1 9.flokks \u00e6fingum - \u00cd\u00fer\u00f3ttaf\u00e9lagi\u00f0 Gr\u00f3tta","isPartOf":{"@id":"https:\/\/grotta.is\/#website"},"primaryImageOfPage":{"@id":"https:\/\/grotta.is\/handknattleiksdeild\/fjor-a-9-flokks-aefingum\/#primaryimage"},"image":{"@id":"https:\/\/grotta.is\/handknattleiksdeild\/fjor-a-9-flokks-aefingum\/#primaryimage"},"thumbnailUrl":"https:\/\/grotta.is\/wp-content\/uploads\/2024\/10\/462476100_1140104217639668_7986579746456469735_n.jpg","datePublished":"2024-10-18T14:27:11+00:00","dateModified":"2024-10-18T14:27:13+00:00","breadcrumb":{"@id":"https:\/\/grotta.is\/handknattleiksdeild\/fjor-a-9-flokks-aefingum\/#breadcrumb"},"inLanguage":"en-US","potentialAction":[{"@type":"ReadAction","target":["https:\/\/grotta.is\/handknattleiksdeild\/fjor-a-9-flokks-aefingum\/"]}]},{"@type":"ImageObject","inLanguage":"en-US","@id":"https:\/\/grotta.is\/handknattleiksdeild\/fjor-a-9-flokks-aefingum\/#primaryimage","url":"https:\/\/grotta.is\/wp-content\/uploads\/2024\/10\/462476100_1140104217639668_7986579746456469735_n.jpg","contentUrl":"https:\/\/grotta.is\/wp-content\/uploads\/2024\/10\/462476100_1140104217639668_7986579746456469735_n.jpg","width":1491,"height":1417},{"@type":"BreadcrumbList","@id":"https:\/\/grotta.is\/handknattleiksdeild\/fjor-a-9-flokks-aefingum\/#breadcrumb","itemListElement":[{"@type":"ListItem","position":1,"name":"Home","item":"https:\/\/grotta.is\/"},{"@type":"ListItem","position":2,"name":"Fj\u00f6r \u00e1 9.flokks \u00e6fingum"}]},{"@type":"WebSite","@id":"https:\/\/grotta.is\/#website","url":"https:\/\/grotta.is\/","name":"\u00cd\u00fer\u00f3ttaf\u00e9lagi\u00f0 Gr\u00f3tta","description":"\u00e1 Seltjarnarnesi","publisher":{"@id":"https:\/\/grotta.is\/#organization"},"potentialAction":[{"@type":"SearchAction","target":{"@type":"EntryPoint","urlTemplate":"https:\/\/grotta.is\/?s={search_term_string}"},"query-input":{"@type":"PropertyValueSpecification","valueRequired":true,"valueName":"search_term_string"}}],"inLanguage":"en-US"},{"@type":"Organization","@id":"https:\/\/grotta.is\/#organization","name":"\u00cd\u00fer\u00f3ttaf\u00e9lagi\u00f0 Gr\u00f3tta","url":"https:\/\/grotta.is\/","logo":{"@type":"ImageObject","inLanguage":"en-US","@id":"https:\/\/grotta.is\/#\/schema\/logo\/image\/","url":"https:\/\/grotta.is\/wp-content\/uploads\/2020\/02\/ithrottafelagidgrotta_logo_512x512_transparent.png","contentUrl":"https:\/\/grotta.is\/wp-content\/uploads\/2020\/02\/ithrottafelagidgrotta_logo_512x512_transparent.png","width":512,"height":512,"caption":"\u00cd\u00fer\u00f3ttaf\u00e9lagi\u00f0 Gr\u00f3tta"},"image":{"@id":"https:\/\/grotta.is\/#\/schema\/logo\/image\/"},"sameAs":["https:\/\/www.facebook.com\/grottasport"]},{"@type":"Person","@id":"https:\/\/grotta.is\/#\/schema\/person\/b21e9d5dfd92c90211e343e8d7252b1c","name":"Andri Sigf\u00fasson","url":"https:\/\/grotta.is\/en\/author\/andri\/"}]}},"_links":{"self":[{"href":"https:\/\/grotta.is\/en\/wp-json\/wp\/v2\/posts\/573947","targetHints":{"allow":["GET"]}}],"collection":[{"href":"https:\/\/grotta.is\/en\/wp-json\/wp\/v2\/posts"}],"about":[{"href":"https:\/\/grotta.is\/en\/wp-json\/wp\/v2\/types\/post"}],"author":[{"embeddable":true,"href":"https:\/\/grotta.is\/en\/wp-json\/wp\/v2\/users\/10"}],"replies":[{"embeddable":true,"href":"https:\/\/grotta.is\/en\/wp-json\/wp\/v2\/comments?post=573947"}],"version-history":[{"count":1,"href":"https:\/\/grotta.is\/en\/wp-json\/wp\/v2\/posts\/573947\/revisions"}],"predecessor-version":[{"id":573950,"href":"https:\/\/grotta.is\/en\/wp-json\/wp\/v2\/posts\/573947\/revisions\/573950"}],"wp:featuredmedia":[{"embeddable":true,"href":"https:\/\/grotta.is\/en\/wp-json\/wp\/v2\/media\/573948"}],"wp:attachment":[{"href":"https:\/\/grotta.is\/en\/wp-json\/wp\/v2\/media?parent=573947"}],"wp:term":[{"taxonomy":"category","embeddable":true,"href":"https:\/\/grotta.is\/en\/wp-json\/wp\/v2\/categories?post=573947"},{"taxonomy":"post_tag","embeddable":true,"href":"https:\/\/grotta.is\/en\/wp-json\/wp\/v2\/tags?post=573947"}],"curies":[{"name":"wp","href":"https:\/\/api.w.org\/{rel}","templated":true}]}}