{"id":573501,"date":"2024-08-20T14:22:40","date_gmt":"2024-08-20T14:22:40","guid":{"rendered":"https:\/\/grotta.is\/?p=573501"},"modified":"2024-08-20T14:22:41","modified_gmt":"2024-08-20T14:22:41","slug":"samstarfi-vid-kr-slitid","status":"publish","type":"post","link":"https:\/\/grotta.is\/en\/knattspyrnudeild\/samstarfi-vid-kr-slitid\/","title":{"rendered":"Samstarfi vi\u00f0 KR sliti\u00f0"},"content":{"rendered":"<p>Fyrr \u00ed dag var okkur \u00ed stj\u00f3rn knattspyrnudeildar Gr\u00f3ttu tilkynnt um a\u00f0 stj\u00f3rn knattspyrnudeildar KR hef\u00f0i \u00e1kve\u00f0i\u00f0 a\u00f0 sl\u00edta samstarfi vi\u00f0 Gr\u00f3ttu \u00ed 2., 3. og 4. flokki kvenna. \u00c1v\u00f6r\u00f0unin tekur gildi fr\u00e1 og me\u00f0 lokum keppnist\u00edmabils \u00ed \u00cdslandsm\u00f3ti. \u00deessi \u00e1kv\u00f6r\u00f0un var tilkynnt \u00e1n nokkurs fyrirvara og kemur okkur \u00e1 \u00f3vart. A\u00f0 okkar mati hefur samstarfi\u00f0 bori\u00f0 g\u00f3\u00f0an \u00e1v\u00f6xt hinga\u00f0 til og skapa\u00f0 svigr\u00fam til a\u00f0 veita sem flestum i\u00f0kendum verkefni vi\u00f0 h\u00e6fi.<\/p><p>Knattspyrnudeild Gr\u00f3ttu mun halda <a><\/a>s\u00ednu striki og starfr\u00e6kja alla yngri flokka kvenna \u00e1 komandi t\u00edmabili \u00fear sem haldi\u00f0 ver\u00f0ur \u00e1fram a\u00f0 byggja ofan \u00e1 \u00fea\u00f0 fr\u00e1b\u00e6ra starf sem unni\u00f0 hefur veri\u00f0 \u00ed kvennaknattspyrnu \u00e1 Seltjarnarnesi. Eins og kunnugt er er meistaraflokkur kvenna \u00ed toppbar\u00e1ttu \u00ed Lengjudeildinni anna\u00f0 t\u00edmabili\u00f0 \u00ed r\u00f6\u00f0 og uppaldar Gr\u00f3ttustelpur hafa skila\u00f0 s\u00e9r upp \u00ed li\u00f0i\u00f0 n\u00e6r \u00e1rlega. Og vi\u00f0 erum r\u00e9tt a\u00f0 byrja. Tilkynnt ver\u00f0ur um \u00fej\u00e1lfara og \u00e6fingat\u00edma \u00e1 n\u00e6stunni. Allt kapp ver\u00f0ur lagt \u00e1 a\u00f0 byggja upp sterka einstaklinga og framb\u00e6rilegar knattspyrnukonur til framt\u00ed\u00f0ar.<\/p><p>Vi\u00f0 \u00fe\u00f6kkum n\u00e1gr\u00f6nnum okkar \u00ed KR fyrir samstarfi\u00f0 og \u00f3skum f\u00e9laginu velfarna\u00f0ar.<\/p><p>Barna- og unglingar\u00e1\u00f0 knattspyrnudeildar Gr\u00f3ttu mun bo\u00f0a foreldra \u00ed vi\u00f0eigandi flokkum \u00e1 uppl\u00fdsingafund \u00ed n\u00e6stu viku \u00fear sem fari\u00f0 ver\u00f0ur betur yfir n\u00e6stu skref.<\/p><p>Vir\u00f0ingarfyllst,<\/p><p>Stj\u00f3rn knattspyrnudeildar Gr\u00f3ttu<\/p>","protected":false},"excerpt":{"rendered":"<p>Fyrr \u00ed dag var okkur \u00ed stj\u00f3rn knattspyrnudeildar Gr\u00f3ttu tilkynnt um a\u00f0 stj\u00f3rn knattspyrnudeildar KR hef\u00f0i \u00e1kve\u00f0i\u00f0 a\u00f0 sl\u00edta samstarfi vi\u00f0 Gr\u00f3ttu \u00ed 2., 3. og 4. flokki kvenna. \u00c1v\u00f6r\u00f0unin [&hellip;]<\/p>","protected":false},"author":4,"featured_media":573511,"comment_status":"closed","ping_status":"closed","sticky":false,"template":"","format":"standard","meta":{"footnotes":""},"categories":[7],"tags":[6,15],"class_list":["post-573501","post","type-post","status-publish","format-standard","has-post-thumbnail","hentry","category-knattspyrnudeild","tag-knattspyrna","tag-yngri-flokkar"],"yoast_head":"<!-- This site is optimized with the Yoast SEO plugin v24.3 - https:\/\/yoast.com\/wordpress\/plugins\/seo\/ -->\n<title>Samstarfi vi\u00f0 KR sliti\u00f0 - \u00cd\u00fer\u00f3ttaf\u00e9lagi\u00f0 Gr\u00f3tta<\/title>\n<meta name=\"robots\" content=\"index, follow, max-snippet:-1, max-image-preview:large, max-video-preview:-1\" \/>\n<link rel=\"canonical\" href=\"https:\/\/grotta.is\/en\/knattspyrnudeild\/samstarfi-vid-kr-slitid\/\" \/>\n<meta property=\"og:locale\" content=\"en_US\" \/>\n<meta property=\"og:type\" content=\"article\" \/>\n<meta property=\"og:title\" content=\"Samstarfi vi\u00f0 KR sliti\u00f0 - \u00cd\u00fer\u00f3ttaf\u00e9lagi\u00f0 Gr\u00f3tta\" \/>\n<meta property=\"og:description\" content=\"Fyrr \u00ed dag var okkur \u00ed stj\u00f3rn knattspyrnudeildar Gr\u00f3ttu tilkynnt um a\u00f0 stj\u00f3rn knattspyrnudeildar KR hef\u00f0i \u00e1kve\u00f0i\u00f0 a\u00f0 sl\u00edta samstarfi vi\u00f0 Gr\u00f3ttu \u00ed 2., 3. og 4. flokki kvenna. \u00c1v\u00f6r\u00f0unin [&hellip;]\" \/>\n<meta property=\"og:url\" content=\"https:\/\/grotta.is\/en\/knattspyrnudeild\/samstarfi-vid-kr-slitid\/\" \/>\n<meta property=\"og:site_name\" content=\"\u00cd\u00fer\u00f3ttaf\u00e9lagi\u00f0 Gr\u00f3tta\" \/>\n<meta property=\"article:publisher\" content=\"https:\/\/www.facebook.com\/grottasport\" \/>\n<meta property=\"article:published_time\" content=\"2024-08-20T14:22:40+00:00\" \/>\n<meta property=\"article:modified_time\" content=\"2024-08-20T14:22:41+00:00\" \/>\n<meta property=\"og:image\" content=\"https:\/\/grotta.is\/wp-content\/uploads\/2024\/08\/454995382_1017688423693805_669250642097488986_n.jpg\" \/>\n\t<meta property=\"og:image:width\" content=\"960\" \/>\n\t<meta property=\"og:image:height\" content=\"960\" \/>\n\t<meta property=\"og:image:type\" content=\"image\/jpeg\" \/>\n<meta name=\"author\" content=\"J\u00f3runn M. \u00deorsteinsd\u00f3ttir\" \/>\n<meta name=\"twitter:card\" content=\"summary_large_image\" \/>\n<meta name=\"twitter:label1\" content=\"Written by\" \/>\n\t<meta name=\"twitter:data1\" content=\"J\u00f3runn M. \u00deorsteinsd\u00f3ttir\" \/>\n\t<meta name=\"twitter:label2\" content=\"Est. reading time\" \/>\n\t<meta name=\"twitter:data2\" content=\"2 minutes\" \/>\n<script type=\"application\/ld+json\" class=\"yoast-schema-graph\">{\"@context\":\"https:\/\/schema.org\",\"@graph\":[{\"@type\":\"Article\",\"@id\":\"https:\/\/grotta.is\/knattspyrnudeild\/samstarfi-vid-kr-slitid\/#article\",\"isPartOf\":{\"@id\":\"https:\/\/grotta.is\/knattspyrnudeild\/samstarfi-vid-kr-slitid\/\"},\"author\":{\"name\":\"J\u00f3runn M. \u00deorsteinsd\u00f3ttir\",\"@id\":\"https:\/\/grotta.is\/#\/schema\/person\/f1fea6a85a554e8069771c3486efbd84\"},\"headline\":\"Samstarfi vi\u00f0 KR sliti\u00f0\",\"datePublished\":\"2024-08-20T14:22:40+00:00\",\"dateModified\":\"2024-08-20T14:22:41+00:00\",\"mainEntityOfPage\":{\"@id\":\"https:\/\/grotta.is\/knattspyrnudeild\/samstarfi-vid-kr-slitid\/\"},\"wordCount\":238,\"publisher\":{\"@id\":\"https:\/\/grotta.is\/#organization\"},\"image\":{\"@id\":\"https:\/\/grotta.is\/knattspyrnudeild\/samstarfi-vid-kr-slitid\/#primaryimage\"},\"thumbnailUrl\":\"https:\/\/grotta.is\/wp-content\/uploads\/2024\/08\/454995382_1017688423693805_669250642097488986_n.jpg\",\"keywords\":[\"Knattspyrna\",\"Yngri flokkar\"],\"articleSection\":[\"Knattspyrnudeild\"],\"inLanguage\":\"en-US\"},{\"@type\":\"WebPage\",\"@id\":\"https:\/\/grotta.is\/knattspyrnudeild\/samstarfi-vid-kr-slitid\/\",\"url\":\"https:\/\/grotta.is\/knattspyrnudeild\/samstarfi-vid-kr-slitid\/\",\"name\":\"Samstarfi vi\u00f0 KR sliti\u00f0 - \u00cd\u00fer\u00f3ttaf\u00e9lagi\u00f0 Gr\u00f3tta\",\"isPartOf\":{\"@id\":\"https:\/\/grotta.is\/#website\"},\"primaryImageOfPage\":{\"@id\":\"https:\/\/grotta.is\/knattspyrnudeild\/samstarfi-vid-kr-slitid\/#primaryimage\"},\"image\":{\"@id\":\"https:\/\/grotta.is\/knattspyrnudeild\/samstarfi-vid-kr-slitid\/#primaryimage\"},\"thumbnailUrl\":\"https:\/\/grotta.is\/wp-content\/uploads\/2024\/08\/454995382_1017688423693805_669250642097488986_n.jpg\",\"datePublished\":\"2024-08-20T14:22:40+00:00\",\"dateModified\":\"2024-08-20T14:22:41+00:00\",\"breadcrumb\":{\"@id\":\"https:\/\/grotta.is\/knattspyrnudeild\/samstarfi-vid-kr-slitid\/#breadcrumb\"},\"inLanguage\":\"en-US\",\"potentialAction\":[{\"@type\":\"ReadAction\",\"target\":[\"https:\/\/grotta.is\/knattspyrnudeild\/samstarfi-vid-kr-slitid\/\"]}]},{\"@type\":\"ImageObject\",\"inLanguage\":\"en-US\",\"@id\":\"https:\/\/grotta.is\/knattspyrnudeild\/samstarfi-vid-kr-slitid\/#primaryimage\",\"url\":\"https:\/\/grotta.is\/wp-content\/uploads\/2024\/08\/454995382_1017688423693805_669250642097488986_n.jpg\",\"contentUrl\":\"https:\/\/grotta.is\/wp-content\/uploads\/2024\/08\/454995382_1017688423693805_669250642097488986_n.jpg\",\"width\":960,\"height\":960},{\"@type\":\"BreadcrumbList\",\"@id\":\"https:\/\/grotta.is\/knattspyrnudeild\/samstarfi-vid-kr-slitid\/#breadcrumb\",\"itemListElement\":[{\"@type\":\"ListItem\",\"position\":1,\"name\":\"Home\",\"item\":\"https:\/\/grotta.is\/\"},{\"@type\":\"ListItem\",\"position\":2,\"name\":\"Samstarfi vi\u00f0 KR sliti\u00f0\"}]},{\"@type\":\"WebSite\",\"@id\":\"https:\/\/grotta.is\/#website\",\"url\":\"https:\/\/grotta.is\/\",\"name\":\"\u00cd\u00fer\u00f3ttaf\u00e9lagi\u00f0 Gr\u00f3tta\",\"description\":\"\u00e1 Seltjarnarnesi\",\"publisher\":{\"@id\":\"https:\/\/grotta.is\/#organization\"},\"potentialAction\":[{\"@type\":\"SearchAction\",\"target\":{\"@type\":\"EntryPoint\",\"urlTemplate\":\"https:\/\/grotta.is\/?s={search_term_string}\"},\"query-input\":{\"@type\":\"PropertyValueSpecification\",\"valueRequired\":true,\"valueName\":\"search_term_string\"}}],\"inLanguage\":\"en-US\"},{\"@type\":\"Organization\",\"@id\":\"https:\/\/grotta.is\/#organization\",\"name\":\"\u00cd\u00fer\u00f3ttaf\u00e9lagi\u00f0 Gr\u00f3tta\",\"url\":\"https:\/\/grotta.is\/\",\"logo\":{\"@type\":\"ImageObject\",\"inLanguage\":\"en-US\",\"@id\":\"https:\/\/grotta.is\/#\/schema\/logo\/image\/\",\"url\":\"https:\/\/grotta.is\/wp-content\/uploads\/2020\/02\/ithrottafelagidgrotta_logo_512x512_transparent.png\",\"contentUrl\":\"https:\/\/grotta.is\/wp-content\/uploads\/2020\/02\/ithrottafelagidgrotta_logo_512x512_transparent.png\",\"width\":512,\"height\":512,\"caption\":\"\u00cd\u00fer\u00f3ttaf\u00e9lagi\u00f0 Gr\u00f3tta\"},\"image\":{\"@id\":\"https:\/\/grotta.is\/#\/schema\/logo\/image\/\"},\"sameAs\":[\"https:\/\/www.facebook.com\/grottasport\"]},{\"@type\":\"Person\",\"@id\":\"https:\/\/grotta.is\/#\/schema\/person\/f1fea6a85a554e8069771c3486efbd84\",\"name\":\"J\u00f3runn M. \u00deorsteinsd\u00f3ttir\",\"url\":\"https:\/\/grotta.is\/en\/author\/jorunn\/\"}]}<\/script>\n<!-- \/ Yoast SEO plugin. -->","yoast_head_json":{"title":"Samstarfi vi\u00f0 KR sliti\u00f0 - \u00cd\u00fer\u00f3ttaf\u00e9lagi\u00f0 Gr\u00f3tta","robots":{"index":"index","follow":"follow","max-snippet":"max-snippet:-1","max-image-preview":"max-image-preview:large","max-video-preview":"max-video-preview:-1"},"canonical":"https:\/\/grotta.is\/en\/knattspyrnudeild\/samstarfi-vid-kr-slitid\/","og_locale":"en_US","og_type":"article","og_title":"Samstarfi vi\u00f0 KR sliti\u00f0 - \u00cd\u00fer\u00f3ttaf\u00e9lagi\u00f0 Gr\u00f3tta","og_description":"Fyrr \u00ed dag var okkur \u00ed stj\u00f3rn knattspyrnudeildar Gr\u00f3ttu tilkynnt um a\u00f0 stj\u00f3rn knattspyrnudeildar KR hef\u00f0i \u00e1kve\u00f0i\u00f0 a\u00f0 sl\u00edta samstarfi vi\u00f0 Gr\u00f3ttu \u00ed 2., 3. og 4. flokki kvenna. \u00c1v\u00f6r\u00f0unin [&hellip;]","og_url":"https:\/\/grotta.is\/en\/knattspyrnudeild\/samstarfi-vid-kr-slitid\/","og_site_name":"\u00cd\u00fer\u00f3ttaf\u00e9lagi\u00f0 Gr\u00f3tta","article_publisher":"https:\/\/www.facebook.com\/grottasport","article_published_time":"2024-08-20T14:22:40+00:00","article_modified_time":"2024-08-20T14:22:41+00:00","og_image":[{"width":960,"height":960,"url":"https:\/\/grotta.is\/wp-content\/uploads\/2024\/08\/454995382_1017688423693805_669250642097488986_n.jpg","type":"image\/jpeg"}],"author":"J\u00f3runn M. \u00deorsteinsd\u00f3ttir","twitter_card":"summary_large_image","twitter_misc":{"Written by":"J\u00f3runn M. \u00deorsteinsd\u00f3ttir","Est. reading time":"2 minutes"},"schema":{"@context":"https:\/\/schema.org","@graph":[{"@type":"Article","@id":"https:\/\/grotta.is\/knattspyrnudeild\/samstarfi-vid-kr-slitid\/#article","isPartOf":{"@id":"https:\/\/grotta.is\/knattspyrnudeild\/samstarfi-vid-kr-slitid\/"},"author":{"name":"J\u00f3runn M. \u00deorsteinsd\u00f3ttir","@id":"https:\/\/grotta.is\/#\/schema\/person\/f1fea6a85a554e8069771c3486efbd84"},"headline":"Samstarfi vi\u00f0 KR sliti\u00f0","datePublished":"2024-08-20T14:22:40+00:00","dateModified":"2024-08-20T14:22:41+00:00","mainEntityOfPage":{"@id":"https:\/\/grotta.is\/knattspyrnudeild\/samstarfi-vid-kr-slitid\/"},"wordCount":238,"publisher":{"@id":"https:\/\/grotta.is\/#organization"},"image":{"@id":"https:\/\/grotta.is\/knattspyrnudeild\/samstarfi-vid-kr-slitid\/#primaryimage"},"thumbnailUrl":"https:\/\/grotta.is\/wp-content\/uploads\/2024\/08\/454995382_1017688423693805_669250642097488986_n.jpg","keywords":["Knattspyrna","Yngri flokkar"],"articleSection":["Knattspyrnudeild"],"inLanguage":"en-US"},{"@type":"WebPage","@id":"https:\/\/grotta.is\/knattspyrnudeild\/samstarfi-vid-kr-slitid\/","url":"https:\/\/grotta.is\/knattspyrnudeild\/samstarfi-vid-kr-slitid\/","name":"Samstarfi vi\u00f0 KR sliti\u00f0 - \u00cd\u00fer\u00f3ttaf\u00e9lagi\u00f0 Gr\u00f3tta","isPartOf":{"@id":"https:\/\/grotta.is\/#website"},"primaryImageOfPage":{"@id":"https:\/\/grotta.is\/knattspyrnudeild\/samstarfi-vid-kr-slitid\/#primaryimage"},"image":{"@id":"https:\/\/grotta.is\/knattspyrnudeild\/samstarfi-vid-kr-slitid\/#primaryimage"},"thumbnailUrl":"https:\/\/grotta.is\/wp-content\/uploads\/2024\/08\/454995382_1017688423693805_669250642097488986_n.jpg","datePublished":"2024-08-20T14:22:40+00:00","dateModified":"2024-08-20T14:22:41+00:00","breadcrumb":{"@id":"https:\/\/grotta.is\/knattspyrnudeild\/samstarfi-vid-kr-slitid\/#breadcrumb"},"inLanguage":"en-US","potentialAction":[{"@type":"ReadAction","target":["https:\/\/grotta.is\/knattspyrnudeild\/samstarfi-vid-kr-slitid\/"]}]},{"@type":"ImageObject","inLanguage":"en-US","@id":"https:\/\/grotta.is\/knattspyrnudeild\/samstarfi-vid-kr-slitid\/#primaryimage","url":"https:\/\/grotta.is\/wp-content\/uploads\/2024\/08\/454995382_1017688423693805_669250642097488986_n.jpg","contentUrl":"https:\/\/grotta.is\/wp-content\/uploads\/2024\/08\/454995382_1017688423693805_669250642097488986_n.jpg","width":960,"height":960},{"@type":"BreadcrumbList","@id":"https:\/\/grotta.is\/knattspyrnudeild\/samstarfi-vid-kr-slitid\/#breadcrumb","itemListElement":[{"@type":"ListItem","position":1,"name":"Home","item":"https:\/\/grotta.is\/"},{"@type":"ListItem","position":2,"name":"Samstarfi vi\u00f0 KR sliti\u00f0"}]},{"@type":"WebSite","@id":"https:\/\/grotta.is\/#website","url":"https:\/\/grotta.is\/","name":"\u00cd\u00fer\u00f3ttaf\u00e9lagi\u00f0 Gr\u00f3tta","description":"\u00e1 Seltjarnarnesi","publisher":{"@id":"https:\/\/grotta.is\/#organization"},"potentialAction":[{"@type":"SearchAction","target":{"@type":"EntryPoint","urlTemplate":"https:\/\/grotta.is\/?s={search_term_string}"},"query-input":{"@type":"PropertyValueSpecification","valueRequired":true,"valueName":"search_term_string"}}],"inLanguage":"en-US"},{"@type":"Organization","@id":"https:\/\/grotta.is\/#organization","name":"\u00cd\u00fer\u00f3ttaf\u00e9lagi\u00f0 Gr\u00f3tta","url":"https:\/\/grotta.is\/","logo":{"@type":"ImageObject","inLanguage":"en-US","@id":"https:\/\/grotta.is\/#\/schema\/logo\/image\/","url":"https:\/\/grotta.is\/wp-content\/uploads\/2020\/02\/ithrottafelagidgrotta_logo_512x512_transparent.png","contentUrl":"https:\/\/grotta.is\/wp-content\/uploads\/2020\/02\/ithrottafelagidgrotta_logo_512x512_transparent.png","width":512,"height":512,"caption":"\u00cd\u00fer\u00f3ttaf\u00e9lagi\u00f0 Gr\u00f3tta"},"image":{"@id":"https:\/\/grotta.is\/#\/schema\/logo\/image\/"},"sameAs":["https:\/\/www.facebook.com\/grottasport"]},{"@type":"Person","@id":"https:\/\/grotta.is\/#\/schema\/person\/f1fea6a85a554e8069771c3486efbd84","name":"J\u00f3runn M. \u00deorsteinsd\u00f3ttir","url":"https:\/\/grotta.is\/en\/author\/jorunn\/"}]}},"_links":{"self":[{"href":"https:\/\/grotta.is\/en\/wp-json\/wp\/v2\/posts\/573501","targetHints":{"allow":["GET"]}}],"collection":[{"href":"https:\/\/grotta.is\/en\/wp-json\/wp\/v2\/posts"}],"about":[{"href":"https:\/\/grotta.is\/en\/wp-json\/wp\/v2\/types\/post"}],"author":[{"embeddable":true,"href":"https:\/\/grotta.is\/en\/wp-json\/wp\/v2\/users\/4"}],"replies":[{"embeddable":true,"href":"https:\/\/grotta.is\/en\/wp-json\/wp\/v2\/comments?post=573501"}],"version-history":[{"count":1,"href":"https:\/\/grotta.is\/en\/wp-json\/wp\/v2\/posts\/573501\/revisions"}],"predecessor-version":[{"id":573512,"href":"https:\/\/grotta.is\/en\/wp-json\/wp\/v2\/posts\/573501\/revisions\/573512"}],"wp:featuredmedia":[{"embeddable":true,"href":"https:\/\/grotta.is\/en\/wp-json\/wp\/v2\/media\/573511"}],"wp:attachment":[{"href":"https:\/\/grotta.is\/en\/wp-json\/wp\/v2\/media?parent=573501"}],"wp:term":[{"taxonomy":"category","embeddable":true,"href":"https:\/\/grotta.is\/en\/wp-json\/wp\/v2\/categories?post=573501"},{"taxonomy":"post_tag","embeddable":true,"href":"https:\/\/grotta.is\/en\/wp-json\/wp\/v2\/tags?post=573501"}],"curies":[{"name":"wp","href":"https:\/\/api.w.org\/{rel}","templated":true}]}}