{"id":573493,"date":"2024-08-18T15:58:31","date_gmt":"2024-08-18T15:58:31","guid":{"rendered":"https:\/\/grotta.is\/?p=573493"},"modified":"2024-08-18T15:58:32","modified_gmt":"2024-08-18T15:58:32","slug":"haettum-ekki-fyrr-en-lokaflautid-gellur","status":"publish","type":"post","link":"https:\/\/grotta.is\/en\/almennt\/haettum-ekki-fyrr-en-lokaflautid-gellur\/","title":{"rendered":"H\u00e6ttum ekki fyrr en lokaflauti\u00f0 gellur"},"content":{"rendered":"<p><strong><em>Vi\u00f0tal vi\u00f0 Gr\u00edm Inga Jakobsson leikmann meistaraflokks<\/em><\/strong><\/p><p>Mi\u00f0juma\u00f0urinn kn\u00e1i Gr\u00edmur Ingi Jakobsson framlengdi \u00e1 d\u00f6gunum samning sinn vi\u00f0 knattspyrnudeild Gr\u00f3ttu \u00fat keppnist\u00edmabili\u00f0 2027. Gr\u00edmur sneri aftur \u00e1 Vivaldiv\u00f6llinn \u00ed \u00e1rsbyjun 2023 eftir tveggja \u00e1ra dv\u00f6l hj\u00e1 KR og KV. Fyrstu skrefin \u00ed f\u00f3tboltanum voru stigin hj\u00e1 Val en eftir a\u00f0 Gr\u00edmur flutti \u00e1 Seltjarnarnes \u00e1samt fj\u00f6lskyldu sinni \u00e1ri\u00f0 2014 l\u00e1 lei\u00f0in flj\u00f3tlega \u00ed Gr\u00f3ttu. Gr\u00edmur l\u00e9k sinn fyrsta meistaraflokksleik fyrir Gr\u00f3ttu a\u00f0eins 14 \u00e1ra gamall og er \u00fer\u00e1tt fyrir ungan aldur b\u00fainn a\u00f0 spila 89 keppnisleiki \u00ed meistaraflokki! \u00dear a\u00f0 auki hefur Gr\u00edmur spila\u00f0 14 leiki me\u00f0 yngri landsli\u00f0um \u00cdslands.&nbsp;<\/p><p>Vi\u00f0 settumst ni\u00f0ur me\u00f0 Gr\u00edmi n\u00fa fyrir helgina og f\u00f3rum um v\u00ed\u00f0an v\u00f6ll:&nbsp;<\/p><p><strong>Vi\u00f0 byrjum \u00e1 m\u00e1li m\u00e1lanna &#8211; Gr\u00f3ttuli\u00f0i\u00f0 er \u00ed bullandi fallbar\u00e1ttu \u00feegar fimm leikir eru eftir. Hefur \u00feetta bras komi\u00f0 ykkur str\u00e1kunum \u00ed li\u00f0inu \u00e1 \u00f3vart e\u00f0a \u00e1ttu menn von \u00e1 erfi\u00f0u sumri?<\/strong><\/p><p>J\u00e1 \u00fea\u00f0 kemur okkur str\u00e1kunum \u00e1 \u00f3vart a\u00f0 vi\u00f0 s\u00e9um \u00ed \u00feessari st\u00f6\u00f0u sem vi\u00f0 erum \u00ed. Vi\u00f0 vitum hva\u00f0 vi\u00f0 getum og \u00feetta var au\u00f0vita\u00f0 ekki plani\u00f0 fyrir t\u00edmabili\u00f0. En eins og f\u00f3tboltinn er skemmtilegur \u00fe\u00e1 getur hann l\u00edka veri\u00f0 erfi\u00f0ur og vi\u00f0 ver\u00f0um bara a\u00f0 vir\u00f0a \u00feessa st\u00f6\u00f0u sem vi\u00f0 erum \u00ed. \u00dea\u00f0 er enginn sem getur breytt \u00feessu nema vi\u00f0 og \u00fea\u00f0 \u00e6tlum vi\u00f0 sannarlega a\u00f0 gera.&nbsp;<\/p><p><strong>Getur Gr\u00f3tta haldi\u00f0 s\u00e9r \u00ed deildinni?&nbsp;<\/strong><\/p><p>J\u00e1 vi\u00f0 tr\u00faum \u00fev\u00ed sem li\u00f0 a\u00f0 \u00fea\u00f0 s\u00e9 allt h\u00e6gt \u00ed f\u00f3tbolta. Vi\u00f0 allir sem einn \u00feurfum a\u00f0 leggja allt \u00ed s\u00f6lurnar \u00ed \u00feessa s\u00ed\u00f0ustu leiki og bakka hvorn annan upp allann t\u00edmann. \u00de\u00e1 tr\u00faum vi\u00f0 a\u00f0 vi\u00f0 getum b\u00fai\u00f0 til einhverja fallega s\u00f6gu. Vi\u00f0 h\u00e6ttum ekki fyrr en lokaflauti\u00f0 gellur.&nbsp;<\/p><p><strong>\u00de\u00e1 a\u00f0 \u00fe\u00e9r sj\u00e1lfum. Ertu \u00e1n\u00e6g\u00f0ur me\u00f0 eigin spilamennsku eftir a\u00f0 \u00fe\u00fa snerir aftur \u00ed Gr\u00f3ttu snemma \u00e1 s\u00ed\u00f0asta \u00e1ri? Er eitthva\u00f0 sem \u00fe\u00fa vilt b\u00e6ta \u00feig \u00ed \u00e1 komandi \u00e1rum<\/strong><\/p><p>\u00c9g hef fengi\u00f0 fr\u00e1b\u00e6ra \u00fej\u00e1lfun hj\u00e1 Gr\u00f3ttu s\u00ed\u00f0an \u00e9g kom. \u00c9g sem leikma\u00f0ur veit hva\u00f0 \u00e9g get \u00ed f\u00f3tbolta, \u00e9g er mikilv\u00e6gur fyrir li\u00f0i\u00f0 og li\u00f0sf\u00e9lgar m\u00ednir tr\u00faa \u00e1 mig. Au\u00f0vita\u00f0 hafa komi\u00f0 kaflar \u00fear sem \u00e9g hef\u00f0i vilja\u00f0 spila betur, en a\u00f0 sama skapi er \u00e9g enn\u00fe\u00e1 a\u00f0 l\u00e6ra sem leikma\u00f0ur. Au\u00f0vita\u00f0 er r\u00fam fyrir b\u00e6tingar hj\u00e1 m\u00e9r, ma\u00f0ur getur alltaf gert meira og betur. \u00c9g veit a\u00f0 \u00e9g er \u00ed \u00feannig umhverfi hj\u00e1 Gr\u00f3ttu a\u00f0 \u00e9g get b\u00e6tt mig sem leikmann og einstakling.<\/p><p><strong>Fyrir utan a\u00f0 spila me\u00f0 meistaraflokki er Gr\u00edmur a\u00f0sto\u00f0ar\u00fej\u00e1lfari hj\u00e1 3. flokki karla og st\u00fdr\u00f0i knattspyrnusk\u00f3la Gr\u00f3ttu \u00ed sumar. Vi\u00f0 spyrjum hvernig Gr\u00edmur finni sig \u00ed \u00fej\u00e1lfarahlutverkinu? S\u00f6mulei\u00f0is v\u00e6ri gaman a\u00f0 vita hverjir s\u00e9u styrkleikar Gr\u00f3ttu sem f\u00e9lags og hva\u00f0 \u00feurfi a\u00f0 vera til sta\u00f0ar hj\u00e1 f\u00e9laginu til a\u00f0 n\u00e1 \u00e1rangri n\u00e6stu \u00e1rin?<\/strong><\/p><p>M\u00e9r finnst mj\u00f6g gaman a\u00f0 \u00fej\u00e1lfa og er stoltur a\u00f0 vera partur af \u00fev\u00ed fr\u00e1b\u00e6ra \u00fej\u00e1lfarateymi sem Gr\u00f3tta er me\u00f0. \u00c9g hef l\u00e6rt miki\u00f0 af m\u00ednum sam\u00fej\u00e1lfurum sem eru mj\u00f6g h\u00e6fileikar\u00edkir og viljugir til a\u00f0 hj\u00e1lpa \u00f6llum a\u00f0 ver\u00f0a g\u00f3\u00f0ir leikmenn. Vi\u00f0 eigum miki\u00f0 af ungu efnilegu Gr\u00f3ttuf\u00f3lki sem er d\u00fdrm\u00e6tt a\u00f0 halda vel utan um og mikilv\u00e6gt er a\u00f0 \u00f6llum l\u00ed\u00f0i vel. Gr\u00f3tta er eins og ein st\u00f3r famil\u00eda, h\u00e9rna eru allir vinir. Helstu gildi Gr\u00f3ttu eru tr\u00fa vilji og hugrekki og ef \u00feessi gildi eru til sta\u00f0ar hj\u00e1 \u00f6llum \u00e1samt samheldni \u00fe\u00e1 tr\u00fai \u00e9g a\u00f0 \u00fea\u00f0 geti leitt Gr\u00f3ttu \u00e1 fleiri spennandi brautir.&nbsp;<\/p><p><strong>Vi\u00f0 \u00fe\u00f6kkum Gr\u00edmi k\u00e6rlega fyrir spjalli\u00f0 en spyrjum a\u00f0 lokum hvort hann hafi einhver skilabo\u00f0 til Gr\u00f3ttuf\u00f3lks.&nbsp;<\/strong><\/p><p>Skilabo\u00f0in m\u00edn eru einf\u00f6ld: Verum stolt af \u00fev\u00ed a\u00f0 halda me\u00f0 Gr\u00f3ttu. \u00c9g held a\u00f0 \u00e9g tali fyrir h\u00f6nd beggja meistaraflokka a\u00f0 vi\u00f0 \u00feurfum ykkar stu\u00f0ning restina af t\u00edmabilinu. Vi\u00f0 str\u00e1karnir \u00ed okkar b\u00e1rattu og einnig kvennali\u00f0i\u00f0 sem er \u00e1 bl\u00fassandi siglingu um a\u00f0 komast \u00ed deild \u00feeirra bestu. Vi\u00f0 \u00feurfum \u00e1 ykkur a\u00f0 halda Gr\u00f3ttuf\u00f3lk b\u00e6\u00f0i sm\u00e1 sem st\u00f3r a\u00f0 m\u00e6ta \u00e1 v\u00f6llinn \u00fei\u00f0 eru\u00f0 12 ma\u00f0urinn okkar.<\/p>","protected":false},"excerpt":{"rendered":"<p>Vi\u00f0tal vi\u00f0 Gr\u00edm Inga Jakobsson leikmann meistaraflokks Mi\u00f0juma\u00f0urinn kn\u00e1i Gr\u00edmur Ingi Jakobsson framlengdi \u00e1 d\u00f6gunum samning sinn vi\u00f0 knattspyrnudeild Gr\u00f3ttu \u00fat keppnist\u00edmabili\u00f0 2027. Gr\u00edmur sneri aftur \u00e1 Vivaldiv\u00f6llinn \u00ed \u00e1rsbyjun [&hellip;]<\/p>","protected":false},"author":13,"featured_media":573494,"comment_status":"closed","ping_status":"closed","sticky":false,"template":"","format":"standard","meta":{"footnotes":""},"categories":[4],"tags":[],"class_list":["post-573493","post","type-post","status-publish","format-standard","has-post-thumbnail","hentry","category-almennt"],"yoast_head":"<!-- This site is optimized with the Yoast SEO plugin v24.3 - https:\/\/yoast.com\/wordpress\/plugins\/seo\/ -->\n<title>H\u00e6ttum ekki fyrr en lokaflauti\u00f0 gellur - \u00cd\u00fer\u00f3ttaf\u00e9lagi\u00f0 Gr\u00f3tta<\/title>\n<meta name=\"robots\" content=\"index, follow, max-snippet:-1, max-image-preview:large, max-video-preview:-1\" \/>\n<link rel=\"canonical\" href=\"https:\/\/grotta.is\/en\/almennt\/haettum-ekki-fyrr-en-lokaflautid-gellur\/\" \/>\n<meta property=\"og:locale\" content=\"en_US\" \/>\n<meta property=\"og:type\" content=\"article\" \/>\n<meta property=\"og:title\" content=\"H\u00e6ttum ekki fyrr en lokaflauti\u00f0 gellur - \u00cd\u00fer\u00f3ttaf\u00e9lagi\u00f0 Gr\u00f3tta\" \/>\n<meta property=\"og:description\" content=\"Vi\u00f0tal vi\u00f0 Gr\u00edm Inga Jakobsson leikmann meistaraflokks Mi\u00f0juma\u00f0urinn kn\u00e1i Gr\u00edmur Ingi Jakobsson framlengdi \u00e1 d\u00f6gunum samning sinn vi\u00f0 knattspyrnudeild Gr\u00f3ttu \u00fat keppnist\u00edmabili\u00f0 2027. Gr\u00edmur sneri aftur \u00e1 Vivaldiv\u00f6llinn \u00ed \u00e1rsbyjun [&hellip;]\" \/>\n<meta property=\"og:url\" content=\"https:\/\/grotta.is\/en\/almennt\/haettum-ekki-fyrr-en-lokaflautid-gellur\/\" \/>\n<meta property=\"og:site_name\" content=\"\u00cd\u00fer\u00f3ttaf\u00e9lagi\u00f0 Gr\u00f3tta\" \/>\n<meta property=\"article:publisher\" content=\"https:\/\/www.facebook.com\/grottasport\" \/>\n<meta property=\"article:published_time\" content=\"2024-08-18T15:58:31+00:00\" \/>\n<meta property=\"article:modified_time\" content=\"2024-08-18T15:58:32+00:00\" \/>\n<meta property=\"og:image\" content=\"https:\/\/grotta.is\/wp-content\/uploads\/2024\/08\/Grimur-mynd.png\" \/>\n\t<meta property=\"og:image:width\" content=\"1660\" \/>\n\t<meta property=\"og:image:height\" content=\"1270\" \/>\n\t<meta property=\"og:image:type\" content=\"image\/png\" \/>\n<meta name=\"author\" content=\"Hrafnhildur Sigurj\u00f3nsd\u00f3ttir\" \/>\n<meta name=\"twitter:card\" content=\"summary_large_image\" \/>\n<meta name=\"twitter:label1\" content=\"Written by\" \/>\n\t<meta name=\"twitter:data1\" content=\"Hrafnhildur Sigurj\u00f3nsd\u00f3ttir\" \/>\n\t<meta name=\"twitter:label2\" content=\"Est. reading time\" \/>\n\t<meta name=\"twitter:data2\" content=\"4 minutes\" \/>\n<script type=\"application\/ld+json\" class=\"yoast-schema-graph\">{\"@context\":\"https:\/\/schema.org\",\"@graph\":[{\"@type\":\"Article\",\"@id\":\"https:\/\/grotta.is\/almennt\/haettum-ekki-fyrr-en-lokaflautid-gellur\/#article\",\"isPartOf\":{\"@id\":\"https:\/\/grotta.is\/almennt\/haettum-ekki-fyrr-en-lokaflautid-gellur\/\"},\"author\":{\"name\":\"Hrafnhildur Sigurj\u00f3nsd\u00f3ttir\",\"@id\":\"https:\/\/grotta.is\/#\/schema\/person\/ef1c56135facd925e36b1430a1db29c9\"},\"headline\":\"H\u00e6ttum ekki fyrr en lokaflauti\u00f0 gellur\",\"datePublished\":\"2024-08-18T15:58:31+00:00\",\"dateModified\":\"2024-08-18T15:58:32+00:00\",\"mainEntityOfPage\":{\"@id\":\"https:\/\/grotta.is\/almennt\/haettum-ekki-fyrr-en-lokaflautid-gellur\/\"},\"wordCount\":765,\"publisher\":{\"@id\":\"https:\/\/grotta.is\/#organization\"},\"image\":{\"@id\":\"https:\/\/grotta.is\/almennt\/haettum-ekki-fyrr-en-lokaflautid-gellur\/#primaryimage\"},\"thumbnailUrl\":\"https:\/\/grotta.is\/wp-content\/uploads\/2024\/08\/Grimur-mynd.png\",\"articleSection\":[\"Almennt\"],\"inLanguage\":\"en-US\"},{\"@type\":\"WebPage\",\"@id\":\"https:\/\/grotta.is\/almennt\/haettum-ekki-fyrr-en-lokaflautid-gellur\/\",\"url\":\"https:\/\/grotta.is\/almennt\/haettum-ekki-fyrr-en-lokaflautid-gellur\/\",\"name\":\"H\u00e6ttum ekki fyrr en lokaflauti\u00f0 gellur - \u00cd\u00fer\u00f3ttaf\u00e9lagi\u00f0 Gr\u00f3tta\",\"isPartOf\":{\"@id\":\"https:\/\/grotta.is\/#website\"},\"primaryImageOfPage\":{\"@id\":\"https:\/\/grotta.is\/almennt\/haettum-ekki-fyrr-en-lokaflautid-gellur\/#primaryimage\"},\"image\":{\"@id\":\"https:\/\/grotta.is\/almennt\/haettum-ekki-fyrr-en-lokaflautid-gellur\/#primaryimage\"},\"thumbnailUrl\":\"https:\/\/grotta.is\/wp-content\/uploads\/2024\/08\/Grimur-mynd.png\",\"datePublished\":\"2024-08-18T15:58:31+00:00\",\"dateModified\":\"2024-08-18T15:58:32+00:00\",\"breadcrumb\":{\"@id\":\"https:\/\/grotta.is\/almennt\/haettum-ekki-fyrr-en-lokaflautid-gellur\/#breadcrumb\"},\"inLanguage\":\"en-US\",\"potentialAction\":[{\"@type\":\"ReadAction\",\"target\":[\"https:\/\/grotta.is\/almennt\/haettum-ekki-fyrr-en-lokaflautid-gellur\/\"]}]},{\"@type\":\"ImageObject\",\"inLanguage\":\"en-US\",\"@id\":\"https:\/\/grotta.is\/almennt\/haettum-ekki-fyrr-en-lokaflautid-gellur\/#primaryimage\",\"url\":\"https:\/\/grotta.is\/wp-content\/uploads\/2024\/08\/Grimur-mynd.png\",\"contentUrl\":\"https:\/\/grotta.is\/wp-content\/uploads\/2024\/08\/Grimur-mynd.png\",\"width\":1660,\"height\":1270},{\"@type\":\"BreadcrumbList\",\"@id\":\"https:\/\/grotta.is\/almennt\/haettum-ekki-fyrr-en-lokaflautid-gellur\/#breadcrumb\",\"itemListElement\":[{\"@type\":\"ListItem\",\"position\":1,\"name\":\"Home\",\"item\":\"https:\/\/grotta.is\/\"},{\"@type\":\"ListItem\",\"position\":2,\"name\":\"H\u00e6ttum ekki fyrr en lokaflauti\u00f0 gellur\"}]},{\"@type\":\"WebSite\",\"@id\":\"https:\/\/grotta.is\/#website\",\"url\":\"https:\/\/grotta.is\/\",\"name\":\"\u00cd\u00fer\u00f3ttaf\u00e9lagi\u00f0 Gr\u00f3tta\",\"description\":\"\u00e1 Seltjarnarnesi\",\"publisher\":{\"@id\":\"https:\/\/grotta.is\/#organization\"},\"potentialAction\":[{\"@type\":\"SearchAction\",\"target\":{\"@type\":\"EntryPoint\",\"urlTemplate\":\"https:\/\/grotta.is\/?s={search_term_string}\"},\"query-input\":{\"@type\":\"PropertyValueSpecification\",\"valueRequired\":true,\"valueName\":\"search_term_string\"}}],\"inLanguage\":\"en-US\"},{\"@type\":\"Organization\",\"@id\":\"https:\/\/grotta.is\/#organization\",\"name\":\"\u00cd\u00fer\u00f3ttaf\u00e9lagi\u00f0 Gr\u00f3tta\",\"url\":\"https:\/\/grotta.is\/\",\"logo\":{\"@type\":\"ImageObject\",\"inLanguage\":\"en-US\",\"@id\":\"https:\/\/grotta.is\/#\/schema\/logo\/image\/\",\"url\":\"https:\/\/grotta.is\/wp-content\/uploads\/2020\/02\/ithrottafelagidgrotta_logo_512x512_transparent.png\",\"contentUrl\":\"https:\/\/grotta.is\/wp-content\/uploads\/2020\/02\/ithrottafelagidgrotta_logo_512x512_transparent.png\",\"width\":512,\"height\":512,\"caption\":\"\u00cd\u00fer\u00f3ttaf\u00e9lagi\u00f0 Gr\u00f3tta\"},\"image\":{\"@id\":\"https:\/\/grotta.is\/#\/schema\/logo\/image\/\"},\"sameAs\":[\"https:\/\/www.facebook.com\/grottasport\"]},{\"@type\":\"Person\",\"@id\":\"https:\/\/grotta.is\/#\/schema\/person\/ef1c56135facd925e36b1430a1db29c9\",\"name\":\"Hrafnhildur Sigurj\u00f3nsd\u00f3ttir\",\"url\":\"https:\/\/grotta.is\/en\/author\/hrafnhildur\/\"}]}<\/script>\n<!-- \/ Yoast SEO plugin. -->","yoast_head_json":{"title":"H\u00e6ttum ekki fyrr en lokaflauti\u00f0 gellur - \u00cd\u00fer\u00f3ttaf\u00e9lagi\u00f0 Gr\u00f3tta","robots":{"index":"index","follow":"follow","max-snippet":"max-snippet:-1","max-image-preview":"max-image-preview:large","max-video-preview":"max-video-preview:-1"},"canonical":"https:\/\/grotta.is\/en\/almennt\/haettum-ekki-fyrr-en-lokaflautid-gellur\/","og_locale":"en_US","og_type":"article","og_title":"H\u00e6ttum ekki fyrr en lokaflauti\u00f0 gellur - \u00cd\u00fer\u00f3ttaf\u00e9lagi\u00f0 Gr\u00f3tta","og_description":"Vi\u00f0tal vi\u00f0 Gr\u00edm Inga Jakobsson leikmann meistaraflokks Mi\u00f0juma\u00f0urinn kn\u00e1i Gr\u00edmur Ingi Jakobsson framlengdi \u00e1 d\u00f6gunum samning sinn vi\u00f0 knattspyrnudeild Gr\u00f3ttu \u00fat keppnist\u00edmabili\u00f0 2027. Gr\u00edmur sneri aftur \u00e1 Vivaldiv\u00f6llinn \u00ed \u00e1rsbyjun [&hellip;]","og_url":"https:\/\/grotta.is\/en\/almennt\/haettum-ekki-fyrr-en-lokaflautid-gellur\/","og_site_name":"\u00cd\u00fer\u00f3ttaf\u00e9lagi\u00f0 Gr\u00f3tta","article_publisher":"https:\/\/www.facebook.com\/grottasport","article_published_time":"2024-08-18T15:58:31+00:00","article_modified_time":"2024-08-18T15:58:32+00:00","og_image":[{"width":1660,"height":1270,"url":"https:\/\/grotta.is\/wp-content\/uploads\/2024\/08\/Grimur-mynd.png","type":"image\/png"}],"author":"Hrafnhildur Sigurj\u00f3nsd\u00f3ttir","twitter_card":"summary_large_image","twitter_misc":{"Written by":"Hrafnhildur Sigurj\u00f3nsd\u00f3ttir","Est. reading time":"4 minutes"},"schema":{"@context":"https:\/\/schema.org","@graph":[{"@type":"Article","@id":"https:\/\/grotta.is\/almennt\/haettum-ekki-fyrr-en-lokaflautid-gellur\/#article","isPartOf":{"@id":"https:\/\/grotta.is\/almennt\/haettum-ekki-fyrr-en-lokaflautid-gellur\/"},"author":{"name":"Hrafnhildur Sigurj\u00f3nsd\u00f3ttir","@id":"https:\/\/grotta.is\/#\/schema\/person\/ef1c56135facd925e36b1430a1db29c9"},"headline":"H\u00e6ttum ekki fyrr en lokaflauti\u00f0 gellur","datePublished":"2024-08-18T15:58:31+00:00","dateModified":"2024-08-18T15:58:32+00:00","mainEntityOfPage":{"@id":"https:\/\/grotta.is\/almennt\/haettum-ekki-fyrr-en-lokaflautid-gellur\/"},"wordCount":765,"publisher":{"@id":"https:\/\/grotta.is\/#organization"},"image":{"@id":"https:\/\/grotta.is\/almennt\/haettum-ekki-fyrr-en-lokaflautid-gellur\/#primaryimage"},"thumbnailUrl":"https:\/\/grotta.is\/wp-content\/uploads\/2024\/08\/Grimur-mynd.png","articleSection":["Almennt"],"inLanguage":"en-US"},{"@type":"WebPage","@id":"https:\/\/grotta.is\/almennt\/haettum-ekki-fyrr-en-lokaflautid-gellur\/","url":"https:\/\/grotta.is\/almennt\/haettum-ekki-fyrr-en-lokaflautid-gellur\/","name":"H\u00e6ttum ekki fyrr en lokaflauti\u00f0 gellur - \u00cd\u00fer\u00f3ttaf\u00e9lagi\u00f0 Gr\u00f3tta","isPartOf":{"@id":"https:\/\/grotta.is\/#website"},"primaryImageOfPage":{"@id":"https:\/\/grotta.is\/almennt\/haettum-ekki-fyrr-en-lokaflautid-gellur\/#primaryimage"},"image":{"@id":"https:\/\/grotta.is\/almennt\/haettum-ekki-fyrr-en-lokaflautid-gellur\/#primaryimage"},"thumbnailUrl":"https:\/\/grotta.is\/wp-content\/uploads\/2024\/08\/Grimur-mynd.png","datePublished":"2024-08-18T15:58:31+00:00","dateModified":"2024-08-18T15:58:32+00:00","breadcrumb":{"@id":"https:\/\/grotta.is\/almennt\/haettum-ekki-fyrr-en-lokaflautid-gellur\/#breadcrumb"},"inLanguage":"en-US","potentialAction":[{"@type":"ReadAction","target":["https:\/\/grotta.is\/almennt\/haettum-ekki-fyrr-en-lokaflautid-gellur\/"]}]},{"@type":"ImageObject","inLanguage":"en-US","@id":"https:\/\/grotta.is\/almennt\/haettum-ekki-fyrr-en-lokaflautid-gellur\/#primaryimage","url":"https:\/\/grotta.is\/wp-content\/uploads\/2024\/08\/Grimur-mynd.png","contentUrl":"https:\/\/grotta.is\/wp-content\/uploads\/2024\/08\/Grimur-mynd.png","width":1660,"height":1270},{"@type":"BreadcrumbList","@id":"https:\/\/grotta.is\/almennt\/haettum-ekki-fyrr-en-lokaflautid-gellur\/#breadcrumb","itemListElement":[{"@type":"ListItem","position":1,"name":"Home","item":"https:\/\/grotta.is\/"},{"@type":"ListItem","position":2,"name":"H\u00e6ttum ekki fyrr en lokaflauti\u00f0 gellur"}]},{"@type":"WebSite","@id":"https:\/\/grotta.is\/#website","url":"https:\/\/grotta.is\/","name":"\u00cd\u00fer\u00f3ttaf\u00e9lagi\u00f0 Gr\u00f3tta","description":"\u00e1 Seltjarnarnesi","publisher":{"@id":"https:\/\/grotta.is\/#organization"},"potentialAction":[{"@type":"SearchAction","target":{"@type":"EntryPoint","urlTemplate":"https:\/\/grotta.is\/?s={search_term_string}"},"query-input":{"@type":"PropertyValueSpecification","valueRequired":true,"valueName":"search_term_string"}}],"inLanguage":"en-US"},{"@type":"Organization","@id":"https:\/\/grotta.is\/#organization","name":"\u00cd\u00fer\u00f3ttaf\u00e9lagi\u00f0 Gr\u00f3tta","url":"https:\/\/grotta.is\/","logo":{"@type":"ImageObject","inLanguage":"en-US","@id":"https:\/\/grotta.is\/#\/schema\/logo\/image\/","url":"https:\/\/grotta.is\/wp-content\/uploads\/2020\/02\/ithrottafelagidgrotta_logo_512x512_transparent.png","contentUrl":"https:\/\/grotta.is\/wp-content\/uploads\/2020\/02\/ithrottafelagidgrotta_logo_512x512_transparent.png","width":512,"height":512,"caption":"\u00cd\u00fer\u00f3ttaf\u00e9lagi\u00f0 Gr\u00f3tta"},"image":{"@id":"https:\/\/grotta.is\/#\/schema\/logo\/image\/"},"sameAs":["https:\/\/www.facebook.com\/grottasport"]},{"@type":"Person","@id":"https:\/\/grotta.is\/#\/schema\/person\/ef1c56135facd925e36b1430a1db29c9","name":"Hrafnhildur Sigurj\u00f3nsd\u00f3ttir","url":"https:\/\/grotta.is\/en\/author\/hrafnhildur\/"}]}},"_links":{"self":[{"href":"https:\/\/grotta.is\/en\/wp-json\/wp\/v2\/posts\/573493","targetHints":{"allow":["GET"]}}],"collection":[{"href":"https:\/\/grotta.is\/en\/wp-json\/wp\/v2\/posts"}],"about":[{"href":"https:\/\/grotta.is\/en\/wp-json\/wp\/v2\/types\/post"}],"author":[{"embeddable":true,"href":"https:\/\/grotta.is\/en\/wp-json\/wp\/v2\/users\/13"}],"replies":[{"embeddable":true,"href":"https:\/\/grotta.is\/en\/wp-json\/wp\/v2\/comments?post=573493"}],"version-history":[{"count":1,"href":"https:\/\/grotta.is\/en\/wp-json\/wp\/v2\/posts\/573493\/revisions"}],"predecessor-version":[{"id":573495,"href":"https:\/\/grotta.is\/en\/wp-json\/wp\/v2\/posts\/573493\/revisions\/573495"}],"wp:featuredmedia":[{"embeddable":true,"href":"https:\/\/grotta.is\/en\/wp-json\/wp\/v2\/media\/573494"}],"wp:attachment":[{"href":"https:\/\/grotta.is\/en\/wp-json\/wp\/v2\/media?parent=573493"}],"wp:term":[{"taxonomy":"category","embeddable":true,"href":"https:\/\/grotta.is\/en\/wp-json\/wp\/v2\/categories?post=573493"},{"taxonomy":"post_tag","embeddable":true,"href":"https:\/\/grotta.is\/en\/wp-json\/wp\/v2\/tags?post=573493"}],"curies":[{"name":"wp","href":"https:\/\/api.w.org\/{rel}","templated":true}]}}