{"id":573266,"date":"2024-06-26T15:49:37","date_gmt":"2024-06-26T15:49:37","guid":{"rendered":"https:\/\/grotta.is\/?p=573266"},"modified":"2024-06-26T15:49:39","modified_gmt":"2024-06-26T15:49:39","slug":"frabaer-ferd-til-thyskalands","status":"publish","type":"post","link":"https:\/\/grotta.is\/en\/handknattleiksdeild\/frabaer-ferd-til-thyskalands\/","title":{"rendered":"Fr\u00e1b\u00e6r fer\u00f0 til \u00de\u00fdskalands"},"content":{"rendered":"<p>\u00cd byrjun j\u00fan\u00ed h\u00e9lt 3.flokkur karla \u00ed \u00e6finga- og keppnisfer\u00f0 til \u00de\u00fdskalands. Li\u00f0i\u00f0 dvaldi \u00ed Leipzig fyrri hluta fer\u00f0arinnar \u00fear sem li\u00f0i\u00f0 \u00e6f\u00f0i og l\u00e9k \u00ferj\u00e1 \u00e6fingaleiki gegn unglinga- og ungmennali\u00f0um f\u00e9lagsins. Fyrsti leikurinn var gegn B-jugend li\u00f0inu. Okkar str\u00e1kar l\u00e9ku vi\u00f0 hvern sinn fingur og uppsk\u00e1ru g\u00f3\u00f0an 23-40 sigur \u00fear sem allir \u00fatileikmenn skoru\u00f0u og markmennirnir dreif\u00f0u markv\u00f6rslunni \u00e1 milli s\u00edn.<\/p><p>Daginn eftir l\u00e9ku str\u00e1karnir gegn U23 \u00e1ra <a><\/a>li\u00f0i Leipzig. Um var a\u00f0 r\u00e6\u00f0a h\u00f6rkuleik gegn \u00f6flugu li\u00f0i. \u00dev\u00ed mi\u00f0ur tapa\u00f0ist leikurinn 31-24 og segja m\u00e1 a\u00f0 Akkilesarh\u00e6ll li\u00f0sins hafi veri\u00f0 f\u00e6ran\u00fdting. Seinasti \u00e6fingaleikur Gr\u00f3ttu var gegn A-jugend li\u00f0i Leipzig. Eftir hra\u00f0an og skemmtilegan leik voru \u00fea\u00f0 okkar menn sem uppsk\u00e1ru fimm marka sigur, 35-40.<\/p><p>\u00c1 me\u00f0an li\u00f0i\u00f0 dvaldi \u00ed Leipzig bau\u00f0 Gr\u00f3ttuma\u00f0urinn Vigg\u00f3 Kristj\u00e1nsson leikma\u00f0ur Leipzig li\u00f0inu heim til s\u00edn \u00ed grillveislu. Vi\u00f0 \u00fe\u00f6kkum honum k\u00e6rlega fyrir heimbo\u00f0i\u00f0 og gestrisnina.<\/p><p>Seinni hluti fer\u00f0arinnar var \u00ed K\u00f6ln \u00fear sem str\u00e1karnir fylgdust me\u00f0 Final 4 \u00ed meistaradeildinni. \u00dear horf\u00f0u \u00feeir \u00e1 undan\u00farslitin og \u00farslitaleikina \u00ed st\u00f3rkostlegri Lanxess-h\u00f6llinni. Eftir mikla bar\u00e1ttu voru \u00fea\u00f0 Barcelona sem voru sterkastir eftir \u00e6sispennandi \u00farslitaleik.<\/p><p>Fer\u00f0in st\u00f3\u00f0 yfir \u00ed r\u00famlega viku og heppna\u00f0ist fr\u00e1b\u00e6rlega. H\u00fan skilur \u00e1n efa eftir g\u00f3\u00f0ar minningar hj\u00e1 str\u00e1kunum.<\/p><p><img fetchpriority=\"high\" decoding=\"async\" width=\"600\" height=\"450\" class=\"wp-image-573268\" style=\"width: 600px;\" src=\"https:\/\/grotta.is\/wp-content\/uploads\/2024\/06\/449252423_1053175849665839_3822645213435667366_n.jpg\" alt=\"\" srcset=\"https:\/\/grotta.is\/wp-content\/uploads\/2024\/06\/449252423_1053175849665839_3822645213435667366_n.jpg 2048w, https:\/\/grotta.is\/wp-content\/uploads\/2024\/06\/449252423_1053175849665839_3822645213435667366_n-300x225.jpg 300w, https:\/\/grotta.is\/wp-content\/uploads\/2024\/06\/449252423_1053175849665839_3822645213435667366_n-1024x768.jpg 1024w, https:\/\/grotta.is\/wp-content\/uploads\/2024\/06\/449252423_1053175849665839_3822645213435667366_n-768x576.jpg 768w, https:\/\/grotta.is\/wp-content\/uploads\/2024\/06\/449252423_1053175849665839_3822645213435667366_n-1536x1152.jpg 1536w, https:\/\/grotta.is\/wp-content\/uploads\/2024\/06\/449252423_1053175849665839_3822645213435667366_n-16x12.jpg 16w, https:\/\/grotta.is\/wp-content\/uploads\/2024\/06\/449252423_1053175849665839_3822645213435667366_n-600x450.jpg 600w\" sizes=\"(max-width: 600px) 100vw, 600px\" \/><\/p><p><img decoding=\"async\" width=\"600\" height=\"450\" class=\"wp-image-573267 lazyload\" style=\"--smush-placeholder-width: 600px; --smush-placeholder-aspect-ratio: 600\/450;width: 600px;\" data-src=\"https:\/\/grotta.is\/wp-content\/uploads\/2024\/06\/449159035_1053175216332569_2683154729700049246_n.jpg\" alt=\"\" data-srcset=\"https:\/\/grotta.is\/wp-content\/uploads\/2024\/06\/449159035_1053175216332569_2683154729700049246_n.jpg 960w, https:\/\/grotta.is\/wp-content\/uploads\/2024\/06\/449159035_1053175216332569_2683154729700049246_n-300x225.jpg 300w, https:\/\/grotta.is\/wp-content\/uploads\/2024\/06\/449159035_1053175216332569_2683154729700049246_n-768x576.jpg 768w, https:\/\/grotta.is\/wp-content\/uploads\/2024\/06\/449159035_1053175216332569_2683154729700049246_n-16x12.jpg 16w, https:\/\/grotta.is\/wp-content\/uploads\/2024\/06\/449159035_1053175216332569_2683154729700049246_n-600x450.jpg 600w\" data-sizes=\"(max-width: 600px) 100vw, 600px\" src=\"data:image\/gif;base64,R0lGODlhAQABAAAAACH5BAEKAAEALAAAAAABAAEAAAICTAEAOw==\" \/><\/p><p><\/p>","protected":false},"excerpt":{"rendered":"<p>\u00cd byrjun j\u00fan\u00ed h\u00e9lt 3.flokkur karla \u00ed \u00e6finga- og keppnisfer\u00f0 til \u00de\u00fdskalands. Li\u00f0i\u00f0 dvaldi \u00ed Leipzig fyrri hluta fer\u00f0arinnar \u00fear sem li\u00f0i\u00f0 \u00e6f\u00f0i og l\u00e9k \u00ferj\u00e1 \u00e6fingaleiki gegn unglinga- og [&hellip;]<\/p>","protected":false},"author":10,"featured_media":573269,"comment_status":"closed","ping_status":"closed","sticky":false,"template":"","format":"standard","meta":{"footnotes":""},"categories":[12],"tags":[13,15],"class_list":["post-573266","post","type-post","status-publish","format-standard","has-post-thumbnail","hentry","category-handknattleiksdeild","tag-handbolti","tag-yngri-flokkar"],"yoast_head":"<!-- This site is optimized with the Yoast SEO plugin v24.3 - https:\/\/yoast.com\/wordpress\/plugins\/seo\/ -->\n<title>Fr\u00e1b\u00e6r fer\u00f0 til \u00de\u00fdskalands - \u00cd\u00fer\u00f3ttaf\u00e9lagi\u00f0 Gr\u00f3tta<\/title>\n<meta name=\"robots\" content=\"index, follow, max-snippet:-1, max-image-preview:large, max-video-preview:-1\" \/>\n<link rel=\"canonical\" href=\"https:\/\/grotta.is\/en\/handknattleiksdeild\/frabaer-ferd-til-thyskalands\/\" \/>\n<meta property=\"og:locale\" content=\"en_US\" \/>\n<meta property=\"og:type\" content=\"article\" \/>\n<meta property=\"og:title\" content=\"Fr\u00e1b\u00e6r fer\u00f0 til \u00de\u00fdskalands - \u00cd\u00fer\u00f3ttaf\u00e9lagi\u00f0 Gr\u00f3tta\" \/>\n<meta property=\"og:description\" content=\"\u00cd byrjun j\u00fan\u00ed h\u00e9lt 3.flokkur karla \u00ed \u00e6finga- og keppnisfer\u00f0 til \u00de\u00fdskalands. Li\u00f0i\u00f0 dvaldi \u00ed Leipzig fyrri hluta fer\u00f0arinnar \u00fear sem li\u00f0i\u00f0 \u00e6f\u00f0i og l\u00e9k \u00ferj\u00e1 \u00e6fingaleiki gegn unglinga- og [&hellip;]\" \/>\n<meta property=\"og:url\" content=\"https:\/\/grotta.is\/en\/handknattleiksdeild\/frabaer-ferd-til-thyskalands\/\" \/>\n<meta property=\"og:site_name\" content=\"\u00cd\u00fer\u00f3ttaf\u00e9lagi\u00f0 Gr\u00f3tta\" \/>\n<meta property=\"article:publisher\" content=\"https:\/\/www.facebook.com\/grottasport\" \/>\n<meta property=\"article:published_time\" content=\"2024-06-26T15:49:37+00:00\" \/>\n<meta property=\"article:modified_time\" content=\"2024-06-26T15:49:39+00:00\" \/>\n<meta property=\"og:image\" content=\"https:\/\/grotta.is\/wp-content\/uploads\/2024\/06\/449169432_1053176976332393_4973708652335916254_n.jpg\" \/>\n\t<meta property=\"og:image:width\" content=\"1648\" \/>\n\t<meta property=\"og:image:height\" content=\"1318\" \/>\n\t<meta property=\"og:image:type\" content=\"image\/jpeg\" \/>\n<meta name=\"author\" content=\"Andri Sigf\u00fasson\" \/>\n<meta name=\"twitter:card\" content=\"summary_large_image\" \/>\n<meta name=\"twitter:label1\" content=\"Written by\" \/>\n\t<meta name=\"twitter:data1\" content=\"Andri Sigf\u00fasson\" \/>\n\t<meta name=\"twitter:label2\" content=\"Est. reading time\" \/>\n\t<meta name=\"twitter:data2\" content=\"2 minutes\" \/>\n<script type=\"application\/ld+json\" class=\"yoast-schema-graph\">{\"@context\":\"https:\/\/schema.org\",\"@graph\":[{\"@type\":\"Article\",\"@id\":\"https:\/\/grotta.is\/handknattleiksdeild\/frabaer-ferd-til-thyskalands\/#article\",\"isPartOf\":{\"@id\":\"https:\/\/grotta.is\/handknattleiksdeild\/frabaer-ferd-til-thyskalands\/\"},\"author\":{\"name\":\"Andri Sigf\u00fasson\",\"@id\":\"https:\/\/grotta.is\/#\/schema\/person\/b21e9d5dfd92c90211e343e8d7252b1c\"},\"headline\":\"Fr\u00e1b\u00e6r fer\u00f0 til \u00de\u00fdskalands\",\"datePublished\":\"2024-06-26T15:49:37+00:00\",\"dateModified\":\"2024-06-26T15:49:39+00:00\",\"mainEntityOfPage\":{\"@id\":\"https:\/\/grotta.is\/handknattleiksdeild\/frabaer-ferd-til-thyskalands\/\"},\"wordCount\":250,\"publisher\":{\"@id\":\"https:\/\/grotta.is\/#organization\"},\"image\":{\"@id\":\"https:\/\/grotta.is\/handknattleiksdeild\/frabaer-ferd-til-thyskalands\/#primaryimage\"},\"thumbnailUrl\":\"https:\/\/grotta.is\/wp-content\/uploads\/2024\/06\/449169432_1053176976332393_4973708652335916254_n.jpg\",\"keywords\":[\"Handbolti\",\"Yngri flokkar\"],\"articleSection\":[\"Handknattleiksdeild\"],\"inLanguage\":\"en-US\"},{\"@type\":\"WebPage\",\"@id\":\"https:\/\/grotta.is\/handknattleiksdeild\/frabaer-ferd-til-thyskalands\/\",\"url\":\"https:\/\/grotta.is\/handknattleiksdeild\/frabaer-ferd-til-thyskalands\/\",\"name\":\"Fr\u00e1b\u00e6r fer\u00f0 til \u00de\u00fdskalands - \u00cd\u00fer\u00f3ttaf\u00e9lagi\u00f0 Gr\u00f3tta\",\"isPartOf\":{\"@id\":\"https:\/\/grotta.is\/#website\"},\"primaryImageOfPage\":{\"@id\":\"https:\/\/grotta.is\/handknattleiksdeild\/frabaer-ferd-til-thyskalands\/#primaryimage\"},\"image\":{\"@id\":\"https:\/\/grotta.is\/handknattleiksdeild\/frabaer-ferd-til-thyskalands\/#primaryimage\"},\"thumbnailUrl\":\"https:\/\/grotta.is\/wp-content\/uploads\/2024\/06\/449169432_1053176976332393_4973708652335916254_n.jpg\",\"datePublished\":\"2024-06-26T15:49:37+00:00\",\"dateModified\":\"2024-06-26T15:49:39+00:00\",\"breadcrumb\":{\"@id\":\"https:\/\/grotta.is\/handknattleiksdeild\/frabaer-ferd-til-thyskalands\/#breadcrumb\"},\"inLanguage\":\"en-US\",\"potentialAction\":[{\"@type\":\"ReadAction\",\"target\":[\"https:\/\/grotta.is\/handknattleiksdeild\/frabaer-ferd-til-thyskalands\/\"]}]},{\"@type\":\"ImageObject\",\"inLanguage\":\"en-US\",\"@id\":\"https:\/\/grotta.is\/handknattleiksdeild\/frabaer-ferd-til-thyskalands\/#primaryimage\",\"url\":\"https:\/\/grotta.is\/wp-content\/uploads\/2024\/06\/449169432_1053176976332393_4973708652335916254_n.jpg\",\"contentUrl\":\"https:\/\/grotta.is\/wp-content\/uploads\/2024\/06\/449169432_1053176976332393_4973708652335916254_n.jpg\",\"width\":1648,\"height\":1318},{\"@type\":\"BreadcrumbList\",\"@id\":\"https:\/\/grotta.is\/handknattleiksdeild\/frabaer-ferd-til-thyskalands\/#breadcrumb\",\"itemListElement\":[{\"@type\":\"ListItem\",\"position\":1,\"name\":\"Home\",\"item\":\"https:\/\/grotta.is\/\"},{\"@type\":\"ListItem\",\"position\":2,\"name\":\"Fr\u00e1b\u00e6r fer\u00f0 til \u00de\u00fdskalands\"}]},{\"@type\":\"WebSite\",\"@id\":\"https:\/\/grotta.is\/#website\",\"url\":\"https:\/\/grotta.is\/\",\"name\":\"\u00cd\u00fer\u00f3ttaf\u00e9lagi\u00f0 Gr\u00f3tta\",\"description\":\"\u00e1 Seltjarnarnesi\",\"publisher\":{\"@id\":\"https:\/\/grotta.is\/#organization\"},\"potentialAction\":[{\"@type\":\"SearchAction\",\"target\":{\"@type\":\"EntryPoint\",\"urlTemplate\":\"https:\/\/grotta.is\/?s={search_term_string}\"},\"query-input\":{\"@type\":\"PropertyValueSpecification\",\"valueRequired\":true,\"valueName\":\"search_term_string\"}}],\"inLanguage\":\"en-US\"},{\"@type\":\"Organization\",\"@id\":\"https:\/\/grotta.is\/#organization\",\"name\":\"\u00cd\u00fer\u00f3ttaf\u00e9lagi\u00f0 Gr\u00f3tta\",\"url\":\"https:\/\/grotta.is\/\",\"logo\":{\"@type\":\"ImageObject\",\"inLanguage\":\"en-US\",\"@id\":\"https:\/\/grotta.is\/#\/schema\/logo\/image\/\",\"url\":\"https:\/\/grotta.is\/wp-content\/uploads\/2020\/02\/ithrottafelagidgrotta_logo_512x512_transparent.png\",\"contentUrl\":\"https:\/\/grotta.is\/wp-content\/uploads\/2020\/02\/ithrottafelagidgrotta_logo_512x512_transparent.png\",\"width\":512,\"height\":512,\"caption\":\"\u00cd\u00fer\u00f3ttaf\u00e9lagi\u00f0 Gr\u00f3tta\"},\"image\":{\"@id\":\"https:\/\/grotta.is\/#\/schema\/logo\/image\/\"},\"sameAs\":[\"https:\/\/www.facebook.com\/grottasport\"]},{\"@type\":\"Person\",\"@id\":\"https:\/\/grotta.is\/#\/schema\/person\/b21e9d5dfd92c90211e343e8d7252b1c\",\"name\":\"Andri Sigf\u00fasson\",\"url\":\"https:\/\/grotta.is\/en\/author\/andri\/\"}]}<\/script>\n<!-- \/ Yoast SEO plugin. -->","yoast_head_json":{"title":"Fr\u00e1b\u00e6r fer\u00f0 til \u00de\u00fdskalands - \u00cd\u00fer\u00f3ttaf\u00e9lagi\u00f0 Gr\u00f3tta","robots":{"index":"index","follow":"follow","max-snippet":"max-snippet:-1","max-image-preview":"max-image-preview:large","max-video-preview":"max-video-preview:-1"},"canonical":"https:\/\/grotta.is\/en\/handknattleiksdeild\/frabaer-ferd-til-thyskalands\/","og_locale":"en_US","og_type":"article","og_title":"Fr\u00e1b\u00e6r fer\u00f0 til \u00de\u00fdskalands - \u00cd\u00fer\u00f3ttaf\u00e9lagi\u00f0 Gr\u00f3tta","og_description":"\u00cd byrjun j\u00fan\u00ed h\u00e9lt 3.flokkur karla \u00ed \u00e6finga- og keppnisfer\u00f0 til \u00de\u00fdskalands. Li\u00f0i\u00f0 dvaldi \u00ed Leipzig fyrri hluta fer\u00f0arinnar \u00fear sem li\u00f0i\u00f0 \u00e6f\u00f0i og l\u00e9k \u00ferj\u00e1 \u00e6fingaleiki gegn unglinga- og [&hellip;]","og_url":"https:\/\/grotta.is\/en\/handknattleiksdeild\/frabaer-ferd-til-thyskalands\/","og_site_name":"\u00cd\u00fer\u00f3ttaf\u00e9lagi\u00f0 Gr\u00f3tta","article_publisher":"https:\/\/www.facebook.com\/grottasport","article_published_time":"2024-06-26T15:49:37+00:00","article_modified_time":"2024-06-26T15:49:39+00:00","og_image":[{"width":1648,"height":1318,"url":"https:\/\/grotta.is\/wp-content\/uploads\/2024\/06\/449169432_1053176976332393_4973708652335916254_n.jpg","type":"image\/jpeg"}],"author":"Andri Sigf\u00fasson","twitter_card":"summary_large_image","twitter_misc":{"Written by":"Andri Sigf\u00fasson","Est. reading time":"2 minutes"},"schema":{"@context":"https:\/\/schema.org","@graph":[{"@type":"Article","@id":"https:\/\/grotta.is\/handknattleiksdeild\/frabaer-ferd-til-thyskalands\/#article","isPartOf":{"@id":"https:\/\/grotta.is\/handknattleiksdeild\/frabaer-ferd-til-thyskalands\/"},"author":{"name":"Andri Sigf\u00fasson","@id":"https:\/\/grotta.is\/#\/schema\/person\/b21e9d5dfd92c90211e343e8d7252b1c"},"headline":"Fr\u00e1b\u00e6r fer\u00f0 til \u00de\u00fdskalands","datePublished":"2024-06-26T15:49:37+00:00","dateModified":"2024-06-26T15:49:39+00:00","mainEntityOfPage":{"@id":"https:\/\/grotta.is\/handknattleiksdeild\/frabaer-ferd-til-thyskalands\/"},"wordCount":250,"publisher":{"@id":"https:\/\/grotta.is\/#organization"},"image":{"@id":"https:\/\/grotta.is\/handknattleiksdeild\/frabaer-ferd-til-thyskalands\/#primaryimage"},"thumbnailUrl":"https:\/\/grotta.is\/wp-content\/uploads\/2024\/06\/449169432_1053176976332393_4973708652335916254_n.jpg","keywords":["Handbolti","Yngri flokkar"],"articleSection":["Handknattleiksdeild"],"inLanguage":"en-US"},{"@type":"WebPage","@id":"https:\/\/grotta.is\/handknattleiksdeild\/frabaer-ferd-til-thyskalands\/","url":"https:\/\/grotta.is\/handknattleiksdeild\/frabaer-ferd-til-thyskalands\/","name":"Fr\u00e1b\u00e6r fer\u00f0 til \u00de\u00fdskalands - \u00cd\u00fer\u00f3ttaf\u00e9lagi\u00f0 Gr\u00f3tta","isPartOf":{"@id":"https:\/\/grotta.is\/#website"},"primaryImageOfPage":{"@id":"https:\/\/grotta.is\/handknattleiksdeild\/frabaer-ferd-til-thyskalands\/#primaryimage"},"image":{"@id":"https:\/\/grotta.is\/handknattleiksdeild\/frabaer-ferd-til-thyskalands\/#primaryimage"},"thumbnailUrl":"https:\/\/grotta.is\/wp-content\/uploads\/2024\/06\/449169432_1053176976332393_4973708652335916254_n.jpg","datePublished":"2024-06-26T15:49:37+00:00","dateModified":"2024-06-26T15:49:39+00:00","breadcrumb":{"@id":"https:\/\/grotta.is\/handknattleiksdeild\/frabaer-ferd-til-thyskalands\/#breadcrumb"},"inLanguage":"en-US","potentialAction":[{"@type":"ReadAction","target":["https:\/\/grotta.is\/handknattleiksdeild\/frabaer-ferd-til-thyskalands\/"]}]},{"@type":"ImageObject","inLanguage":"en-US","@id":"https:\/\/grotta.is\/handknattleiksdeild\/frabaer-ferd-til-thyskalands\/#primaryimage","url":"https:\/\/grotta.is\/wp-content\/uploads\/2024\/06\/449169432_1053176976332393_4973708652335916254_n.jpg","contentUrl":"https:\/\/grotta.is\/wp-content\/uploads\/2024\/06\/449169432_1053176976332393_4973708652335916254_n.jpg","width":1648,"height":1318},{"@type":"BreadcrumbList","@id":"https:\/\/grotta.is\/handknattleiksdeild\/frabaer-ferd-til-thyskalands\/#breadcrumb","itemListElement":[{"@type":"ListItem","position":1,"name":"Home","item":"https:\/\/grotta.is\/"},{"@type":"ListItem","position":2,"name":"Fr\u00e1b\u00e6r fer\u00f0 til \u00de\u00fdskalands"}]},{"@type":"WebSite","@id":"https:\/\/grotta.is\/#website","url":"https:\/\/grotta.is\/","name":"\u00cd\u00fer\u00f3ttaf\u00e9lagi\u00f0 Gr\u00f3tta","description":"\u00e1 Seltjarnarnesi","publisher":{"@id":"https:\/\/grotta.is\/#organization"},"potentialAction":[{"@type":"SearchAction","target":{"@type":"EntryPoint","urlTemplate":"https:\/\/grotta.is\/?s={search_term_string}"},"query-input":{"@type":"PropertyValueSpecification","valueRequired":true,"valueName":"search_term_string"}}],"inLanguage":"en-US"},{"@type":"Organization","@id":"https:\/\/grotta.is\/#organization","name":"\u00cd\u00fer\u00f3ttaf\u00e9lagi\u00f0 Gr\u00f3tta","url":"https:\/\/grotta.is\/","logo":{"@type":"ImageObject","inLanguage":"en-US","@id":"https:\/\/grotta.is\/#\/schema\/logo\/image\/","url":"https:\/\/grotta.is\/wp-content\/uploads\/2020\/02\/ithrottafelagidgrotta_logo_512x512_transparent.png","contentUrl":"https:\/\/grotta.is\/wp-content\/uploads\/2020\/02\/ithrottafelagidgrotta_logo_512x512_transparent.png","width":512,"height":512,"caption":"\u00cd\u00fer\u00f3ttaf\u00e9lagi\u00f0 Gr\u00f3tta"},"image":{"@id":"https:\/\/grotta.is\/#\/schema\/logo\/image\/"},"sameAs":["https:\/\/www.facebook.com\/grottasport"]},{"@type":"Person","@id":"https:\/\/grotta.is\/#\/schema\/person\/b21e9d5dfd92c90211e343e8d7252b1c","name":"Andri Sigf\u00fasson","url":"https:\/\/grotta.is\/en\/author\/andri\/"}]}},"_links":{"self":[{"href":"https:\/\/grotta.is\/en\/wp-json\/wp\/v2\/posts\/573266","targetHints":{"allow":["GET"]}}],"collection":[{"href":"https:\/\/grotta.is\/en\/wp-json\/wp\/v2\/posts"}],"about":[{"href":"https:\/\/grotta.is\/en\/wp-json\/wp\/v2\/types\/post"}],"author":[{"embeddable":true,"href":"https:\/\/grotta.is\/en\/wp-json\/wp\/v2\/users\/10"}],"replies":[{"embeddable":true,"href":"https:\/\/grotta.is\/en\/wp-json\/wp\/v2\/comments?post=573266"}],"version-history":[{"count":1,"href":"https:\/\/grotta.is\/en\/wp-json\/wp\/v2\/posts\/573266\/revisions"}],"predecessor-version":[{"id":573270,"href":"https:\/\/grotta.is\/en\/wp-json\/wp\/v2\/posts\/573266\/revisions\/573270"}],"wp:featuredmedia":[{"embeddable":true,"href":"https:\/\/grotta.is\/en\/wp-json\/wp\/v2\/media\/573269"}],"wp:attachment":[{"href":"https:\/\/grotta.is\/en\/wp-json\/wp\/v2\/media?parent=573266"}],"wp:term":[{"taxonomy":"category","embeddable":true,"href":"https:\/\/grotta.is\/en\/wp-json\/wp\/v2\/categories?post=573266"},{"taxonomy":"post_tag","embeddable":true,"href":"https:\/\/grotta.is\/en\/wp-json\/wp\/v2\/tags?post=573266"}],"curies":[{"name":"wp","href":"https:\/\/api.w.org\/{rel}","templated":true}]}}