{"id":573263,"date":"2024-06-26T15:46:47","date_gmt":"2024-06-26T15:46:47","guid":{"rendered":"https:\/\/grotta.is\/?p=573263"},"modified":"2024-06-26T15:46:48","modified_gmt":"2024-06-26T15:46:48","slug":"anna-karolina-og-katrin-anna-i-8-lida-urslit","status":"publish","type":"post","link":"https:\/\/grotta.is\/en\/handknattleiksdeild\/anna-karolina-og-katrin-anna-i-8-lida-urslit\/","title":{"rendered":"Anna Kar\u00f3l\u00edna og Katr\u00edn Anna \u00ed 8 li\u00f0a \u00farslit"},"content":{"rendered":"<p>Anna Kar\u00f3l\u00edna og Katr\u00edn Anna \u00e1samt U20 \u00e1ra landsli\u00f0i kvenna eru heldur betur a\u00f0 standa sig vel \u00e1 HM \u00ed Nor\u00f0ur-Maked\u00f3n\u00edu. \u00cdslenska li\u00f0i\u00f0 m\u00e6tti Svartfjallalandi og Port\u00fagal \u00ed milliri\u00f0lum \u00e1 m\u00e1nudaginn og \u00feri\u00f0judaginn. Leikurinn gegn Svartfjallalandi vannst \u00f6rugglega en \u00fev\u00ed mi\u00f0ur tapa\u00f0ist leikurinn gegn Port\u00fagal me\u00f0 a\u00f0eins einu marki.<\/p><p>\u00cdslenska li\u00f0i\u00f0 enda\u00f0i \u00fev\u00ed \u00ed 2.s\u00e6ti \u00ed milliri\u00f0linum og er komi\u00f0 \u00ed 8 li\u00f0a \u00farslit \u00e1 HM. \u00dear mun li\u00f0i\u00f0 m\u00e6ta feykilega sterku li\u00f0i <a><\/a>Ungverjalands sem eru r\u00edkjandi Evr\u00f3pumeistarar. Leikurinn fer fram \u00e1 morgun, fimmtudag kl. 16:00. Allir leikir \u00edslenska li\u00f0sins eru s\u00fdndir \u00ed beinni \u00fatsendingu \u00e1 r\u00e1s IHF \u00e1 Youtube. Me\u00f0 sigri kemst \u00cdsland \u00ed undan\u00farslit m\u00f3tsins en tapi li\u00f0i\u00f0 gegn Ungverjum leikur li\u00f0i\u00f0 um s\u00e6ti 5 \u2013 8 \u00ed keppninni.<\/p><p>Gr\u00f3ttustelpurnar hafa heldur betur sta\u00f0i\u00f0 sig vel \u00e1 m\u00f3tinu hinga\u00f0 til. Katr\u00edn Anna \u00c1smundsd\u00f3ttir skora\u00f0i 1 mark gegn Svartfjallalandi og 3 m\u00f6rk gegn Port\u00fagal og er samtals komin me\u00f0 17 m\u00f6rk \u00ed m\u00f3tinu. \u00dear er h\u00fan \u00ed 3.s\u00e6ti af \u00edslensku stelpunum. Anna Kar\u00f3l\u00edna Ingad\u00f3ttir n\u00e1\u00f0i \u00fev\u00ed mi\u00f0ur ekki a\u00f0 verja \u00feau skot sem h\u00fan f\u00e9kk \u00e1 sig \u00ed milliri\u00f0linum. Engu a\u00f0 s\u00ed\u00f0ur er h\u00fan b\u00fain a\u00f0 verja 18 skot \u00ed keppninni me\u00f0 47,3% markv\u00f6rslu. \u00dear er h\u00fan \u00ed 2.s\u00e6ti yfir bestu hlutfallsmarkv\u00f6rsluna \u00ed \u00f6llu m\u00f3tinu.<\/p><p>Vi\u00f0 h\u00f6ldum \u00e1fram a\u00f0 fylgjast me\u00f0 li\u00f0inu og okkar stelpum \u00ed m\u00f3tinu.<\/p>","protected":false},"excerpt":{"rendered":"<p>Anna Kar\u00f3l\u00edna og Katr\u00edn Anna \u00e1samt U20 \u00e1ra landsli\u00f0i kvenna eru heldur betur a\u00f0 standa sig vel \u00e1 HM \u00ed Nor\u00f0ur-Maked\u00f3n\u00edu. \u00cdslenska li\u00f0i\u00f0 m\u00e6tti Svartfjallalandi og Port\u00fagal \u00ed milliri\u00f0lum \u00e1 [&hellip;]<\/p>","protected":false},"author":10,"featured_media":573264,"comment_status":"closed","ping_status":"closed","sticky":false,"template":"","format":"standard","meta":{"footnotes":""},"categories":[12],"tags":[13,22,18],"class_list":["post-573263","post","type-post","status-publish","format-standard","has-post-thumbnail","hentry","category-handknattleiksdeild","tag-handbolti","tag-landslid","tag-mfl-kvk"],"yoast_head":"<!-- This site is optimized with the Yoast SEO plugin v24.3 - https:\/\/yoast.com\/wordpress\/plugins\/seo\/ -->\n<title>Anna Kar\u00f3l\u00edna og Katr\u00edn Anna \u00ed 8 li\u00f0a \u00farslit - \u00cd\u00fer\u00f3ttaf\u00e9lagi\u00f0 Gr\u00f3tta<\/title>\n<meta name=\"robots\" content=\"index, follow, max-snippet:-1, max-image-preview:large, max-video-preview:-1\" \/>\n<link rel=\"canonical\" href=\"https:\/\/grotta.is\/en\/handknattleiksdeild\/anna-karolina-og-katrin-anna-i-8-lida-urslit\/\" \/>\n<meta property=\"og:locale\" content=\"en_US\" \/>\n<meta property=\"og:type\" content=\"article\" \/>\n<meta property=\"og:title\" content=\"Anna Kar\u00f3l\u00edna og Katr\u00edn Anna \u00ed 8 li\u00f0a \u00farslit - \u00cd\u00fer\u00f3ttaf\u00e9lagi\u00f0 Gr\u00f3tta\" \/>\n<meta property=\"og:description\" content=\"Anna Kar\u00f3l\u00edna og Katr\u00edn Anna \u00e1samt U20 \u00e1ra landsli\u00f0i kvenna eru heldur betur a\u00f0 standa sig vel \u00e1 HM \u00ed Nor\u00f0ur-Maked\u00f3n\u00edu. \u00cdslenska li\u00f0i\u00f0 m\u00e6tti Svartfjallalandi og Port\u00fagal \u00ed milliri\u00f0lum \u00e1 [&hellip;]\" \/>\n<meta property=\"og:url\" content=\"https:\/\/grotta.is\/en\/handknattleiksdeild\/anna-karolina-og-katrin-anna-i-8-lida-urslit\/\" \/>\n<meta property=\"og:site_name\" content=\"\u00cd\u00fer\u00f3ttaf\u00e9lagi\u00f0 Gr\u00f3tta\" \/>\n<meta property=\"article:publisher\" content=\"https:\/\/www.facebook.com\/grottasport\" \/>\n<meta property=\"article:published_time\" content=\"2024-06-26T15:46:47+00:00\" \/>\n<meta property=\"article:modified_time\" content=\"2024-06-26T15:46:48+00:00\" \/>\n<meta property=\"og:image\" content=\"https:\/\/grotta.is\/wp-content\/uploads\/2024\/06\/e35d2c56-673d-441e-9706-299b95b41bf9.jpg\" \/>\n\t<meta property=\"og:image:width\" content=\"1536\" \/>\n\t<meta property=\"og:image:height\" content=\"2048\" \/>\n\t<meta property=\"og:image:type\" content=\"image\/jpeg\" \/>\n<meta name=\"author\" content=\"Andri Sigf\u00fasson\" \/>\n<meta name=\"twitter:card\" content=\"summary_large_image\" \/>\n<meta name=\"twitter:label1\" content=\"Written by\" \/>\n\t<meta name=\"twitter:data1\" content=\"Andri Sigf\u00fasson\" \/>\n\t<meta name=\"twitter:label2\" content=\"Est. reading time\" \/>\n\t<meta name=\"twitter:data2\" content=\"2 minutes\" \/>\n<script type=\"application\/ld+json\" class=\"yoast-schema-graph\">{\"@context\":\"https:\/\/schema.org\",\"@graph\":[{\"@type\":\"Article\",\"@id\":\"https:\/\/grotta.is\/handknattleiksdeild\/anna-karolina-og-katrin-anna-i-8-lida-urslit\/#article\",\"isPartOf\":{\"@id\":\"https:\/\/grotta.is\/handknattleiksdeild\/anna-karolina-og-katrin-anna-i-8-lida-urslit\/\"},\"author\":{\"name\":\"Andri Sigf\u00fasson\",\"@id\":\"https:\/\/grotta.is\/#\/schema\/person\/b21e9d5dfd92c90211e343e8d7252b1c\"},\"headline\":\"Anna Kar\u00f3l\u00edna og Katr\u00edn Anna \u00ed 8 li\u00f0a \u00farslit\",\"datePublished\":\"2024-06-26T15:46:47+00:00\",\"dateModified\":\"2024-06-26T15:46:48+00:00\",\"mainEntityOfPage\":{\"@id\":\"https:\/\/grotta.is\/handknattleiksdeild\/anna-karolina-og-katrin-anna-i-8-lida-urslit\/\"},\"wordCount\":262,\"publisher\":{\"@id\":\"https:\/\/grotta.is\/#organization\"},\"image\":{\"@id\":\"https:\/\/grotta.is\/handknattleiksdeild\/anna-karolina-og-katrin-anna-i-8-lida-urslit\/#primaryimage\"},\"thumbnailUrl\":\"https:\/\/grotta.is\/wp-content\/uploads\/2024\/06\/e35d2c56-673d-441e-9706-299b95b41bf9.jpg\",\"keywords\":[\"Handbolti\",\"Landsli\u00f0\",\"Mfl.kvk\"],\"articleSection\":[\"Handknattleiksdeild\"],\"inLanguage\":\"en-US\"},{\"@type\":\"WebPage\",\"@id\":\"https:\/\/grotta.is\/handknattleiksdeild\/anna-karolina-og-katrin-anna-i-8-lida-urslit\/\",\"url\":\"https:\/\/grotta.is\/handknattleiksdeild\/anna-karolina-og-katrin-anna-i-8-lida-urslit\/\",\"name\":\"Anna Kar\u00f3l\u00edna og Katr\u00edn Anna \u00ed 8 li\u00f0a \u00farslit - \u00cd\u00fer\u00f3ttaf\u00e9lagi\u00f0 Gr\u00f3tta\",\"isPartOf\":{\"@id\":\"https:\/\/grotta.is\/#website\"},\"primaryImageOfPage\":{\"@id\":\"https:\/\/grotta.is\/handknattleiksdeild\/anna-karolina-og-katrin-anna-i-8-lida-urslit\/#primaryimage\"},\"image\":{\"@id\":\"https:\/\/grotta.is\/handknattleiksdeild\/anna-karolina-og-katrin-anna-i-8-lida-urslit\/#primaryimage\"},\"thumbnailUrl\":\"https:\/\/grotta.is\/wp-content\/uploads\/2024\/06\/e35d2c56-673d-441e-9706-299b95b41bf9.jpg\",\"datePublished\":\"2024-06-26T15:46:47+00:00\",\"dateModified\":\"2024-06-26T15:46:48+00:00\",\"breadcrumb\":{\"@id\":\"https:\/\/grotta.is\/handknattleiksdeild\/anna-karolina-og-katrin-anna-i-8-lida-urslit\/#breadcrumb\"},\"inLanguage\":\"en-US\",\"potentialAction\":[{\"@type\":\"ReadAction\",\"target\":[\"https:\/\/grotta.is\/handknattleiksdeild\/anna-karolina-og-katrin-anna-i-8-lida-urslit\/\"]}]},{\"@type\":\"ImageObject\",\"inLanguage\":\"en-US\",\"@id\":\"https:\/\/grotta.is\/handknattleiksdeild\/anna-karolina-og-katrin-anna-i-8-lida-urslit\/#primaryimage\",\"url\":\"https:\/\/grotta.is\/wp-content\/uploads\/2024\/06\/e35d2c56-673d-441e-9706-299b95b41bf9.jpg\",\"contentUrl\":\"https:\/\/grotta.is\/wp-content\/uploads\/2024\/06\/e35d2c56-673d-441e-9706-299b95b41bf9.jpg\",\"width\":1536,\"height\":2048},{\"@type\":\"BreadcrumbList\",\"@id\":\"https:\/\/grotta.is\/handknattleiksdeild\/anna-karolina-og-katrin-anna-i-8-lida-urslit\/#breadcrumb\",\"itemListElement\":[{\"@type\":\"ListItem\",\"position\":1,\"name\":\"Home\",\"item\":\"https:\/\/grotta.is\/\"},{\"@type\":\"ListItem\",\"position\":2,\"name\":\"Anna Kar\u00f3l\u00edna og Katr\u00edn Anna \u00ed 8 li\u00f0a \u00farslit\"}]},{\"@type\":\"WebSite\",\"@id\":\"https:\/\/grotta.is\/#website\",\"url\":\"https:\/\/grotta.is\/\",\"name\":\"\u00cd\u00fer\u00f3ttaf\u00e9lagi\u00f0 Gr\u00f3tta\",\"description\":\"\u00e1 Seltjarnarnesi\",\"publisher\":{\"@id\":\"https:\/\/grotta.is\/#organization\"},\"potentialAction\":[{\"@type\":\"SearchAction\",\"target\":{\"@type\":\"EntryPoint\",\"urlTemplate\":\"https:\/\/grotta.is\/?s={search_term_string}\"},\"query-input\":{\"@type\":\"PropertyValueSpecification\",\"valueRequired\":true,\"valueName\":\"search_term_string\"}}],\"inLanguage\":\"en-US\"},{\"@type\":\"Organization\",\"@id\":\"https:\/\/grotta.is\/#organization\",\"name\":\"\u00cd\u00fer\u00f3ttaf\u00e9lagi\u00f0 Gr\u00f3tta\",\"url\":\"https:\/\/grotta.is\/\",\"logo\":{\"@type\":\"ImageObject\",\"inLanguage\":\"en-US\",\"@id\":\"https:\/\/grotta.is\/#\/schema\/logo\/image\/\",\"url\":\"https:\/\/grotta.is\/wp-content\/uploads\/2020\/02\/ithrottafelagidgrotta_logo_512x512_transparent.png\",\"contentUrl\":\"https:\/\/grotta.is\/wp-content\/uploads\/2020\/02\/ithrottafelagidgrotta_logo_512x512_transparent.png\",\"width\":512,\"height\":512,\"caption\":\"\u00cd\u00fer\u00f3ttaf\u00e9lagi\u00f0 Gr\u00f3tta\"},\"image\":{\"@id\":\"https:\/\/grotta.is\/#\/schema\/logo\/image\/\"},\"sameAs\":[\"https:\/\/www.facebook.com\/grottasport\"]},{\"@type\":\"Person\",\"@id\":\"https:\/\/grotta.is\/#\/schema\/person\/b21e9d5dfd92c90211e343e8d7252b1c\",\"name\":\"Andri Sigf\u00fasson\",\"url\":\"https:\/\/grotta.is\/en\/author\/andri\/\"}]}<\/script>\n<!-- \/ Yoast SEO plugin. -->","yoast_head_json":{"title":"Anna Kar\u00f3l\u00edna og Katr\u00edn Anna \u00ed 8 li\u00f0a \u00farslit - \u00cd\u00fer\u00f3ttaf\u00e9lagi\u00f0 Gr\u00f3tta","robots":{"index":"index","follow":"follow","max-snippet":"max-snippet:-1","max-image-preview":"max-image-preview:large","max-video-preview":"max-video-preview:-1"},"canonical":"https:\/\/grotta.is\/en\/handknattleiksdeild\/anna-karolina-og-katrin-anna-i-8-lida-urslit\/","og_locale":"en_US","og_type":"article","og_title":"Anna Kar\u00f3l\u00edna og Katr\u00edn Anna \u00ed 8 li\u00f0a \u00farslit - \u00cd\u00fer\u00f3ttaf\u00e9lagi\u00f0 Gr\u00f3tta","og_description":"Anna Kar\u00f3l\u00edna og Katr\u00edn Anna \u00e1samt U20 \u00e1ra landsli\u00f0i kvenna eru heldur betur a\u00f0 standa sig vel \u00e1 HM \u00ed Nor\u00f0ur-Maked\u00f3n\u00edu. \u00cdslenska li\u00f0i\u00f0 m\u00e6tti Svartfjallalandi og Port\u00fagal \u00ed milliri\u00f0lum \u00e1 [&hellip;]","og_url":"https:\/\/grotta.is\/en\/handknattleiksdeild\/anna-karolina-og-katrin-anna-i-8-lida-urslit\/","og_site_name":"\u00cd\u00fer\u00f3ttaf\u00e9lagi\u00f0 Gr\u00f3tta","article_publisher":"https:\/\/www.facebook.com\/grottasport","article_published_time":"2024-06-26T15:46:47+00:00","article_modified_time":"2024-06-26T15:46:48+00:00","og_image":[{"width":1536,"height":2048,"url":"https:\/\/grotta.is\/wp-content\/uploads\/2024\/06\/e35d2c56-673d-441e-9706-299b95b41bf9.jpg","type":"image\/jpeg"}],"author":"Andri Sigf\u00fasson","twitter_card":"summary_large_image","twitter_misc":{"Written by":"Andri Sigf\u00fasson","Est. reading time":"2 minutes"},"schema":{"@context":"https:\/\/schema.org","@graph":[{"@type":"Article","@id":"https:\/\/grotta.is\/handknattleiksdeild\/anna-karolina-og-katrin-anna-i-8-lida-urslit\/#article","isPartOf":{"@id":"https:\/\/grotta.is\/handknattleiksdeild\/anna-karolina-og-katrin-anna-i-8-lida-urslit\/"},"author":{"name":"Andri Sigf\u00fasson","@id":"https:\/\/grotta.is\/#\/schema\/person\/b21e9d5dfd92c90211e343e8d7252b1c"},"headline":"Anna Kar\u00f3l\u00edna og Katr\u00edn Anna \u00ed 8 li\u00f0a \u00farslit","datePublished":"2024-06-26T15:46:47+00:00","dateModified":"2024-06-26T15:46:48+00:00","mainEntityOfPage":{"@id":"https:\/\/grotta.is\/handknattleiksdeild\/anna-karolina-og-katrin-anna-i-8-lida-urslit\/"},"wordCount":262,"publisher":{"@id":"https:\/\/grotta.is\/#organization"},"image":{"@id":"https:\/\/grotta.is\/handknattleiksdeild\/anna-karolina-og-katrin-anna-i-8-lida-urslit\/#primaryimage"},"thumbnailUrl":"https:\/\/grotta.is\/wp-content\/uploads\/2024\/06\/e35d2c56-673d-441e-9706-299b95b41bf9.jpg","keywords":["Handbolti","Landsli\u00f0","Mfl.kvk"],"articleSection":["Handknattleiksdeild"],"inLanguage":"en-US"},{"@type":"WebPage","@id":"https:\/\/grotta.is\/handknattleiksdeild\/anna-karolina-og-katrin-anna-i-8-lida-urslit\/","url":"https:\/\/grotta.is\/handknattleiksdeild\/anna-karolina-og-katrin-anna-i-8-lida-urslit\/","name":"Anna Kar\u00f3l\u00edna og Katr\u00edn Anna \u00ed 8 li\u00f0a \u00farslit - \u00cd\u00fer\u00f3ttaf\u00e9lagi\u00f0 Gr\u00f3tta","isPartOf":{"@id":"https:\/\/grotta.is\/#website"},"primaryImageOfPage":{"@id":"https:\/\/grotta.is\/handknattleiksdeild\/anna-karolina-og-katrin-anna-i-8-lida-urslit\/#primaryimage"},"image":{"@id":"https:\/\/grotta.is\/handknattleiksdeild\/anna-karolina-og-katrin-anna-i-8-lida-urslit\/#primaryimage"},"thumbnailUrl":"https:\/\/grotta.is\/wp-content\/uploads\/2024\/06\/e35d2c56-673d-441e-9706-299b95b41bf9.jpg","datePublished":"2024-06-26T15:46:47+00:00","dateModified":"2024-06-26T15:46:48+00:00","breadcrumb":{"@id":"https:\/\/grotta.is\/handknattleiksdeild\/anna-karolina-og-katrin-anna-i-8-lida-urslit\/#breadcrumb"},"inLanguage":"en-US","potentialAction":[{"@type":"ReadAction","target":["https:\/\/grotta.is\/handknattleiksdeild\/anna-karolina-og-katrin-anna-i-8-lida-urslit\/"]}]},{"@type":"ImageObject","inLanguage":"en-US","@id":"https:\/\/grotta.is\/handknattleiksdeild\/anna-karolina-og-katrin-anna-i-8-lida-urslit\/#primaryimage","url":"https:\/\/grotta.is\/wp-content\/uploads\/2024\/06\/e35d2c56-673d-441e-9706-299b95b41bf9.jpg","contentUrl":"https:\/\/grotta.is\/wp-content\/uploads\/2024\/06\/e35d2c56-673d-441e-9706-299b95b41bf9.jpg","width":1536,"height":2048},{"@type":"BreadcrumbList","@id":"https:\/\/grotta.is\/handknattleiksdeild\/anna-karolina-og-katrin-anna-i-8-lida-urslit\/#breadcrumb","itemListElement":[{"@type":"ListItem","position":1,"name":"Home","item":"https:\/\/grotta.is\/"},{"@type":"ListItem","position":2,"name":"Anna Kar\u00f3l\u00edna og Katr\u00edn Anna \u00ed 8 li\u00f0a \u00farslit"}]},{"@type":"WebSite","@id":"https:\/\/grotta.is\/#website","url":"https:\/\/grotta.is\/","name":"\u00cd\u00fer\u00f3ttaf\u00e9lagi\u00f0 Gr\u00f3tta","description":"\u00e1 Seltjarnarnesi","publisher":{"@id":"https:\/\/grotta.is\/#organization"},"potentialAction":[{"@type":"SearchAction","target":{"@type":"EntryPoint","urlTemplate":"https:\/\/grotta.is\/?s={search_term_string}"},"query-input":{"@type":"PropertyValueSpecification","valueRequired":true,"valueName":"search_term_string"}}],"inLanguage":"en-US"},{"@type":"Organization","@id":"https:\/\/grotta.is\/#organization","name":"\u00cd\u00fer\u00f3ttaf\u00e9lagi\u00f0 Gr\u00f3tta","url":"https:\/\/grotta.is\/","logo":{"@type":"ImageObject","inLanguage":"en-US","@id":"https:\/\/grotta.is\/#\/schema\/logo\/image\/","url":"https:\/\/grotta.is\/wp-content\/uploads\/2020\/02\/ithrottafelagidgrotta_logo_512x512_transparent.png","contentUrl":"https:\/\/grotta.is\/wp-content\/uploads\/2020\/02\/ithrottafelagidgrotta_logo_512x512_transparent.png","width":512,"height":512,"caption":"\u00cd\u00fer\u00f3ttaf\u00e9lagi\u00f0 Gr\u00f3tta"},"image":{"@id":"https:\/\/grotta.is\/#\/schema\/logo\/image\/"},"sameAs":["https:\/\/www.facebook.com\/grottasport"]},{"@type":"Person","@id":"https:\/\/grotta.is\/#\/schema\/person\/b21e9d5dfd92c90211e343e8d7252b1c","name":"Andri Sigf\u00fasson","url":"https:\/\/grotta.is\/en\/author\/andri\/"}]}},"_links":{"self":[{"href":"https:\/\/grotta.is\/en\/wp-json\/wp\/v2\/posts\/573263","targetHints":{"allow":["GET"]}}],"collection":[{"href":"https:\/\/grotta.is\/en\/wp-json\/wp\/v2\/posts"}],"about":[{"href":"https:\/\/grotta.is\/en\/wp-json\/wp\/v2\/types\/post"}],"author":[{"embeddable":true,"href":"https:\/\/grotta.is\/en\/wp-json\/wp\/v2\/users\/10"}],"replies":[{"embeddable":true,"href":"https:\/\/grotta.is\/en\/wp-json\/wp\/v2\/comments?post=573263"}],"version-history":[{"count":1,"href":"https:\/\/grotta.is\/en\/wp-json\/wp\/v2\/posts\/573263\/revisions"}],"predecessor-version":[{"id":573265,"href":"https:\/\/grotta.is\/en\/wp-json\/wp\/v2\/posts\/573263\/revisions\/573265"}],"wp:featuredmedia":[{"embeddable":true,"href":"https:\/\/grotta.is\/en\/wp-json\/wp\/v2\/media\/573264"}],"wp:attachment":[{"href":"https:\/\/grotta.is\/en\/wp-json\/wp\/v2\/media?parent=573263"}],"wp:term":[{"taxonomy":"category","embeddable":true,"href":"https:\/\/grotta.is\/en\/wp-json\/wp\/v2\/categories?post=573263"},{"taxonomy":"post_tag","embeddable":true,"href":"https:\/\/grotta.is\/en\/wp-json\/wp\/v2\/tags?post=573263"}],"curies":[{"name":"wp","href":"https:\/\/api.w.org\/{rel}","templated":true}]}}