{"id":573184,"date":"2024-06-21T11:38:49","date_gmt":"2024-06-21T11:38:49","guid":{"rendered":"https:\/\/grotta.is\/?p=573184"},"modified":"2024-06-21T11:47:50","modified_gmt":"2024-06-21T11:47:50","slug":"arnari-veitt-gullmerki-hsi-og-silfumerki-isi","status":"publish","type":"post","link":"https:\/\/grotta.is\/en\/handknattleiksdeild\/arnari-veitt-gullmerki-hsi-og-silfumerki-isi\/","title":{"rendered":"Arnari veitt gullmerki HS\u00cd og silfurmerki \u00cdS\u00cd"},"content":{"rendered":"<p>\u00c1rs\u00feing HS\u00cd f\u00f3r fram mi\u00f0vikudaginn 19.j\u00fan\u00ed s\u00ed\u00f0astli\u00f0inn \u00ed Laugardalsh\u00f6ll. Eins og venja ber \u00e1 \u00e1rs\u00feingum \u00fe\u00e1 eru reikningar og sk\u00fdrsla stj\u00f3rnar s\u00ed\u00f0asta \u00e1rs lag\u00f0ir fram, stj\u00f3rnarkj\u00f6r fer fram og \u00f6nnur m\u00e1l sem fram koma \u00ed l\u00f6gum sambandsins.<\/p><p>Gr\u00f3ttuma\u00f0urinn Arnar \u00deorkelsson hefur seti\u00f0 \u00ed stj\u00f3rn HS\u00cd sem gjaldkeri undanfarin 8 \u00e1r. Hann hefur \u00e1kve\u00f0i\u00f0 a\u00f0 h\u00e6tta \u00ed stj\u00f3rn sambandsins og vi\u00f0 \u00fea\u00f0 tilefni var honum afhent gullmerki HS\u00cd fyrir fr\u00e1b\u00e6r <a><\/a>st\u00f6rf fyrir handboltann \u00ed landinu. Vi\u00f0 sama tilefni var honum einnig afhent silfurmerki \u00cdS\u00cd fyrir s\u00edn st\u00f6rf.<\/p><p>\u00de\u00f3 a\u00f0 Arnar hafi byrja\u00f0 ungur a\u00f0 \u00e6fa handbolta hj\u00e1 Gr\u00f3ttu, \u00fej\u00e1lfa\u00f0 yngri flokka, seti\u00f0 \u00ed barna- og unglingar\u00e1\u00f0i, seti\u00f0 \u00ed nefndum \u00e1 vegum Gr\u00f3ttu, veri\u00f0 forma\u00f0ur Handknattleikadeildar Gr\u00f3ttu og seti\u00f0 \u00ed stj\u00f3rn HS\u00cd \u00ed 8 \u00e1r, \u00fe\u00e1 er hann engan veginn h\u00e6ttur. Hann hefur teki\u00f0 s\u00e6ti \u00ed barna- og unglingar\u00e1\u00f0i Handknattleiksdeildar Gr\u00f3ttu.<\/p><p>Til hamingju Arnar !<\/p>","protected":false},"excerpt":{"rendered":"<p>\u00c1rs\u00feing HS\u00cd f\u00f3r fram mi\u00f0vikudaginn 19.j\u00fan\u00ed s\u00ed\u00f0astli\u00f0inn \u00ed Laugardalsh\u00f6ll. Eins og venja ber \u00e1 \u00e1rs\u00feingum \u00fe\u00e1 eru reikningar og sk\u00fdrsla stj\u00f3rnar s\u00ed\u00f0asta \u00e1rs lag\u00f0ir fram, stj\u00f3rnarkj\u00f6r fer fram og \u00f6nnur [&hellip;]<\/p>","protected":false},"author":10,"featured_media":573185,"comment_status":"closed","ping_status":"closed","sticky":false,"template":"","format":"standard","meta":{"footnotes":""},"categories":[12],"tags":[13],"class_list":["post-573184","post","type-post","status-publish","format-standard","has-post-thumbnail","hentry","category-handknattleiksdeild","tag-handbolti"],"yoast_head":"<!-- This site is optimized with the Yoast SEO plugin v24.3 - https:\/\/yoast.com\/wordpress\/plugins\/seo\/ -->\n<title>Arnari veitt gullmerki HS\u00cd og silfurmerki \u00cdS\u00cd - \u00cd\u00fer\u00f3ttaf\u00e9lagi\u00f0 Gr\u00f3tta<\/title>\n<meta name=\"robots\" content=\"index, follow, max-snippet:-1, max-image-preview:large, max-video-preview:-1\" \/>\n<link rel=\"canonical\" href=\"https:\/\/grotta.is\/en\/handknattleiksdeild\/arnari-veitt-gullmerki-hsi-og-silfumerki-isi\/\" \/>\n<meta property=\"og:locale\" content=\"en_US\" \/>\n<meta property=\"og:type\" content=\"article\" \/>\n<meta property=\"og:title\" content=\"Arnari veitt gullmerki HS\u00cd og silfurmerki \u00cdS\u00cd - \u00cd\u00fer\u00f3ttaf\u00e9lagi\u00f0 Gr\u00f3tta\" \/>\n<meta property=\"og:description\" content=\"\u00c1rs\u00feing HS\u00cd f\u00f3r fram mi\u00f0vikudaginn 19.j\u00fan\u00ed s\u00ed\u00f0astli\u00f0inn \u00ed Laugardalsh\u00f6ll. Eins og venja ber \u00e1 \u00e1rs\u00feingum \u00fe\u00e1 eru reikningar og sk\u00fdrsla stj\u00f3rnar s\u00ed\u00f0asta \u00e1rs lag\u00f0ir fram, stj\u00f3rnarkj\u00f6r fer fram og \u00f6nnur [&hellip;]\" \/>\n<meta property=\"og:url\" content=\"https:\/\/grotta.is\/en\/handknattleiksdeild\/arnari-veitt-gullmerki-hsi-og-silfumerki-isi\/\" \/>\n<meta property=\"og:site_name\" content=\"\u00cd\u00fer\u00f3ttaf\u00e9lagi\u00f0 Gr\u00f3tta\" \/>\n<meta property=\"article:publisher\" content=\"https:\/\/www.facebook.com\/grottasport\" \/>\n<meta property=\"article:published_time\" content=\"2024-06-21T11:38:49+00:00\" \/>\n<meta property=\"article:modified_time\" content=\"2024-06-21T11:47:50+00:00\" \/>\n<meta property=\"og:image\" content=\"https:\/\/grotta.is\/wp-content\/uploads\/2024\/06\/thumbnail_processed-08118665-6593-4071-9CEA-2728E9B8DCE4.jpg\" \/>\n\t<meta property=\"og:image:width\" content=\"1816\" \/>\n\t<meta property=\"og:image:height\" content=\"2420\" \/>\n\t<meta property=\"og:image:type\" content=\"image\/jpeg\" \/>\n<meta name=\"author\" content=\"Andri Sigf\u00fasson\" \/>\n<meta name=\"twitter:card\" content=\"summary_large_image\" \/>\n<meta name=\"twitter:label1\" content=\"Written by\" \/>\n\t<meta name=\"twitter:data1\" content=\"Andri Sigf\u00fasson\" \/>\n\t<meta name=\"twitter:label2\" content=\"Est. reading time\" \/>\n\t<meta name=\"twitter:data2\" content=\"1 minute\" \/>\n<script type=\"application\/ld+json\" class=\"yoast-schema-graph\">{\"@context\":\"https:\/\/schema.org\",\"@graph\":[{\"@type\":\"Article\",\"@id\":\"https:\/\/grotta.is\/handknattleiksdeild\/arnari-veitt-gullmerki-hsi-og-silfumerki-isi\/#article\",\"isPartOf\":{\"@id\":\"https:\/\/grotta.is\/handknattleiksdeild\/arnari-veitt-gullmerki-hsi-og-silfumerki-isi\/\"},\"author\":{\"name\":\"Andri Sigf\u00fasson\",\"@id\":\"https:\/\/grotta.is\/#\/schema\/person\/b21e9d5dfd92c90211e343e8d7252b1c\"},\"headline\":\"Arnari veitt gullmerki HS\u00cd og silfurmerki \u00cdS\u00cd\",\"datePublished\":\"2024-06-21T11:38:49+00:00\",\"dateModified\":\"2024-06-21T11:47:50+00:00\",\"mainEntityOfPage\":{\"@id\":\"https:\/\/grotta.is\/handknattleiksdeild\/arnari-veitt-gullmerki-hsi-og-silfumerki-isi\/\"},\"wordCount\":170,\"publisher\":{\"@id\":\"https:\/\/grotta.is\/#organization\"},\"image\":{\"@id\":\"https:\/\/grotta.is\/handknattleiksdeild\/arnari-veitt-gullmerki-hsi-og-silfumerki-isi\/#primaryimage\"},\"thumbnailUrl\":\"https:\/\/grotta.is\/wp-content\/uploads\/2024\/06\/thumbnail_processed-08118665-6593-4071-9CEA-2728E9B8DCE4.jpg\",\"keywords\":[\"Handbolti\"],\"articleSection\":[\"Handknattleiksdeild\"],\"inLanguage\":\"en-US\"},{\"@type\":\"WebPage\",\"@id\":\"https:\/\/grotta.is\/handknattleiksdeild\/arnari-veitt-gullmerki-hsi-og-silfumerki-isi\/\",\"url\":\"https:\/\/grotta.is\/handknattleiksdeild\/arnari-veitt-gullmerki-hsi-og-silfumerki-isi\/\",\"name\":\"Arnari veitt gullmerki HS\u00cd og silfurmerki \u00cdS\u00cd - \u00cd\u00fer\u00f3ttaf\u00e9lagi\u00f0 Gr\u00f3tta\",\"isPartOf\":{\"@id\":\"https:\/\/grotta.is\/#website\"},\"primaryImageOfPage\":{\"@id\":\"https:\/\/grotta.is\/handknattleiksdeild\/arnari-veitt-gullmerki-hsi-og-silfumerki-isi\/#primaryimage\"},\"image\":{\"@id\":\"https:\/\/grotta.is\/handknattleiksdeild\/arnari-veitt-gullmerki-hsi-og-silfumerki-isi\/#primaryimage\"},\"thumbnailUrl\":\"https:\/\/grotta.is\/wp-content\/uploads\/2024\/06\/thumbnail_processed-08118665-6593-4071-9CEA-2728E9B8DCE4.jpg\",\"datePublished\":\"2024-06-21T11:38:49+00:00\",\"dateModified\":\"2024-06-21T11:47:50+00:00\",\"breadcrumb\":{\"@id\":\"https:\/\/grotta.is\/handknattleiksdeild\/arnari-veitt-gullmerki-hsi-og-silfumerki-isi\/#breadcrumb\"},\"inLanguage\":\"en-US\",\"potentialAction\":[{\"@type\":\"ReadAction\",\"target\":[\"https:\/\/grotta.is\/handknattleiksdeild\/arnari-veitt-gullmerki-hsi-og-silfumerki-isi\/\"]}]},{\"@type\":\"ImageObject\",\"inLanguage\":\"en-US\",\"@id\":\"https:\/\/grotta.is\/handknattleiksdeild\/arnari-veitt-gullmerki-hsi-og-silfumerki-isi\/#primaryimage\",\"url\":\"https:\/\/grotta.is\/wp-content\/uploads\/2024\/06\/thumbnail_processed-08118665-6593-4071-9CEA-2728E9B8DCE4.jpg\",\"contentUrl\":\"https:\/\/grotta.is\/wp-content\/uploads\/2024\/06\/thumbnail_processed-08118665-6593-4071-9CEA-2728E9B8DCE4.jpg\",\"width\":1816,\"height\":2420},{\"@type\":\"BreadcrumbList\",\"@id\":\"https:\/\/grotta.is\/handknattleiksdeild\/arnari-veitt-gullmerki-hsi-og-silfumerki-isi\/#breadcrumb\",\"itemListElement\":[{\"@type\":\"ListItem\",\"position\":1,\"name\":\"Home\",\"item\":\"https:\/\/grotta.is\/\"},{\"@type\":\"ListItem\",\"position\":2,\"name\":\"Arnari veitt gullmerki HS\u00cd og silfurmerki \u00cdS\u00cd\"}]},{\"@type\":\"WebSite\",\"@id\":\"https:\/\/grotta.is\/#website\",\"url\":\"https:\/\/grotta.is\/\",\"name\":\"\u00cd\u00fer\u00f3ttaf\u00e9lagi\u00f0 Gr\u00f3tta\",\"description\":\"\u00e1 Seltjarnarnesi\",\"publisher\":{\"@id\":\"https:\/\/grotta.is\/#organization\"},\"potentialAction\":[{\"@type\":\"SearchAction\",\"target\":{\"@type\":\"EntryPoint\",\"urlTemplate\":\"https:\/\/grotta.is\/?s={search_term_string}\"},\"query-input\":{\"@type\":\"PropertyValueSpecification\",\"valueRequired\":true,\"valueName\":\"search_term_string\"}}],\"inLanguage\":\"en-US\"},{\"@type\":\"Organization\",\"@id\":\"https:\/\/grotta.is\/#organization\",\"name\":\"\u00cd\u00fer\u00f3ttaf\u00e9lagi\u00f0 Gr\u00f3tta\",\"url\":\"https:\/\/grotta.is\/\",\"logo\":{\"@type\":\"ImageObject\",\"inLanguage\":\"en-US\",\"@id\":\"https:\/\/grotta.is\/#\/schema\/logo\/image\/\",\"url\":\"https:\/\/grotta.is\/wp-content\/uploads\/2020\/02\/ithrottafelagidgrotta_logo_512x512_transparent.png\",\"contentUrl\":\"https:\/\/grotta.is\/wp-content\/uploads\/2020\/02\/ithrottafelagidgrotta_logo_512x512_transparent.png\",\"width\":512,\"height\":512,\"caption\":\"\u00cd\u00fer\u00f3ttaf\u00e9lagi\u00f0 Gr\u00f3tta\"},\"image\":{\"@id\":\"https:\/\/grotta.is\/#\/schema\/logo\/image\/\"},\"sameAs\":[\"https:\/\/www.facebook.com\/grottasport\"]},{\"@type\":\"Person\",\"@id\":\"https:\/\/grotta.is\/#\/schema\/person\/b21e9d5dfd92c90211e343e8d7252b1c\",\"name\":\"Andri Sigf\u00fasson\",\"url\":\"https:\/\/grotta.is\/en\/author\/andri\/\"}]}<\/script>\n<!-- \/ Yoast SEO plugin. -->","yoast_head_json":{"title":"Arnari veitt gullmerki HS\u00cd og silfurmerki \u00cdS\u00cd - \u00cd\u00fer\u00f3ttaf\u00e9lagi\u00f0 Gr\u00f3tta","robots":{"index":"index","follow":"follow","max-snippet":"max-snippet:-1","max-image-preview":"max-image-preview:large","max-video-preview":"max-video-preview:-1"},"canonical":"https:\/\/grotta.is\/en\/handknattleiksdeild\/arnari-veitt-gullmerki-hsi-og-silfumerki-isi\/","og_locale":"en_US","og_type":"article","og_title":"Arnari veitt gullmerki HS\u00cd og silfurmerki \u00cdS\u00cd - \u00cd\u00fer\u00f3ttaf\u00e9lagi\u00f0 Gr\u00f3tta","og_description":"\u00c1rs\u00feing HS\u00cd f\u00f3r fram mi\u00f0vikudaginn 19.j\u00fan\u00ed s\u00ed\u00f0astli\u00f0inn \u00ed Laugardalsh\u00f6ll. Eins og venja ber \u00e1 \u00e1rs\u00feingum \u00fe\u00e1 eru reikningar og sk\u00fdrsla stj\u00f3rnar s\u00ed\u00f0asta \u00e1rs lag\u00f0ir fram, stj\u00f3rnarkj\u00f6r fer fram og \u00f6nnur [&hellip;]","og_url":"https:\/\/grotta.is\/en\/handknattleiksdeild\/arnari-veitt-gullmerki-hsi-og-silfumerki-isi\/","og_site_name":"\u00cd\u00fer\u00f3ttaf\u00e9lagi\u00f0 Gr\u00f3tta","article_publisher":"https:\/\/www.facebook.com\/grottasport","article_published_time":"2024-06-21T11:38:49+00:00","article_modified_time":"2024-06-21T11:47:50+00:00","og_image":[{"width":1816,"height":2420,"url":"https:\/\/grotta.is\/wp-content\/uploads\/2024\/06\/thumbnail_processed-08118665-6593-4071-9CEA-2728E9B8DCE4.jpg","type":"image\/jpeg"}],"author":"Andri Sigf\u00fasson","twitter_card":"summary_large_image","twitter_misc":{"Written by":"Andri Sigf\u00fasson","Est. reading time":"1 minute"},"schema":{"@context":"https:\/\/schema.org","@graph":[{"@type":"Article","@id":"https:\/\/grotta.is\/handknattleiksdeild\/arnari-veitt-gullmerki-hsi-og-silfumerki-isi\/#article","isPartOf":{"@id":"https:\/\/grotta.is\/handknattleiksdeild\/arnari-veitt-gullmerki-hsi-og-silfumerki-isi\/"},"author":{"name":"Andri Sigf\u00fasson","@id":"https:\/\/grotta.is\/#\/schema\/person\/b21e9d5dfd92c90211e343e8d7252b1c"},"headline":"Arnari veitt gullmerki HS\u00cd og silfurmerki \u00cdS\u00cd","datePublished":"2024-06-21T11:38:49+00:00","dateModified":"2024-06-21T11:47:50+00:00","mainEntityOfPage":{"@id":"https:\/\/grotta.is\/handknattleiksdeild\/arnari-veitt-gullmerki-hsi-og-silfumerki-isi\/"},"wordCount":170,"publisher":{"@id":"https:\/\/grotta.is\/#organization"},"image":{"@id":"https:\/\/grotta.is\/handknattleiksdeild\/arnari-veitt-gullmerki-hsi-og-silfumerki-isi\/#primaryimage"},"thumbnailUrl":"https:\/\/grotta.is\/wp-content\/uploads\/2024\/06\/thumbnail_processed-08118665-6593-4071-9CEA-2728E9B8DCE4.jpg","keywords":["Handbolti"],"articleSection":["Handknattleiksdeild"],"inLanguage":"en-US"},{"@type":"WebPage","@id":"https:\/\/grotta.is\/handknattleiksdeild\/arnari-veitt-gullmerki-hsi-og-silfumerki-isi\/","url":"https:\/\/grotta.is\/handknattleiksdeild\/arnari-veitt-gullmerki-hsi-og-silfumerki-isi\/","name":"Arnari veitt gullmerki HS\u00cd og silfurmerki \u00cdS\u00cd - \u00cd\u00fer\u00f3ttaf\u00e9lagi\u00f0 Gr\u00f3tta","isPartOf":{"@id":"https:\/\/grotta.is\/#website"},"primaryImageOfPage":{"@id":"https:\/\/grotta.is\/handknattleiksdeild\/arnari-veitt-gullmerki-hsi-og-silfumerki-isi\/#primaryimage"},"image":{"@id":"https:\/\/grotta.is\/handknattleiksdeild\/arnari-veitt-gullmerki-hsi-og-silfumerki-isi\/#primaryimage"},"thumbnailUrl":"https:\/\/grotta.is\/wp-content\/uploads\/2024\/06\/thumbnail_processed-08118665-6593-4071-9CEA-2728E9B8DCE4.jpg","datePublished":"2024-06-21T11:38:49+00:00","dateModified":"2024-06-21T11:47:50+00:00","breadcrumb":{"@id":"https:\/\/grotta.is\/handknattleiksdeild\/arnari-veitt-gullmerki-hsi-og-silfumerki-isi\/#breadcrumb"},"inLanguage":"en-US","potentialAction":[{"@type":"ReadAction","target":["https:\/\/grotta.is\/handknattleiksdeild\/arnari-veitt-gullmerki-hsi-og-silfumerki-isi\/"]}]},{"@type":"ImageObject","inLanguage":"en-US","@id":"https:\/\/grotta.is\/handknattleiksdeild\/arnari-veitt-gullmerki-hsi-og-silfumerki-isi\/#primaryimage","url":"https:\/\/grotta.is\/wp-content\/uploads\/2024\/06\/thumbnail_processed-08118665-6593-4071-9CEA-2728E9B8DCE4.jpg","contentUrl":"https:\/\/grotta.is\/wp-content\/uploads\/2024\/06\/thumbnail_processed-08118665-6593-4071-9CEA-2728E9B8DCE4.jpg","width":1816,"height":2420},{"@type":"BreadcrumbList","@id":"https:\/\/grotta.is\/handknattleiksdeild\/arnari-veitt-gullmerki-hsi-og-silfumerki-isi\/#breadcrumb","itemListElement":[{"@type":"ListItem","position":1,"name":"Home","item":"https:\/\/grotta.is\/"},{"@type":"ListItem","position":2,"name":"Arnari veitt gullmerki HS\u00cd og silfurmerki \u00cdS\u00cd"}]},{"@type":"WebSite","@id":"https:\/\/grotta.is\/#website","url":"https:\/\/grotta.is\/","name":"\u00cd\u00fer\u00f3ttaf\u00e9lagi\u00f0 Gr\u00f3tta","description":"\u00e1 Seltjarnarnesi","publisher":{"@id":"https:\/\/grotta.is\/#organization"},"potentialAction":[{"@type":"SearchAction","target":{"@type":"EntryPoint","urlTemplate":"https:\/\/grotta.is\/?s={search_term_string}"},"query-input":{"@type":"PropertyValueSpecification","valueRequired":true,"valueName":"search_term_string"}}],"inLanguage":"en-US"},{"@type":"Organization","@id":"https:\/\/grotta.is\/#organization","name":"\u00cd\u00fer\u00f3ttaf\u00e9lagi\u00f0 Gr\u00f3tta","url":"https:\/\/grotta.is\/","logo":{"@type":"ImageObject","inLanguage":"en-US","@id":"https:\/\/grotta.is\/#\/schema\/logo\/image\/","url":"https:\/\/grotta.is\/wp-content\/uploads\/2020\/02\/ithrottafelagidgrotta_logo_512x512_transparent.png","contentUrl":"https:\/\/grotta.is\/wp-content\/uploads\/2020\/02\/ithrottafelagidgrotta_logo_512x512_transparent.png","width":512,"height":512,"caption":"\u00cd\u00fer\u00f3ttaf\u00e9lagi\u00f0 Gr\u00f3tta"},"image":{"@id":"https:\/\/grotta.is\/#\/schema\/logo\/image\/"},"sameAs":["https:\/\/www.facebook.com\/grottasport"]},{"@type":"Person","@id":"https:\/\/grotta.is\/#\/schema\/person\/b21e9d5dfd92c90211e343e8d7252b1c","name":"Andri Sigf\u00fasson","url":"https:\/\/grotta.is\/en\/author\/andri\/"}]}},"_links":{"self":[{"href":"https:\/\/grotta.is\/en\/wp-json\/wp\/v2\/posts\/573184","targetHints":{"allow":["GET"]}}],"collection":[{"href":"https:\/\/grotta.is\/en\/wp-json\/wp\/v2\/posts"}],"about":[{"href":"https:\/\/grotta.is\/en\/wp-json\/wp\/v2\/types\/post"}],"author":[{"embeddable":true,"href":"https:\/\/grotta.is\/en\/wp-json\/wp\/v2\/users\/10"}],"replies":[{"embeddable":true,"href":"https:\/\/grotta.is\/en\/wp-json\/wp\/v2\/comments?post=573184"}],"version-history":[{"count":2,"href":"https:\/\/grotta.is\/en\/wp-json\/wp\/v2\/posts\/573184\/revisions"}],"predecessor-version":[{"id":573187,"href":"https:\/\/grotta.is\/en\/wp-json\/wp\/v2\/posts\/573184\/revisions\/573187"}],"wp:featuredmedia":[{"embeddable":true,"href":"https:\/\/grotta.is\/en\/wp-json\/wp\/v2\/media\/573185"}],"wp:attachment":[{"href":"https:\/\/grotta.is\/en\/wp-json\/wp\/v2\/media?parent=573184"}],"wp:term":[{"taxonomy":"category","embeddable":true,"href":"https:\/\/grotta.is\/en\/wp-json\/wp\/v2\/categories?post=573184"},{"taxonomy":"post_tag","embeddable":true,"href":"https:\/\/grotta.is\/en\/wp-json\/wp\/v2\/tags?post=573184"}],"curies":[{"name":"wp","href":"https:\/\/api.w.org\/{rel}","templated":true}]}}