{"id":573151,"date":"2024-06-13T11:42:06","date_gmt":"2024-06-13T11:42:06","guid":{"rendered":"https:\/\/grotta.is\/?p=573151"},"modified":"2024-06-13T11:42:08","modified_gmt":"2024-06-13T11:42:08","slug":"saethor-i-grottu","status":"publish","type":"post","link":"https:\/\/grotta.is\/en\/handknattleiksdeild\/saethor-i-grottu\/","title":{"rendered":"S\u00e6\u00fe\u00f3r \u00ed Gr\u00f3ttu"},"content":{"rendered":"<p>S\u00e6\u00fe\u00f3r Atlason hefur skrifa\u00f0 undir tveggja \u00e1ra samning vi\u00f0 Handknattleiksdeild Gr\u00f3ttu. S\u00e6\u00fe\u00f3r er tv\u00edtugur og er \u00f6rvhentur hornama\u00f0ur. S\u00e6\u00fe\u00f3r kemur fr\u00e1 Selfossi \u00fear hann er uppalinn. Hann skora\u00f0i 27 m\u00f6rk fyrir Selfyssinga \u00ed Ol\u00edsdeildinni \u00ed vetur. Hann hefur leiki\u00f0 me\u00f0 yngri landsli\u00f0um \u00cdslands undanfarin \u00e1r.<\/p><p>\u201e\u00dea\u00f0 er mikill fengur \u00ed S\u00e6\u00fe\u00f3ri. Hann er virkilega \u00f6flugur hornama\u00f0ur og gr\u00ed\u00f0arlega hra\u00f0ur. Hann mun \u00fev\u00ed smellpassa \u00ed Gr\u00f3ttuli\u00f0i\u00f0. \u00c9g hlakka miki\u00f0 til a\u00f0 vinna me\u00f0 <a><\/a>honum n\u00e6stu \u00e1rin.\u201c sag\u00f0i R\u00f3bert Gunnarsson \u00fej\u00e1lfari Gr\u00f3ttuli\u00f0sins \u00feegar samningar voru \u00ed h\u00f6fn.<\/p><p>\u00c1 myndinni m\u00e1 sj\u00e1 \u00d3laf Finnbogason formann Handknattleiksdeildar Gr\u00f3ttu og S\u00e6\u00fe\u00f3r Atlason handsala samninginn.<\/p><p>Velkominn \u00ed Gr\u00f3ttu, S\u00e6\u00fe\u00f3r !<\/p>","protected":false},"excerpt":{"rendered":"<p>S\u00e6\u00fe\u00f3r Atlason hefur skrifa\u00f0 undir tveggja \u00e1ra samning vi\u00f0 Handknattleiksdeild Gr\u00f3ttu. S\u00e6\u00fe\u00f3r er tv\u00edtugur og er \u00f6rvhentur hornama\u00f0ur. S\u00e6\u00fe\u00f3r kemur fr\u00e1 Selfossi \u00fear hann er uppalinn. Hann skora\u00f0i 27 m\u00f6rk [&hellip;]<\/p>","protected":false},"author":10,"featured_media":573152,"comment_status":"closed","ping_status":"closed","sticky":false,"template":"","format":"standard","meta":{"footnotes":""},"categories":[12],"tags":[13,17,20],"class_list":["post-573151","post","type-post","status-publish","format-standard","has-post-thumbnail","hentry","category-handknattleiksdeild","tag-handbolti","tag-leikmenn","tag-mfl-kk"],"yoast_head":"<!-- This site is optimized with the Yoast SEO plugin v24.3 - https:\/\/yoast.com\/wordpress\/plugins\/seo\/ -->\n<title>S\u00e6\u00fe\u00f3r \u00ed Gr\u00f3ttu - \u00cd\u00fer\u00f3ttaf\u00e9lagi\u00f0 Gr\u00f3tta<\/title>\n<meta name=\"robots\" content=\"index, follow, max-snippet:-1, max-image-preview:large, max-video-preview:-1\" \/>\n<link rel=\"canonical\" href=\"https:\/\/grotta.is\/en\/handknattleiksdeild\/saethor-i-grottu\/\" \/>\n<meta property=\"og:locale\" content=\"en_US\" \/>\n<meta property=\"og:type\" content=\"article\" \/>\n<meta property=\"og:title\" content=\"S\u00e6\u00fe\u00f3r \u00ed Gr\u00f3ttu - \u00cd\u00fer\u00f3ttaf\u00e9lagi\u00f0 Gr\u00f3tta\" \/>\n<meta property=\"og:description\" content=\"S\u00e6\u00fe\u00f3r Atlason hefur skrifa\u00f0 undir tveggja \u00e1ra samning vi\u00f0 Handknattleiksdeild Gr\u00f3ttu. S\u00e6\u00fe\u00f3r er tv\u00edtugur og er \u00f6rvhentur hornama\u00f0ur. S\u00e6\u00fe\u00f3r kemur fr\u00e1 Selfossi \u00fear hann er uppalinn. Hann skora\u00f0i 27 m\u00f6rk [&hellip;]\" \/>\n<meta property=\"og:url\" content=\"https:\/\/grotta.is\/en\/handknattleiksdeild\/saethor-i-grottu\/\" \/>\n<meta property=\"og:site_name\" content=\"\u00cd\u00fer\u00f3ttaf\u00e9lagi\u00f0 Gr\u00f3tta\" \/>\n<meta property=\"article:publisher\" content=\"https:\/\/www.facebook.com\/grottasport\" \/>\n<meta property=\"article:published_time\" content=\"2024-06-13T11:42:06+00:00\" \/>\n<meta property=\"article:modified_time\" content=\"2024-06-13T11:42:08+00:00\" \/>\n<meta property=\"og:image\" content=\"https:\/\/grotta.is\/wp-content\/uploads\/2024\/06\/1000018990.jpg\" \/>\n\t<meta property=\"og:image:width\" content=\"1080\" \/>\n\t<meta property=\"og:image:height\" content=\"1081\" \/>\n\t<meta property=\"og:image:type\" content=\"image\/jpeg\" \/>\n<meta name=\"author\" content=\"Andri Sigf\u00fasson\" \/>\n<meta name=\"twitter:card\" content=\"summary_large_image\" \/>\n<meta name=\"twitter:label1\" content=\"Written by\" \/>\n\t<meta name=\"twitter:data1\" content=\"Andri Sigf\u00fasson\" \/>\n\t<meta name=\"twitter:label2\" content=\"Est. reading time\" \/>\n\t<meta name=\"twitter:data2\" content=\"1 minute\" \/>\n<script type=\"application\/ld+json\" class=\"yoast-schema-graph\">{\"@context\":\"https:\/\/schema.org\",\"@graph\":[{\"@type\":\"Article\",\"@id\":\"https:\/\/grotta.is\/handknattleiksdeild\/saethor-i-grottu\/#article\",\"isPartOf\":{\"@id\":\"https:\/\/grotta.is\/handknattleiksdeild\/saethor-i-grottu\/\"},\"author\":{\"name\":\"Andri Sigf\u00fasson\",\"@id\":\"https:\/\/grotta.is\/#\/schema\/person\/b21e9d5dfd92c90211e343e8d7252b1c\"},\"headline\":\"S\u00e6\u00fe\u00f3r \u00ed Gr\u00f3ttu\",\"datePublished\":\"2024-06-13T11:42:06+00:00\",\"dateModified\":\"2024-06-13T11:42:08+00:00\",\"mainEntityOfPage\":{\"@id\":\"https:\/\/grotta.is\/handknattleiksdeild\/saethor-i-grottu\/\"},\"wordCount\":126,\"publisher\":{\"@id\":\"https:\/\/grotta.is\/#organization\"},\"image\":{\"@id\":\"https:\/\/grotta.is\/handknattleiksdeild\/saethor-i-grottu\/#primaryimage\"},\"thumbnailUrl\":\"https:\/\/grotta.is\/wp-content\/uploads\/2024\/06\/1000018990.jpg\",\"keywords\":[\"Handbolti\",\"Leikmenn\",\"Mfl.kk\"],\"articleSection\":[\"Handknattleiksdeild\"],\"inLanguage\":\"en-US\"},{\"@type\":\"WebPage\",\"@id\":\"https:\/\/grotta.is\/handknattleiksdeild\/saethor-i-grottu\/\",\"url\":\"https:\/\/grotta.is\/handknattleiksdeild\/saethor-i-grottu\/\",\"name\":\"S\u00e6\u00fe\u00f3r \u00ed Gr\u00f3ttu - \u00cd\u00fer\u00f3ttaf\u00e9lagi\u00f0 Gr\u00f3tta\",\"isPartOf\":{\"@id\":\"https:\/\/grotta.is\/#website\"},\"primaryImageOfPage\":{\"@id\":\"https:\/\/grotta.is\/handknattleiksdeild\/saethor-i-grottu\/#primaryimage\"},\"image\":{\"@id\":\"https:\/\/grotta.is\/handknattleiksdeild\/saethor-i-grottu\/#primaryimage\"},\"thumbnailUrl\":\"https:\/\/grotta.is\/wp-content\/uploads\/2024\/06\/1000018990.jpg\",\"datePublished\":\"2024-06-13T11:42:06+00:00\",\"dateModified\":\"2024-06-13T11:42:08+00:00\",\"breadcrumb\":{\"@id\":\"https:\/\/grotta.is\/handknattleiksdeild\/saethor-i-grottu\/#breadcrumb\"},\"inLanguage\":\"en-US\",\"potentialAction\":[{\"@type\":\"ReadAction\",\"target\":[\"https:\/\/grotta.is\/handknattleiksdeild\/saethor-i-grottu\/\"]}]},{\"@type\":\"ImageObject\",\"inLanguage\":\"en-US\",\"@id\":\"https:\/\/grotta.is\/handknattleiksdeild\/saethor-i-grottu\/#primaryimage\",\"url\":\"https:\/\/grotta.is\/wp-content\/uploads\/2024\/06\/1000018990.jpg\",\"contentUrl\":\"https:\/\/grotta.is\/wp-content\/uploads\/2024\/06\/1000018990.jpg\",\"width\":1080,\"height\":1081},{\"@type\":\"BreadcrumbList\",\"@id\":\"https:\/\/grotta.is\/handknattleiksdeild\/saethor-i-grottu\/#breadcrumb\",\"itemListElement\":[{\"@type\":\"ListItem\",\"position\":1,\"name\":\"Home\",\"item\":\"https:\/\/grotta.is\/\"},{\"@type\":\"ListItem\",\"position\":2,\"name\":\"S\u00e6\u00fe\u00f3r \u00ed Gr\u00f3ttu\"}]},{\"@type\":\"WebSite\",\"@id\":\"https:\/\/grotta.is\/#website\",\"url\":\"https:\/\/grotta.is\/\",\"name\":\"\u00cd\u00fer\u00f3ttaf\u00e9lagi\u00f0 Gr\u00f3tta\",\"description\":\"\u00e1 Seltjarnarnesi\",\"publisher\":{\"@id\":\"https:\/\/grotta.is\/#organization\"},\"potentialAction\":[{\"@type\":\"SearchAction\",\"target\":{\"@type\":\"EntryPoint\",\"urlTemplate\":\"https:\/\/grotta.is\/?s={search_term_string}\"},\"query-input\":{\"@type\":\"PropertyValueSpecification\",\"valueRequired\":true,\"valueName\":\"search_term_string\"}}],\"inLanguage\":\"en-US\"},{\"@type\":\"Organization\",\"@id\":\"https:\/\/grotta.is\/#organization\",\"name\":\"\u00cd\u00fer\u00f3ttaf\u00e9lagi\u00f0 Gr\u00f3tta\",\"url\":\"https:\/\/grotta.is\/\",\"logo\":{\"@type\":\"ImageObject\",\"inLanguage\":\"en-US\",\"@id\":\"https:\/\/grotta.is\/#\/schema\/logo\/image\/\",\"url\":\"https:\/\/grotta.is\/wp-content\/uploads\/2020\/02\/ithrottafelagidgrotta_logo_512x512_transparent.png\",\"contentUrl\":\"https:\/\/grotta.is\/wp-content\/uploads\/2020\/02\/ithrottafelagidgrotta_logo_512x512_transparent.png\",\"width\":512,\"height\":512,\"caption\":\"\u00cd\u00fer\u00f3ttaf\u00e9lagi\u00f0 Gr\u00f3tta\"},\"image\":{\"@id\":\"https:\/\/grotta.is\/#\/schema\/logo\/image\/\"},\"sameAs\":[\"https:\/\/www.facebook.com\/grottasport\"]},{\"@type\":\"Person\",\"@id\":\"https:\/\/grotta.is\/#\/schema\/person\/b21e9d5dfd92c90211e343e8d7252b1c\",\"name\":\"Andri Sigf\u00fasson\",\"url\":\"https:\/\/grotta.is\/en\/author\/andri\/\"}]}<\/script>\n<!-- \/ Yoast SEO plugin. -->","yoast_head_json":{"title":"S\u00e6\u00fe\u00f3r \u00ed Gr\u00f3ttu - \u00cd\u00fer\u00f3ttaf\u00e9lagi\u00f0 Gr\u00f3tta","robots":{"index":"index","follow":"follow","max-snippet":"max-snippet:-1","max-image-preview":"max-image-preview:large","max-video-preview":"max-video-preview:-1"},"canonical":"https:\/\/grotta.is\/en\/handknattleiksdeild\/saethor-i-grottu\/","og_locale":"en_US","og_type":"article","og_title":"S\u00e6\u00fe\u00f3r \u00ed Gr\u00f3ttu - \u00cd\u00fer\u00f3ttaf\u00e9lagi\u00f0 Gr\u00f3tta","og_description":"S\u00e6\u00fe\u00f3r Atlason hefur skrifa\u00f0 undir tveggja \u00e1ra samning vi\u00f0 Handknattleiksdeild Gr\u00f3ttu. S\u00e6\u00fe\u00f3r er tv\u00edtugur og er \u00f6rvhentur hornama\u00f0ur. S\u00e6\u00fe\u00f3r kemur fr\u00e1 Selfossi \u00fear hann er uppalinn. Hann skora\u00f0i 27 m\u00f6rk [&hellip;]","og_url":"https:\/\/grotta.is\/en\/handknattleiksdeild\/saethor-i-grottu\/","og_site_name":"\u00cd\u00fer\u00f3ttaf\u00e9lagi\u00f0 Gr\u00f3tta","article_publisher":"https:\/\/www.facebook.com\/grottasport","article_published_time":"2024-06-13T11:42:06+00:00","article_modified_time":"2024-06-13T11:42:08+00:00","og_image":[{"width":1080,"height":1081,"url":"https:\/\/grotta.is\/wp-content\/uploads\/2024\/06\/1000018990.jpg","type":"image\/jpeg"}],"author":"Andri Sigf\u00fasson","twitter_card":"summary_large_image","twitter_misc":{"Written by":"Andri Sigf\u00fasson","Est. reading time":"1 minute"},"schema":{"@context":"https:\/\/schema.org","@graph":[{"@type":"Article","@id":"https:\/\/grotta.is\/handknattleiksdeild\/saethor-i-grottu\/#article","isPartOf":{"@id":"https:\/\/grotta.is\/handknattleiksdeild\/saethor-i-grottu\/"},"author":{"name":"Andri Sigf\u00fasson","@id":"https:\/\/grotta.is\/#\/schema\/person\/b21e9d5dfd92c90211e343e8d7252b1c"},"headline":"S\u00e6\u00fe\u00f3r \u00ed Gr\u00f3ttu","datePublished":"2024-06-13T11:42:06+00:00","dateModified":"2024-06-13T11:42:08+00:00","mainEntityOfPage":{"@id":"https:\/\/grotta.is\/handknattleiksdeild\/saethor-i-grottu\/"},"wordCount":126,"publisher":{"@id":"https:\/\/grotta.is\/#organization"},"image":{"@id":"https:\/\/grotta.is\/handknattleiksdeild\/saethor-i-grottu\/#primaryimage"},"thumbnailUrl":"https:\/\/grotta.is\/wp-content\/uploads\/2024\/06\/1000018990.jpg","keywords":["Handbolti","Leikmenn","Mfl.kk"],"articleSection":["Handknattleiksdeild"],"inLanguage":"en-US"},{"@type":"WebPage","@id":"https:\/\/grotta.is\/handknattleiksdeild\/saethor-i-grottu\/","url":"https:\/\/grotta.is\/handknattleiksdeild\/saethor-i-grottu\/","name":"S\u00e6\u00fe\u00f3r \u00ed Gr\u00f3ttu - \u00cd\u00fer\u00f3ttaf\u00e9lagi\u00f0 Gr\u00f3tta","isPartOf":{"@id":"https:\/\/grotta.is\/#website"},"primaryImageOfPage":{"@id":"https:\/\/grotta.is\/handknattleiksdeild\/saethor-i-grottu\/#primaryimage"},"image":{"@id":"https:\/\/grotta.is\/handknattleiksdeild\/saethor-i-grottu\/#primaryimage"},"thumbnailUrl":"https:\/\/grotta.is\/wp-content\/uploads\/2024\/06\/1000018990.jpg","datePublished":"2024-06-13T11:42:06+00:00","dateModified":"2024-06-13T11:42:08+00:00","breadcrumb":{"@id":"https:\/\/grotta.is\/handknattleiksdeild\/saethor-i-grottu\/#breadcrumb"},"inLanguage":"en-US","potentialAction":[{"@type":"ReadAction","target":["https:\/\/grotta.is\/handknattleiksdeild\/saethor-i-grottu\/"]}]},{"@type":"ImageObject","inLanguage":"en-US","@id":"https:\/\/grotta.is\/handknattleiksdeild\/saethor-i-grottu\/#primaryimage","url":"https:\/\/grotta.is\/wp-content\/uploads\/2024\/06\/1000018990.jpg","contentUrl":"https:\/\/grotta.is\/wp-content\/uploads\/2024\/06\/1000018990.jpg","width":1080,"height":1081},{"@type":"BreadcrumbList","@id":"https:\/\/grotta.is\/handknattleiksdeild\/saethor-i-grottu\/#breadcrumb","itemListElement":[{"@type":"ListItem","position":1,"name":"Home","item":"https:\/\/grotta.is\/"},{"@type":"ListItem","position":2,"name":"S\u00e6\u00fe\u00f3r \u00ed Gr\u00f3ttu"}]},{"@type":"WebSite","@id":"https:\/\/grotta.is\/#website","url":"https:\/\/grotta.is\/","name":"\u00cd\u00fer\u00f3ttaf\u00e9lagi\u00f0 Gr\u00f3tta","description":"\u00e1 Seltjarnarnesi","publisher":{"@id":"https:\/\/grotta.is\/#organization"},"potentialAction":[{"@type":"SearchAction","target":{"@type":"EntryPoint","urlTemplate":"https:\/\/grotta.is\/?s={search_term_string}"},"query-input":{"@type":"PropertyValueSpecification","valueRequired":true,"valueName":"search_term_string"}}],"inLanguage":"en-US"},{"@type":"Organization","@id":"https:\/\/grotta.is\/#organization","name":"\u00cd\u00fer\u00f3ttaf\u00e9lagi\u00f0 Gr\u00f3tta","url":"https:\/\/grotta.is\/","logo":{"@type":"ImageObject","inLanguage":"en-US","@id":"https:\/\/grotta.is\/#\/schema\/logo\/image\/","url":"https:\/\/grotta.is\/wp-content\/uploads\/2020\/02\/ithrottafelagidgrotta_logo_512x512_transparent.png","contentUrl":"https:\/\/grotta.is\/wp-content\/uploads\/2020\/02\/ithrottafelagidgrotta_logo_512x512_transparent.png","width":512,"height":512,"caption":"\u00cd\u00fer\u00f3ttaf\u00e9lagi\u00f0 Gr\u00f3tta"},"image":{"@id":"https:\/\/grotta.is\/#\/schema\/logo\/image\/"},"sameAs":["https:\/\/www.facebook.com\/grottasport"]},{"@type":"Person","@id":"https:\/\/grotta.is\/#\/schema\/person\/b21e9d5dfd92c90211e343e8d7252b1c","name":"Andri Sigf\u00fasson","url":"https:\/\/grotta.is\/en\/author\/andri\/"}]}},"_links":{"self":[{"href":"https:\/\/grotta.is\/en\/wp-json\/wp\/v2\/posts\/573151","targetHints":{"allow":["GET"]}}],"collection":[{"href":"https:\/\/grotta.is\/en\/wp-json\/wp\/v2\/posts"}],"about":[{"href":"https:\/\/grotta.is\/en\/wp-json\/wp\/v2\/types\/post"}],"author":[{"embeddable":true,"href":"https:\/\/grotta.is\/en\/wp-json\/wp\/v2\/users\/10"}],"replies":[{"embeddable":true,"href":"https:\/\/grotta.is\/en\/wp-json\/wp\/v2\/comments?post=573151"}],"version-history":[{"count":1,"href":"https:\/\/grotta.is\/en\/wp-json\/wp\/v2\/posts\/573151\/revisions"}],"predecessor-version":[{"id":573153,"href":"https:\/\/grotta.is\/en\/wp-json\/wp\/v2\/posts\/573151\/revisions\/573153"}],"wp:featuredmedia":[{"embeddable":true,"href":"https:\/\/grotta.is\/en\/wp-json\/wp\/v2\/media\/573152"}],"wp:attachment":[{"href":"https:\/\/grotta.is\/en\/wp-json\/wp\/v2\/media?parent=573151"}],"wp:term":[{"taxonomy":"category","embeddable":true,"href":"https:\/\/grotta.is\/en\/wp-json\/wp\/v2\/categories?post=573151"},{"taxonomy":"post_tag","embeddable":true,"href":"https:\/\/grotta.is\/en\/wp-json\/wp\/v2\/tags?post=573151"}],"curies":[{"name":"wp","href":"https:\/\/api.w.org\/{rel}","templated":true}]}}