{"id":572904,"date":"2024-04-30T14:42:03","date_gmt":"2024-04-30T14:42:03","guid":{"rendered":"https:\/\/grotta.is\/?p=572904"},"modified":"2024-04-30T14:42:04","modified_gmt":"2024-04-30T14:42:04","slug":"kvennakvold-grottu-2024-midasala-er-hafin","status":"publish","type":"post","link":"https:\/\/grotta.is\/en\/almennt\/kvennakvold-grottu-2024-midasala-er-hafin\/","title":{"rendered":"Kvennakv\u00f6ld Gr\u00f3ttu 2024 &#8211; Mi\u00f0asala er hafin!"},"content":{"rendered":"<p>N\u00fa styttist heldur betur \u00ed kvennakv\u00f6ld Gr\u00f3ttu sem ver\u00f0ur haldi\u00f0 \u00ed h\u00e1t\u00ed\u00f0arsal f\u00e9lagsins mi\u00f0vikudaginn 8. ma\u00ed n\u00e6stkomandi. Mi\u00f0asala er hafin inn \u00e1: <a href=\"https:\/\/tix.is\/is\/event\/17438\/konukvold-grottu\/\">Tix.is &#8211; Konukv\u00f6ld Gr\u00f3ttu<\/a><\/p><p>? Fordrykkur fr\u00e1 kl. 18:00.&nbsp;<\/p><p>? Anna \u00deorbj\u00f6rg J\u00f3nsd\u00f3ttir Nesb\u00fai og part\u00fdpinni ver\u00f0ur veislustj\u00f3ri og mun halda utan um dagskr\u00e1na.<\/p><p>? Lj\u00faffengt sm\u00e1r\u00e9ttahla\u00f0bor\u00f0 fr\u00e1 Matarkompan\u00ed.&nbsp;<\/p><p>? Gl\u00e6silegt happdr\u00e6tti!&nbsp;&nbsp;<\/p><p>?Birna R\u00fan Eir\u00edksd\u00f3ttir leikkona og gr\u00ednisti ver\u00f0ur me\u00f0 uppistand.&nbsp;<\/p><p>?\u201cGr\u00f3ttupabbinn\u201d talar<\/p><p>?J\u00f3n Sigur\u00f0sson aka 500 kallinn m\u00e6tir me\u00f0 g\u00edtarinn tekur nokkra g\u00f3\u00f0a slagara.&nbsp;<\/p><p>\u2b50\ufe0fDJ Annanymous heldur uppi stu\u00f0inu fram \u00e1 n\u00f3tt.&nbsp;<\/p><p>Kvennakv\u00f6ldi\u00f0 er fj\u00e1r\u00f6flun fyrir meistaraflokka knattspyrnu- og handknattleiksdeildar Gr\u00f3ttu. Mi\u00f0asala er inn \u00e1: <a href=\"https:\/\/tix.is\/is\/event\/17438\/konukvold-grottu\/\">Tix.is &#8211; Konukv\u00f6ld Gr\u00f3ttu<\/a><\/p><p>N\u00e1nari uppl\u00fdsingar um vinninga og anna\u00f0 ver\u00f0ur birt \u00e1 Facebook vi\u00f0bur\u00f0i: <a href=\"https:\/\/www.facebook.com\/events\/434474629169612?acontext=%7B%22event_action_history%22%3A[%7B%22mechanism%22%3A%22your_upcoming_events_unit%22%2C%22surface%22%3A%22bookmark%22%7D]%2C%22ref_notif_type%22%3Anull%7D\">Kvennakv\u00f6ld Gr\u00f3ttu 2024 | Facebook<\/a><\/p><p>Fyrir h\u00f3pa er h\u00e6gt a\u00f0 b\u00f3ka bor\u00f0 \u00ed gegnum t\u00f6lvup\u00f3st grotta@grotta.is.&nbsp;\u00de\u00fa vilt ekki missa af \u00feessari veislu, hl\u00f6kkum til a\u00f0 sj\u00e1 \u00feig! ??<\/p>","protected":false},"excerpt":{"rendered":"<p>N\u00fa styttist heldur betur \u00ed kvennakv\u00f6ld Gr\u00f3ttu sem ver\u00f0ur haldi\u00f0 \u00ed h\u00e1t\u00ed\u00f0arsal f\u00e9lagsins mi\u00f0vikudaginn 8. ma\u00ed n\u00e6stkomandi. Mi\u00f0asala er hafin inn \u00e1: Tix.is &#8211; Konukv\u00f6ld Gr\u00f3ttu ? Fordrykkur fr\u00e1 kl. [&hellip;]<\/p>","protected":false},"author":13,"featured_media":572905,"comment_status":"closed","ping_status":"closed","sticky":false,"template":"","format":"standard","meta":{"footnotes":""},"categories":[4],"tags":[],"class_list":["post-572904","post","type-post","status-publish","format-standard","has-post-thumbnail","hentry","category-almennt"],"yoast_head":"<!-- This site is optimized with the Yoast SEO plugin v24.3 - https:\/\/yoast.com\/wordpress\/plugins\/seo\/ -->\n<title>Kvennakv\u00f6ld Gr\u00f3ttu 2024 - Mi\u00f0asala er hafin! - \u00cd\u00fer\u00f3ttaf\u00e9lagi\u00f0 Gr\u00f3tta<\/title>\n<meta name=\"robots\" content=\"index, follow, max-snippet:-1, max-image-preview:large, max-video-preview:-1\" \/>\n<link rel=\"canonical\" href=\"https:\/\/grotta.is\/en\/almennt\/kvennakvold-grottu-2024-midasala-er-hafin\/\" \/>\n<meta property=\"og:locale\" content=\"en_US\" \/>\n<meta property=\"og:type\" content=\"article\" \/>\n<meta property=\"og:title\" content=\"Kvennakv\u00f6ld Gr\u00f3ttu 2024 - Mi\u00f0asala er hafin! - \u00cd\u00fer\u00f3ttaf\u00e9lagi\u00f0 Gr\u00f3tta\" \/>\n<meta property=\"og:description\" content=\"N\u00fa styttist heldur betur \u00ed kvennakv\u00f6ld Gr\u00f3ttu sem ver\u00f0ur haldi\u00f0 \u00ed h\u00e1t\u00ed\u00f0arsal f\u00e9lagsins mi\u00f0vikudaginn 8. ma\u00ed n\u00e6stkomandi. Mi\u00f0asala er hafin inn \u00e1: Tix.is &#8211; Konukv\u00f6ld Gr\u00f3ttu ? Fordrykkur fr\u00e1 kl. [&hellip;]\" \/>\n<meta property=\"og:url\" content=\"https:\/\/grotta.is\/en\/almennt\/kvennakvold-grottu-2024-midasala-er-hafin\/\" \/>\n<meta property=\"og:site_name\" content=\"\u00cd\u00fer\u00f3ttaf\u00e9lagi\u00f0 Gr\u00f3tta\" \/>\n<meta property=\"article:publisher\" content=\"https:\/\/www.facebook.com\/grottasport\" \/>\n<meta property=\"article:published_time\" content=\"2024-04-30T14:42:03+00:00\" \/>\n<meta property=\"article:modified_time\" content=\"2024-04-30T14:42:04+00:00\" \/>\n<meta property=\"og:image\" content=\"https:\/\/grotta.is\/wp-content\/uploads\/2024\/04\/Kvennakvold-Grottu.jpg\" \/>\n\t<meta property=\"og:image:width\" content=\"1026\" \/>\n\t<meta property=\"og:image:height\" content=\"1454\" \/>\n\t<meta property=\"og:image:type\" content=\"image\/jpeg\" \/>\n<meta name=\"author\" content=\"Hrafnhildur Sigurj\u00f3nsd\u00f3ttir\" \/>\n<meta name=\"twitter:card\" content=\"summary_large_image\" \/>\n<meta name=\"twitter:label1\" content=\"Written by\" \/>\n\t<meta name=\"twitter:data1\" content=\"Hrafnhildur Sigurj\u00f3nsd\u00f3ttir\" \/>\n\t<meta name=\"twitter:label2\" content=\"Est. reading time\" \/>\n\t<meta name=\"twitter:data2\" content=\"1 minute\" \/>\n<script type=\"application\/ld+json\" class=\"yoast-schema-graph\">{\"@context\":\"https:\/\/schema.org\",\"@graph\":[{\"@type\":\"Article\",\"@id\":\"https:\/\/grotta.is\/almennt\/kvennakvold-grottu-2024-midasala-er-hafin\/#article\",\"isPartOf\":{\"@id\":\"https:\/\/grotta.is\/almennt\/kvennakvold-grottu-2024-midasala-er-hafin\/\"},\"author\":{\"name\":\"Hrafnhildur Sigurj\u00f3nsd\u00f3ttir\",\"@id\":\"https:\/\/grotta.is\/#\/schema\/person\/ef1c56135facd925e36b1430a1db29c9\"},\"headline\":\"Kvennakv\u00f6ld Gr\u00f3ttu 2024 &#8211; Mi\u00f0asala er hafin!\",\"datePublished\":\"2024-04-30T14:42:03+00:00\",\"dateModified\":\"2024-04-30T14:42:04+00:00\",\"mainEntityOfPage\":{\"@id\":\"https:\/\/grotta.is\/almennt\/kvennakvold-grottu-2024-midasala-er-hafin\/\"},\"wordCount\":203,\"publisher\":{\"@id\":\"https:\/\/grotta.is\/#organization\"},\"image\":{\"@id\":\"https:\/\/grotta.is\/almennt\/kvennakvold-grottu-2024-midasala-er-hafin\/#primaryimage\"},\"thumbnailUrl\":\"https:\/\/grotta.is\/wp-content\/uploads\/2024\/04\/Kvennakvold-Grottu.jpg\",\"articleSection\":[\"Almennt\"],\"inLanguage\":\"en-US\"},{\"@type\":\"WebPage\",\"@id\":\"https:\/\/grotta.is\/almennt\/kvennakvold-grottu-2024-midasala-er-hafin\/\",\"url\":\"https:\/\/grotta.is\/almennt\/kvennakvold-grottu-2024-midasala-er-hafin\/\",\"name\":\"Kvennakv\u00f6ld Gr\u00f3ttu 2024 - Mi\u00f0asala er hafin! - \u00cd\u00fer\u00f3ttaf\u00e9lagi\u00f0 Gr\u00f3tta\",\"isPartOf\":{\"@id\":\"https:\/\/grotta.is\/#website\"},\"primaryImageOfPage\":{\"@id\":\"https:\/\/grotta.is\/almennt\/kvennakvold-grottu-2024-midasala-er-hafin\/#primaryimage\"},\"image\":{\"@id\":\"https:\/\/grotta.is\/almennt\/kvennakvold-grottu-2024-midasala-er-hafin\/#primaryimage\"},\"thumbnailUrl\":\"https:\/\/grotta.is\/wp-content\/uploads\/2024\/04\/Kvennakvold-Grottu.jpg\",\"datePublished\":\"2024-04-30T14:42:03+00:00\",\"dateModified\":\"2024-04-30T14:42:04+00:00\",\"breadcrumb\":{\"@id\":\"https:\/\/grotta.is\/almennt\/kvennakvold-grottu-2024-midasala-er-hafin\/#breadcrumb\"},\"inLanguage\":\"en-US\",\"potentialAction\":[{\"@type\":\"ReadAction\",\"target\":[\"https:\/\/grotta.is\/almennt\/kvennakvold-grottu-2024-midasala-er-hafin\/\"]}]},{\"@type\":\"ImageObject\",\"inLanguage\":\"en-US\",\"@id\":\"https:\/\/grotta.is\/almennt\/kvennakvold-grottu-2024-midasala-er-hafin\/#primaryimage\",\"url\":\"https:\/\/grotta.is\/wp-content\/uploads\/2024\/04\/Kvennakvold-Grottu.jpg\",\"contentUrl\":\"https:\/\/grotta.is\/wp-content\/uploads\/2024\/04\/Kvennakvold-Grottu.jpg\",\"width\":1026,\"height\":1454},{\"@type\":\"BreadcrumbList\",\"@id\":\"https:\/\/grotta.is\/almennt\/kvennakvold-grottu-2024-midasala-er-hafin\/#breadcrumb\",\"itemListElement\":[{\"@type\":\"ListItem\",\"position\":1,\"name\":\"Home\",\"item\":\"https:\/\/grotta.is\/\"},{\"@type\":\"ListItem\",\"position\":2,\"name\":\"Kvennakv\u00f6ld Gr\u00f3ttu 2024 &#8211; Mi\u00f0asala er hafin!\"}]},{\"@type\":\"WebSite\",\"@id\":\"https:\/\/grotta.is\/#website\",\"url\":\"https:\/\/grotta.is\/\",\"name\":\"\u00cd\u00fer\u00f3ttaf\u00e9lagi\u00f0 Gr\u00f3tta\",\"description\":\"\u00e1 Seltjarnarnesi\",\"publisher\":{\"@id\":\"https:\/\/grotta.is\/#organization\"},\"potentialAction\":[{\"@type\":\"SearchAction\",\"target\":{\"@type\":\"EntryPoint\",\"urlTemplate\":\"https:\/\/grotta.is\/?s={search_term_string}\"},\"query-input\":{\"@type\":\"PropertyValueSpecification\",\"valueRequired\":true,\"valueName\":\"search_term_string\"}}],\"inLanguage\":\"en-US\"},{\"@type\":\"Organization\",\"@id\":\"https:\/\/grotta.is\/#organization\",\"name\":\"\u00cd\u00fer\u00f3ttaf\u00e9lagi\u00f0 Gr\u00f3tta\",\"url\":\"https:\/\/grotta.is\/\",\"logo\":{\"@type\":\"ImageObject\",\"inLanguage\":\"en-US\",\"@id\":\"https:\/\/grotta.is\/#\/schema\/logo\/image\/\",\"url\":\"https:\/\/grotta.is\/wp-content\/uploads\/2020\/02\/ithrottafelagidgrotta_logo_512x512_transparent.png\",\"contentUrl\":\"https:\/\/grotta.is\/wp-content\/uploads\/2020\/02\/ithrottafelagidgrotta_logo_512x512_transparent.png\",\"width\":512,\"height\":512,\"caption\":\"\u00cd\u00fer\u00f3ttaf\u00e9lagi\u00f0 Gr\u00f3tta\"},\"image\":{\"@id\":\"https:\/\/grotta.is\/#\/schema\/logo\/image\/\"},\"sameAs\":[\"https:\/\/www.facebook.com\/grottasport\"]},{\"@type\":\"Person\",\"@id\":\"https:\/\/grotta.is\/#\/schema\/person\/ef1c56135facd925e36b1430a1db29c9\",\"name\":\"Hrafnhildur Sigurj\u00f3nsd\u00f3ttir\",\"url\":\"https:\/\/grotta.is\/en\/author\/hrafnhildur\/\"}]}<\/script>\n<!-- \/ Yoast SEO plugin. -->","yoast_head_json":{"title":"Kvennakv\u00f6ld Gr\u00f3ttu 2024 - Mi\u00f0asala er hafin! - \u00cd\u00fer\u00f3ttaf\u00e9lagi\u00f0 Gr\u00f3tta","robots":{"index":"index","follow":"follow","max-snippet":"max-snippet:-1","max-image-preview":"max-image-preview:large","max-video-preview":"max-video-preview:-1"},"canonical":"https:\/\/grotta.is\/en\/almennt\/kvennakvold-grottu-2024-midasala-er-hafin\/","og_locale":"en_US","og_type":"article","og_title":"Kvennakv\u00f6ld Gr\u00f3ttu 2024 - Mi\u00f0asala er hafin! - \u00cd\u00fer\u00f3ttaf\u00e9lagi\u00f0 Gr\u00f3tta","og_description":"N\u00fa styttist heldur betur \u00ed kvennakv\u00f6ld Gr\u00f3ttu sem ver\u00f0ur haldi\u00f0 \u00ed h\u00e1t\u00ed\u00f0arsal f\u00e9lagsins mi\u00f0vikudaginn 8. ma\u00ed n\u00e6stkomandi. Mi\u00f0asala er hafin inn \u00e1: Tix.is &#8211; Konukv\u00f6ld Gr\u00f3ttu ? Fordrykkur fr\u00e1 kl. [&hellip;]","og_url":"https:\/\/grotta.is\/en\/almennt\/kvennakvold-grottu-2024-midasala-er-hafin\/","og_site_name":"\u00cd\u00fer\u00f3ttaf\u00e9lagi\u00f0 Gr\u00f3tta","article_publisher":"https:\/\/www.facebook.com\/grottasport","article_published_time":"2024-04-30T14:42:03+00:00","article_modified_time":"2024-04-30T14:42:04+00:00","og_image":[{"width":1026,"height":1454,"url":"https:\/\/grotta.is\/wp-content\/uploads\/2024\/04\/Kvennakvold-Grottu.jpg","type":"image\/jpeg"}],"author":"Hrafnhildur Sigurj\u00f3nsd\u00f3ttir","twitter_card":"summary_large_image","twitter_misc":{"Written by":"Hrafnhildur Sigurj\u00f3nsd\u00f3ttir","Est. reading time":"1 minute"},"schema":{"@context":"https:\/\/schema.org","@graph":[{"@type":"Article","@id":"https:\/\/grotta.is\/almennt\/kvennakvold-grottu-2024-midasala-er-hafin\/#article","isPartOf":{"@id":"https:\/\/grotta.is\/almennt\/kvennakvold-grottu-2024-midasala-er-hafin\/"},"author":{"name":"Hrafnhildur Sigurj\u00f3nsd\u00f3ttir","@id":"https:\/\/grotta.is\/#\/schema\/person\/ef1c56135facd925e36b1430a1db29c9"},"headline":"Kvennakv\u00f6ld Gr\u00f3ttu 2024 &#8211; Mi\u00f0asala er hafin!","datePublished":"2024-04-30T14:42:03+00:00","dateModified":"2024-04-30T14:42:04+00:00","mainEntityOfPage":{"@id":"https:\/\/grotta.is\/almennt\/kvennakvold-grottu-2024-midasala-er-hafin\/"},"wordCount":203,"publisher":{"@id":"https:\/\/grotta.is\/#organization"},"image":{"@id":"https:\/\/grotta.is\/almennt\/kvennakvold-grottu-2024-midasala-er-hafin\/#primaryimage"},"thumbnailUrl":"https:\/\/grotta.is\/wp-content\/uploads\/2024\/04\/Kvennakvold-Grottu.jpg","articleSection":["Almennt"],"inLanguage":"en-US"},{"@type":"WebPage","@id":"https:\/\/grotta.is\/almennt\/kvennakvold-grottu-2024-midasala-er-hafin\/","url":"https:\/\/grotta.is\/almennt\/kvennakvold-grottu-2024-midasala-er-hafin\/","name":"Kvennakv\u00f6ld Gr\u00f3ttu 2024 - Mi\u00f0asala er hafin! - \u00cd\u00fer\u00f3ttaf\u00e9lagi\u00f0 Gr\u00f3tta","isPartOf":{"@id":"https:\/\/grotta.is\/#website"},"primaryImageOfPage":{"@id":"https:\/\/grotta.is\/almennt\/kvennakvold-grottu-2024-midasala-er-hafin\/#primaryimage"},"image":{"@id":"https:\/\/grotta.is\/almennt\/kvennakvold-grottu-2024-midasala-er-hafin\/#primaryimage"},"thumbnailUrl":"https:\/\/grotta.is\/wp-content\/uploads\/2024\/04\/Kvennakvold-Grottu.jpg","datePublished":"2024-04-30T14:42:03+00:00","dateModified":"2024-04-30T14:42:04+00:00","breadcrumb":{"@id":"https:\/\/grotta.is\/almennt\/kvennakvold-grottu-2024-midasala-er-hafin\/#breadcrumb"},"inLanguage":"en-US","potentialAction":[{"@type":"ReadAction","target":["https:\/\/grotta.is\/almennt\/kvennakvold-grottu-2024-midasala-er-hafin\/"]}]},{"@type":"ImageObject","inLanguage":"en-US","@id":"https:\/\/grotta.is\/almennt\/kvennakvold-grottu-2024-midasala-er-hafin\/#primaryimage","url":"https:\/\/grotta.is\/wp-content\/uploads\/2024\/04\/Kvennakvold-Grottu.jpg","contentUrl":"https:\/\/grotta.is\/wp-content\/uploads\/2024\/04\/Kvennakvold-Grottu.jpg","width":1026,"height":1454},{"@type":"BreadcrumbList","@id":"https:\/\/grotta.is\/almennt\/kvennakvold-grottu-2024-midasala-er-hafin\/#breadcrumb","itemListElement":[{"@type":"ListItem","position":1,"name":"Home","item":"https:\/\/grotta.is\/"},{"@type":"ListItem","position":2,"name":"Kvennakv\u00f6ld Gr\u00f3ttu 2024 &#8211; Mi\u00f0asala er hafin!"}]},{"@type":"WebSite","@id":"https:\/\/grotta.is\/#website","url":"https:\/\/grotta.is\/","name":"\u00cd\u00fer\u00f3ttaf\u00e9lagi\u00f0 Gr\u00f3tta","description":"\u00e1 Seltjarnarnesi","publisher":{"@id":"https:\/\/grotta.is\/#organization"},"potentialAction":[{"@type":"SearchAction","target":{"@type":"EntryPoint","urlTemplate":"https:\/\/grotta.is\/?s={search_term_string}"},"query-input":{"@type":"PropertyValueSpecification","valueRequired":true,"valueName":"search_term_string"}}],"inLanguage":"en-US"},{"@type":"Organization","@id":"https:\/\/grotta.is\/#organization","name":"\u00cd\u00fer\u00f3ttaf\u00e9lagi\u00f0 Gr\u00f3tta","url":"https:\/\/grotta.is\/","logo":{"@type":"ImageObject","inLanguage":"en-US","@id":"https:\/\/grotta.is\/#\/schema\/logo\/image\/","url":"https:\/\/grotta.is\/wp-content\/uploads\/2020\/02\/ithrottafelagidgrotta_logo_512x512_transparent.png","contentUrl":"https:\/\/grotta.is\/wp-content\/uploads\/2020\/02\/ithrottafelagidgrotta_logo_512x512_transparent.png","width":512,"height":512,"caption":"\u00cd\u00fer\u00f3ttaf\u00e9lagi\u00f0 Gr\u00f3tta"},"image":{"@id":"https:\/\/grotta.is\/#\/schema\/logo\/image\/"},"sameAs":["https:\/\/www.facebook.com\/grottasport"]},{"@type":"Person","@id":"https:\/\/grotta.is\/#\/schema\/person\/ef1c56135facd925e36b1430a1db29c9","name":"Hrafnhildur Sigurj\u00f3nsd\u00f3ttir","url":"https:\/\/grotta.is\/en\/author\/hrafnhildur\/"}]}},"_links":{"self":[{"href":"https:\/\/grotta.is\/en\/wp-json\/wp\/v2\/posts\/572904","targetHints":{"allow":["GET"]}}],"collection":[{"href":"https:\/\/grotta.is\/en\/wp-json\/wp\/v2\/posts"}],"about":[{"href":"https:\/\/grotta.is\/en\/wp-json\/wp\/v2\/types\/post"}],"author":[{"embeddable":true,"href":"https:\/\/grotta.is\/en\/wp-json\/wp\/v2\/users\/13"}],"replies":[{"embeddable":true,"href":"https:\/\/grotta.is\/en\/wp-json\/wp\/v2\/comments?post=572904"}],"version-history":[{"count":1,"href":"https:\/\/grotta.is\/en\/wp-json\/wp\/v2\/posts\/572904\/revisions"}],"predecessor-version":[{"id":572906,"href":"https:\/\/grotta.is\/en\/wp-json\/wp\/v2\/posts\/572904\/revisions\/572906"}],"wp:featuredmedia":[{"embeddable":true,"href":"https:\/\/grotta.is\/en\/wp-json\/wp\/v2\/media\/572905"}],"wp:attachment":[{"href":"https:\/\/grotta.is\/en\/wp-json\/wp\/v2\/media?parent=572904"}],"wp:term":[{"taxonomy":"category","embeddable":true,"href":"https:\/\/grotta.is\/en\/wp-json\/wp\/v2\/categories?post=572904"},{"taxonomy":"post_tag","embeddable":true,"href":"https:\/\/grotta.is\/en\/wp-json\/wp\/v2\/tags?post=572904"}],"curies":[{"name":"wp","href":"https:\/\/api.w.org\/{rel}","templated":true}]}}