{"id":572581,"date":"2024-03-03T16:05:29","date_gmt":"2024-03-03T16:05:29","guid":{"rendered":"https:\/\/grotta.is\/?p=572581"},"modified":"2024-03-03T16:05:32","modified_gmt":"2024-03-03T16:05:32","slug":"grotta-oskar-eftir-thjalfurum","status":"publish","type":"post","link":"https:\/\/grotta.is\/en\/handknattleiksdeild\/grotta-oskar-eftir-thjalfurum\/","title":{"rendered":"Gr\u00f3tta \u00f3skar eftir \u00fej\u00e1lfurum"},"content":{"rendered":"<p>Vegna fj\u00f6lda i\u00f0kenda \u00fe\u00e1 \u00f3skar handknattleiksdeild Gr\u00f3ttu eftir \u00fej\u00e1lfurum \u00e1 8.flokk karla og 8.flokk kvenna<\/p><p>\u00c6fingar flokkanna eru strax a\u00f0 loknum sk\u00f3la hj\u00e1 kr\u00f6kkunum<\/p><p>Vi\u00f0komandi \u00fearf a\u00f0 geta hafi\u00f0 st\u00f6rf sem fyrst<\/p><p>N\u00e1nari uppl\u00fdsingar og ums\u00f3knir sendast \u00e1 Andra Sigf\u00fasson yfir\u00fej\u00e1lfara, andri@grotta.is<\/p>","protected":false},"excerpt":{"rendered":"<p>Vegna fj\u00f6lda i\u00f0kenda \u00fe\u00e1 \u00f3skar handknattleiksdeild Gr\u00f3ttu eftir \u00fej\u00e1lfurum \u00e1 8.flokk karla og 8.flokk kvenna \u00c6fingar flokkanna eru strax a\u00f0 loknum sk\u00f3la hj\u00e1 kr\u00f6kkunum Vi\u00f0komandi \u00fearf a\u00f0 geta hafi\u00f0 st\u00f6rf [&hellip;]<\/p>","protected":false},"author":10,"featured_media":572582,"comment_status":"closed","ping_status":"closed","sticky":false,"template":"","format":"standard","meta":{"footnotes":""},"categories":[12],"tags":[13,15],"class_list":["post-572581","post","type-post","status-publish","format-standard","has-post-thumbnail","hentry","category-handknattleiksdeild","tag-handbolti","tag-yngri-flokkar"],"yoast_head":"<!-- This site is optimized with the Yoast SEO plugin v24.3 - https:\/\/yoast.com\/wordpress\/plugins\/seo\/ -->\n<title>Gr\u00f3tta \u00f3skar eftir \u00fej\u00e1lfurum - \u00cd\u00fer\u00f3ttaf\u00e9lagi\u00f0 Gr\u00f3tta<\/title>\n<meta name=\"robots\" content=\"index, follow, max-snippet:-1, max-image-preview:large, max-video-preview:-1\" \/>\n<link rel=\"canonical\" href=\"https:\/\/grotta.is\/en\/handknattleiksdeild\/grotta-oskar-eftir-thjalfurum\/\" \/>\n<meta property=\"og:locale\" content=\"en_US\" \/>\n<meta property=\"og:type\" content=\"article\" \/>\n<meta property=\"og:title\" content=\"Gr\u00f3tta \u00f3skar eftir \u00fej\u00e1lfurum - \u00cd\u00fer\u00f3ttaf\u00e9lagi\u00f0 Gr\u00f3tta\" \/>\n<meta property=\"og:description\" content=\"Vegna fj\u00f6lda i\u00f0kenda \u00fe\u00e1 \u00f3skar handknattleiksdeild Gr\u00f3ttu eftir \u00fej\u00e1lfurum \u00e1 8.flokk karla og 8.flokk kvenna \u00c6fingar flokkanna eru strax a\u00f0 loknum sk\u00f3la hj\u00e1 kr\u00f6kkunum Vi\u00f0komandi \u00fearf a\u00f0 geta hafi\u00f0 st\u00f6rf [&hellip;]\" \/>\n<meta property=\"og:url\" content=\"https:\/\/grotta.is\/en\/handknattleiksdeild\/grotta-oskar-eftir-thjalfurum\/\" \/>\n<meta property=\"og:site_name\" content=\"\u00cd\u00fer\u00f3ttaf\u00e9lagi\u00f0 Gr\u00f3tta\" \/>\n<meta property=\"article:publisher\" content=\"https:\/\/www.facebook.com\/grottasport\" \/>\n<meta property=\"article:published_time\" content=\"2024-03-03T16:05:29+00:00\" \/>\n<meta property=\"article:modified_time\" content=\"2024-03-03T16:05:32+00:00\" \/>\n<meta property=\"og:image\" content=\"https:\/\/grotta.is\/wp-content\/uploads\/2024\/03\/THjalfarar-yngri-flokka.png\" \/>\n\t<meta property=\"og:image:width\" content=\"1080\" \/>\n\t<meta property=\"og:image:height\" content=\"1080\" \/>\n\t<meta property=\"og:image:type\" content=\"image\/png\" \/>\n<meta name=\"author\" content=\"Andri Sigf\u00fasson\" \/>\n<meta name=\"twitter:card\" content=\"summary_large_image\" \/>\n<meta name=\"twitter:label1\" content=\"Written by\" \/>\n\t<meta name=\"twitter:data1\" content=\"Andri Sigf\u00fasson\" \/>\n\t<meta name=\"twitter:label2\" content=\"Est. reading time\" \/>\n\t<meta name=\"twitter:data2\" content=\"1 minute\" \/>\n<script type=\"application\/ld+json\" class=\"yoast-schema-graph\">{\"@context\":\"https:\/\/schema.org\",\"@graph\":[{\"@type\":\"Article\",\"@id\":\"https:\/\/grotta.is\/handknattleiksdeild\/grotta-oskar-eftir-thjalfurum\/#article\",\"isPartOf\":{\"@id\":\"https:\/\/grotta.is\/handknattleiksdeild\/grotta-oskar-eftir-thjalfurum\/\"},\"author\":{\"name\":\"Andri Sigf\u00fasson\",\"@id\":\"https:\/\/grotta.is\/#\/schema\/person\/b21e9d5dfd92c90211e343e8d7252b1c\"},\"headline\":\"Gr\u00f3tta \u00f3skar eftir \u00fej\u00e1lfurum\",\"datePublished\":\"2024-03-03T16:05:29+00:00\",\"dateModified\":\"2024-03-03T16:05:32+00:00\",\"mainEntityOfPage\":{\"@id\":\"https:\/\/grotta.is\/handknattleiksdeild\/grotta-oskar-eftir-thjalfurum\/\"},\"wordCount\":61,\"publisher\":{\"@id\":\"https:\/\/grotta.is\/#organization\"},\"image\":{\"@id\":\"https:\/\/grotta.is\/handknattleiksdeild\/grotta-oskar-eftir-thjalfurum\/#primaryimage\"},\"thumbnailUrl\":\"https:\/\/grotta.is\/wp-content\/uploads\/2024\/03\/THjalfarar-yngri-flokka.png\",\"keywords\":[\"Handbolti\",\"Yngri flokkar\"],\"articleSection\":[\"Handknattleiksdeild\"],\"inLanguage\":\"en-US\"},{\"@type\":\"WebPage\",\"@id\":\"https:\/\/grotta.is\/handknattleiksdeild\/grotta-oskar-eftir-thjalfurum\/\",\"url\":\"https:\/\/grotta.is\/handknattleiksdeild\/grotta-oskar-eftir-thjalfurum\/\",\"name\":\"Gr\u00f3tta \u00f3skar eftir \u00fej\u00e1lfurum - \u00cd\u00fer\u00f3ttaf\u00e9lagi\u00f0 Gr\u00f3tta\",\"isPartOf\":{\"@id\":\"https:\/\/grotta.is\/#website\"},\"primaryImageOfPage\":{\"@id\":\"https:\/\/grotta.is\/handknattleiksdeild\/grotta-oskar-eftir-thjalfurum\/#primaryimage\"},\"image\":{\"@id\":\"https:\/\/grotta.is\/handknattleiksdeild\/grotta-oskar-eftir-thjalfurum\/#primaryimage\"},\"thumbnailUrl\":\"https:\/\/grotta.is\/wp-content\/uploads\/2024\/03\/THjalfarar-yngri-flokka.png\",\"datePublished\":\"2024-03-03T16:05:29+00:00\",\"dateModified\":\"2024-03-03T16:05:32+00:00\",\"breadcrumb\":{\"@id\":\"https:\/\/grotta.is\/handknattleiksdeild\/grotta-oskar-eftir-thjalfurum\/#breadcrumb\"},\"inLanguage\":\"en-US\",\"potentialAction\":[{\"@type\":\"ReadAction\",\"target\":[\"https:\/\/grotta.is\/handknattleiksdeild\/grotta-oskar-eftir-thjalfurum\/\"]}]},{\"@type\":\"ImageObject\",\"inLanguage\":\"en-US\",\"@id\":\"https:\/\/grotta.is\/handknattleiksdeild\/grotta-oskar-eftir-thjalfurum\/#primaryimage\",\"url\":\"https:\/\/grotta.is\/wp-content\/uploads\/2024\/03\/THjalfarar-yngri-flokka.png\",\"contentUrl\":\"https:\/\/grotta.is\/wp-content\/uploads\/2024\/03\/THjalfarar-yngri-flokka.png\",\"width\":1080,\"height\":1080},{\"@type\":\"BreadcrumbList\",\"@id\":\"https:\/\/grotta.is\/handknattleiksdeild\/grotta-oskar-eftir-thjalfurum\/#breadcrumb\",\"itemListElement\":[{\"@type\":\"ListItem\",\"position\":1,\"name\":\"Home\",\"item\":\"https:\/\/grotta.is\/\"},{\"@type\":\"ListItem\",\"position\":2,\"name\":\"Gr\u00f3tta \u00f3skar eftir \u00fej\u00e1lfurum\"}]},{\"@type\":\"WebSite\",\"@id\":\"https:\/\/grotta.is\/#website\",\"url\":\"https:\/\/grotta.is\/\",\"name\":\"\u00cd\u00fer\u00f3ttaf\u00e9lagi\u00f0 Gr\u00f3tta\",\"description\":\"\u00e1 Seltjarnarnesi\",\"publisher\":{\"@id\":\"https:\/\/grotta.is\/#organization\"},\"potentialAction\":[{\"@type\":\"SearchAction\",\"target\":{\"@type\":\"EntryPoint\",\"urlTemplate\":\"https:\/\/grotta.is\/?s={search_term_string}\"},\"query-input\":{\"@type\":\"PropertyValueSpecification\",\"valueRequired\":true,\"valueName\":\"search_term_string\"}}],\"inLanguage\":\"en-US\"},{\"@type\":\"Organization\",\"@id\":\"https:\/\/grotta.is\/#organization\",\"name\":\"\u00cd\u00fer\u00f3ttaf\u00e9lagi\u00f0 Gr\u00f3tta\",\"url\":\"https:\/\/grotta.is\/\",\"logo\":{\"@type\":\"ImageObject\",\"inLanguage\":\"en-US\",\"@id\":\"https:\/\/grotta.is\/#\/schema\/logo\/image\/\",\"url\":\"https:\/\/grotta.is\/wp-content\/uploads\/2020\/02\/ithrottafelagidgrotta_logo_512x512_transparent.png\",\"contentUrl\":\"https:\/\/grotta.is\/wp-content\/uploads\/2020\/02\/ithrottafelagidgrotta_logo_512x512_transparent.png\",\"width\":512,\"height\":512,\"caption\":\"\u00cd\u00fer\u00f3ttaf\u00e9lagi\u00f0 Gr\u00f3tta\"},\"image\":{\"@id\":\"https:\/\/grotta.is\/#\/schema\/logo\/image\/\"},\"sameAs\":[\"https:\/\/www.facebook.com\/grottasport\"]},{\"@type\":\"Person\",\"@id\":\"https:\/\/grotta.is\/#\/schema\/person\/b21e9d5dfd92c90211e343e8d7252b1c\",\"name\":\"Andri Sigf\u00fasson\",\"url\":\"https:\/\/grotta.is\/en\/author\/andri\/\"}]}<\/script>\n<!-- \/ Yoast SEO plugin. -->","yoast_head_json":{"title":"Gr\u00f3tta \u00f3skar eftir \u00fej\u00e1lfurum - \u00cd\u00fer\u00f3ttaf\u00e9lagi\u00f0 Gr\u00f3tta","robots":{"index":"index","follow":"follow","max-snippet":"max-snippet:-1","max-image-preview":"max-image-preview:large","max-video-preview":"max-video-preview:-1"},"canonical":"https:\/\/grotta.is\/en\/handknattleiksdeild\/grotta-oskar-eftir-thjalfurum\/","og_locale":"en_US","og_type":"article","og_title":"Gr\u00f3tta \u00f3skar eftir \u00fej\u00e1lfurum - \u00cd\u00fer\u00f3ttaf\u00e9lagi\u00f0 Gr\u00f3tta","og_description":"Vegna fj\u00f6lda i\u00f0kenda \u00fe\u00e1 \u00f3skar handknattleiksdeild Gr\u00f3ttu eftir \u00fej\u00e1lfurum \u00e1 8.flokk karla og 8.flokk kvenna \u00c6fingar flokkanna eru strax a\u00f0 loknum sk\u00f3la hj\u00e1 kr\u00f6kkunum Vi\u00f0komandi \u00fearf a\u00f0 geta hafi\u00f0 st\u00f6rf [&hellip;]","og_url":"https:\/\/grotta.is\/en\/handknattleiksdeild\/grotta-oskar-eftir-thjalfurum\/","og_site_name":"\u00cd\u00fer\u00f3ttaf\u00e9lagi\u00f0 Gr\u00f3tta","article_publisher":"https:\/\/www.facebook.com\/grottasport","article_published_time":"2024-03-03T16:05:29+00:00","article_modified_time":"2024-03-03T16:05:32+00:00","og_image":[{"width":1080,"height":1080,"url":"https:\/\/grotta.is\/wp-content\/uploads\/2024\/03\/THjalfarar-yngri-flokka.png","type":"image\/png"}],"author":"Andri Sigf\u00fasson","twitter_card":"summary_large_image","twitter_misc":{"Written by":"Andri Sigf\u00fasson","Est. reading time":"1 minute"},"schema":{"@context":"https:\/\/schema.org","@graph":[{"@type":"Article","@id":"https:\/\/grotta.is\/handknattleiksdeild\/grotta-oskar-eftir-thjalfurum\/#article","isPartOf":{"@id":"https:\/\/grotta.is\/handknattleiksdeild\/grotta-oskar-eftir-thjalfurum\/"},"author":{"name":"Andri Sigf\u00fasson","@id":"https:\/\/grotta.is\/#\/schema\/person\/b21e9d5dfd92c90211e343e8d7252b1c"},"headline":"Gr\u00f3tta \u00f3skar eftir \u00fej\u00e1lfurum","datePublished":"2024-03-03T16:05:29+00:00","dateModified":"2024-03-03T16:05:32+00:00","mainEntityOfPage":{"@id":"https:\/\/grotta.is\/handknattleiksdeild\/grotta-oskar-eftir-thjalfurum\/"},"wordCount":61,"publisher":{"@id":"https:\/\/grotta.is\/#organization"},"image":{"@id":"https:\/\/grotta.is\/handknattleiksdeild\/grotta-oskar-eftir-thjalfurum\/#primaryimage"},"thumbnailUrl":"https:\/\/grotta.is\/wp-content\/uploads\/2024\/03\/THjalfarar-yngri-flokka.png","keywords":["Handbolti","Yngri flokkar"],"articleSection":["Handknattleiksdeild"],"inLanguage":"en-US"},{"@type":"WebPage","@id":"https:\/\/grotta.is\/handknattleiksdeild\/grotta-oskar-eftir-thjalfurum\/","url":"https:\/\/grotta.is\/handknattleiksdeild\/grotta-oskar-eftir-thjalfurum\/","name":"Gr\u00f3tta \u00f3skar eftir \u00fej\u00e1lfurum - \u00cd\u00fer\u00f3ttaf\u00e9lagi\u00f0 Gr\u00f3tta","isPartOf":{"@id":"https:\/\/grotta.is\/#website"},"primaryImageOfPage":{"@id":"https:\/\/grotta.is\/handknattleiksdeild\/grotta-oskar-eftir-thjalfurum\/#primaryimage"},"image":{"@id":"https:\/\/grotta.is\/handknattleiksdeild\/grotta-oskar-eftir-thjalfurum\/#primaryimage"},"thumbnailUrl":"https:\/\/grotta.is\/wp-content\/uploads\/2024\/03\/THjalfarar-yngri-flokka.png","datePublished":"2024-03-03T16:05:29+00:00","dateModified":"2024-03-03T16:05:32+00:00","breadcrumb":{"@id":"https:\/\/grotta.is\/handknattleiksdeild\/grotta-oskar-eftir-thjalfurum\/#breadcrumb"},"inLanguage":"en-US","potentialAction":[{"@type":"ReadAction","target":["https:\/\/grotta.is\/handknattleiksdeild\/grotta-oskar-eftir-thjalfurum\/"]}]},{"@type":"ImageObject","inLanguage":"en-US","@id":"https:\/\/grotta.is\/handknattleiksdeild\/grotta-oskar-eftir-thjalfurum\/#primaryimage","url":"https:\/\/grotta.is\/wp-content\/uploads\/2024\/03\/THjalfarar-yngri-flokka.png","contentUrl":"https:\/\/grotta.is\/wp-content\/uploads\/2024\/03\/THjalfarar-yngri-flokka.png","width":1080,"height":1080},{"@type":"BreadcrumbList","@id":"https:\/\/grotta.is\/handknattleiksdeild\/grotta-oskar-eftir-thjalfurum\/#breadcrumb","itemListElement":[{"@type":"ListItem","position":1,"name":"Home","item":"https:\/\/grotta.is\/"},{"@type":"ListItem","position":2,"name":"Gr\u00f3tta \u00f3skar eftir \u00fej\u00e1lfurum"}]},{"@type":"WebSite","@id":"https:\/\/grotta.is\/#website","url":"https:\/\/grotta.is\/","name":"\u00cd\u00fer\u00f3ttaf\u00e9lagi\u00f0 Gr\u00f3tta","description":"\u00e1 Seltjarnarnesi","publisher":{"@id":"https:\/\/grotta.is\/#organization"},"potentialAction":[{"@type":"SearchAction","target":{"@type":"EntryPoint","urlTemplate":"https:\/\/grotta.is\/?s={search_term_string}"},"query-input":{"@type":"PropertyValueSpecification","valueRequired":true,"valueName":"search_term_string"}}],"inLanguage":"en-US"},{"@type":"Organization","@id":"https:\/\/grotta.is\/#organization","name":"\u00cd\u00fer\u00f3ttaf\u00e9lagi\u00f0 Gr\u00f3tta","url":"https:\/\/grotta.is\/","logo":{"@type":"ImageObject","inLanguage":"en-US","@id":"https:\/\/grotta.is\/#\/schema\/logo\/image\/","url":"https:\/\/grotta.is\/wp-content\/uploads\/2020\/02\/ithrottafelagidgrotta_logo_512x512_transparent.png","contentUrl":"https:\/\/grotta.is\/wp-content\/uploads\/2020\/02\/ithrottafelagidgrotta_logo_512x512_transparent.png","width":512,"height":512,"caption":"\u00cd\u00fer\u00f3ttaf\u00e9lagi\u00f0 Gr\u00f3tta"},"image":{"@id":"https:\/\/grotta.is\/#\/schema\/logo\/image\/"},"sameAs":["https:\/\/www.facebook.com\/grottasport"]},{"@type":"Person","@id":"https:\/\/grotta.is\/#\/schema\/person\/b21e9d5dfd92c90211e343e8d7252b1c","name":"Andri Sigf\u00fasson","url":"https:\/\/grotta.is\/en\/author\/andri\/"}]}},"_links":{"self":[{"href":"https:\/\/grotta.is\/en\/wp-json\/wp\/v2\/posts\/572581","targetHints":{"allow":["GET"]}}],"collection":[{"href":"https:\/\/grotta.is\/en\/wp-json\/wp\/v2\/posts"}],"about":[{"href":"https:\/\/grotta.is\/en\/wp-json\/wp\/v2\/types\/post"}],"author":[{"embeddable":true,"href":"https:\/\/grotta.is\/en\/wp-json\/wp\/v2\/users\/10"}],"replies":[{"embeddable":true,"href":"https:\/\/grotta.is\/en\/wp-json\/wp\/v2\/comments?post=572581"}],"version-history":[{"count":1,"href":"https:\/\/grotta.is\/en\/wp-json\/wp\/v2\/posts\/572581\/revisions"}],"predecessor-version":[{"id":572583,"href":"https:\/\/grotta.is\/en\/wp-json\/wp\/v2\/posts\/572581\/revisions\/572583"}],"wp:featuredmedia":[{"embeddable":true,"href":"https:\/\/grotta.is\/en\/wp-json\/wp\/v2\/media\/572582"}],"wp:attachment":[{"href":"https:\/\/grotta.is\/en\/wp-json\/wp\/v2\/media?parent=572581"}],"wp:term":[{"taxonomy":"category","embeddable":true,"href":"https:\/\/grotta.is\/en\/wp-json\/wp\/v2\/categories?post=572581"},{"taxonomy":"post_tag","embeddable":true,"href":"https:\/\/grotta.is\/en\/wp-json\/wp\/v2\/tags?post=572581"}],"curies":[{"name":"wp","href":"https:\/\/api.w.org\/{rel}","templated":true}]}}