{"id":572478,"date":"2024-02-16T15:53:46","date_gmt":"2024-02-16T15:53:46","guid":{"rendered":"https:\/\/grotta.is\/?p=572478"},"modified":"2024-02-16T15:53:49","modified_gmt":"2024-02-16T15:53:49","slug":"hannes-framlengir","status":"publish","type":"post","link":"https:\/\/grotta.is\/en\/handknattleiksdeild\/hannes-framlengir\/","title":{"rendered":"Hannes framlengir"},"content":{"rendered":"<p>L\u00ednuma\u00f0urinn Hannes Grimm hefur framlengt samning sinn vi\u00f0 Gr\u00f3ttu til \u00e1rsins 2026. Hannes hefur \u00fer\u00e1tt fyrir ungan aldur leiki\u00f0 me\u00f0 Gr\u00f3ttu til fj\u00f6lda \u00e1ra og \u00e1 148 leiki fyrir meistaraflokk f\u00e9lagsins.<\/p><p>\u00dea\u00f0 eru fr\u00e1b\u00e6r t\u00ed\u00f0indi a\u00f0 Hannes ver\u00f0i \u00e1fram \u00ed herb\u00fa\u00f0um f\u00e9lagsins enda lykilleikma\u00f0ur li\u00f0sins b\u00e6\u00f0i s\u00f3knarlega og varnarlega.<\/p><p>\u00deeir eru vandfundnir meiri Gr\u00f3ttumenn en Hannes Grimm. Hann hefur undanfarin sj\u00f6 \u00e1r \u00fej\u00e1lfa\u00f0 yngri flokka f\u00e9lagsins vi\u00f0 g\u00f3\u00f0an or\u00f0st\u00edr.<\/p>","protected":false},"excerpt":{"rendered":"<p>L\u00ednuma\u00f0urinn Hannes Grimm hefur framlengt samning sinn vi\u00f0 Gr\u00f3ttu til \u00e1rsins 2026. Hannes hefur \u00fer\u00e1tt fyrir ungan aldur leiki\u00f0 me\u00f0 Gr\u00f3ttu til fj\u00f6lda \u00e1ra og \u00e1 148 leiki fyrir meistaraflokk [&hellip;]<\/p>","protected":false},"author":10,"featured_media":572479,"comment_status":"closed","ping_status":"closed","sticky":false,"template":"","format":"standard","meta":{"footnotes":""},"categories":[12],"tags":[13,17,20],"class_list":["post-572478","post","type-post","status-publish","format-standard","has-post-thumbnail","hentry","category-handknattleiksdeild","tag-handbolti","tag-leikmenn","tag-mfl-kk"],"yoast_head":"<!-- This site is optimized with the Yoast SEO plugin v24.3 - https:\/\/yoast.com\/wordpress\/plugins\/seo\/ -->\n<title>Hannes framlengir - \u00cd\u00fer\u00f3ttaf\u00e9lagi\u00f0 Gr\u00f3tta<\/title>\n<meta name=\"robots\" content=\"index, follow, max-snippet:-1, max-image-preview:large, max-video-preview:-1\" \/>\n<link rel=\"canonical\" href=\"https:\/\/grotta.is\/en\/handknattleiksdeild\/hannes-framlengir\/\" \/>\n<meta property=\"og:locale\" content=\"en_US\" \/>\n<meta property=\"og:type\" content=\"article\" \/>\n<meta property=\"og:title\" content=\"Hannes framlengir - \u00cd\u00fer\u00f3ttaf\u00e9lagi\u00f0 Gr\u00f3tta\" \/>\n<meta property=\"og:description\" content=\"L\u00ednuma\u00f0urinn Hannes Grimm hefur framlengt samning sinn vi\u00f0 Gr\u00f3ttu til \u00e1rsins 2026. Hannes hefur \u00fer\u00e1tt fyrir ungan aldur leiki\u00f0 me\u00f0 Gr\u00f3ttu til fj\u00f6lda \u00e1ra og \u00e1 148 leiki fyrir meistaraflokk [&hellip;]\" \/>\n<meta property=\"og:url\" content=\"https:\/\/grotta.is\/en\/handknattleiksdeild\/hannes-framlengir\/\" \/>\n<meta property=\"og:site_name\" content=\"\u00cd\u00fer\u00f3ttaf\u00e9lagi\u00f0 Gr\u00f3tta\" \/>\n<meta property=\"article:publisher\" content=\"https:\/\/www.facebook.com\/grottasport\" \/>\n<meta property=\"article:published_time\" content=\"2024-02-16T15:53:46+00:00\" \/>\n<meta property=\"article:modified_time\" content=\"2024-02-16T15:53:49+00:00\" \/>\n<meta property=\"og:image\" content=\"https:\/\/grotta.is\/wp-content\/uploads\/2024\/02\/Hannes-framlengir.png\" \/>\n\t<meta property=\"og:image:width\" content=\"1640\" \/>\n\t<meta property=\"og:image:height\" content=\"924\" \/>\n\t<meta property=\"og:image:type\" content=\"image\/png\" \/>\n<meta name=\"author\" content=\"Andri Sigf\u00fasson\" \/>\n<meta name=\"twitter:card\" content=\"summary_large_image\" \/>\n<meta name=\"twitter:label1\" content=\"Written by\" \/>\n\t<meta name=\"twitter:data1\" content=\"Andri Sigf\u00fasson\" \/>\n\t<meta name=\"twitter:label2\" content=\"Est. reading time\" \/>\n\t<meta name=\"twitter:data2\" content=\"1 minute\" \/>\n<script type=\"application\/ld+json\" class=\"yoast-schema-graph\">{\"@context\":\"https:\/\/schema.org\",\"@graph\":[{\"@type\":\"Article\",\"@id\":\"https:\/\/grotta.is\/handknattleiksdeild\/hannes-framlengir\/#article\",\"isPartOf\":{\"@id\":\"https:\/\/grotta.is\/handknattleiksdeild\/hannes-framlengir\/\"},\"author\":{\"name\":\"Andri Sigf\u00fasson\",\"@id\":\"https:\/\/grotta.is\/#\/schema\/person\/b21e9d5dfd92c90211e343e8d7252b1c\"},\"headline\":\"Hannes framlengir\",\"datePublished\":\"2024-02-16T15:53:46+00:00\",\"dateModified\":\"2024-02-16T15:53:49+00:00\",\"mainEntityOfPage\":{\"@id\":\"https:\/\/grotta.is\/handknattleiksdeild\/hannes-framlengir\/\"},\"wordCount\":90,\"publisher\":{\"@id\":\"https:\/\/grotta.is\/#organization\"},\"image\":{\"@id\":\"https:\/\/grotta.is\/handknattleiksdeild\/hannes-framlengir\/#primaryimage\"},\"thumbnailUrl\":\"https:\/\/grotta.is\/wp-content\/uploads\/2024\/02\/Hannes-framlengir.png\",\"keywords\":[\"Handbolti\",\"Leikmenn\",\"Mfl.kk\"],\"articleSection\":[\"Handknattleiksdeild\"],\"inLanguage\":\"en-US\"},{\"@type\":\"WebPage\",\"@id\":\"https:\/\/grotta.is\/handknattleiksdeild\/hannes-framlengir\/\",\"url\":\"https:\/\/grotta.is\/handknattleiksdeild\/hannes-framlengir\/\",\"name\":\"Hannes framlengir - \u00cd\u00fer\u00f3ttaf\u00e9lagi\u00f0 Gr\u00f3tta\",\"isPartOf\":{\"@id\":\"https:\/\/grotta.is\/#website\"},\"primaryImageOfPage\":{\"@id\":\"https:\/\/grotta.is\/handknattleiksdeild\/hannes-framlengir\/#primaryimage\"},\"image\":{\"@id\":\"https:\/\/grotta.is\/handknattleiksdeild\/hannes-framlengir\/#primaryimage\"},\"thumbnailUrl\":\"https:\/\/grotta.is\/wp-content\/uploads\/2024\/02\/Hannes-framlengir.png\",\"datePublished\":\"2024-02-16T15:53:46+00:00\",\"dateModified\":\"2024-02-16T15:53:49+00:00\",\"breadcrumb\":{\"@id\":\"https:\/\/grotta.is\/handknattleiksdeild\/hannes-framlengir\/#breadcrumb\"},\"inLanguage\":\"en-US\",\"potentialAction\":[{\"@type\":\"ReadAction\",\"target\":[\"https:\/\/grotta.is\/handknattleiksdeild\/hannes-framlengir\/\"]}]},{\"@type\":\"ImageObject\",\"inLanguage\":\"en-US\",\"@id\":\"https:\/\/grotta.is\/handknattleiksdeild\/hannes-framlengir\/#primaryimage\",\"url\":\"https:\/\/grotta.is\/wp-content\/uploads\/2024\/02\/Hannes-framlengir.png\",\"contentUrl\":\"https:\/\/grotta.is\/wp-content\/uploads\/2024\/02\/Hannes-framlengir.png\",\"width\":1640,\"height\":924},{\"@type\":\"BreadcrumbList\",\"@id\":\"https:\/\/grotta.is\/handknattleiksdeild\/hannes-framlengir\/#breadcrumb\",\"itemListElement\":[{\"@type\":\"ListItem\",\"position\":1,\"name\":\"Home\",\"item\":\"https:\/\/grotta.is\/\"},{\"@type\":\"ListItem\",\"position\":2,\"name\":\"Hannes framlengir\"}]},{\"@type\":\"WebSite\",\"@id\":\"https:\/\/grotta.is\/#website\",\"url\":\"https:\/\/grotta.is\/\",\"name\":\"\u00cd\u00fer\u00f3ttaf\u00e9lagi\u00f0 Gr\u00f3tta\",\"description\":\"\u00e1 Seltjarnarnesi\",\"publisher\":{\"@id\":\"https:\/\/grotta.is\/#organization\"},\"potentialAction\":[{\"@type\":\"SearchAction\",\"target\":{\"@type\":\"EntryPoint\",\"urlTemplate\":\"https:\/\/grotta.is\/?s={search_term_string}\"},\"query-input\":{\"@type\":\"PropertyValueSpecification\",\"valueRequired\":true,\"valueName\":\"search_term_string\"}}],\"inLanguage\":\"en-US\"},{\"@type\":\"Organization\",\"@id\":\"https:\/\/grotta.is\/#organization\",\"name\":\"\u00cd\u00fer\u00f3ttaf\u00e9lagi\u00f0 Gr\u00f3tta\",\"url\":\"https:\/\/grotta.is\/\",\"logo\":{\"@type\":\"ImageObject\",\"inLanguage\":\"en-US\",\"@id\":\"https:\/\/grotta.is\/#\/schema\/logo\/image\/\",\"url\":\"https:\/\/grotta.is\/wp-content\/uploads\/2020\/02\/ithrottafelagidgrotta_logo_512x512_transparent.png\",\"contentUrl\":\"https:\/\/grotta.is\/wp-content\/uploads\/2020\/02\/ithrottafelagidgrotta_logo_512x512_transparent.png\",\"width\":512,\"height\":512,\"caption\":\"\u00cd\u00fer\u00f3ttaf\u00e9lagi\u00f0 Gr\u00f3tta\"},\"image\":{\"@id\":\"https:\/\/grotta.is\/#\/schema\/logo\/image\/\"},\"sameAs\":[\"https:\/\/www.facebook.com\/grottasport\"]},{\"@type\":\"Person\",\"@id\":\"https:\/\/grotta.is\/#\/schema\/person\/b21e9d5dfd92c90211e343e8d7252b1c\",\"name\":\"Andri Sigf\u00fasson\",\"url\":\"https:\/\/grotta.is\/en\/author\/andri\/\"}]}<\/script>\n<!-- \/ Yoast SEO plugin. -->","yoast_head_json":{"title":"Hannes framlengir - \u00cd\u00fer\u00f3ttaf\u00e9lagi\u00f0 Gr\u00f3tta","robots":{"index":"index","follow":"follow","max-snippet":"max-snippet:-1","max-image-preview":"max-image-preview:large","max-video-preview":"max-video-preview:-1"},"canonical":"https:\/\/grotta.is\/en\/handknattleiksdeild\/hannes-framlengir\/","og_locale":"en_US","og_type":"article","og_title":"Hannes framlengir - \u00cd\u00fer\u00f3ttaf\u00e9lagi\u00f0 Gr\u00f3tta","og_description":"L\u00ednuma\u00f0urinn Hannes Grimm hefur framlengt samning sinn vi\u00f0 Gr\u00f3ttu til \u00e1rsins 2026. Hannes hefur \u00fer\u00e1tt fyrir ungan aldur leiki\u00f0 me\u00f0 Gr\u00f3ttu til fj\u00f6lda \u00e1ra og \u00e1 148 leiki fyrir meistaraflokk [&hellip;]","og_url":"https:\/\/grotta.is\/en\/handknattleiksdeild\/hannes-framlengir\/","og_site_name":"\u00cd\u00fer\u00f3ttaf\u00e9lagi\u00f0 Gr\u00f3tta","article_publisher":"https:\/\/www.facebook.com\/grottasport","article_published_time":"2024-02-16T15:53:46+00:00","article_modified_time":"2024-02-16T15:53:49+00:00","og_image":[{"width":1640,"height":924,"url":"https:\/\/grotta.is\/wp-content\/uploads\/2024\/02\/Hannes-framlengir.png","type":"image\/png"}],"author":"Andri Sigf\u00fasson","twitter_card":"summary_large_image","twitter_misc":{"Written by":"Andri Sigf\u00fasson","Est. reading time":"1 minute"},"schema":{"@context":"https:\/\/schema.org","@graph":[{"@type":"Article","@id":"https:\/\/grotta.is\/handknattleiksdeild\/hannes-framlengir\/#article","isPartOf":{"@id":"https:\/\/grotta.is\/handknattleiksdeild\/hannes-framlengir\/"},"author":{"name":"Andri Sigf\u00fasson","@id":"https:\/\/grotta.is\/#\/schema\/person\/b21e9d5dfd92c90211e343e8d7252b1c"},"headline":"Hannes framlengir","datePublished":"2024-02-16T15:53:46+00:00","dateModified":"2024-02-16T15:53:49+00:00","mainEntityOfPage":{"@id":"https:\/\/grotta.is\/handknattleiksdeild\/hannes-framlengir\/"},"wordCount":90,"publisher":{"@id":"https:\/\/grotta.is\/#organization"},"image":{"@id":"https:\/\/grotta.is\/handknattleiksdeild\/hannes-framlengir\/#primaryimage"},"thumbnailUrl":"https:\/\/grotta.is\/wp-content\/uploads\/2024\/02\/Hannes-framlengir.png","keywords":["Handbolti","Leikmenn","Mfl.kk"],"articleSection":["Handknattleiksdeild"],"inLanguage":"en-US"},{"@type":"WebPage","@id":"https:\/\/grotta.is\/handknattleiksdeild\/hannes-framlengir\/","url":"https:\/\/grotta.is\/handknattleiksdeild\/hannes-framlengir\/","name":"Hannes framlengir - \u00cd\u00fer\u00f3ttaf\u00e9lagi\u00f0 Gr\u00f3tta","isPartOf":{"@id":"https:\/\/grotta.is\/#website"},"primaryImageOfPage":{"@id":"https:\/\/grotta.is\/handknattleiksdeild\/hannes-framlengir\/#primaryimage"},"image":{"@id":"https:\/\/grotta.is\/handknattleiksdeild\/hannes-framlengir\/#primaryimage"},"thumbnailUrl":"https:\/\/grotta.is\/wp-content\/uploads\/2024\/02\/Hannes-framlengir.png","datePublished":"2024-02-16T15:53:46+00:00","dateModified":"2024-02-16T15:53:49+00:00","breadcrumb":{"@id":"https:\/\/grotta.is\/handknattleiksdeild\/hannes-framlengir\/#breadcrumb"},"inLanguage":"en-US","potentialAction":[{"@type":"ReadAction","target":["https:\/\/grotta.is\/handknattleiksdeild\/hannes-framlengir\/"]}]},{"@type":"ImageObject","inLanguage":"en-US","@id":"https:\/\/grotta.is\/handknattleiksdeild\/hannes-framlengir\/#primaryimage","url":"https:\/\/grotta.is\/wp-content\/uploads\/2024\/02\/Hannes-framlengir.png","contentUrl":"https:\/\/grotta.is\/wp-content\/uploads\/2024\/02\/Hannes-framlengir.png","width":1640,"height":924},{"@type":"BreadcrumbList","@id":"https:\/\/grotta.is\/handknattleiksdeild\/hannes-framlengir\/#breadcrumb","itemListElement":[{"@type":"ListItem","position":1,"name":"Home","item":"https:\/\/grotta.is\/"},{"@type":"ListItem","position":2,"name":"Hannes framlengir"}]},{"@type":"WebSite","@id":"https:\/\/grotta.is\/#website","url":"https:\/\/grotta.is\/","name":"\u00cd\u00fer\u00f3ttaf\u00e9lagi\u00f0 Gr\u00f3tta","description":"\u00e1 Seltjarnarnesi","publisher":{"@id":"https:\/\/grotta.is\/#organization"},"potentialAction":[{"@type":"SearchAction","target":{"@type":"EntryPoint","urlTemplate":"https:\/\/grotta.is\/?s={search_term_string}"},"query-input":{"@type":"PropertyValueSpecification","valueRequired":true,"valueName":"search_term_string"}}],"inLanguage":"en-US"},{"@type":"Organization","@id":"https:\/\/grotta.is\/#organization","name":"\u00cd\u00fer\u00f3ttaf\u00e9lagi\u00f0 Gr\u00f3tta","url":"https:\/\/grotta.is\/","logo":{"@type":"ImageObject","inLanguage":"en-US","@id":"https:\/\/grotta.is\/#\/schema\/logo\/image\/","url":"https:\/\/grotta.is\/wp-content\/uploads\/2020\/02\/ithrottafelagidgrotta_logo_512x512_transparent.png","contentUrl":"https:\/\/grotta.is\/wp-content\/uploads\/2020\/02\/ithrottafelagidgrotta_logo_512x512_transparent.png","width":512,"height":512,"caption":"\u00cd\u00fer\u00f3ttaf\u00e9lagi\u00f0 Gr\u00f3tta"},"image":{"@id":"https:\/\/grotta.is\/#\/schema\/logo\/image\/"},"sameAs":["https:\/\/www.facebook.com\/grottasport"]},{"@type":"Person","@id":"https:\/\/grotta.is\/#\/schema\/person\/b21e9d5dfd92c90211e343e8d7252b1c","name":"Andri Sigf\u00fasson","url":"https:\/\/grotta.is\/en\/author\/andri\/"}]}},"_links":{"self":[{"href":"https:\/\/grotta.is\/en\/wp-json\/wp\/v2\/posts\/572478","targetHints":{"allow":["GET"]}}],"collection":[{"href":"https:\/\/grotta.is\/en\/wp-json\/wp\/v2\/posts"}],"about":[{"href":"https:\/\/grotta.is\/en\/wp-json\/wp\/v2\/types\/post"}],"author":[{"embeddable":true,"href":"https:\/\/grotta.is\/en\/wp-json\/wp\/v2\/users\/10"}],"replies":[{"embeddable":true,"href":"https:\/\/grotta.is\/en\/wp-json\/wp\/v2\/comments?post=572478"}],"version-history":[{"count":1,"href":"https:\/\/grotta.is\/en\/wp-json\/wp\/v2\/posts\/572478\/revisions"}],"predecessor-version":[{"id":572480,"href":"https:\/\/grotta.is\/en\/wp-json\/wp\/v2\/posts\/572478\/revisions\/572480"}],"wp:featuredmedia":[{"embeddable":true,"href":"https:\/\/grotta.is\/en\/wp-json\/wp\/v2\/media\/572479"}],"wp:attachment":[{"href":"https:\/\/grotta.is\/en\/wp-json\/wp\/v2\/media?parent=572478"}],"wp:term":[{"taxonomy":"category","embeddable":true,"href":"https:\/\/grotta.is\/en\/wp-json\/wp\/v2\/categories?post=572478"},{"taxonomy":"post_tag","embeddable":true,"href":"https:\/\/grotta.is\/en\/wp-json\/wp\/v2\/tags?post=572478"}],"curies":[{"name":"wp","href":"https:\/\/api.w.org\/{rel}","templated":true}]}}