{"id":534563,"date":"2024-01-11T10:41:43","date_gmt":"2024-01-11T10:41:43","guid":{"rendered":"https:\/\/grotta.is\/?p=534563"},"modified":"2024-01-11T10:41:46","modified_gmt":"2024-01-11T10:41:46","slug":"andri-nyr-yfirthjalfari-handknattleiksdeildar","status":"publish","type":"post","link":"https:\/\/grotta.is\/en\/almennt\/andri-nyr-yfirthjalfari-handknattleiksdeildar\/","title":{"rendered":"Andri n\u00fdr yfir\u00fej\u00e1lfari handknattleiksdeildar"},"content":{"rendered":"<p>Andri Sigf\u00fasson hefur teki\u00f0 vi\u00f0 sem yfir\u00fej\u00e1lfari handknattleiksdeildar Gr\u00f3ttu. Hann tekur vi\u00f0 af Magn\u00fasi Karli Magn\u00fassyni. Andri er uppalinn Gr\u00f3ttuma\u00f0ur, \u00e6f\u00f0i me\u00f0 f\u00e9laginu fr\u00e1 unga aldri og h\u00f3f svo \u00fej\u00e1lfun \u00e1ri\u00f0 2002. \u00dea\u00f0 m\u00e1 me\u00f0 sanni segja a\u00f0 Andri s\u00e9 einn af reyndustu og \u00f6flugustu \u00fej\u00e1lfurum Gr\u00f3ttu og \u00fev\u00ed mikill fengur a\u00f0 f\u00e1 hann sem yfir\u00fej\u00e1lfara. \u00c1samt \u00fev\u00ed a\u00f0 sinna yfir\u00fej\u00e1lfarastarfinu og \u00fej\u00e1lfun nokkurra flokka hj\u00e1 Gr\u00f3ttu, er Andri \u00fej\u00e1lfari U-li\u00f0s Gr\u00f3ttu og U-16 landsli\u00f0s karla. Andri er afar metna\u00f0arfullur og kraftmikill \u00fej\u00e1lfari og \u00fea\u00f0 er mikil tilhl\u00f6kkun hj\u00e1 stj\u00f3rn barna-og unglingar\u00e1\u00f0s Gr\u00f3ttu fyrir komandi samstarfi.<\/p><p>\u201e\u00c9g&nbsp;hlakka miki\u00f0 til a\u00f0 hefja st\u00f6rf og halda \u00e1fram \u00fev\u00ed g\u00f3\u00f0a starfi sem hefur veri\u00f0 unni\u00f0 \u00ed vetur og undanfarin \u00e1r. Gr\u00f3tta hefur \u00e1 a\u00f0 skipa virkilega \u00f6flugum h\u00f3pi \u00fej\u00e1lfara sem hefur unni\u00f0 fr\u00e1b\u00e6rt starf me\u00f0 okkar fj\u00f6lm\u00f6rgu i\u00f0kendum. Vonandi n\u00e1um vi\u00f0 \u00ed sameiningu a\u00f0 b\u00e6ta okkar starf enn \u00fe\u00e1 meira,&#8220; sag\u00f0i Andri \u00feegar samningar voru \u00ed h\u00f6fn.<\/p><figure class=\"wp-block-image size-large\"><img fetchpriority=\"high\" decoding=\"async\" width=\"732\" height=\"1024\" src=\"https:\/\/grotta.is\/wp-content\/uploads\/2024\/01\/Handb.Andri_-768x1075-1-732x1024.webp\" alt=\"\" class=\"wp-image-534591\" srcset=\"https:\/\/grotta.is\/wp-content\/uploads\/2024\/01\/Handb.Andri_-768x1075-1-732x1024.webp 732w, https:\/\/grotta.is\/wp-content\/uploads\/2024\/01\/Handb.Andri_-768x1075-1-214x300.webp 214w, https:\/\/grotta.is\/wp-content\/uploads\/2024\/01\/Handb.Andri_-768x1075-1-9x12.webp 9w, https:\/\/grotta.is\/wp-content\/uploads\/2024\/01\/Handb.Andri_-768x1075-1-600x840.webp 600w, https:\/\/grotta.is\/wp-content\/uploads\/2024\/01\/Handb.Andri_-768x1075-1.webp 768w\" sizes=\"(max-width: 732px) 100vw, 732px\" \/><\/figure><p><\/p>","protected":false},"excerpt":{"rendered":"<p>Andri Sigf\u00fasson hefur teki\u00f0 vi\u00f0 sem yfir\u00fej\u00e1lfari handknattleiksdeildar Gr\u00f3ttu. Hann tekur vi\u00f0 af Magn\u00fasi Karli Magn\u00fassyni. Andri er uppalinn Gr\u00f3ttuma\u00f0ur, \u00e6f\u00f0i me\u00f0 f\u00e9laginu fr\u00e1 unga aldri og h\u00f3f svo \u00fej\u00e1lfun [&hellip;]<\/p>","protected":false},"author":13,"featured_media":534564,"comment_status":"closed","ping_status":"closed","sticky":false,"template":"","format":"standard","meta":{"footnotes":""},"categories":[4,12],"tags":[13,15],"class_list":["post-534563","post","type-post","status-publish","format-standard","has-post-thumbnail","hentry","category-almennt","category-handknattleiksdeild","tag-handbolti","tag-yngri-flokkar"],"yoast_head":"<!-- This site is optimized with the Yoast SEO plugin v24.3 - https:\/\/yoast.com\/wordpress\/plugins\/seo\/ -->\n<title>Andri n\u00fdr yfir\u00fej\u00e1lfari handknattleiksdeildar - \u00cd\u00fer\u00f3ttaf\u00e9lagi\u00f0 Gr\u00f3tta<\/title>\n<meta name=\"robots\" content=\"index, follow, max-snippet:-1, max-image-preview:large, max-video-preview:-1\" \/>\n<link rel=\"canonical\" href=\"https:\/\/grotta.is\/en\/almennt\/andri-nyr-yfirthjalfari-handknattleiksdeildar\/\" \/>\n<meta property=\"og:locale\" content=\"en_US\" \/>\n<meta property=\"og:type\" content=\"article\" \/>\n<meta property=\"og:title\" content=\"Andri n\u00fdr yfir\u00fej\u00e1lfari handknattleiksdeildar - \u00cd\u00fer\u00f3ttaf\u00e9lagi\u00f0 Gr\u00f3tta\" \/>\n<meta property=\"og:description\" content=\"Andri Sigf\u00fasson hefur teki\u00f0 vi\u00f0 sem yfir\u00fej\u00e1lfari handknattleiksdeildar Gr\u00f3ttu. Hann tekur vi\u00f0 af Magn\u00fasi Karli Magn\u00fassyni. Andri er uppalinn Gr\u00f3ttuma\u00f0ur, \u00e6f\u00f0i me\u00f0 f\u00e9laginu fr\u00e1 unga aldri og h\u00f3f svo \u00fej\u00e1lfun [&hellip;]\" \/>\n<meta property=\"og:url\" content=\"https:\/\/grotta.is\/en\/almennt\/andri-nyr-yfirthjalfari-handknattleiksdeildar\/\" \/>\n<meta property=\"og:site_name\" content=\"\u00cd\u00fer\u00f3ttaf\u00e9lagi\u00f0 Gr\u00f3tta\" \/>\n<meta property=\"article:publisher\" content=\"https:\/\/www.facebook.com\/grottasport\" \/>\n<meta property=\"article:published_time\" content=\"2024-01-11T10:41:43+00:00\" \/>\n<meta property=\"article:modified_time\" content=\"2024-01-11T10:41:46+00:00\" \/>\n<meta property=\"og:image\" content=\"https:\/\/grotta.is\/wp-content\/uploads\/2024\/01\/Andri-nyr.jpeg\" \/>\n\t<meta property=\"og:image:width\" content=\"1290\" \/>\n\t<meta property=\"og:image:height\" content=\"966\" \/>\n\t<meta property=\"og:image:type\" content=\"image\/jpeg\" \/>\n<meta name=\"author\" content=\"Hrafnhildur Sigurj\u00f3nsd\u00f3ttir\" \/>\n<meta name=\"twitter:card\" content=\"summary_large_image\" \/>\n<meta name=\"twitter:label1\" content=\"Written by\" \/>\n\t<meta name=\"twitter:data1\" content=\"Hrafnhildur Sigurj\u00f3nsd\u00f3ttir\" \/>\n\t<meta name=\"twitter:label2\" content=\"Est. reading time\" \/>\n\t<meta name=\"twitter:data2\" content=\"2 minutes\" \/>\n<script type=\"application\/ld+json\" class=\"yoast-schema-graph\">{\"@context\":\"https:\/\/schema.org\",\"@graph\":[{\"@type\":\"Article\",\"@id\":\"https:\/\/grotta.is\/almennt\/andri-nyr-yfirthjalfari-handknattleiksdeildar\/#article\",\"isPartOf\":{\"@id\":\"https:\/\/grotta.is\/almennt\/andri-nyr-yfirthjalfari-handknattleiksdeildar\/\"},\"author\":{\"name\":\"Hrafnhildur Sigurj\u00f3nsd\u00f3ttir\",\"@id\":\"https:\/\/grotta.is\/#\/schema\/person\/ef1c56135facd925e36b1430a1db29c9\"},\"headline\":\"Andri n\u00fdr yfir\u00fej\u00e1lfari handknattleiksdeildar\",\"datePublished\":\"2024-01-11T10:41:43+00:00\",\"dateModified\":\"2024-01-11T10:41:46+00:00\",\"mainEntityOfPage\":{\"@id\":\"https:\/\/grotta.is\/almennt\/andri-nyr-yfirthjalfari-handknattleiksdeildar\/\"},\"wordCount\":201,\"publisher\":{\"@id\":\"https:\/\/grotta.is\/#organization\"},\"image\":{\"@id\":\"https:\/\/grotta.is\/almennt\/andri-nyr-yfirthjalfari-handknattleiksdeildar\/#primaryimage\"},\"thumbnailUrl\":\"https:\/\/grotta.is\/wp-content\/uploads\/2024\/01\/Andri-nyr.jpeg\",\"keywords\":[\"Handbolti\",\"Yngri flokkar\"],\"articleSection\":[\"Almennt\",\"Handknattleiksdeild\"],\"inLanguage\":\"en-US\"},{\"@type\":\"WebPage\",\"@id\":\"https:\/\/grotta.is\/almennt\/andri-nyr-yfirthjalfari-handknattleiksdeildar\/\",\"url\":\"https:\/\/grotta.is\/almennt\/andri-nyr-yfirthjalfari-handknattleiksdeildar\/\",\"name\":\"Andri n\u00fdr yfir\u00fej\u00e1lfari handknattleiksdeildar - \u00cd\u00fer\u00f3ttaf\u00e9lagi\u00f0 Gr\u00f3tta\",\"isPartOf\":{\"@id\":\"https:\/\/grotta.is\/#website\"},\"primaryImageOfPage\":{\"@id\":\"https:\/\/grotta.is\/almennt\/andri-nyr-yfirthjalfari-handknattleiksdeildar\/#primaryimage\"},\"image\":{\"@id\":\"https:\/\/grotta.is\/almennt\/andri-nyr-yfirthjalfari-handknattleiksdeildar\/#primaryimage\"},\"thumbnailUrl\":\"https:\/\/grotta.is\/wp-content\/uploads\/2024\/01\/Andri-nyr.jpeg\",\"datePublished\":\"2024-01-11T10:41:43+00:00\",\"dateModified\":\"2024-01-11T10:41:46+00:00\",\"breadcrumb\":{\"@id\":\"https:\/\/grotta.is\/almennt\/andri-nyr-yfirthjalfari-handknattleiksdeildar\/#breadcrumb\"},\"inLanguage\":\"en-US\",\"potentialAction\":[{\"@type\":\"ReadAction\",\"target\":[\"https:\/\/grotta.is\/almennt\/andri-nyr-yfirthjalfari-handknattleiksdeildar\/\"]}]},{\"@type\":\"ImageObject\",\"inLanguage\":\"en-US\",\"@id\":\"https:\/\/grotta.is\/almennt\/andri-nyr-yfirthjalfari-handknattleiksdeildar\/#primaryimage\",\"url\":\"https:\/\/grotta.is\/wp-content\/uploads\/2024\/01\/Andri-nyr.jpeg\",\"contentUrl\":\"https:\/\/grotta.is\/wp-content\/uploads\/2024\/01\/Andri-nyr.jpeg\",\"width\":1290,\"height\":966},{\"@type\":\"BreadcrumbList\",\"@id\":\"https:\/\/grotta.is\/almennt\/andri-nyr-yfirthjalfari-handknattleiksdeildar\/#breadcrumb\",\"itemListElement\":[{\"@type\":\"ListItem\",\"position\":1,\"name\":\"Home\",\"item\":\"https:\/\/grotta.is\/\"},{\"@type\":\"ListItem\",\"position\":2,\"name\":\"Andri n\u00fdr yfir\u00fej\u00e1lfari handknattleiksdeildar\"}]},{\"@type\":\"WebSite\",\"@id\":\"https:\/\/grotta.is\/#website\",\"url\":\"https:\/\/grotta.is\/\",\"name\":\"\u00cd\u00fer\u00f3ttaf\u00e9lagi\u00f0 Gr\u00f3tta\",\"description\":\"\u00e1 Seltjarnarnesi\",\"publisher\":{\"@id\":\"https:\/\/grotta.is\/#organization\"},\"potentialAction\":[{\"@type\":\"SearchAction\",\"target\":{\"@type\":\"EntryPoint\",\"urlTemplate\":\"https:\/\/grotta.is\/?s={search_term_string}\"},\"query-input\":{\"@type\":\"PropertyValueSpecification\",\"valueRequired\":true,\"valueName\":\"search_term_string\"}}],\"inLanguage\":\"en-US\"},{\"@type\":\"Organization\",\"@id\":\"https:\/\/grotta.is\/#organization\",\"name\":\"\u00cd\u00fer\u00f3ttaf\u00e9lagi\u00f0 Gr\u00f3tta\",\"url\":\"https:\/\/grotta.is\/\",\"logo\":{\"@type\":\"ImageObject\",\"inLanguage\":\"en-US\",\"@id\":\"https:\/\/grotta.is\/#\/schema\/logo\/image\/\",\"url\":\"https:\/\/grotta.is\/wp-content\/uploads\/2020\/02\/ithrottafelagidgrotta_logo_512x512_transparent.png\",\"contentUrl\":\"https:\/\/grotta.is\/wp-content\/uploads\/2020\/02\/ithrottafelagidgrotta_logo_512x512_transparent.png\",\"width\":512,\"height\":512,\"caption\":\"\u00cd\u00fer\u00f3ttaf\u00e9lagi\u00f0 Gr\u00f3tta\"},\"image\":{\"@id\":\"https:\/\/grotta.is\/#\/schema\/logo\/image\/\"},\"sameAs\":[\"https:\/\/www.facebook.com\/grottasport\"]},{\"@type\":\"Person\",\"@id\":\"https:\/\/grotta.is\/#\/schema\/person\/ef1c56135facd925e36b1430a1db29c9\",\"name\":\"Hrafnhildur Sigurj\u00f3nsd\u00f3ttir\",\"url\":\"https:\/\/grotta.is\/en\/author\/hrafnhildur\/\"}]}<\/script>\n<!-- \/ Yoast SEO plugin. -->","yoast_head_json":{"title":"Andri n\u00fdr yfir\u00fej\u00e1lfari handknattleiksdeildar - \u00cd\u00fer\u00f3ttaf\u00e9lagi\u00f0 Gr\u00f3tta","robots":{"index":"index","follow":"follow","max-snippet":"max-snippet:-1","max-image-preview":"max-image-preview:large","max-video-preview":"max-video-preview:-1"},"canonical":"https:\/\/grotta.is\/en\/almennt\/andri-nyr-yfirthjalfari-handknattleiksdeildar\/","og_locale":"en_US","og_type":"article","og_title":"Andri n\u00fdr yfir\u00fej\u00e1lfari handknattleiksdeildar - \u00cd\u00fer\u00f3ttaf\u00e9lagi\u00f0 Gr\u00f3tta","og_description":"Andri Sigf\u00fasson hefur teki\u00f0 vi\u00f0 sem yfir\u00fej\u00e1lfari handknattleiksdeildar Gr\u00f3ttu. Hann tekur vi\u00f0 af Magn\u00fasi Karli Magn\u00fassyni. Andri er uppalinn Gr\u00f3ttuma\u00f0ur, \u00e6f\u00f0i me\u00f0 f\u00e9laginu fr\u00e1 unga aldri og h\u00f3f svo \u00fej\u00e1lfun [&hellip;]","og_url":"https:\/\/grotta.is\/en\/almennt\/andri-nyr-yfirthjalfari-handknattleiksdeildar\/","og_site_name":"\u00cd\u00fer\u00f3ttaf\u00e9lagi\u00f0 Gr\u00f3tta","article_publisher":"https:\/\/www.facebook.com\/grottasport","article_published_time":"2024-01-11T10:41:43+00:00","article_modified_time":"2024-01-11T10:41:46+00:00","og_image":[{"width":1290,"height":966,"url":"https:\/\/grotta.is\/wp-content\/uploads\/2024\/01\/Andri-nyr.jpeg","type":"image\/jpeg"}],"author":"Hrafnhildur Sigurj\u00f3nsd\u00f3ttir","twitter_card":"summary_large_image","twitter_misc":{"Written by":"Hrafnhildur Sigurj\u00f3nsd\u00f3ttir","Est. reading time":"2 minutes"},"schema":{"@context":"https:\/\/schema.org","@graph":[{"@type":"Article","@id":"https:\/\/grotta.is\/almennt\/andri-nyr-yfirthjalfari-handknattleiksdeildar\/#article","isPartOf":{"@id":"https:\/\/grotta.is\/almennt\/andri-nyr-yfirthjalfari-handknattleiksdeildar\/"},"author":{"name":"Hrafnhildur Sigurj\u00f3nsd\u00f3ttir","@id":"https:\/\/grotta.is\/#\/schema\/person\/ef1c56135facd925e36b1430a1db29c9"},"headline":"Andri n\u00fdr yfir\u00fej\u00e1lfari handknattleiksdeildar","datePublished":"2024-01-11T10:41:43+00:00","dateModified":"2024-01-11T10:41:46+00:00","mainEntityOfPage":{"@id":"https:\/\/grotta.is\/almennt\/andri-nyr-yfirthjalfari-handknattleiksdeildar\/"},"wordCount":201,"publisher":{"@id":"https:\/\/grotta.is\/#organization"},"image":{"@id":"https:\/\/grotta.is\/almennt\/andri-nyr-yfirthjalfari-handknattleiksdeildar\/#primaryimage"},"thumbnailUrl":"https:\/\/grotta.is\/wp-content\/uploads\/2024\/01\/Andri-nyr.jpeg","keywords":["Handbolti","Yngri flokkar"],"articleSection":["Almennt","Handknattleiksdeild"],"inLanguage":"en-US"},{"@type":"WebPage","@id":"https:\/\/grotta.is\/almennt\/andri-nyr-yfirthjalfari-handknattleiksdeildar\/","url":"https:\/\/grotta.is\/almennt\/andri-nyr-yfirthjalfari-handknattleiksdeildar\/","name":"Andri n\u00fdr yfir\u00fej\u00e1lfari handknattleiksdeildar - \u00cd\u00fer\u00f3ttaf\u00e9lagi\u00f0 Gr\u00f3tta","isPartOf":{"@id":"https:\/\/grotta.is\/#website"},"primaryImageOfPage":{"@id":"https:\/\/grotta.is\/almennt\/andri-nyr-yfirthjalfari-handknattleiksdeildar\/#primaryimage"},"image":{"@id":"https:\/\/grotta.is\/almennt\/andri-nyr-yfirthjalfari-handknattleiksdeildar\/#primaryimage"},"thumbnailUrl":"https:\/\/grotta.is\/wp-content\/uploads\/2024\/01\/Andri-nyr.jpeg","datePublished":"2024-01-11T10:41:43+00:00","dateModified":"2024-01-11T10:41:46+00:00","breadcrumb":{"@id":"https:\/\/grotta.is\/almennt\/andri-nyr-yfirthjalfari-handknattleiksdeildar\/#breadcrumb"},"inLanguage":"en-US","potentialAction":[{"@type":"ReadAction","target":["https:\/\/grotta.is\/almennt\/andri-nyr-yfirthjalfari-handknattleiksdeildar\/"]}]},{"@type":"ImageObject","inLanguage":"en-US","@id":"https:\/\/grotta.is\/almennt\/andri-nyr-yfirthjalfari-handknattleiksdeildar\/#primaryimage","url":"https:\/\/grotta.is\/wp-content\/uploads\/2024\/01\/Andri-nyr.jpeg","contentUrl":"https:\/\/grotta.is\/wp-content\/uploads\/2024\/01\/Andri-nyr.jpeg","width":1290,"height":966},{"@type":"BreadcrumbList","@id":"https:\/\/grotta.is\/almennt\/andri-nyr-yfirthjalfari-handknattleiksdeildar\/#breadcrumb","itemListElement":[{"@type":"ListItem","position":1,"name":"Home","item":"https:\/\/grotta.is\/"},{"@type":"ListItem","position":2,"name":"Andri n\u00fdr yfir\u00fej\u00e1lfari handknattleiksdeildar"}]},{"@type":"WebSite","@id":"https:\/\/grotta.is\/#website","url":"https:\/\/grotta.is\/","name":"\u00cd\u00fer\u00f3ttaf\u00e9lagi\u00f0 Gr\u00f3tta","description":"\u00e1 Seltjarnarnesi","publisher":{"@id":"https:\/\/grotta.is\/#organization"},"potentialAction":[{"@type":"SearchAction","target":{"@type":"EntryPoint","urlTemplate":"https:\/\/grotta.is\/?s={search_term_string}"},"query-input":{"@type":"PropertyValueSpecification","valueRequired":true,"valueName":"search_term_string"}}],"inLanguage":"en-US"},{"@type":"Organization","@id":"https:\/\/grotta.is\/#organization","name":"\u00cd\u00fer\u00f3ttaf\u00e9lagi\u00f0 Gr\u00f3tta","url":"https:\/\/grotta.is\/","logo":{"@type":"ImageObject","inLanguage":"en-US","@id":"https:\/\/grotta.is\/#\/schema\/logo\/image\/","url":"https:\/\/grotta.is\/wp-content\/uploads\/2020\/02\/ithrottafelagidgrotta_logo_512x512_transparent.png","contentUrl":"https:\/\/grotta.is\/wp-content\/uploads\/2020\/02\/ithrottafelagidgrotta_logo_512x512_transparent.png","width":512,"height":512,"caption":"\u00cd\u00fer\u00f3ttaf\u00e9lagi\u00f0 Gr\u00f3tta"},"image":{"@id":"https:\/\/grotta.is\/#\/schema\/logo\/image\/"},"sameAs":["https:\/\/www.facebook.com\/grottasport"]},{"@type":"Person","@id":"https:\/\/grotta.is\/#\/schema\/person\/ef1c56135facd925e36b1430a1db29c9","name":"Hrafnhildur Sigurj\u00f3nsd\u00f3ttir","url":"https:\/\/grotta.is\/en\/author\/hrafnhildur\/"}]}},"_links":{"self":[{"href":"https:\/\/grotta.is\/en\/wp-json\/wp\/v2\/posts\/534563","targetHints":{"allow":["GET"]}}],"collection":[{"href":"https:\/\/grotta.is\/en\/wp-json\/wp\/v2\/posts"}],"about":[{"href":"https:\/\/grotta.is\/en\/wp-json\/wp\/v2\/types\/post"}],"author":[{"embeddable":true,"href":"https:\/\/grotta.is\/en\/wp-json\/wp\/v2\/users\/13"}],"replies":[{"embeddable":true,"href":"https:\/\/grotta.is\/en\/wp-json\/wp\/v2\/comments?post=534563"}],"version-history":[{"count":2,"href":"https:\/\/grotta.is\/en\/wp-json\/wp\/v2\/posts\/534563\/revisions"}],"predecessor-version":[{"id":534598,"href":"https:\/\/grotta.is\/en\/wp-json\/wp\/v2\/posts\/534563\/revisions\/534598"}],"wp:featuredmedia":[{"embeddable":true,"href":"https:\/\/grotta.is\/en\/wp-json\/wp\/v2\/media\/534564"}],"wp:attachment":[{"href":"https:\/\/grotta.is\/en\/wp-json\/wp\/v2\/media?parent=534563"}],"wp:term":[{"taxonomy":"category","embeddable":true,"href":"https:\/\/grotta.is\/en\/wp-json\/wp\/v2\/categories?post=534563"},{"taxonomy":"post_tag","embeddable":true,"href":"https:\/\/grotta.is\/en\/wp-json\/wp\/v2\/tags?post=534563"}],"curies":[{"name":"wp","href":"https:\/\/api.w.org\/{rel}","templated":true}]}}