{"id":515123,"date":"2023-12-21T10:57:13","date_gmt":"2023-12-21T10:57:13","guid":{"rendered":"https:\/\/grotta.is\/?p=515123"},"modified":"2023-12-21T10:57:17","modified_gmt":"2023-12-21T10:57:17","slug":"tommi-til-az-alkmaar","status":"publish","type":"post","link":"https:\/\/grotta.is\/en\/knattspyrnudeild\/tommi-til-az-alkmaar\/","title":{"rendered":"Tommi til AZ Alkmaar"},"content":{"rendered":"<p><\/p><p>T\u00f3mas Johannessen hefur gengi\u00f0 til li\u00f0s vi\u00f0 hollenska \u00farvalsdeildarf\u00e9lagi\u00f0 AZ Alkmaar og gerir vi\u00f0 \u00fea\u00f0 \u00feriggja \u00e1ra samning. Tommi er 16 \u00e1ra gamall og l\u00e9k \u00fer\u00e1tt fyrir ungan aldur lykilhlutverk me\u00f0 meistaraflokki karla \u00ed sumar. Hann er uppalinn Seltirningur og Gr\u00f3ttuma\u00f0ur en l\u00e9k um skei\u00f0 me\u00f0 Val.<\/p><p>Heimas\u00ed\u00f0a AZ greinir fr\u00e1 skiptunum: <a href=\"https:\/\/l.facebook.com\/l.php?u=http%3A%2F%2Fwww.az.nl%2Fnl%2Fnieuws%2Fjohannessen-tekent-bij-az%3Ffbclid%3DIwAR1EpxEBPq78ewH0YIqysXqTbj6cjRwXMj8vnnFYQCVVj16jXiRyslcjPEU&amp;h=AT24UVs18R_Vc3uzmcXUbK_fb2vket-jV4H2mXtU7M2ZcevpvrmKN3GraQ34Y6A_QrfjI5jc0DgFqcIxpvazbWnC8iaNTtFahfM7R-2DXjxKDo9B-cUWdFAhnvbLLXZsOg&amp;__tn__=-UK-R&amp;c[0]=AT3ox2cq0zcBKhVA9CUT_5Z918_l2DdgiV7RcE7dk-hEM9ife8ki2T6OvRNStA7bMerCPGZbSwqPqZlRi9ueziP5XX88Ld4LlkrsB0FWVR79ahsON6dwegVDV4uVyQE5RFMFsuMdiU1Hqu93z2PLnzQttERXSXdDCeCCmxN1g_LMV6R6iORndBXZIdFelFwks__rlPsFYZpD\" rel=\"noreferrer noopener\" target=\"_blank\">http:\/\/www.az.nl\/nl\/nieuws\/johannessen-tekent-bij-az&#8230;<\/a><\/p><p>\u00dear <a><\/a>segir Paul Brandenburg yfirma\u00f0ur akadem\u00edu AZ: \u201eT\u00f3mas er frams\u00e6kinn, tekn\u00edskur og skapandi mi\u00f0juma\u00f0ur. Me\u00f0 \u00feessa eiginleika a\u00f0 vopni getur hann lagt sitt a\u00f0 m\u00f6rkum fyrir AZ \u00ed framt\u00ed\u00f0inni.\u201d<\/p><p>T\u00f3mas er spenntur fyrir komandi t\u00edmum: ,,\u00c9g er spenntur fyrir \u00feessu n\u00e6sta skrefi \u00ed m\u00ednum ferli. AZ er mj\u00f6g g\u00f3\u00f0ur kl\u00fabbur sem hentar m\u00ednum leikst\u00edl. \u00c9g var \u00e1 reynslu hj\u00e1 \u00feeim \u00ed n\u00f3vember og f\u00e9kk geggja\u00f0ar m\u00f3tt\u00f6kur fr\u00e1 \u00f6llum \u00ed kl\u00fabbnum. \u00c9g er b\u00fain a\u00f0 eiga fr\u00e1b\u00e6r \u00e1r hj\u00e1 Gr\u00f3ttu fr\u00e1 \u00fev\u00ed \u00e9g var 4 \u00e1ra og s\u00ed\u00f0ustu 2 \u00e1r me\u00f0 meistaraflokknum hafa reynst m\u00e9r mj\u00f6g vel. L\u00e6r\u00f0i miki\u00f0 \u00fear af \u00fej\u00e1lfara og \u00f6llum leikm\u00f6nnunum li\u00f0sins. Vil \u00fev\u00ed bara segja takk fyrir mig Gr\u00f3tta\u201d<\/p><p>Knattspyrnudeild Gr\u00f3ttu \u00f3skar T\u00f3masi og fj\u00f6lskyldu hans innilega til hamingju me\u00f0 \u00feetta st\u00f3ra skref og hlakkar til a\u00f0 fylgjast me\u00f0 \u00e6vint\u00fdrum hans \u00e1 n\u00e6stu misserum.<\/p><p><\/p><figure class=\"wp-block-image size-large\"><img fetchpriority=\"high\" decoding=\"async\" width=\"1024\" height=\"1024\" src=\"https:\/\/grotta.is\/wp-content\/uploads\/2023\/12\/tomas-joh-1024x1024.jpg\" alt=\"\" class=\"wp-image-515125\" srcset=\"https:\/\/grotta.is\/wp-content\/uploads\/2023\/12\/tomas-joh-1024x1024.jpg 1024w, https:\/\/grotta.is\/wp-content\/uploads\/2023\/12\/tomas-joh-300x300.jpg 300w, https:\/\/grotta.is\/wp-content\/uploads\/2023\/12\/tomas-joh-150x150.jpg 150w, https:\/\/grotta.is\/wp-content\/uploads\/2023\/12\/tomas-joh-768x768.jpg 768w, https:\/\/grotta.is\/wp-content\/uploads\/2023\/12\/tomas-joh-12x12.jpg 12w, https:\/\/grotta.is\/wp-content\/uploads\/2023\/12\/tomas-joh-500x500.jpg 500w, https:\/\/grotta.is\/wp-content\/uploads\/2023\/12\/tomas-joh-600x600.jpg 600w, https:\/\/grotta.is\/wp-content\/uploads\/2023\/12\/tomas-joh-100x100.jpg 100w, https:\/\/grotta.is\/wp-content\/uploads\/2023\/12\/tomas-joh.jpg 1199w\" sizes=\"(max-width: 1024px) 100vw, 1024px\" \/><\/figure>","protected":false},"excerpt":{"rendered":"<p>T\u00f3mas Johannessen hefur gengi\u00f0 til li\u00f0s vi\u00f0 hollenska \u00farvalsdeildarf\u00e9lagi\u00f0 AZ Alkmaar og gerir vi\u00f0 \u00fea\u00f0 \u00feriggja \u00e1ra samning. Tommi er 16 \u00e1ra gamall og l\u00e9k \u00fer\u00e1tt fyrir ungan aldur lykilhlutverk [&hellip;]<\/p>","protected":false},"author":4,"featured_media":515125,"comment_status":"closed","ping_status":"closed","sticky":false,"template":"","format":"standard","meta":{"footnotes":""},"categories":[7],"tags":[6,20],"class_list":["post-515123","post","type-post","status-publish","format-standard","has-post-thumbnail","hentry","category-knattspyrnudeild","tag-knattspyrna","tag-mfl-kk"],"yoast_head":"<!-- This site is optimized with the Yoast SEO plugin v24.3 - https:\/\/yoast.com\/wordpress\/plugins\/seo\/ -->\n<title>Tommi til AZ Alkmaar - \u00cd\u00fer\u00f3ttaf\u00e9lagi\u00f0 Gr\u00f3tta<\/title>\n<meta name=\"robots\" content=\"index, follow, max-snippet:-1, max-image-preview:large, max-video-preview:-1\" \/>\n<link rel=\"canonical\" href=\"https:\/\/grotta.is\/en\/knattspyrnudeild\/tommi-til-az-alkmaar\/\" \/>\n<meta property=\"og:locale\" content=\"en_US\" \/>\n<meta property=\"og:type\" content=\"article\" \/>\n<meta property=\"og:title\" content=\"Tommi til AZ Alkmaar - \u00cd\u00fer\u00f3ttaf\u00e9lagi\u00f0 Gr\u00f3tta\" \/>\n<meta property=\"og:description\" content=\"T\u00f3mas Johannessen hefur gengi\u00f0 til li\u00f0s vi\u00f0 hollenska \u00farvalsdeildarf\u00e9lagi\u00f0 AZ Alkmaar og gerir vi\u00f0 \u00fea\u00f0 \u00feriggja \u00e1ra samning. Tommi er 16 \u00e1ra gamall og l\u00e9k \u00fer\u00e1tt fyrir ungan aldur lykilhlutverk [&hellip;]\" \/>\n<meta property=\"og:url\" content=\"https:\/\/grotta.is\/en\/knattspyrnudeild\/tommi-til-az-alkmaar\/\" \/>\n<meta property=\"og:site_name\" content=\"\u00cd\u00fer\u00f3ttaf\u00e9lagi\u00f0 Gr\u00f3tta\" \/>\n<meta property=\"article:publisher\" content=\"https:\/\/www.facebook.com\/grottasport\" \/>\n<meta property=\"article:published_time\" content=\"2023-12-21T10:57:13+00:00\" \/>\n<meta property=\"article:modified_time\" content=\"2023-12-21T10:57:17+00:00\" \/>\n<meta property=\"og:image\" content=\"https:\/\/grotta.is\/wp-content\/uploads\/2023\/12\/tomas-joh.jpg\" \/>\n\t<meta property=\"og:image:width\" content=\"1199\" \/>\n\t<meta property=\"og:image:height\" content=\"1199\" \/>\n\t<meta property=\"og:image:type\" content=\"image\/jpeg\" \/>\n<meta name=\"author\" content=\"J\u00f3runn M. \u00deorsteinsd\u00f3ttir\" \/>\n<meta name=\"twitter:card\" content=\"summary_large_image\" \/>\n<meta name=\"twitter:label1\" content=\"Written by\" \/>\n\t<meta name=\"twitter:data1\" content=\"J\u00f3runn M. \u00deorsteinsd\u00f3ttir\" \/>\n\t<meta name=\"twitter:label2\" content=\"Est. reading time\" \/>\n\t<meta name=\"twitter:data2\" content=\"2 minutes\" \/>\n<script type=\"application\/ld+json\" class=\"yoast-schema-graph\">{\"@context\":\"https:\/\/schema.org\",\"@graph\":[{\"@type\":\"Article\",\"@id\":\"https:\/\/grotta.is\/knattspyrnudeild\/tommi-til-az-alkmaar\/#article\",\"isPartOf\":{\"@id\":\"https:\/\/grotta.is\/knattspyrnudeild\/tommi-til-az-alkmaar\/\"},\"author\":{\"name\":\"J\u00f3runn M. \u00deorsteinsd\u00f3ttir\",\"@id\":\"https:\/\/grotta.is\/#\/schema\/person\/f1fea6a85a554e8069771c3486efbd84\"},\"headline\":\"Tommi til AZ Alkmaar\",\"datePublished\":\"2023-12-21T10:57:13+00:00\",\"dateModified\":\"2023-12-21T10:57:17+00:00\",\"mainEntityOfPage\":{\"@id\":\"https:\/\/grotta.is\/knattspyrnudeild\/tommi-til-az-alkmaar\/\"},\"wordCount\":243,\"publisher\":{\"@id\":\"https:\/\/grotta.is\/#organization\"},\"image\":{\"@id\":\"https:\/\/grotta.is\/knattspyrnudeild\/tommi-til-az-alkmaar\/#primaryimage\"},\"thumbnailUrl\":\"https:\/\/grotta.is\/wp-content\/uploads\/2023\/12\/tomas-joh.jpg\",\"keywords\":[\"Knattspyrna\",\"Mfl.kk\"],\"articleSection\":[\"Knattspyrnudeild\"],\"inLanguage\":\"en-US\"},{\"@type\":\"WebPage\",\"@id\":\"https:\/\/grotta.is\/knattspyrnudeild\/tommi-til-az-alkmaar\/\",\"url\":\"https:\/\/grotta.is\/knattspyrnudeild\/tommi-til-az-alkmaar\/\",\"name\":\"Tommi til AZ Alkmaar - \u00cd\u00fer\u00f3ttaf\u00e9lagi\u00f0 Gr\u00f3tta\",\"isPartOf\":{\"@id\":\"https:\/\/grotta.is\/#website\"},\"primaryImageOfPage\":{\"@id\":\"https:\/\/grotta.is\/knattspyrnudeild\/tommi-til-az-alkmaar\/#primaryimage\"},\"image\":{\"@id\":\"https:\/\/grotta.is\/knattspyrnudeild\/tommi-til-az-alkmaar\/#primaryimage\"},\"thumbnailUrl\":\"https:\/\/grotta.is\/wp-content\/uploads\/2023\/12\/tomas-joh.jpg\",\"datePublished\":\"2023-12-21T10:57:13+00:00\",\"dateModified\":\"2023-12-21T10:57:17+00:00\",\"breadcrumb\":{\"@id\":\"https:\/\/grotta.is\/knattspyrnudeild\/tommi-til-az-alkmaar\/#breadcrumb\"},\"inLanguage\":\"en-US\",\"potentialAction\":[{\"@type\":\"ReadAction\",\"target\":[\"https:\/\/grotta.is\/knattspyrnudeild\/tommi-til-az-alkmaar\/\"]}]},{\"@type\":\"ImageObject\",\"inLanguage\":\"en-US\",\"@id\":\"https:\/\/grotta.is\/knattspyrnudeild\/tommi-til-az-alkmaar\/#primaryimage\",\"url\":\"https:\/\/grotta.is\/wp-content\/uploads\/2023\/12\/tomas-joh.jpg\",\"contentUrl\":\"https:\/\/grotta.is\/wp-content\/uploads\/2023\/12\/tomas-joh.jpg\",\"width\":1199,\"height\":1199},{\"@type\":\"BreadcrumbList\",\"@id\":\"https:\/\/grotta.is\/knattspyrnudeild\/tommi-til-az-alkmaar\/#breadcrumb\",\"itemListElement\":[{\"@type\":\"ListItem\",\"position\":1,\"name\":\"Home\",\"item\":\"https:\/\/grotta.is\/\"},{\"@type\":\"ListItem\",\"position\":2,\"name\":\"Tommi til AZ Alkmaar\"}]},{\"@type\":\"WebSite\",\"@id\":\"https:\/\/grotta.is\/#website\",\"url\":\"https:\/\/grotta.is\/\",\"name\":\"\u00cd\u00fer\u00f3ttaf\u00e9lagi\u00f0 Gr\u00f3tta\",\"description\":\"\u00e1 Seltjarnarnesi\",\"publisher\":{\"@id\":\"https:\/\/grotta.is\/#organization\"},\"potentialAction\":[{\"@type\":\"SearchAction\",\"target\":{\"@type\":\"EntryPoint\",\"urlTemplate\":\"https:\/\/grotta.is\/?s={search_term_string}\"},\"query-input\":{\"@type\":\"PropertyValueSpecification\",\"valueRequired\":true,\"valueName\":\"search_term_string\"}}],\"inLanguage\":\"en-US\"},{\"@type\":\"Organization\",\"@id\":\"https:\/\/grotta.is\/#organization\",\"name\":\"\u00cd\u00fer\u00f3ttaf\u00e9lagi\u00f0 Gr\u00f3tta\",\"url\":\"https:\/\/grotta.is\/\",\"logo\":{\"@type\":\"ImageObject\",\"inLanguage\":\"en-US\",\"@id\":\"https:\/\/grotta.is\/#\/schema\/logo\/image\/\",\"url\":\"https:\/\/grotta.is\/wp-content\/uploads\/2020\/02\/ithrottafelagidgrotta_logo_512x512_transparent.png\",\"contentUrl\":\"https:\/\/grotta.is\/wp-content\/uploads\/2020\/02\/ithrottafelagidgrotta_logo_512x512_transparent.png\",\"width\":512,\"height\":512,\"caption\":\"\u00cd\u00fer\u00f3ttaf\u00e9lagi\u00f0 Gr\u00f3tta\"},\"image\":{\"@id\":\"https:\/\/grotta.is\/#\/schema\/logo\/image\/\"},\"sameAs\":[\"https:\/\/www.facebook.com\/grottasport\"]},{\"@type\":\"Person\",\"@id\":\"https:\/\/grotta.is\/#\/schema\/person\/f1fea6a85a554e8069771c3486efbd84\",\"name\":\"J\u00f3runn M. \u00deorsteinsd\u00f3ttir\",\"url\":\"https:\/\/grotta.is\/en\/author\/jorunn\/\"}]}<\/script>\n<!-- \/ Yoast SEO plugin. -->","yoast_head_json":{"title":"Tommi til AZ Alkmaar - \u00cd\u00fer\u00f3ttaf\u00e9lagi\u00f0 Gr\u00f3tta","robots":{"index":"index","follow":"follow","max-snippet":"max-snippet:-1","max-image-preview":"max-image-preview:large","max-video-preview":"max-video-preview:-1"},"canonical":"https:\/\/grotta.is\/en\/knattspyrnudeild\/tommi-til-az-alkmaar\/","og_locale":"en_US","og_type":"article","og_title":"Tommi til AZ Alkmaar - \u00cd\u00fer\u00f3ttaf\u00e9lagi\u00f0 Gr\u00f3tta","og_description":"T\u00f3mas Johannessen hefur gengi\u00f0 til li\u00f0s vi\u00f0 hollenska \u00farvalsdeildarf\u00e9lagi\u00f0 AZ Alkmaar og gerir vi\u00f0 \u00fea\u00f0 \u00feriggja \u00e1ra samning. Tommi er 16 \u00e1ra gamall og l\u00e9k \u00fer\u00e1tt fyrir ungan aldur lykilhlutverk [&hellip;]","og_url":"https:\/\/grotta.is\/en\/knattspyrnudeild\/tommi-til-az-alkmaar\/","og_site_name":"\u00cd\u00fer\u00f3ttaf\u00e9lagi\u00f0 Gr\u00f3tta","article_publisher":"https:\/\/www.facebook.com\/grottasport","article_published_time":"2023-12-21T10:57:13+00:00","article_modified_time":"2023-12-21T10:57:17+00:00","og_image":[{"width":1199,"height":1199,"url":"https:\/\/grotta.is\/wp-content\/uploads\/2023\/12\/tomas-joh.jpg","type":"image\/jpeg"}],"author":"J\u00f3runn M. \u00deorsteinsd\u00f3ttir","twitter_card":"summary_large_image","twitter_misc":{"Written by":"J\u00f3runn M. \u00deorsteinsd\u00f3ttir","Est. reading time":"2 minutes"},"schema":{"@context":"https:\/\/schema.org","@graph":[{"@type":"Article","@id":"https:\/\/grotta.is\/knattspyrnudeild\/tommi-til-az-alkmaar\/#article","isPartOf":{"@id":"https:\/\/grotta.is\/knattspyrnudeild\/tommi-til-az-alkmaar\/"},"author":{"name":"J\u00f3runn M. \u00deorsteinsd\u00f3ttir","@id":"https:\/\/grotta.is\/#\/schema\/person\/f1fea6a85a554e8069771c3486efbd84"},"headline":"Tommi til AZ Alkmaar","datePublished":"2023-12-21T10:57:13+00:00","dateModified":"2023-12-21T10:57:17+00:00","mainEntityOfPage":{"@id":"https:\/\/grotta.is\/knattspyrnudeild\/tommi-til-az-alkmaar\/"},"wordCount":243,"publisher":{"@id":"https:\/\/grotta.is\/#organization"},"image":{"@id":"https:\/\/grotta.is\/knattspyrnudeild\/tommi-til-az-alkmaar\/#primaryimage"},"thumbnailUrl":"https:\/\/grotta.is\/wp-content\/uploads\/2023\/12\/tomas-joh.jpg","keywords":["Knattspyrna","Mfl.kk"],"articleSection":["Knattspyrnudeild"],"inLanguage":"en-US"},{"@type":"WebPage","@id":"https:\/\/grotta.is\/knattspyrnudeild\/tommi-til-az-alkmaar\/","url":"https:\/\/grotta.is\/knattspyrnudeild\/tommi-til-az-alkmaar\/","name":"Tommi til AZ Alkmaar - \u00cd\u00fer\u00f3ttaf\u00e9lagi\u00f0 Gr\u00f3tta","isPartOf":{"@id":"https:\/\/grotta.is\/#website"},"primaryImageOfPage":{"@id":"https:\/\/grotta.is\/knattspyrnudeild\/tommi-til-az-alkmaar\/#primaryimage"},"image":{"@id":"https:\/\/grotta.is\/knattspyrnudeild\/tommi-til-az-alkmaar\/#primaryimage"},"thumbnailUrl":"https:\/\/grotta.is\/wp-content\/uploads\/2023\/12\/tomas-joh.jpg","datePublished":"2023-12-21T10:57:13+00:00","dateModified":"2023-12-21T10:57:17+00:00","breadcrumb":{"@id":"https:\/\/grotta.is\/knattspyrnudeild\/tommi-til-az-alkmaar\/#breadcrumb"},"inLanguage":"en-US","potentialAction":[{"@type":"ReadAction","target":["https:\/\/grotta.is\/knattspyrnudeild\/tommi-til-az-alkmaar\/"]}]},{"@type":"ImageObject","inLanguage":"en-US","@id":"https:\/\/grotta.is\/knattspyrnudeild\/tommi-til-az-alkmaar\/#primaryimage","url":"https:\/\/grotta.is\/wp-content\/uploads\/2023\/12\/tomas-joh.jpg","contentUrl":"https:\/\/grotta.is\/wp-content\/uploads\/2023\/12\/tomas-joh.jpg","width":1199,"height":1199},{"@type":"BreadcrumbList","@id":"https:\/\/grotta.is\/knattspyrnudeild\/tommi-til-az-alkmaar\/#breadcrumb","itemListElement":[{"@type":"ListItem","position":1,"name":"Home","item":"https:\/\/grotta.is\/"},{"@type":"ListItem","position":2,"name":"Tommi til AZ Alkmaar"}]},{"@type":"WebSite","@id":"https:\/\/grotta.is\/#website","url":"https:\/\/grotta.is\/","name":"\u00cd\u00fer\u00f3ttaf\u00e9lagi\u00f0 Gr\u00f3tta","description":"\u00e1 Seltjarnarnesi","publisher":{"@id":"https:\/\/grotta.is\/#organization"},"potentialAction":[{"@type":"SearchAction","target":{"@type":"EntryPoint","urlTemplate":"https:\/\/grotta.is\/?s={search_term_string}"},"query-input":{"@type":"PropertyValueSpecification","valueRequired":true,"valueName":"search_term_string"}}],"inLanguage":"en-US"},{"@type":"Organization","@id":"https:\/\/grotta.is\/#organization","name":"\u00cd\u00fer\u00f3ttaf\u00e9lagi\u00f0 Gr\u00f3tta","url":"https:\/\/grotta.is\/","logo":{"@type":"ImageObject","inLanguage":"en-US","@id":"https:\/\/grotta.is\/#\/schema\/logo\/image\/","url":"https:\/\/grotta.is\/wp-content\/uploads\/2020\/02\/ithrottafelagidgrotta_logo_512x512_transparent.png","contentUrl":"https:\/\/grotta.is\/wp-content\/uploads\/2020\/02\/ithrottafelagidgrotta_logo_512x512_transparent.png","width":512,"height":512,"caption":"\u00cd\u00fer\u00f3ttaf\u00e9lagi\u00f0 Gr\u00f3tta"},"image":{"@id":"https:\/\/grotta.is\/#\/schema\/logo\/image\/"},"sameAs":["https:\/\/www.facebook.com\/grottasport"]},{"@type":"Person","@id":"https:\/\/grotta.is\/#\/schema\/person\/f1fea6a85a554e8069771c3486efbd84","name":"J\u00f3runn M. \u00deorsteinsd\u00f3ttir","url":"https:\/\/grotta.is\/en\/author\/jorunn\/"}]}},"_links":{"self":[{"href":"https:\/\/grotta.is\/en\/wp-json\/wp\/v2\/posts\/515123","targetHints":{"allow":["GET"]}}],"collection":[{"href":"https:\/\/grotta.is\/en\/wp-json\/wp\/v2\/posts"}],"about":[{"href":"https:\/\/grotta.is\/en\/wp-json\/wp\/v2\/types\/post"}],"author":[{"embeddable":true,"href":"https:\/\/grotta.is\/en\/wp-json\/wp\/v2\/users\/4"}],"replies":[{"embeddable":true,"href":"https:\/\/grotta.is\/en\/wp-json\/wp\/v2\/comments?post=515123"}],"version-history":[{"count":1,"href":"https:\/\/grotta.is\/en\/wp-json\/wp\/v2\/posts\/515123\/revisions"}],"predecessor-version":[{"id":515126,"href":"https:\/\/grotta.is\/en\/wp-json\/wp\/v2\/posts\/515123\/revisions\/515126"}],"wp:featuredmedia":[{"embeddable":true,"href":"https:\/\/grotta.is\/en\/wp-json\/wp\/v2\/media\/515125"}],"wp:attachment":[{"href":"https:\/\/grotta.is\/en\/wp-json\/wp\/v2\/media?parent=515123"}],"wp:term":[{"taxonomy":"category","embeddable":true,"href":"https:\/\/grotta.is\/en\/wp-json\/wp\/v2\/categories?post=515123"},{"taxonomy":"post_tag","embeddable":true,"href":"https:\/\/grotta.is\/en\/wp-json\/wp\/v2\/tags?post=515123"}],"curies":[{"name":"wp","href":"https:\/\/api.w.org\/{rel}","templated":true}]}}