{"id":513432,"date":"2023-12-20T11:36:17","date_gmt":"2023-12-20T11:36:17","guid":{"rendered":"https:\/\/grotta.is\/?p=513432"},"modified":"2023-12-27T12:32:01","modified_gmt":"2023-12-27T12:32:01","slug":"aefingar-um-jol-og-opnunartimi-ithrottamannvirkja","status":"publish","type":"post","link":"https:\/\/grotta.is\/en\/almennt\/aefingar-um-jol-og-opnunartimi-ithrottamannvirkja\/","title":{"rendered":"\u00c6fingar um j\u00f3l og opnunart\u00edmi \u00cd\u00fer\u00f3ttamannvirkja"},"content":{"rendered":"<p>Opnunart\u00edmi og \u00e6fingar um h\u00e1t\u00ed\u00f0arnar<\/p><p>Knattspyrnu- og handknattleiksdeild Gr\u00f3ttu fara \u00ed j\u00f3lafr\u00ed fr\u00e1 og me\u00f0 deginum \u00ed dag, \u00feann 20. desember og munu \u00e6fingar hefjast aftur \u00feann 4.jan\u00faar \u00e1 n\u00fdju \u00e1ri. \u00dej\u00e1lfarar eiga n\u00fa \u00feegar a\u00f0 hafa fellt ni\u00f0ur allar \u00e6fingar \u00ed Sportabler hj\u00e1 yngri flokkum f\u00e9lagsins. <\/p><p>Fimleikadeild Gr\u00f3ttu mun \u00e6fa eins og venjulega fyrir utan \u00fea\u00f0 a\u00f0 vera \u00ed fr\u00ed \u00feessa hef\u00f0bundnu rau\u00f0u daga um h\u00e1t\u00ed\u00f0arnar.<\/p><p>Vallarh\u00fasi\u00f0 mun vera loka\u00f0 \u00e1 \u00feeim t\u00edma sem knattspyrnudeildin er \u00ed j\u00f3lafr\u00edi en \u00cd\u00fer\u00f3ttah\u00fasi\u00f0 ver\u00f0ur loka\u00f0 23. desember og opnar aftur mi\u00f0vikudaginn 27.desember. H\u00fasi\u00f0 ver\u00f0ur s\u00ed\u00f0an loka\u00f0 30. desember til og me\u00f0 1. jan\u00faar.<\/p><p>J\u00f3lakve\u00f0ja<\/p><p>\u00cd\u00fer\u00f3ttaf\u00e9lagi\u00f0 Gr\u00f3tta<\/p><figure class=\"wp-block-image size-full\"><img fetchpriority=\"high\" decoding=\"async\" width=\"842\" height=\"385\" src=\"https:\/\/grotta.is\/wp-content\/uploads\/2023\/12\/image.png\" alt=\"\" class=\"wp-image-514200\" srcset=\"https:\/\/grotta.is\/wp-content\/uploads\/2023\/12\/image.png 842w, https:\/\/grotta.is\/wp-content\/uploads\/2023\/12\/image-300x137.png 300w, https:\/\/grotta.is\/wp-content\/uploads\/2023\/12\/image-768x351.png 768w, https:\/\/grotta.is\/wp-content\/uploads\/2023\/12\/image-18x8.png 18w, https:\/\/grotta.is\/wp-content\/uploads\/2023\/12\/image-600x274.png 600w\" sizes=\"(max-width: 842px) 100vw, 842px\" \/><\/figure><p><\/p>","protected":false},"excerpt":{"rendered":"<p>Opnunart\u00edmi og \u00e6fingar um h\u00e1t\u00ed\u00f0arnar Knattspyrnu- og handknattleiksdeild Gr\u00f3ttu fara \u00ed j\u00f3lafr\u00ed fr\u00e1 og me\u00f0 deginum \u00ed dag, \u00feann 20. desember og munu \u00e6fingar hefjast aftur \u00feann 4.jan\u00faar \u00e1 n\u00fdju [&hellip;]<\/p>","protected":false},"author":13,"featured_media":514202,"comment_status":"closed","ping_status":"closed","sticky":false,"template":"","format":"standard","meta":{"footnotes":""},"categories":[4,9,12,7],"tags":[],"class_list":["post-513432","post","type-post","status-publish","format-standard","has-post-thumbnail","hentry","category-almennt","category-fimleikadeild","category-handknattleiksdeild","category-knattspyrnudeild"],"yoast_head":"<!-- This site is optimized with the Yoast SEO plugin v24.3 - https:\/\/yoast.com\/wordpress\/plugins\/seo\/ -->\n<title>\u00c6fingar um j\u00f3l og opnunart\u00edmi \u00cd\u00fer\u00f3ttamannvirkja - \u00cd\u00fer\u00f3ttaf\u00e9lagi\u00f0 Gr\u00f3tta<\/title>\n<meta name=\"robots\" content=\"index, follow, max-snippet:-1, max-image-preview:large, max-video-preview:-1\" \/>\n<link rel=\"canonical\" href=\"https:\/\/grotta.is\/en\/almennt\/aefingar-um-jol-og-opnunartimi-ithrottamannvirkja\/\" \/>\n<meta property=\"og:locale\" content=\"en_US\" \/>\n<meta property=\"og:type\" content=\"article\" \/>\n<meta property=\"og:title\" content=\"\u00c6fingar um j\u00f3l og opnunart\u00edmi \u00cd\u00fer\u00f3ttamannvirkja - \u00cd\u00fer\u00f3ttaf\u00e9lagi\u00f0 Gr\u00f3tta\" \/>\n<meta property=\"og:description\" content=\"Opnunart\u00edmi og \u00e6fingar um h\u00e1t\u00ed\u00f0arnar Knattspyrnu- og handknattleiksdeild Gr\u00f3ttu fara \u00ed j\u00f3lafr\u00ed fr\u00e1 og me\u00f0 deginum \u00ed dag, \u00feann 20. desember og munu \u00e6fingar hefjast aftur \u00feann 4.jan\u00faar \u00e1 n\u00fdju [&hellip;]\" \/>\n<meta property=\"og:url\" content=\"https:\/\/grotta.is\/en\/almennt\/aefingar-um-jol-og-opnunartimi-ithrottamannvirkja\/\" \/>\n<meta property=\"og:site_name\" content=\"\u00cd\u00fer\u00f3ttaf\u00e9lagi\u00f0 Gr\u00f3tta\" \/>\n<meta property=\"article:publisher\" content=\"https:\/\/www.facebook.com\/grottasport\" \/>\n<meta property=\"article:published_time\" content=\"2023-12-20T11:36:17+00:00\" \/>\n<meta property=\"article:modified_time\" content=\"2023-12-27T12:32:01+00:00\" \/>\n<meta property=\"og:image\" content=\"https:\/\/grotta.is\/wp-content\/uploads\/2023\/12\/skar-jol.png\" \/>\n\t<meta property=\"og:image:width\" content=\"492\" \/>\n\t<meta property=\"og:image:height\" content=\"286\" \/>\n\t<meta property=\"og:image:type\" content=\"image\/png\" \/>\n<meta name=\"author\" content=\"Hrafnhildur Sigurj\u00f3nsd\u00f3ttir\" \/>\n<meta name=\"twitter:card\" content=\"summary_large_image\" \/>\n<meta name=\"twitter:label1\" content=\"Written by\" \/>\n\t<meta name=\"twitter:data1\" content=\"Hrafnhildur Sigurj\u00f3nsd\u00f3ttir\" \/>\n\t<meta name=\"twitter:label2\" content=\"Est. reading time\" \/>\n\t<meta name=\"twitter:data2\" content=\"1 minute\" \/>\n<script type=\"application\/ld+json\" class=\"yoast-schema-graph\">{\"@context\":\"https:\/\/schema.org\",\"@graph\":[{\"@type\":\"Article\",\"@id\":\"https:\/\/grotta.is\/almennt\/aefingar-um-jol-og-opnunartimi-ithrottamannvirkja\/#article\",\"isPartOf\":{\"@id\":\"https:\/\/grotta.is\/almennt\/aefingar-um-jol-og-opnunartimi-ithrottamannvirkja\/\"},\"author\":{\"name\":\"Hrafnhildur Sigurj\u00f3nsd\u00f3ttir\",\"@id\":\"https:\/\/grotta.is\/#\/schema\/person\/ef1c56135facd925e36b1430a1db29c9\"},\"headline\":\"\u00c6fingar um j\u00f3l og opnunart\u00edmi \u00cd\u00fer\u00f3ttamannvirkja\",\"datePublished\":\"2023-12-20T11:36:17+00:00\",\"dateModified\":\"2023-12-27T12:32:01+00:00\",\"mainEntityOfPage\":{\"@id\":\"https:\/\/grotta.is\/almennt\/aefingar-um-jol-og-opnunartimi-ithrottamannvirkja\/\"},\"wordCount\":134,\"publisher\":{\"@id\":\"https:\/\/grotta.is\/#organization\"},\"image\":{\"@id\":\"https:\/\/grotta.is\/almennt\/aefingar-um-jol-og-opnunartimi-ithrottamannvirkja\/#primaryimage\"},\"thumbnailUrl\":\"https:\/\/grotta.is\/wp-content\/uploads\/2023\/12\/skar-jol.png\",\"articleSection\":[\"Almennt\",\"Fimleikadeild\",\"Handknattleiksdeild\",\"Knattspyrnudeild\"],\"inLanguage\":\"en-US\"},{\"@type\":\"WebPage\",\"@id\":\"https:\/\/grotta.is\/almennt\/aefingar-um-jol-og-opnunartimi-ithrottamannvirkja\/\",\"url\":\"https:\/\/grotta.is\/almennt\/aefingar-um-jol-og-opnunartimi-ithrottamannvirkja\/\",\"name\":\"\u00c6fingar um j\u00f3l og opnunart\u00edmi \u00cd\u00fer\u00f3ttamannvirkja - \u00cd\u00fer\u00f3ttaf\u00e9lagi\u00f0 Gr\u00f3tta\",\"isPartOf\":{\"@id\":\"https:\/\/grotta.is\/#website\"},\"primaryImageOfPage\":{\"@id\":\"https:\/\/grotta.is\/almennt\/aefingar-um-jol-og-opnunartimi-ithrottamannvirkja\/#primaryimage\"},\"image\":{\"@id\":\"https:\/\/grotta.is\/almennt\/aefingar-um-jol-og-opnunartimi-ithrottamannvirkja\/#primaryimage\"},\"thumbnailUrl\":\"https:\/\/grotta.is\/wp-content\/uploads\/2023\/12\/skar-jol.png\",\"datePublished\":\"2023-12-20T11:36:17+00:00\",\"dateModified\":\"2023-12-27T12:32:01+00:00\",\"breadcrumb\":{\"@id\":\"https:\/\/grotta.is\/almennt\/aefingar-um-jol-og-opnunartimi-ithrottamannvirkja\/#breadcrumb\"},\"inLanguage\":\"en-US\",\"potentialAction\":[{\"@type\":\"ReadAction\",\"target\":[\"https:\/\/grotta.is\/almennt\/aefingar-um-jol-og-opnunartimi-ithrottamannvirkja\/\"]}]},{\"@type\":\"ImageObject\",\"inLanguage\":\"en-US\",\"@id\":\"https:\/\/grotta.is\/almennt\/aefingar-um-jol-og-opnunartimi-ithrottamannvirkja\/#primaryimage\",\"url\":\"https:\/\/grotta.is\/wp-content\/uploads\/2023\/12\/skar-jol.png\",\"contentUrl\":\"https:\/\/grotta.is\/wp-content\/uploads\/2023\/12\/skar-jol.png\",\"width\":492,\"height\":286},{\"@type\":\"BreadcrumbList\",\"@id\":\"https:\/\/grotta.is\/almennt\/aefingar-um-jol-og-opnunartimi-ithrottamannvirkja\/#breadcrumb\",\"itemListElement\":[{\"@type\":\"ListItem\",\"position\":1,\"name\":\"Home\",\"item\":\"https:\/\/grotta.is\/\"},{\"@type\":\"ListItem\",\"position\":2,\"name\":\"\u00c6fingar um j\u00f3l og opnunart\u00edmi \u00cd\u00fer\u00f3ttamannvirkja\"}]},{\"@type\":\"WebSite\",\"@id\":\"https:\/\/grotta.is\/#website\",\"url\":\"https:\/\/grotta.is\/\",\"name\":\"\u00cd\u00fer\u00f3ttaf\u00e9lagi\u00f0 Gr\u00f3tta\",\"description\":\"\u00e1 Seltjarnarnesi\",\"publisher\":{\"@id\":\"https:\/\/grotta.is\/#organization\"},\"potentialAction\":[{\"@type\":\"SearchAction\",\"target\":{\"@type\":\"EntryPoint\",\"urlTemplate\":\"https:\/\/grotta.is\/?s={search_term_string}\"},\"query-input\":{\"@type\":\"PropertyValueSpecification\",\"valueRequired\":true,\"valueName\":\"search_term_string\"}}],\"inLanguage\":\"en-US\"},{\"@type\":\"Organization\",\"@id\":\"https:\/\/grotta.is\/#organization\",\"name\":\"\u00cd\u00fer\u00f3ttaf\u00e9lagi\u00f0 Gr\u00f3tta\",\"url\":\"https:\/\/grotta.is\/\",\"logo\":{\"@type\":\"ImageObject\",\"inLanguage\":\"en-US\",\"@id\":\"https:\/\/grotta.is\/#\/schema\/logo\/image\/\",\"url\":\"https:\/\/grotta.is\/wp-content\/uploads\/2020\/02\/ithrottafelagidgrotta_logo_512x512_transparent.png\",\"contentUrl\":\"https:\/\/grotta.is\/wp-content\/uploads\/2020\/02\/ithrottafelagidgrotta_logo_512x512_transparent.png\",\"width\":512,\"height\":512,\"caption\":\"\u00cd\u00fer\u00f3ttaf\u00e9lagi\u00f0 Gr\u00f3tta\"},\"image\":{\"@id\":\"https:\/\/grotta.is\/#\/schema\/logo\/image\/\"},\"sameAs\":[\"https:\/\/www.facebook.com\/grottasport\"]},{\"@type\":\"Person\",\"@id\":\"https:\/\/grotta.is\/#\/schema\/person\/ef1c56135facd925e36b1430a1db29c9\",\"name\":\"Hrafnhildur Sigurj\u00f3nsd\u00f3ttir\",\"url\":\"https:\/\/grotta.is\/en\/author\/hrafnhildur\/\"}]}<\/script>\n<!-- \/ Yoast SEO plugin. -->","yoast_head_json":{"title":"\u00c6fingar um j\u00f3l og opnunart\u00edmi \u00cd\u00fer\u00f3ttamannvirkja - \u00cd\u00fer\u00f3ttaf\u00e9lagi\u00f0 Gr\u00f3tta","robots":{"index":"index","follow":"follow","max-snippet":"max-snippet:-1","max-image-preview":"max-image-preview:large","max-video-preview":"max-video-preview:-1"},"canonical":"https:\/\/grotta.is\/en\/almennt\/aefingar-um-jol-og-opnunartimi-ithrottamannvirkja\/","og_locale":"en_US","og_type":"article","og_title":"\u00c6fingar um j\u00f3l og opnunart\u00edmi \u00cd\u00fer\u00f3ttamannvirkja - \u00cd\u00fer\u00f3ttaf\u00e9lagi\u00f0 Gr\u00f3tta","og_description":"Opnunart\u00edmi og \u00e6fingar um h\u00e1t\u00ed\u00f0arnar Knattspyrnu- og handknattleiksdeild Gr\u00f3ttu fara \u00ed j\u00f3lafr\u00ed fr\u00e1 og me\u00f0 deginum \u00ed dag, \u00feann 20. desember og munu \u00e6fingar hefjast aftur \u00feann 4.jan\u00faar \u00e1 n\u00fdju [&hellip;]","og_url":"https:\/\/grotta.is\/en\/almennt\/aefingar-um-jol-og-opnunartimi-ithrottamannvirkja\/","og_site_name":"\u00cd\u00fer\u00f3ttaf\u00e9lagi\u00f0 Gr\u00f3tta","article_publisher":"https:\/\/www.facebook.com\/grottasport","article_published_time":"2023-12-20T11:36:17+00:00","article_modified_time":"2023-12-27T12:32:01+00:00","og_image":[{"width":492,"height":286,"url":"https:\/\/grotta.is\/wp-content\/uploads\/2023\/12\/skar-jol.png","type":"image\/png"}],"author":"Hrafnhildur Sigurj\u00f3nsd\u00f3ttir","twitter_card":"summary_large_image","twitter_misc":{"Written by":"Hrafnhildur Sigurj\u00f3nsd\u00f3ttir","Est. reading time":"1 minute"},"schema":{"@context":"https:\/\/schema.org","@graph":[{"@type":"Article","@id":"https:\/\/grotta.is\/almennt\/aefingar-um-jol-og-opnunartimi-ithrottamannvirkja\/#article","isPartOf":{"@id":"https:\/\/grotta.is\/almennt\/aefingar-um-jol-og-opnunartimi-ithrottamannvirkja\/"},"author":{"name":"Hrafnhildur Sigurj\u00f3nsd\u00f3ttir","@id":"https:\/\/grotta.is\/#\/schema\/person\/ef1c56135facd925e36b1430a1db29c9"},"headline":"\u00c6fingar um j\u00f3l og opnunart\u00edmi \u00cd\u00fer\u00f3ttamannvirkja","datePublished":"2023-12-20T11:36:17+00:00","dateModified":"2023-12-27T12:32:01+00:00","mainEntityOfPage":{"@id":"https:\/\/grotta.is\/almennt\/aefingar-um-jol-og-opnunartimi-ithrottamannvirkja\/"},"wordCount":134,"publisher":{"@id":"https:\/\/grotta.is\/#organization"},"image":{"@id":"https:\/\/grotta.is\/almennt\/aefingar-um-jol-og-opnunartimi-ithrottamannvirkja\/#primaryimage"},"thumbnailUrl":"https:\/\/grotta.is\/wp-content\/uploads\/2023\/12\/skar-jol.png","articleSection":["Almennt","Fimleikadeild","Handknattleiksdeild","Knattspyrnudeild"],"inLanguage":"en-US"},{"@type":"WebPage","@id":"https:\/\/grotta.is\/almennt\/aefingar-um-jol-og-opnunartimi-ithrottamannvirkja\/","url":"https:\/\/grotta.is\/almennt\/aefingar-um-jol-og-opnunartimi-ithrottamannvirkja\/","name":"\u00c6fingar um j\u00f3l og opnunart\u00edmi \u00cd\u00fer\u00f3ttamannvirkja - \u00cd\u00fer\u00f3ttaf\u00e9lagi\u00f0 Gr\u00f3tta","isPartOf":{"@id":"https:\/\/grotta.is\/#website"},"primaryImageOfPage":{"@id":"https:\/\/grotta.is\/almennt\/aefingar-um-jol-og-opnunartimi-ithrottamannvirkja\/#primaryimage"},"image":{"@id":"https:\/\/grotta.is\/almennt\/aefingar-um-jol-og-opnunartimi-ithrottamannvirkja\/#primaryimage"},"thumbnailUrl":"https:\/\/grotta.is\/wp-content\/uploads\/2023\/12\/skar-jol.png","datePublished":"2023-12-20T11:36:17+00:00","dateModified":"2023-12-27T12:32:01+00:00","breadcrumb":{"@id":"https:\/\/grotta.is\/almennt\/aefingar-um-jol-og-opnunartimi-ithrottamannvirkja\/#breadcrumb"},"inLanguage":"en-US","potentialAction":[{"@type":"ReadAction","target":["https:\/\/grotta.is\/almennt\/aefingar-um-jol-og-opnunartimi-ithrottamannvirkja\/"]}]},{"@type":"ImageObject","inLanguage":"en-US","@id":"https:\/\/grotta.is\/almennt\/aefingar-um-jol-og-opnunartimi-ithrottamannvirkja\/#primaryimage","url":"https:\/\/grotta.is\/wp-content\/uploads\/2023\/12\/skar-jol.png","contentUrl":"https:\/\/grotta.is\/wp-content\/uploads\/2023\/12\/skar-jol.png","width":492,"height":286},{"@type":"BreadcrumbList","@id":"https:\/\/grotta.is\/almennt\/aefingar-um-jol-og-opnunartimi-ithrottamannvirkja\/#breadcrumb","itemListElement":[{"@type":"ListItem","position":1,"name":"Home","item":"https:\/\/grotta.is\/"},{"@type":"ListItem","position":2,"name":"\u00c6fingar um j\u00f3l og opnunart\u00edmi \u00cd\u00fer\u00f3ttamannvirkja"}]},{"@type":"WebSite","@id":"https:\/\/grotta.is\/#website","url":"https:\/\/grotta.is\/","name":"\u00cd\u00fer\u00f3ttaf\u00e9lagi\u00f0 Gr\u00f3tta","description":"\u00e1 Seltjarnarnesi","publisher":{"@id":"https:\/\/grotta.is\/#organization"},"potentialAction":[{"@type":"SearchAction","target":{"@type":"EntryPoint","urlTemplate":"https:\/\/grotta.is\/?s={search_term_string}"},"query-input":{"@type":"PropertyValueSpecification","valueRequired":true,"valueName":"search_term_string"}}],"inLanguage":"en-US"},{"@type":"Organization","@id":"https:\/\/grotta.is\/#organization","name":"\u00cd\u00fer\u00f3ttaf\u00e9lagi\u00f0 Gr\u00f3tta","url":"https:\/\/grotta.is\/","logo":{"@type":"ImageObject","inLanguage":"en-US","@id":"https:\/\/grotta.is\/#\/schema\/logo\/image\/","url":"https:\/\/grotta.is\/wp-content\/uploads\/2020\/02\/ithrottafelagidgrotta_logo_512x512_transparent.png","contentUrl":"https:\/\/grotta.is\/wp-content\/uploads\/2020\/02\/ithrottafelagidgrotta_logo_512x512_transparent.png","width":512,"height":512,"caption":"\u00cd\u00fer\u00f3ttaf\u00e9lagi\u00f0 Gr\u00f3tta"},"image":{"@id":"https:\/\/grotta.is\/#\/schema\/logo\/image\/"},"sameAs":["https:\/\/www.facebook.com\/grottasport"]},{"@type":"Person","@id":"https:\/\/grotta.is\/#\/schema\/person\/ef1c56135facd925e36b1430a1db29c9","name":"Hrafnhildur Sigurj\u00f3nsd\u00f3ttir","url":"https:\/\/grotta.is\/en\/author\/hrafnhildur\/"}]}},"_links":{"self":[{"href":"https:\/\/grotta.is\/en\/wp-json\/wp\/v2\/posts\/513432","targetHints":{"allow":["GET"]}}],"collection":[{"href":"https:\/\/grotta.is\/en\/wp-json\/wp\/v2\/posts"}],"about":[{"href":"https:\/\/grotta.is\/en\/wp-json\/wp\/v2\/types\/post"}],"author":[{"embeddable":true,"href":"https:\/\/grotta.is\/en\/wp-json\/wp\/v2\/users\/13"}],"replies":[{"embeddable":true,"href":"https:\/\/grotta.is\/en\/wp-json\/wp\/v2\/comments?post=513432"}],"version-history":[{"count":3,"href":"https:\/\/grotta.is\/en\/wp-json\/wp\/v2\/posts\/513432\/revisions"}],"predecessor-version":[{"id":520281,"href":"https:\/\/grotta.is\/en\/wp-json\/wp\/v2\/posts\/513432\/revisions\/520281"}],"wp:featuredmedia":[{"embeddable":true,"href":"https:\/\/grotta.is\/en\/wp-json\/wp\/v2\/media\/514202"}],"wp:attachment":[{"href":"https:\/\/grotta.is\/en\/wp-json\/wp\/v2\/media?parent=513432"}],"wp:term":[{"taxonomy":"category","embeddable":true,"href":"https:\/\/grotta.is\/en\/wp-json\/wp\/v2\/categories?post=513432"},{"taxonomy":"post_tag","embeddable":true,"href":"https:\/\/grotta.is\/en\/wp-json\/wp\/v2\/tags?post=513432"}],"curies":[{"name":"wp","href":"https:\/\/api.w.org\/{rel}","templated":true}]}}