{"id":511845,"date":"2023-12-17T23:09:19","date_gmt":"2023-12-17T23:09:19","guid":{"rendered":"https:\/\/grotta.is\/?p=511845"},"modified":"2023-12-17T23:09:21","modified_gmt":"2023-12-17T23:09:21","slug":"helgi-skirnir-valinn-i-u16-ara-landslid-karla","status":"publish","type":"post","link":"https:\/\/grotta.is\/en\/handknattleiksdeild\/helgi-skirnir-valinn-i-u16-ara-landslid-karla\/","title":{"rendered":"Helgi Sk\u00edrnir valinn \u00ed U16 \u00e1ra landsli\u00f0 karla"},"content":{"rendered":"<p>\u00cd seinustu viku var vali\u00f0 \u00ed U16 \u00e1ra landsli\u00f0 karla fyrir n\u00e6sta verkefni sem ver\u00f0ur \u00ed lok desember. \u00cd h\u00f3pnum var okkar ma\u00f0ur Helgi Sk\u00edrnir Magn\u00fasson. Li\u00f0i\u00f0 mun koma saman 18.desember og \u00e6fa fram a\u00f0 j\u00f3lum<\/p><p>Vi\u00f0 \u00f3skum Helga Sk\u00edrni til hamingju me\u00f0 vali\u00f0 og \u00f3skum honum g\u00f3\u00f0s gengis \u00e1 \u00e6fingunum.<\/p>","protected":false},"excerpt":{"rendered":"<p>\u00cd seinustu viku var vali\u00f0 \u00ed U16 \u00e1ra landsli\u00f0 karla fyrir n\u00e6sta verkefni sem ver\u00f0ur \u00ed lok desember. \u00cd h\u00f3pnum var okkar ma\u00f0ur Helgi Sk\u00edrnir Magn\u00fasson. Li\u00f0i\u00f0 mun koma saman [&hellip;]<\/p>","protected":false},"author":10,"featured_media":511846,"comment_status":"closed","ping_status":"closed","sticky":false,"template":"","format":"standard","meta":{"footnotes":""},"categories":[12],"tags":[13,22,15],"class_list":["post-511845","post","type-post","status-publish","format-standard","has-post-thumbnail","hentry","category-handknattleiksdeild","tag-handbolti","tag-landslid","tag-yngri-flokkar"],"yoast_head":"<!-- This site is optimized with the Yoast SEO plugin v24.3 - https:\/\/yoast.com\/wordpress\/plugins\/seo\/ -->\n<title>Helgi Sk\u00edrnir valinn \u00ed U16 \u00e1ra landsli\u00f0 karla - \u00cd\u00fer\u00f3ttaf\u00e9lagi\u00f0 Gr\u00f3tta<\/title>\n<meta name=\"robots\" content=\"index, follow, max-snippet:-1, max-image-preview:large, max-video-preview:-1\" \/>\n<link rel=\"canonical\" href=\"https:\/\/grotta.is\/en\/handknattleiksdeild\/helgi-skirnir-valinn-i-u16-ara-landslid-karla\/\" \/>\n<meta property=\"og:locale\" content=\"en_US\" \/>\n<meta property=\"og:type\" content=\"article\" \/>\n<meta property=\"og:title\" content=\"Helgi Sk\u00edrnir valinn \u00ed U16 \u00e1ra landsli\u00f0 karla - \u00cd\u00fer\u00f3ttaf\u00e9lagi\u00f0 Gr\u00f3tta\" \/>\n<meta property=\"og:description\" content=\"\u00cd seinustu viku var vali\u00f0 \u00ed U16 \u00e1ra landsli\u00f0 karla fyrir n\u00e6sta verkefni sem ver\u00f0ur \u00ed lok desember. \u00cd h\u00f3pnum var okkar ma\u00f0ur Helgi Sk\u00edrnir Magn\u00fasson. Li\u00f0i\u00f0 mun koma saman [&hellip;]\" \/>\n<meta property=\"og:url\" content=\"https:\/\/grotta.is\/en\/handknattleiksdeild\/helgi-skirnir-valinn-i-u16-ara-landslid-karla\/\" \/>\n<meta property=\"og:site_name\" content=\"\u00cd\u00fer\u00f3ttaf\u00e9lagi\u00f0 Gr\u00f3tta\" \/>\n<meta property=\"article:publisher\" content=\"https:\/\/www.facebook.com\/grottasport\" \/>\n<meta property=\"article:published_time\" content=\"2023-12-17T23:09:19+00:00\" \/>\n<meta property=\"article:modified_time\" content=\"2023-12-17T23:09:21+00:00\" \/>\n<meta property=\"og:image\" content=\"https:\/\/grotta.is\/wp-content\/uploads\/2023\/12\/1DX27240.jpg\" \/>\n\t<meta property=\"og:image:width\" content=\"2400\" \/>\n\t<meta property=\"og:image:height\" content=\"1600\" \/>\n\t<meta property=\"og:image:type\" content=\"image\/jpeg\" \/>\n<meta name=\"author\" content=\"Andri Sigf\u00fasson\" \/>\n<meta name=\"twitter:card\" content=\"summary_large_image\" \/>\n<meta name=\"twitter:label1\" content=\"Written by\" \/>\n\t<meta name=\"twitter:data1\" content=\"Andri Sigf\u00fasson\" \/>\n\t<meta name=\"twitter:label2\" content=\"Est. reading time\" \/>\n\t<meta name=\"twitter:data2\" content=\"1 minute\" \/>\n<script type=\"application\/ld+json\" class=\"yoast-schema-graph\">{\"@context\":\"https:\/\/schema.org\",\"@graph\":[{\"@type\":\"Article\",\"@id\":\"https:\/\/grotta.is\/handknattleiksdeild\/helgi-skirnir-valinn-i-u16-ara-landslid-karla\/#article\",\"isPartOf\":{\"@id\":\"https:\/\/grotta.is\/handknattleiksdeild\/helgi-skirnir-valinn-i-u16-ara-landslid-karla\/\"},\"author\":{\"name\":\"Andri Sigf\u00fasson\",\"@id\":\"https:\/\/grotta.is\/#\/schema\/person\/b21e9d5dfd92c90211e343e8d7252b1c\"},\"headline\":\"Helgi Sk\u00edrnir valinn \u00ed U16 \u00e1ra landsli\u00f0 karla\",\"datePublished\":\"2023-12-17T23:09:19+00:00\",\"dateModified\":\"2023-12-17T23:09:21+00:00\",\"mainEntityOfPage\":{\"@id\":\"https:\/\/grotta.is\/handknattleiksdeild\/helgi-skirnir-valinn-i-u16-ara-landslid-karla\/\"},\"wordCount\":64,\"publisher\":{\"@id\":\"https:\/\/grotta.is\/#organization\"},\"image\":{\"@id\":\"https:\/\/grotta.is\/handknattleiksdeild\/helgi-skirnir-valinn-i-u16-ara-landslid-karla\/#primaryimage\"},\"thumbnailUrl\":\"https:\/\/grotta.is\/wp-content\/uploads\/2023\/12\/1DX27240.jpg\",\"keywords\":[\"Handbolti\",\"Landsli\u00f0\",\"Yngri flokkar\"],\"articleSection\":[\"Handknattleiksdeild\"],\"inLanguage\":\"en-US\"},{\"@type\":\"WebPage\",\"@id\":\"https:\/\/grotta.is\/handknattleiksdeild\/helgi-skirnir-valinn-i-u16-ara-landslid-karla\/\",\"url\":\"https:\/\/grotta.is\/handknattleiksdeild\/helgi-skirnir-valinn-i-u16-ara-landslid-karla\/\",\"name\":\"Helgi Sk\u00edrnir valinn \u00ed U16 \u00e1ra landsli\u00f0 karla - \u00cd\u00fer\u00f3ttaf\u00e9lagi\u00f0 Gr\u00f3tta\",\"isPartOf\":{\"@id\":\"https:\/\/grotta.is\/#website\"},\"primaryImageOfPage\":{\"@id\":\"https:\/\/grotta.is\/handknattleiksdeild\/helgi-skirnir-valinn-i-u16-ara-landslid-karla\/#primaryimage\"},\"image\":{\"@id\":\"https:\/\/grotta.is\/handknattleiksdeild\/helgi-skirnir-valinn-i-u16-ara-landslid-karla\/#primaryimage\"},\"thumbnailUrl\":\"https:\/\/grotta.is\/wp-content\/uploads\/2023\/12\/1DX27240.jpg\",\"datePublished\":\"2023-12-17T23:09:19+00:00\",\"dateModified\":\"2023-12-17T23:09:21+00:00\",\"breadcrumb\":{\"@id\":\"https:\/\/grotta.is\/handknattleiksdeild\/helgi-skirnir-valinn-i-u16-ara-landslid-karla\/#breadcrumb\"},\"inLanguage\":\"en-US\",\"potentialAction\":[{\"@type\":\"ReadAction\",\"target\":[\"https:\/\/grotta.is\/handknattleiksdeild\/helgi-skirnir-valinn-i-u16-ara-landslid-karla\/\"]}]},{\"@type\":\"ImageObject\",\"inLanguage\":\"en-US\",\"@id\":\"https:\/\/grotta.is\/handknattleiksdeild\/helgi-skirnir-valinn-i-u16-ara-landslid-karla\/#primaryimage\",\"url\":\"https:\/\/grotta.is\/wp-content\/uploads\/2023\/12\/1DX27240.jpg\",\"contentUrl\":\"https:\/\/grotta.is\/wp-content\/uploads\/2023\/12\/1DX27240.jpg\",\"width\":2400,\"height\":1600},{\"@type\":\"BreadcrumbList\",\"@id\":\"https:\/\/grotta.is\/handknattleiksdeild\/helgi-skirnir-valinn-i-u16-ara-landslid-karla\/#breadcrumb\",\"itemListElement\":[{\"@type\":\"ListItem\",\"position\":1,\"name\":\"Home\",\"item\":\"https:\/\/grotta.is\/\"},{\"@type\":\"ListItem\",\"position\":2,\"name\":\"Helgi Sk\u00edrnir valinn \u00ed U16 \u00e1ra landsli\u00f0 karla\"}]},{\"@type\":\"WebSite\",\"@id\":\"https:\/\/grotta.is\/#website\",\"url\":\"https:\/\/grotta.is\/\",\"name\":\"\u00cd\u00fer\u00f3ttaf\u00e9lagi\u00f0 Gr\u00f3tta\",\"description\":\"\u00e1 Seltjarnarnesi\",\"publisher\":{\"@id\":\"https:\/\/grotta.is\/#organization\"},\"potentialAction\":[{\"@type\":\"SearchAction\",\"target\":{\"@type\":\"EntryPoint\",\"urlTemplate\":\"https:\/\/grotta.is\/?s={search_term_string}\"},\"query-input\":{\"@type\":\"PropertyValueSpecification\",\"valueRequired\":true,\"valueName\":\"search_term_string\"}}],\"inLanguage\":\"en-US\"},{\"@type\":\"Organization\",\"@id\":\"https:\/\/grotta.is\/#organization\",\"name\":\"\u00cd\u00fer\u00f3ttaf\u00e9lagi\u00f0 Gr\u00f3tta\",\"url\":\"https:\/\/grotta.is\/\",\"logo\":{\"@type\":\"ImageObject\",\"inLanguage\":\"en-US\",\"@id\":\"https:\/\/grotta.is\/#\/schema\/logo\/image\/\",\"url\":\"https:\/\/grotta.is\/wp-content\/uploads\/2020\/02\/ithrottafelagidgrotta_logo_512x512_transparent.png\",\"contentUrl\":\"https:\/\/grotta.is\/wp-content\/uploads\/2020\/02\/ithrottafelagidgrotta_logo_512x512_transparent.png\",\"width\":512,\"height\":512,\"caption\":\"\u00cd\u00fer\u00f3ttaf\u00e9lagi\u00f0 Gr\u00f3tta\"},\"image\":{\"@id\":\"https:\/\/grotta.is\/#\/schema\/logo\/image\/\"},\"sameAs\":[\"https:\/\/www.facebook.com\/grottasport\"]},{\"@type\":\"Person\",\"@id\":\"https:\/\/grotta.is\/#\/schema\/person\/b21e9d5dfd92c90211e343e8d7252b1c\",\"name\":\"Andri Sigf\u00fasson\",\"url\":\"https:\/\/grotta.is\/en\/author\/andri\/\"}]}<\/script>\n<!-- \/ Yoast SEO plugin. -->","yoast_head_json":{"title":"Helgi Sk\u00edrnir valinn \u00ed U16 \u00e1ra landsli\u00f0 karla - \u00cd\u00fer\u00f3ttaf\u00e9lagi\u00f0 Gr\u00f3tta","robots":{"index":"index","follow":"follow","max-snippet":"max-snippet:-1","max-image-preview":"max-image-preview:large","max-video-preview":"max-video-preview:-1"},"canonical":"https:\/\/grotta.is\/en\/handknattleiksdeild\/helgi-skirnir-valinn-i-u16-ara-landslid-karla\/","og_locale":"en_US","og_type":"article","og_title":"Helgi Sk\u00edrnir valinn \u00ed U16 \u00e1ra landsli\u00f0 karla - \u00cd\u00fer\u00f3ttaf\u00e9lagi\u00f0 Gr\u00f3tta","og_description":"\u00cd seinustu viku var vali\u00f0 \u00ed U16 \u00e1ra landsli\u00f0 karla fyrir n\u00e6sta verkefni sem ver\u00f0ur \u00ed lok desember. \u00cd h\u00f3pnum var okkar ma\u00f0ur Helgi Sk\u00edrnir Magn\u00fasson. Li\u00f0i\u00f0 mun koma saman [&hellip;]","og_url":"https:\/\/grotta.is\/en\/handknattleiksdeild\/helgi-skirnir-valinn-i-u16-ara-landslid-karla\/","og_site_name":"\u00cd\u00fer\u00f3ttaf\u00e9lagi\u00f0 Gr\u00f3tta","article_publisher":"https:\/\/www.facebook.com\/grottasport","article_published_time":"2023-12-17T23:09:19+00:00","article_modified_time":"2023-12-17T23:09:21+00:00","og_image":[{"width":2400,"height":1600,"url":"https:\/\/grotta.is\/wp-content\/uploads\/2023\/12\/1DX27240.jpg","type":"image\/jpeg"}],"author":"Andri Sigf\u00fasson","twitter_card":"summary_large_image","twitter_misc":{"Written by":"Andri Sigf\u00fasson","Est. reading time":"1 minute"},"schema":{"@context":"https:\/\/schema.org","@graph":[{"@type":"Article","@id":"https:\/\/grotta.is\/handknattleiksdeild\/helgi-skirnir-valinn-i-u16-ara-landslid-karla\/#article","isPartOf":{"@id":"https:\/\/grotta.is\/handknattleiksdeild\/helgi-skirnir-valinn-i-u16-ara-landslid-karla\/"},"author":{"name":"Andri Sigf\u00fasson","@id":"https:\/\/grotta.is\/#\/schema\/person\/b21e9d5dfd92c90211e343e8d7252b1c"},"headline":"Helgi Sk\u00edrnir valinn \u00ed U16 \u00e1ra landsli\u00f0 karla","datePublished":"2023-12-17T23:09:19+00:00","dateModified":"2023-12-17T23:09:21+00:00","mainEntityOfPage":{"@id":"https:\/\/grotta.is\/handknattleiksdeild\/helgi-skirnir-valinn-i-u16-ara-landslid-karla\/"},"wordCount":64,"publisher":{"@id":"https:\/\/grotta.is\/#organization"},"image":{"@id":"https:\/\/grotta.is\/handknattleiksdeild\/helgi-skirnir-valinn-i-u16-ara-landslid-karla\/#primaryimage"},"thumbnailUrl":"https:\/\/grotta.is\/wp-content\/uploads\/2023\/12\/1DX27240.jpg","keywords":["Handbolti","Landsli\u00f0","Yngri flokkar"],"articleSection":["Handknattleiksdeild"],"inLanguage":"en-US"},{"@type":"WebPage","@id":"https:\/\/grotta.is\/handknattleiksdeild\/helgi-skirnir-valinn-i-u16-ara-landslid-karla\/","url":"https:\/\/grotta.is\/handknattleiksdeild\/helgi-skirnir-valinn-i-u16-ara-landslid-karla\/","name":"Helgi Sk\u00edrnir valinn \u00ed U16 \u00e1ra landsli\u00f0 karla - \u00cd\u00fer\u00f3ttaf\u00e9lagi\u00f0 Gr\u00f3tta","isPartOf":{"@id":"https:\/\/grotta.is\/#website"},"primaryImageOfPage":{"@id":"https:\/\/grotta.is\/handknattleiksdeild\/helgi-skirnir-valinn-i-u16-ara-landslid-karla\/#primaryimage"},"image":{"@id":"https:\/\/grotta.is\/handknattleiksdeild\/helgi-skirnir-valinn-i-u16-ara-landslid-karla\/#primaryimage"},"thumbnailUrl":"https:\/\/grotta.is\/wp-content\/uploads\/2023\/12\/1DX27240.jpg","datePublished":"2023-12-17T23:09:19+00:00","dateModified":"2023-12-17T23:09:21+00:00","breadcrumb":{"@id":"https:\/\/grotta.is\/handknattleiksdeild\/helgi-skirnir-valinn-i-u16-ara-landslid-karla\/#breadcrumb"},"inLanguage":"en-US","potentialAction":[{"@type":"ReadAction","target":["https:\/\/grotta.is\/handknattleiksdeild\/helgi-skirnir-valinn-i-u16-ara-landslid-karla\/"]}]},{"@type":"ImageObject","inLanguage":"en-US","@id":"https:\/\/grotta.is\/handknattleiksdeild\/helgi-skirnir-valinn-i-u16-ara-landslid-karla\/#primaryimage","url":"https:\/\/grotta.is\/wp-content\/uploads\/2023\/12\/1DX27240.jpg","contentUrl":"https:\/\/grotta.is\/wp-content\/uploads\/2023\/12\/1DX27240.jpg","width":2400,"height":1600},{"@type":"BreadcrumbList","@id":"https:\/\/grotta.is\/handknattleiksdeild\/helgi-skirnir-valinn-i-u16-ara-landslid-karla\/#breadcrumb","itemListElement":[{"@type":"ListItem","position":1,"name":"Home","item":"https:\/\/grotta.is\/"},{"@type":"ListItem","position":2,"name":"Helgi Sk\u00edrnir valinn \u00ed U16 \u00e1ra landsli\u00f0 karla"}]},{"@type":"WebSite","@id":"https:\/\/grotta.is\/#website","url":"https:\/\/grotta.is\/","name":"\u00cd\u00fer\u00f3ttaf\u00e9lagi\u00f0 Gr\u00f3tta","description":"\u00e1 Seltjarnarnesi","publisher":{"@id":"https:\/\/grotta.is\/#organization"},"potentialAction":[{"@type":"SearchAction","target":{"@type":"EntryPoint","urlTemplate":"https:\/\/grotta.is\/?s={search_term_string}"},"query-input":{"@type":"PropertyValueSpecification","valueRequired":true,"valueName":"search_term_string"}}],"inLanguage":"en-US"},{"@type":"Organization","@id":"https:\/\/grotta.is\/#organization","name":"\u00cd\u00fer\u00f3ttaf\u00e9lagi\u00f0 Gr\u00f3tta","url":"https:\/\/grotta.is\/","logo":{"@type":"ImageObject","inLanguage":"en-US","@id":"https:\/\/grotta.is\/#\/schema\/logo\/image\/","url":"https:\/\/grotta.is\/wp-content\/uploads\/2020\/02\/ithrottafelagidgrotta_logo_512x512_transparent.png","contentUrl":"https:\/\/grotta.is\/wp-content\/uploads\/2020\/02\/ithrottafelagidgrotta_logo_512x512_transparent.png","width":512,"height":512,"caption":"\u00cd\u00fer\u00f3ttaf\u00e9lagi\u00f0 Gr\u00f3tta"},"image":{"@id":"https:\/\/grotta.is\/#\/schema\/logo\/image\/"},"sameAs":["https:\/\/www.facebook.com\/grottasport"]},{"@type":"Person","@id":"https:\/\/grotta.is\/#\/schema\/person\/b21e9d5dfd92c90211e343e8d7252b1c","name":"Andri Sigf\u00fasson","url":"https:\/\/grotta.is\/en\/author\/andri\/"}]}},"_links":{"self":[{"href":"https:\/\/grotta.is\/en\/wp-json\/wp\/v2\/posts\/511845","targetHints":{"allow":["GET"]}}],"collection":[{"href":"https:\/\/grotta.is\/en\/wp-json\/wp\/v2\/posts"}],"about":[{"href":"https:\/\/grotta.is\/en\/wp-json\/wp\/v2\/types\/post"}],"author":[{"embeddable":true,"href":"https:\/\/grotta.is\/en\/wp-json\/wp\/v2\/users\/10"}],"replies":[{"embeddable":true,"href":"https:\/\/grotta.is\/en\/wp-json\/wp\/v2\/comments?post=511845"}],"version-history":[{"count":1,"href":"https:\/\/grotta.is\/en\/wp-json\/wp\/v2\/posts\/511845\/revisions"}],"predecessor-version":[{"id":511847,"href":"https:\/\/grotta.is\/en\/wp-json\/wp\/v2\/posts\/511845\/revisions\/511847"}],"wp:featuredmedia":[{"embeddable":true,"href":"https:\/\/grotta.is\/en\/wp-json\/wp\/v2\/media\/511846"}],"wp:attachment":[{"href":"https:\/\/grotta.is\/en\/wp-json\/wp\/v2\/media?parent=511845"}],"wp:term":[{"taxonomy":"category","embeddable":true,"href":"https:\/\/grotta.is\/en\/wp-json\/wp\/v2\/categories?post=511845"},{"taxonomy":"post_tag","embeddable":true,"href":"https:\/\/grotta.is\/en\/wp-json\/wp\/v2\/tags?post=511845"}],"curies":[{"name":"wp","href":"https:\/\/api.w.org\/{rel}","templated":true}]}}