{"id":511837,"date":"2023-12-17T23:07:19","date_gmt":"2023-12-17T23:07:19","guid":{"rendered":"https:\/\/grotta.is\/?p=511837"},"modified":"2023-12-17T23:08:16","modified_gmt":"2023-12-17T23:08:16","slug":"antoine-oskar-valinn-i-u18-ara-landslidid","status":"publish","type":"post","link":"https:\/\/grotta.is\/en\/handknattleiksdeild\/antoine-oskar-valinn-i-u18-ara-landslidid\/","title":{"rendered":"Antoine \u00d3skar valinn \u00ed U18 \u00e1ra landsli\u00f0i\u00f0"},"content":{"rendered":"<p>\u00c1 d\u00f6gunum var vali\u00f0 \u00ed U18 \u00e1ra landsli\u00f0 karla fyrir n\u00e6sta verkefni sem ver\u00f0ur \u00ed lok desember. \u00cd h\u00f3pnum var Antoine \u00d3skar Pantano l\u00edkt og undanfarin skipti. Li\u00f0i\u00f0 mun koma saman 18.desember og \u00e6fa fram a\u00f0 j\u00f3lum. Milli j\u00f3la og n\u00fd\u00e1rs mun li\u00f0i\u00f0 s\u00ed\u00f0an fara \u00e1 geysisterkt \u00e6fingam\u00f3t \u00ed \u00de\u00fdskalandi, Sparkassen Cup.<\/p><p>Antoine \u00d3skar h\u00e9lt upp \u00e1 \u00feetta val me\u00f0 virkilega flottum leik me\u00f0 meistaraflokki gegn Selfyssingum \u00fear sem hann skora\u00f0i 5 m\u00f6rk, var me\u00f0 6 sk\u00f6pu\u00f0 f\u00e6ri fyrir li\u00f0sf\u00e9laga s\u00edna og eitt fiska\u00f0 v\u00edti.<\/p><p>Til hamingju Antoine og gangi \u00fe\u00e9r vel !<\/p>","protected":false},"excerpt":{"rendered":"<p>\u00c1 d\u00f6gunum var vali\u00f0 \u00ed U18 \u00e1ra landsli\u00f0 karla fyrir n\u00e6sta verkefni sem ver\u00f0ur \u00ed lok desember. \u00cd h\u00f3pnum var Antoine \u00d3skar Pantano l\u00edkt og undanfarin skipti. Li\u00f0i\u00f0 mun koma [&hellip;]<\/p>","protected":false},"author":10,"featured_media":511839,"comment_status":"closed","ping_status":"closed","sticky":false,"template":"","format":"standard","meta":{"footnotes":""},"categories":[12],"tags":[13,22,20,15],"class_list":["post-511837","post","type-post","status-publish","format-standard","has-post-thumbnail","hentry","category-handknattleiksdeild","tag-handbolti","tag-landslid","tag-mfl-kk","tag-yngri-flokkar"],"yoast_head":"<!-- This site is optimized with the Yoast SEO plugin v24.3 - https:\/\/yoast.com\/wordpress\/plugins\/seo\/ -->\n<title>Antoine \u00d3skar valinn \u00ed U18 \u00e1ra landsli\u00f0i\u00f0 - \u00cd\u00fer\u00f3ttaf\u00e9lagi\u00f0 Gr\u00f3tta<\/title>\n<meta name=\"robots\" content=\"index, follow, max-snippet:-1, max-image-preview:large, max-video-preview:-1\" \/>\n<link rel=\"canonical\" href=\"https:\/\/grotta.is\/en\/handknattleiksdeild\/antoine-oskar-valinn-i-u18-ara-landslidid\/\" \/>\n<meta property=\"og:locale\" content=\"en_US\" \/>\n<meta property=\"og:type\" content=\"article\" \/>\n<meta property=\"og:title\" content=\"Antoine \u00d3skar valinn \u00ed U18 \u00e1ra landsli\u00f0i\u00f0 - \u00cd\u00fer\u00f3ttaf\u00e9lagi\u00f0 Gr\u00f3tta\" \/>\n<meta property=\"og:description\" content=\"\u00c1 d\u00f6gunum var vali\u00f0 \u00ed U18 \u00e1ra landsli\u00f0 karla fyrir n\u00e6sta verkefni sem ver\u00f0ur \u00ed lok desember. \u00cd h\u00f3pnum var Antoine \u00d3skar Pantano l\u00edkt og undanfarin skipti. Li\u00f0i\u00f0 mun koma [&hellip;]\" \/>\n<meta property=\"og:url\" content=\"https:\/\/grotta.is\/en\/handknattleiksdeild\/antoine-oskar-valinn-i-u18-ara-landslidid\/\" \/>\n<meta property=\"og:site_name\" content=\"\u00cd\u00fer\u00f3ttaf\u00e9lagi\u00f0 Gr\u00f3tta\" \/>\n<meta property=\"article:publisher\" content=\"https:\/\/www.facebook.com\/grottasport\" \/>\n<meta property=\"article:published_time\" content=\"2023-12-17T23:07:19+00:00\" \/>\n<meta property=\"article:modified_time\" content=\"2023-12-17T23:08:16+00:00\" \/>\n<meta property=\"og:image\" content=\"https:\/\/grotta.is\/wp-content\/uploads\/2023\/12\/R62_3908.jpg\" \/>\n\t<meta property=\"og:image:width\" content=\"2400\" \/>\n\t<meta property=\"og:image:height\" content=\"1600\" \/>\n\t<meta property=\"og:image:type\" content=\"image\/jpeg\" \/>\n<meta name=\"author\" content=\"Andri Sigf\u00fasson\" \/>\n<meta name=\"twitter:card\" content=\"summary_large_image\" \/>\n<meta name=\"twitter:label1\" content=\"Written by\" \/>\n\t<meta name=\"twitter:data1\" content=\"Andri Sigf\u00fasson\" \/>\n\t<meta name=\"twitter:label2\" content=\"Est. reading time\" \/>\n\t<meta name=\"twitter:data2\" content=\"1 minute\" \/>\n<script type=\"application\/ld+json\" class=\"yoast-schema-graph\">{\"@context\":\"https:\/\/schema.org\",\"@graph\":[{\"@type\":\"Article\",\"@id\":\"https:\/\/grotta.is\/handknattleiksdeild\/antoine-oskar-valinn-i-u18-ara-landslidid\/#article\",\"isPartOf\":{\"@id\":\"https:\/\/grotta.is\/handknattleiksdeild\/antoine-oskar-valinn-i-u18-ara-landslidid\/\"},\"author\":{\"name\":\"Andri Sigf\u00fasson\",\"@id\":\"https:\/\/grotta.is\/#\/schema\/person\/b21e9d5dfd92c90211e343e8d7252b1c\"},\"headline\":\"Antoine \u00d3skar valinn \u00ed U18 \u00e1ra landsli\u00f0i\u00f0\",\"datePublished\":\"2023-12-17T23:07:19+00:00\",\"dateModified\":\"2023-12-17T23:08:16+00:00\",\"mainEntityOfPage\":{\"@id\":\"https:\/\/grotta.is\/handknattleiksdeild\/antoine-oskar-valinn-i-u18-ara-landslidid\/\"},\"wordCount\":111,\"publisher\":{\"@id\":\"https:\/\/grotta.is\/#organization\"},\"image\":{\"@id\":\"https:\/\/grotta.is\/handknattleiksdeild\/antoine-oskar-valinn-i-u18-ara-landslidid\/#primaryimage\"},\"thumbnailUrl\":\"https:\/\/grotta.is\/wp-content\/uploads\/2023\/12\/R62_3908.jpg\",\"keywords\":[\"Handbolti\",\"Landsli\u00f0\",\"Mfl.kk\",\"Yngri flokkar\"],\"articleSection\":[\"Handknattleiksdeild\"],\"inLanguage\":\"en-US\"},{\"@type\":\"WebPage\",\"@id\":\"https:\/\/grotta.is\/handknattleiksdeild\/antoine-oskar-valinn-i-u18-ara-landslidid\/\",\"url\":\"https:\/\/grotta.is\/handknattleiksdeild\/antoine-oskar-valinn-i-u18-ara-landslidid\/\",\"name\":\"Antoine \u00d3skar valinn \u00ed U18 \u00e1ra landsli\u00f0i\u00f0 - \u00cd\u00fer\u00f3ttaf\u00e9lagi\u00f0 Gr\u00f3tta\",\"isPartOf\":{\"@id\":\"https:\/\/grotta.is\/#website\"},\"primaryImageOfPage\":{\"@id\":\"https:\/\/grotta.is\/handknattleiksdeild\/antoine-oskar-valinn-i-u18-ara-landslidid\/#primaryimage\"},\"image\":{\"@id\":\"https:\/\/grotta.is\/handknattleiksdeild\/antoine-oskar-valinn-i-u18-ara-landslidid\/#primaryimage\"},\"thumbnailUrl\":\"https:\/\/grotta.is\/wp-content\/uploads\/2023\/12\/R62_3908.jpg\",\"datePublished\":\"2023-12-17T23:07:19+00:00\",\"dateModified\":\"2023-12-17T23:08:16+00:00\",\"breadcrumb\":{\"@id\":\"https:\/\/grotta.is\/handknattleiksdeild\/antoine-oskar-valinn-i-u18-ara-landslidid\/#breadcrumb\"},\"inLanguage\":\"en-US\",\"potentialAction\":[{\"@type\":\"ReadAction\",\"target\":[\"https:\/\/grotta.is\/handknattleiksdeild\/antoine-oskar-valinn-i-u18-ara-landslidid\/\"]}]},{\"@type\":\"ImageObject\",\"inLanguage\":\"en-US\",\"@id\":\"https:\/\/grotta.is\/handknattleiksdeild\/antoine-oskar-valinn-i-u18-ara-landslidid\/#primaryimage\",\"url\":\"https:\/\/grotta.is\/wp-content\/uploads\/2023\/12\/R62_3908.jpg\",\"contentUrl\":\"https:\/\/grotta.is\/wp-content\/uploads\/2023\/12\/R62_3908.jpg\",\"width\":2400,\"height\":1600},{\"@type\":\"BreadcrumbList\",\"@id\":\"https:\/\/grotta.is\/handknattleiksdeild\/antoine-oskar-valinn-i-u18-ara-landslidid\/#breadcrumb\",\"itemListElement\":[{\"@type\":\"ListItem\",\"position\":1,\"name\":\"Home\",\"item\":\"https:\/\/grotta.is\/\"},{\"@type\":\"ListItem\",\"position\":2,\"name\":\"Antoine \u00d3skar valinn \u00ed U18 \u00e1ra landsli\u00f0i\u00f0\"}]},{\"@type\":\"WebSite\",\"@id\":\"https:\/\/grotta.is\/#website\",\"url\":\"https:\/\/grotta.is\/\",\"name\":\"\u00cd\u00fer\u00f3ttaf\u00e9lagi\u00f0 Gr\u00f3tta\",\"description\":\"\u00e1 Seltjarnarnesi\",\"publisher\":{\"@id\":\"https:\/\/grotta.is\/#organization\"},\"potentialAction\":[{\"@type\":\"SearchAction\",\"target\":{\"@type\":\"EntryPoint\",\"urlTemplate\":\"https:\/\/grotta.is\/?s={search_term_string}\"},\"query-input\":{\"@type\":\"PropertyValueSpecification\",\"valueRequired\":true,\"valueName\":\"search_term_string\"}}],\"inLanguage\":\"en-US\"},{\"@type\":\"Organization\",\"@id\":\"https:\/\/grotta.is\/#organization\",\"name\":\"\u00cd\u00fer\u00f3ttaf\u00e9lagi\u00f0 Gr\u00f3tta\",\"url\":\"https:\/\/grotta.is\/\",\"logo\":{\"@type\":\"ImageObject\",\"inLanguage\":\"en-US\",\"@id\":\"https:\/\/grotta.is\/#\/schema\/logo\/image\/\",\"url\":\"https:\/\/grotta.is\/wp-content\/uploads\/2020\/02\/ithrottafelagidgrotta_logo_512x512_transparent.png\",\"contentUrl\":\"https:\/\/grotta.is\/wp-content\/uploads\/2020\/02\/ithrottafelagidgrotta_logo_512x512_transparent.png\",\"width\":512,\"height\":512,\"caption\":\"\u00cd\u00fer\u00f3ttaf\u00e9lagi\u00f0 Gr\u00f3tta\"},\"image\":{\"@id\":\"https:\/\/grotta.is\/#\/schema\/logo\/image\/\"},\"sameAs\":[\"https:\/\/www.facebook.com\/grottasport\"]},{\"@type\":\"Person\",\"@id\":\"https:\/\/grotta.is\/#\/schema\/person\/b21e9d5dfd92c90211e343e8d7252b1c\",\"name\":\"Andri Sigf\u00fasson\",\"url\":\"https:\/\/grotta.is\/en\/author\/andri\/\"}]}<\/script>\n<!-- \/ Yoast SEO plugin. -->","yoast_head_json":{"title":"Antoine \u00d3skar valinn \u00ed U18 \u00e1ra landsli\u00f0i\u00f0 - \u00cd\u00fer\u00f3ttaf\u00e9lagi\u00f0 Gr\u00f3tta","robots":{"index":"index","follow":"follow","max-snippet":"max-snippet:-1","max-image-preview":"max-image-preview:large","max-video-preview":"max-video-preview:-1"},"canonical":"https:\/\/grotta.is\/en\/handknattleiksdeild\/antoine-oskar-valinn-i-u18-ara-landslidid\/","og_locale":"en_US","og_type":"article","og_title":"Antoine \u00d3skar valinn \u00ed U18 \u00e1ra landsli\u00f0i\u00f0 - \u00cd\u00fer\u00f3ttaf\u00e9lagi\u00f0 Gr\u00f3tta","og_description":"\u00c1 d\u00f6gunum var vali\u00f0 \u00ed U18 \u00e1ra landsli\u00f0 karla fyrir n\u00e6sta verkefni sem ver\u00f0ur \u00ed lok desember. \u00cd h\u00f3pnum var Antoine \u00d3skar Pantano l\u00edkt og undanfarin skipti. Li\u00f0i\u00f0 mun koma [&hellip;]","og_url":"https:\/\/grotta.is\/en\/handknattleiksdeild\/antoine-oskar-valinn-i-u18-ara-landslidid\/","og_site_name":"\u00cd\u00fer\u00f3ttaf\u00e9lagi\u00f0 Gr\u00f3tta","article_publisher":"https:\/\/www.facebook.com\/grottasport","article_published_time":"2023-12-17T23:07:19+00:00","article_modified_time":"2023-12-17T23:08:16+00:00","og_image":[{"width":2400,"height":1600,"url":"https:\/\/grotta.is\/wp-content\/uploads\/2023\/12\/R62_3908.jpg","type":"image\/jpeg"}],"author":"Andri Sigf\u00fasson","twitter_card":"summary_large_image","twitter_misc":{"Written by":"Andri Sigf\u00fasson","Est. reading time":"1 minute"},"schema":{"@context":"https:\/\/schema.org","@graph":[{"@type":"Article","@id":"https:\/\/grotta.is\/handknattleiksdeild\/antoine-oskar-valinn-i-u18-ara-landslidid\/#article","isPartOf":{"@id":"https:\/\/grotta.is\/handknattleiksdeild\/antoine-oskar-valinn-i-u18-ara-landslidid\/"},"author":{"name":"Andri Sigf\u00fasson","@id":"https:\/\/grotta.is\/#\/schema\/person\/b21e9d5dfd92c90211e343e8d7252b1c"},"headline":"Antoine \u00d3skar valinn \u00ed U18 \u00e1ra landsli\u00f0i\u00f0","datePublished":"2023-12-17T23:07:19+00:00","dateModified":"2023-12-17T23:08:16+00:00","mainEntityOfPage":{"@id":"https:\/\/grotta.is\/handknattleiksdeild\/antoine-oskar-valinn-i-u18-ara-landslidid\/"},"wordCount":111,"publisher":{"@id":"https:\/\/grotta.is\/#organization"},"image":{"@id":"https:\/\/grotta.is\/handknattleiksdeild\/antoine-oskar-valinn-i-u18-ara-landslidid\/#primaryimage"},"thumbnailUrl":"https:\/\/grotta.is\/wp-content\/uploads\/2023\/12\/R62_3908.jpg","keywords":["Handbolti","Landsli\u00f0","Mfl.kk","Yngri flokkar"],"articleSection":["Handknattleiksdeild"],"inLanguage":"en-US"},{"@type":"WebPage","@id":"https:\/\/grotta.is\/handknattleiksdeild\/antoine-oskar-valinn-i-u18-ara-landslidid\/","url":"https:\/\/grotta.is\/handknattleiksdeild\/antoine-oskar-valinn-i-u18-ara-landslidid\/","name":"Antoine \u00d3skar valinn \u00ed U18 \u00e1ra landsli\u00f0i\u00f0 - \u00cd\u00fer\u00f3ttaf\u00e9lagi\u00f0 Gr\u00f3tta","isPartOf":{"@id":"https:\/\/grotta.is\/#website"},"primaryImageOfPage":{"@id":"https:\/\/grotta.is\/handknattleiksdeild\/antoine-oskar-valinn-i-u18-ara-landslidid\/#primaryimage"},"image":{"@id":"https:\/\/grotta.is\/handknattleiksdeild\/antoine-oskar-valinn-i-u18-ara-landslidid\/#primaryimage"},"thumbnailUrl":"https:\/\/grotta.is\/wp-content\/uploads\/2023\/12\/R62_3908.jpg","datePublished":"2023-12-17T23:07:19+00:00","dateModified":"2023-12-17T23:08:16+00:00","breadcrumb":{"@id":"https:\/\/grotta.is\/handknattleiksdeild\/antoine-oskar-valinn-i-u18-ara-landslidid\/#breadcrumb"},"inLanguage":"en-US","potentialAction":[{"@type":"ReadAction","target":["https:\/\/grotta.is\/handknattleiksdeild\/antoine-oskar-valinn-i-u18-ara-landslidid\/"]}]},{"@type":"ImageObject","inLanguage":"en-US","@id":"https:\/\/grotta.is\/handknattleiksdeild\/antoine-oskar-valinn-i-u18-ara-landslidid\/#primaryimage","url":"https:\/\/grotta.is\/wp-content\/uploads\/2023\/12\/R62_3908.jpg","contentUrl":"https:\/\/grotta.is\/wp-content\/uploads\/2023\/12\/R62_3908.jpg","width":2400,"height":1600},{"@type":"BreadcrumbList","@id":"https:\/\/grotta.is\/handknattleiksdeild\/antoine-oskar-valinn-i-u18-ara-landslidid\/#breadcrumb","itemListElement":[{"@type":"ListItem","position":1,"name":"Home","item":"https:\/\/grotta.is\/"},{"@type":"ListItem","position":2,"name":"Antoine \u00d3skar valinn \u00ed U18 \u00e1ra landsli\u00f0i\u00f0"}]},{"@type":"WebSite","@id":"https:\/\/grotta.is\/#website","url":"https:\/\/grotta.is\/","name":"\u00cd\u00fer\u00f3ttaf\u00e9lagi\u00f0 Gr\u00f3tta","description":"\u00e1 Seltjarnarnesi","publisher":{"@id":"https:\/\/grotta.is\/#organization"},"potentialAction":[{"@type":"SearchAction","target":{"@type":"EntryPoint","urlTemplate":"https:\/\/grotta.is\/?s={search_term_string}"},"query-input":{"@type":"PropertyValueSpecification","valueRequired":true,"valueName":"search_term_string"}}],"inLanguage":"en-US"},{"@type":"Organization","@id":"https:\/\/grotta.is\/#organization","name":"\u00cd\u00fer\u00f3ttaf\u00e9lagi\u00f0 Gr\u00f3tta","url":"https:\/\/grotta.is\/","logo":{"@type":"ImageObject","inLanguage":"en-US","@id":"https:\/\/grotta.is\/#\/schema\/logo\/image\/","url":"https:\/\/grotta.is\/wp-content\/uploads\/2020\/02\/ithrottafelagidgrotta_logo_512x512_transparent.png","contentUrl":"https:\/\/grotta.is\/wp-content\/uploads\/2020\/02\/ithrottafelagidgrotta_logo_512x512_transparent.png","width":512,"height":512,"caption":"\u00cd\u00fer\u00f3ttaf\u00e9lagi\u00f0 Gr\u00f3tta"},"image":{"@id":"https:\/\/grotta.is\/#\/schema\/logo\/image\/"},"sameAs":["https:\/\/www.facebook.com\/grottasport"]},{"@type":"Person","@id":"https:\/\/grotta.is\/#\/schema\/person\/b21e9d5dfd92c90211e343e8d7252b1c","name":"Andri Sigf\u00fasson","url":"https:\/\/grotta.is\/en\/author\/andri\/"}]}},"_links":{"self":[{"href":"https:\/\/grotta.is\/en\/wp-json\/wp\/v2\/posts\/511837","targetHints":{"allow":["GET"]}}],"collection":[{"href":"https:\/\/grotta.is\/en\/wp-json\/wp\/v2\/posts"}],"about":[{"href":"https:\/\/grotta.is\/en\/wp-json\/wp\/v2\/types\/post"}],"author":[{"embeddable":true,"href":"https:\/\/grotta.is\/en\/wp-json\/wp\/v2\/users\/10"}],"replies":[{"embeddable":true,"href":"https:\/\/grotta.is\/en\/wp-json\/wp\/v2\/comments?post=511837"}],"version-history":[{"count":2,"href":"https:\/\/grotta.is\/en\/wp-json\/wp\/v2\/posts\/511837\/revisions"}],"predecessor-version":[{"id":511842,"href":"https:\/\/grotta.is\/en\/wp-json\/wp\/v2\/posts\/511837\/revisions\/511842"}],"wp:featuredmedia":[{"embeddable":true,"href":"https:\/\/grotta.is\/en\/wp-json\/wp\/v2\/media\/511839"}],"wp:attachment":[{"href":"https:\/\/grotta.is\/en\/wp-json\/wp\/v2\/media?parent=511837"}],"wp:term":[{"taxonomy":"category","embeddable":true,"href":"https:\/\/grotta.is\/en\/wp-json\/wp\/v2\/categories?post=511837"},{"taxonomy":"post_tag","embeddable":true,"href":"https:\/\/grotta.is\/en\/wp-json\/wp\/v2\/tags?post=511837"}],"curies":[{"name":"wp","href":"https:\/\/api.w.org\/{rel}","templated":true}]}}