{"id":495187,"date":"2023-11-29T15:47:13","date_gmt":"2023-11-29T15:47:13","guid":{"rendered":"https:\/\/grotta.is\/?p=495187"},"modified":"2023-11-29T15:47:16","modified_gmt":"2023-11-29T15:47:16","slug":"komdu-og-profadu-handbolta-3","status":"publish","type":"post","link":"https:\/\/grotta.is\/en\/handknattleiksdeild\/komdu-og-profadu-handbolta-3\/","title":{"rendered":"Komdu og pr\u00f3fa\u00f0u handbolta"},"content":{"rendered":"<p>\u00cd tilefni af \u00fev\u00ed a\u00f0 \u00edslenska kvennalandsli\u00f0i\u00f0 hefur leik \u00e1 HM \u00ed handbolta \u00e1 morgun, \u00fe\u00e1 b\u00fd\u00f0ur Gr\u00f3tta \u00f6llum stelpum sem vilja koma og pr\u00f3fa handbolta fr\u00edtt \u00e1 \u00e6fingar \u00e1 me\u00f0an m\u00f3ti\u00f0 stendur yfir. Fyrsti leikur \u00cdslands er \u00e1 morgun, 30.n\u00f3vember og l\u00fdkur m\u00f3tinu me\u00f0 \u00farslitaleik 17.desember.<\/p><p>Tveir leikmenn \u00cdslands l\u00e9ku me\u00f0 Gr\u00f3ttu. El\u00edn J\u00f3na \u00deorsteinsd\u00f3ttir er uppalin \u00e1 Nesinu og l\u00e9k me\u00f0 \u00f6llum yngri flokkum f\u00e9lagsins. H\u00fan var\u00f0 \u00cdslands-, bikar- og deildarmeistari me\u00f0 meistaraflokki \u00e1\u00f0ur en skipti yfir \u00ed Hauka og loks \u00fat \u00ed atvinnumennskuna. \u00de\u00f3rey Anna \u00c1sgeirsd\u00f3ttir l\u00e9k me\u00f0 Gr\u00f3ttu \u00ed \u00ferj\u00fa keppnist\u00edmabil og var\u00f0 \u00cdslandsmeistari \u00e1ri\u00f0 2016 \u00e1\u00f0ur en h\u00fan skipti yfir \u00ed Stj\u00f6rnuna og s\u00ed\u00f0an \u00ed atvinnumennskuna.<\/p><p>\u00c6fingat\u00f6flu Gr\u00f3ttu m\u00e1 finna h\u00e9r: https:\/\/grotta.is\/aefingatoflur\/<\/p><p>Fr\u00e1b\u00e6ru \u00fej\u00e1lfararnir okkar taka vel \u00e1 m\u00f3ti kr\u00f6kkunum.<\/p><p>Allar uppl\u00fdsingar gefur skrifstofa Gr\u00f3ttu e\u00f0a yfir\u00fej\u00e1lfari handknattleiksdeildar, Magn\u00fas Karl Magn\u00fasson \u00e1 netfanginu magnuskarl@grotta.is<\/p>","protected":false},"excerpt":{"rendered":"<p>\u00cd tilefni af \u00fev\u00ed a\u00f0 \u00edslenska kvennalandsli\u00f0i\u00f0 hefur leik \u00e1 HM \u00ed handbolta \u00e1 morgun, \u00fe\u00e1 b\u00fd\u00f0ur Gr\u00f3tta \u00f6llum stelpum sem vilja koma og pr\u00f3fa handbolta fr\u00edtt \u00e1 \u00e6fingar \u00e1 [&hellip;]<\/p>","protected":false},"author":10,"featured_media":495188,"comment_status":"closed","ping_status":"closed","sticky":false,"template":"","format":"standard","meta":{"footnotes":""},"categories":[12],"tags":[13,15],"class_list":["post-495187","post","type-post","status-publish","format-standard","has-post-thumbnail","hentry","category-handknattleiksdeild","tag-handbolti","tag-yngri-flokkar"],"yoast_head":"<!-- This site is optimized with the Yoast SEO plugin v24.3 - https:\/\/yoast.com\/wordpress\/plugins\/seo\/ -->\n<title>Komdu og pr\u00f3fa\u00f0u handbolta - \u00cd\u00fer\u00f3ttaf\u00e9lagi\u00f0 Gr\u00f3tta<\/title>\n<meta name=\"robots\" content=\"index, follow, max-snippet:-1, max-image-preview:large, max-video-preview:-1\" \/>\n<link rel=\"canonical\" href=\"https:\/\/grotta.is\/en\/handknattleiksdeild\/komdu-og-profadu-handbolta-3\/\" \/>\n<meta property=\"og:locale\" content=\"en_US\" \/>\n<meta property=\"og:type\" content=\"article\" \/>\n<meta property=\"og:title\" content=\"Komdu og pr\u00f3fa\u00f0u handbolta - \u00cd\u00fer\u00f3ttaf\u00e9lagi\u00f0 Gr\u00f3tta\" \/>\n<meta property=\"og:description\" content=\"\u00cd tilefni af \u00fev\u00ed a\u00f0 \u00edslenska kvennalandsli\u00f0i\u00f0 hefur leik \u00e1 HM \u00ed handbolta \u00e1 morgun, \u00fe\u00e1 b\u00fd\u00f0ur Gr\u00f3tta \u00f6llum stelpum sem vilja koma og pr\u00f3fa handbolta fr\u00edtt \u00e1 \u00e6fingar \u00e1 [&hellip;]\" \/>\n<meta property=\"og:url\" content=\"https:\/\/grotta.is\/en\/handknattleiksdeild\/komdu-og-profadu-handbolta-3\/\" \/>\n<meta property=\"og:site_name\" content=\"\u00cd\u00fer\u00f3ttaf\u00e9lagi\u00f0 Gr\u00f3tta\" \/>\n<meta property=\"article:publisher\" content=\"https:\/\/www.facebook.com\/grottasport\" \/>\n<meta property=\"article:published_time\" content=\"2023-11-29T15:47:13+00:00\" \/>\n<meta property=\"article:modified_time\" content=\"2023-11-29T15:47:16+00:00\" \/>\n<meta property=\"og:image\" content=\"https:\/\/grotta.is\/wp-content\/uploads\/2023\/11\/Komdu-og-profadu-handbolta-HM-kvk-1024x724.png\" \/>\n\t<meta property=\"og:image:width\" content=\"1024\" \/>\n\t<meta property=\"og:image:height\" content=\"724\" \/>\n\t<meta property=\"og:image:type\" content=\"image\/png\" \/>\n<meta name=\"author\" content=\"Andri Sigf\u00fasson\" \/>\n<meta name=\"twitter:card\" content=\"summary_large_image\" \/>\n<meta name=\"twitter:label1\" content=\"Written by\" \/>\n\t<meta name=\"twitter:data1\" content=\"Andri Sigf\u00fasson\" \/>\n\t<meta name=\"twitter:label2\" content=\"Est. reading time\" \/>\n\t<meta name=\"twitter:data2\" content=\"1 minute\" \/>\n<script type=\"application\/ld+json\" class=\"yoast-schema-graph\">{\"@context\":\"https:\/\/schema.org\",\"@graph\":[{\"@type\":\"Article\",\"@id\":\"https:\/\/grotta.is\/handknattleiksdeild\/komdu-og-profadu-handbolta-3\/#article\",\"isPartOf\":{\"@id\":\"https:\/\/grotta.is\/handknattleiksdeild\/komdu-og-profadu-handbolta-3\/\"},\"author\":{\"name\":\"Andri Sigf\u00fasson\",\"@id\":\"https:\/\/grotta.is\/#\/schema\/person\/b21e9d5dfd92c90211e343e8d7252b1c\"},\"headline\":\"Komdu og pr\u00f3fa\u00f0u handbolta\",\"datePublished\":\"2023-11-29T15:47:13+00:00\",\"dateModified\":\"2023-11-29T15:47:16+00:00\",\"mainEntityOfPage\":{\"@id\":\"https:\/\/grotta.is\/handknattleiksdeild\/komdu-og-profadu-handbolta-3\/\"},\"wordCount\":173,\"publisher\":{\"@id\":\"https:\/\/grotta.is\/#organization\"},\"image\":{\"@id\":\"https:\/\/grotta.is\/handknattleiksdeild\/komdu-og-profadu-handbolta-3\/#primaryimage\"},\"thumbnailUrl\":\"https:\/\/grotta.is\/wp-content\/uploads\/2023\/11\/Komdu-og-profadu-handbolta-HM-kvk.png\",\"keywords\":[\"Handbolti\",\"Yngri flokkar\"],\"articleSection\":[\"Handknattleiksdeild\"],\"inLanguage\":\"en-US\"},{\"@type\":\"WebPage\",\"@id\":\"https:\/\/grotta.is\/handknattleiksdeild\/komdu-og-profadu-handbolta-3\/\",\"url\":\"https:\/\/grotta.is\/handknattleiksdeild\/komdu-og-profadu-handbolta-3\/\",\"name\":\"Komdu og pr\u00f3fa\u00f0u handbolta - \u00cd\u00fer\u00f3ttaf\u00e9lagi\u00f0 Gr\u00f3tta\",\"isPartOf\":{\"@id\":\"https:\/\/grotta.is\/#website\"},\"primaryImageOfPage\":{\"@id\":\"https:\/\/grotta.is\/handknattleiksdeild\/komdu-og-profadu-handbolta-3\/#primaryimage\"},\"image\":{\"@id\":\"https:\/\/grotta.is\/handknattleiksdeild\/komdu-og-profadu-handbolta-3\/#primaryimage\"},\"thumbnailUrl\":\"https:\/\/grotta.is\/wp-content\/uploads\/2023\/11\/Komdu-og-profadu-handbolta-HM-kvk.png\",\"datePublished\":\"2023-11-29T15:47:13+00:00\",\"dateModified\":\"2023-11-29T15:47:16+00:00\",\"breadcrumb\":{\"@id\":\"https:\/\/grotta.is\/handknattleiksdeild\/komdu-og-profadu-handbolta-3\/#breadcrumb\"},\"inLanguage\":\"en-US\",\"potentialAction\":[{\"@type\":\"ReadAction\",\"target\":[\"https:\/\/grotta.is\/handknattleiksdeild\/komdu-og-profadu-handbolta-3\/\"]}]},{\"@type\":\"ImageObject\",\"inLanguage\":\"en-US\",\"@id\":\"https:\/\/grotta.is\/handknattleiksdeild\/komdu-og-profadu-handbolta-3\/#primaryimage\",\"url\":\"https:\/\/grotta.is\/wp-content\/uploads\/2023\/11\/Komdu-og-profadu-handbolta-HM-kvk.png\",\"contentUrl\":\"https:\/\/grotta.is\/wp-content\/uploads\/2023\/11\/Komdu-og-profadu-handbolta-HM-kvk.png\",\"width\":2970,\"height\":2100},{\"@type\":\"BreadcrumbList\",\"@id\":\"https:\/\/grotta.is\/handknattleiksdeild\/komdu-og-profadu-handbolta-3\/#breadcrumb\",\"itemListElement\":[{\"@type\":\"ListItem\",\"position\":1,\"name\":\"Home\",\"item\":\"https:\/\/grotta.is\/\"},{\"@type\":\"ListItem\",\"position\":2,\"name\":\"Komdu og pr\u00f3fa\u00f0u handbolta\"}]},{\"@type\":\"WebSite\",\"@id\":\"https:\/\/grotta.is\/#website\",\"url\":\"https:\/\/grotta.is\/\",\"name\":\"\u00cd\u00fer\u00f3ttaf\u00e9lagi\u00f0 Gr\u00f3tta\",\"description\":\"\u00e1 Seltjarnarnesi\",\"publisher\":{\"@id\":\"https:\/\/grotta.is\/#organization\"},\"potentialAction\":[{\"@type\":\"SearchAction\",\"target\":{\"@type\":\"EntryPoint\",\"urlTemplate\":\"https:\/\/grotta.is\/?s={search_term_string}\"},\"query-input\":{\"@type\":\"PropertyValueSpecification\",\"valueRequired\":true,\"valueName\":\"search_term_string\"}}],\"inLanguage\":\"en-US\"},{\"@type\":\"Organization\",\"@id\":\"https:\/\/grotta.is\/#organization\",\"name\":\"\u00cd\u00fer\u00f3ttaf\u00e9lagi\u00f0 Gr\u00f3tta\",\"url\":\"https:\/\/grotta.is\/\",\"logo\":{\"@type\":\"ImageObject\",\"inLanguage\":\"en-US\",\"@id\":\"https:\/\/grotta.is\/#\/schema\/logo\/image\/\",\"url\":\"https:\/\/grotta.is\/wp-content\/uploads\/2020\/02\/ithrottafelagidgrotta_logo_512x512_transparent.png\",\"contentUrl\":\"https:\/\/grotta.is\/wp-content\/uploads\/2020\/02\/ithrottafelagidgrotta_logo_512x512_transparent.png\",\"width\":512,\"height\":512,\"caption\":\"\u00cd\u00fer\u00f3ttaf\u00e9lagi\u00f0 Gr\u00f3tta\"},\"image\":{\"@id\":\"https:\/\/grotta.is\/#\/schema\/logo\/image\/\"},\"sameAs\":[\"https:\/\/www.facebook.com\/grottasport\"]},{\"@type\":\"Person\",\"@id\":\"https:\/\/grotta.is\/#\/schema\/person\/b21e9d5dfd92c90211e343e8d7252b1c\",\"name\":\"Andri Sigf\u00fasson\",\"url\":\"https:\/\/grotta.is\/en\/author\/andri\/\"}]}<\/script>\n<!-- \/ Yoast SEO plugin. -->","yoast_head_json":{"title":"Komdu og pr\u00f3fa\u00f0u handbolta - \u00cd\u00fer\u00f3ttaf\u00e9lagi\u00f0 Gr\u00f3tta","robots":{"index":"index","follow":"follow","max-snippet":"max-snippet:-1","max-image-preview":"max-image-preview:large","max-video-preview":"max-video-preview:-1"},"canonical":"https:\/\/grotta.is\/en\/handknattleiksdeild\/komdu-og-profadu-handbolta-3\/","og_locale":"en_US","og_type":"article","og_title":"Komdu og pr\u00f3fa\u00f0u handbolta - \u00cd\u00fer\u00f3ttaf\u00e9lagi\u00f0 Gr\u00f3tta","og_description":"\u00cd tilefni af \u00fev\u00ed a\u00f0 \u00edslenska kvennalandsli\u00f0i\u00f0 hefur leik \u00e1 HM \u00ed handbolta \u00e1 morgun, \u00fe\u00e1 b\u00fd\u00f0ur Gr\u00f3tta \u00f6llum stelpum sem vilja koma og pr\u00f3fa handbolta fr\u00edtt \u00e1 \u00e6fingar \u00e1 [&hellip;]","og_url":"https:\/\/grotta.is\/en\/handknattleiksdeild\/komdu-og-profadu-handbolta-3\/","og_site_name":"\u00cd\u00fer\u00f3ttaf\u00e9lagi\u00f0 Gr\u00f3tta","article_publisher":"https:\/\/www.facebook.com\/grottasport","article_published_time":"2023-11-29T15:47:13+00:00","article_modified_time":"2023-11-29T15:47:16+00:00","og_image":[{"width":1024,"height":724,"url":"https:\/\/grotta.is\/wp-content\/uploads\/2023\/11\/Komdu-og-profadu-handbolta-HM-kvk-1024x724.png","type":"image\/png"}],"author":"Andri Sigf\u00fasson","twitter_card":"summary_large_image","twitter_misc":{"Written by":"Andri Sigf\u00fasson","Est. reading time":"1 minute"},"schema":{"@context":"https:\/\/schema.org","@graph":[{"@type":"Article","@id":"https:\/\/grotta.is\/handknattleiksdeild\/komdu-og-profadu-handbolta-3\/#article","isPartOf":{"@id":"https:\/\/grotta.is\/handknattleiksdeild\/komdu-og-profadu-handbolta-3\/"},"author":{"name":"Andri Sigf\u00fasson","@id":"https:\/\/grotta.is\/#\/schema\/person\/b21e9d5dfd92c90211e343e8d7252b1c"},"headline":"Komdu og pr\u00f3fa\u00f0u handbolta","datePublished":"2023-11-29T15:47:13+00:00","dateModified":"2023-11-29T15:47:16+00:00","mainEntityOfPage":{"@id":"https:\/\/grotta.is\/handknattleiksdeild\/komdu-og-profadu-handbolta-3\/"},"wordCount":173,"publisher":{"@id":"https:\/\/grotta.is\/#organization"},"image":{"@id":"https:\/\/grotta.is\/handknattleiksdeild\/komdu-og-profadu-handbolta-3\/#primaryimage"},"thumbnailUrl":"https:\/\/grotta.is\/wp-content\/uploads\/2023\/11\/Komdu-og-profadu-handbolta-HM-kvk.png","keywords":["Handbolti","Yngri flokkar"],"articleSection":["Handknattleiksdeild"],"inLanguage":"en-US"},{"@type":"WebPage","@id":"https:\/\/grotta.is\/handknattleiksdeild\/komdu-og-profadu-handbolta-3\/","url":"https:\/\/grotta.is\/handknattleiksdeild\/komdu-og-profadu-handbolta-3\/","name":"Komdu og pr\u00f3fa\u00f0u handbolta - \u00cd\u00fer\u00f3ttaf\u00e9lagi\u00f0 Gr\u00f3tta","isPartOf":{"@id":"https:\/\/grotta.is\/#website"},"primaryImageOfPage":{"@id":"https:\/\/grotta.is\/handknattleiksdeild\/komdu-og-profadu-handbolta-3\/#primaryimage"},"image":{"@id":"https:\/\/grotta.is\/handknattleiksdeild\/komdu-og-profadu-handbolta-3\/#primaryimage"},"thumbnailUrl":"https:\/\/grotta.is\/wp-content\/uploads\/2023\/11\/Komdu-og-profadu-handbolta-HM-kvk.png","datePublished":"2023-11-29T15:47:13+00:00","dateModified":"2023-11-29T15:47:16+00:00","breadcrumb":{"@id":"https:\/\/grotta.is\/handknattleiksdeild\/komdu-og-profadu-handbolta-3\/#breadcrumb"},"inLanguage":"en-US","potentialAction":[{"@type":"ReadAction","target":["https:\/\/grotta.is\/handknattleiksdeild\/komdu-og-profadu-handbolta-3\/"]}]},{"@type":"ImageObject","inLanguage":"en-US","@id":"https:\/\/grotta.is\/handknattleiksdeild\/komdu-og-profadu-handbolta-3\/#primaryimage","url":"https:\/\/grotta.is\/wp-content\/uploads\/2023\/11\/Komdu-og-profadu-handbolta-HM-kvk.png","contentUrl":"https:\/\/grotta.is\/wp-content\/uploads\/2023\/11\/Komdu-og-profadu-handbolta-HM-kvk.png","width":2970,"height":2100},{"@type":"BreadcrumbList","@id":"https:\/\/grotta.is\/handknattleiksdeild\/komdu-og-profadu-handbolta-3\/#breadcrumb","itemListElement":[{"@type":"ListItem","position":1,"name":"Home","item":"https:\/\/grotta.is\/"},{"@type":"ListItem","position":2,"name":"Komdu og pr\u00f3fa\u00f0u handbolta"}]},{"@type":"WebSite","@id":"https:\/\/grotta.is\/#website","url":"https:\/\/grotta.is\/","name":"\u00cd\u00fer\u00f3ttaf\u00e9lagi\u00f0 Gr\u00f3tta","description":"\u00e1 Seltjarnarnesi","publisher":{"@id":"https:\/\/grotta.is\/#organization"},"potentialAction":[{"@type":"SearchAction","target":{"@type":"EntryPoint","urlTemplate":"https:\/\/grotta.is\/?s={search_term_string}"},"query-input":{"@type":"PropertyValueSpecification","valueRequired":true,"valueName":"search_term_string"}}],"inLanguage":"en-US"},{"@type":"Organization","@id":"https:\/\/grotta.is\/#organization","name":"\u00cd\u00fer\u00f3ttaf\u00e9lagi\u00f0 Gr\u00f3tta","url":"https:\/\/grotta.is\/","logo":{"@type":"ImageObject","inLanguage":"en-US","@id":"https:\/\/grotta.is\/#\/schema\/logo\/image\/","url":"https:\/\/grotta.is\/wp-content\/uploads\/2020\/02\/ithrottafelagidgrotta_logo_512x512_transparent.png","contentUrl":"https:\/\/grotta.is\/wp-content\/uploads\/2020\/02\/ithrottafelagidgrotta_logo_512x512_transparent.png","width":512,"height":512,"caption":"\u00cd\u00fer\u00f3ttaf\u00e9lagi\u00f0 Gr\u00f3tta"},"image":{"@id":"https:\/\/grotta.is\/#\/schema\/logo\/image\/"},"sameAs":["https:\/\/www.facebook.com\/grottasport"]},{"@type":"Person","@id":"https:\/\/grotta.is\/#\/schema\/person\/b21e9d5dfd92c90211e343e8d7252b1c","name":"Andri Sigf\u00fasson","url":"https:\/\/grotta.is\/en\/author\/andri\/"}]}},"_links":{"self":[{"href":"https:\/\/grotta.is\/en\/wp-json\/wp\/v2\/posts\/495187","targetHints":{"allow":["GET"]}}],"collection":[{"href":"https:\/\/grotta.is\/en\/wp-json\/wp\/v2\/posts"}],"about":[{"href":"https:\/\/grotta.is\/en\/wp-json\/wp\/v2\/types\/post"}],"author":[{"embeddable":true,"href":"https:\/\/grotta.is\/en\/wp-json\/wp\/v2\/users\/10"}],"replies":[{"embeddable":true,"href":"https:\/\/grotta.is\/en\/wp-json\/wp\/v2\/comments?post=495187"}],"version-history":[{"count":1,"href":"https:\/\/grotta.is\/en\/wp-json\/wp\/v2\/posts\/495187\/revisions"}],"predecessor-version":[{"id":495190,"href":"https:\/\/grotta.is\/en\/wp-json\/wp\/v2\/posts\/495187\/revisions\/495190"}],"wp:featuredmedia":[{"embeddable":true,"href":"https:\/\/grotta.is\/en\/wp-json\/wp\/v2\/media\/495188"}],"wp:attachment":[{"href":"https:\/\/grotta.is\/en\/wp-json\/wp\/v2\/media?parent=495187"}],"wp:term":[{"taxonomy":"category","embeddable":true,"href":"https:\/\/grotta.is\/en\/wp-json\/wp\/v2\/categories?post=495187"},{"taxonomy":"post_tag","embeddable":true,"href":"https:\/\/grotta.is\/en\/wp-json\/wp\/v2\/tags?post=495187"}],"curies":[{"name":"wp","href":"https:\/\/api.w.org\/{rel}","templated":true}]}}