{"id":492972,"date":"2023-11-26T21:29:15","date_gmt":"2023-11-26T21:29:15","guid":{"rendered":"https:\/\/grotta.is\/?p=492972"},"modified":"2023-11-26T21:29:18","modified_gmt":"2023-11-26T21:29:18","slug":"ari-petur-framlengir-til-2026","status":"publish","type":"post","link":"https:\/\/grotta.is\/en\/handknattleiksdeild\/ari-petur-framlengir-til-2026\/","title":{"rendered":"Ari P\u00e9tur framlengir til 2026"},"content":{"rendered":"<p>Ari P\u00e9tur Eir\u00edksson hefur framlengt samning sinn vi\u00f0 Handknattleiksdeild Gr\u00f3ttu til \u00e1rsins 2026. Ara P\u00e9tur \u00fearf vart a\u00f0 kynna fyrir Gr\u00f3ttuf\u00f3lk enda hefur hann leiki\u00f0 90 leiki fyrir f\u00e9lagi\u00f0. Hann er 21 \u00e1rs gamall og leikur sem h\u00e6gri skytta. Ari P\u00e9tur hefur skora\u00f0 17 m\u00f6rk sem af er Ol\u00edsdeildarinnar. \u00deess fyrir utan er hann me\u00f0 28 sk\u00f6pu\u00f0 f\u00e6ri fyrir li\u00f0sf\u00e9laga s\u00edna.<\/p><p>Ari P\u00e9tur hefur leiki\u00f0 me\u00f0 flestum yngri landsli\u00f0um \u00cdslands. \u00dea\u00f0 eru gle\u00f0ifr\u00e9ttir a\u00f0 <a><\/a>Ari P\u00e9tur ver\u00f0i \u00e1fram \u00ed herb\u00fa\u00f0um Gr\u00f3ttu. Miklar vonir eru bundnar vi\u00f0 \u00feennan uppalda Gr\u00f3ttumann og ver\u00f0ur spennandi sj\u00e1 hann n\u00e6stu misserin.<\/p>","protected":false},"excerpt":{"rendered":"<p>Ari P\u00e9tur Eir\u00edksson hefur framlengt samning sinn vi\u00f0 Handknattleiksdeild Gr\u00f3ttu til \u00e1rsins 2026. Ara P\u00e9tur \u00fearf vart a\u00f0 kynna fyrir Gr\u00f3ttuf\u00f3lk enda hefur hann leiki\u00f0 90 leiki fyrir f\u00e9lagi\u00f0. Hann [&hellip;]<\/p>","protected":false},"author":10,"featured_media":492973,"comment_status":"closed","ping_status":"closed","sticky":false,"template":"","format":"standard","meta":{"footnotes":""},"categories":[12],"tags":[13,20],"class_list":["post-492972","post","type-post","status-publish","format-standard","has-post-thumbnail","hentry","category-handknattleiksdeild","tag-handbolti","tag-mfl-kk"],"yoast_head":"<!-- This site is optimized with the Yoast SEO plugin v24.3 - https:\/\/yoast.com\/wordpress\/plugins\/seo\/ -->\n<title>Ari P\u00e9tur framlengir til 2026 - \u00cd\u00fer\u00f3ttaf\u00e9lagi\u00f0 Gr\u00f3tta<\/title>\n<meta name=\"robots\" content=\"index, follow, max-snippet:-1, max-image-preview:large, max-video-preview:-1\" \/>\n<link rel=\"canonical\" href=\"https:\/\/grotta.is\/en\/handknattleiksdeild\/ari-petur-framlengir-til-2026\/\" \/>\n<meta property=\"og:locale\" content=\"en_US\" \/>\n<meta property=\"og:type\" content=\"article\" \/>\n<meta property=\"og:title\" content=\"Ari P\u00e9tur framlengir til 2026 - \u00cd\u00fer\u00f3ttaf\u00e9lagi\u00f0 Gr\u00f3tta\" \/>\n<meta property=\"og:description\" content=\"Ari P\u00e9tur Eir\u00edksson hefur framlengt samning sinn vi\u00f0 Handknattleiksdeild Gr\u00f3ttu til \u00e1rsins 2026. Ara P\u00e9tur \u00fearf vart a\u00f0 kynna fyrir Gr\u00f3ttuf\u00f3lk enda hefur hann leiki\u00f0 90 leiki fyrir f\u00e9lagi\u00f0. Hann [&hellip;]\" \/>\n<meta property=\"og:url\" content=\"https:\/\/grotta.is\/en\/handknattleiksdeild\/ari-petur-framlengir-til-2026\/\" \/>\n<meta property=\"og:site_name\" content=\"\u00cd\u00fer\u00f3ttaf\u00e9lagi\u00f0 Gr\u00f3tta\" \/>\n<meta property=\"article:publisher\" content=\"https:\/\/www.facebook.com\/grottasport\" \/>\n<meta property=\"article:published_time\" content=\"2023-11-26T21:29:15+00:00\" \/>\n<meta property=\"article:modified_time\" content=\"2023-11-26T21:29:18+00:00\" \/>\n<meta property=\"og:image\" content=\"https:\/\/grotta.is\/wp-content\/uploads\/2023\/11\/Ari-Petur-2026.png\" \/>\n\t<meta property=\"og:image:width\" content=\"1640\" \/>\n\t<meta property=\"og:image:height\" content=\"924\" \/>\n\t<meta property=\"og:image:type\" content=\"image\/png\" \/>\n<meta name=\"author\" content=\"Andri Sigf\u00fasson\" \/>\n<meta name=\"twitter:card\" content=\"summary_large_image\" \/>\n<meta name=\"twitter:label1\" content=\"Written by\" \/>\n\t<meta name=\"twitter:data1\" content=\"Andri Sigf\u00fasson\" \/>\n\t<meta name=\"twitter:label2\" content=\"Est. reading time\" \/>\n\t<meta name=\"twitter:data2\" content=\"1 minute\" \/>\n<script type=\"application\/ld+json\" class=\"yoast-schema-graph\">{\"@context\":\"https:\/\/schema.org\",\"@graph\":[{\"@type\":\"Article\",\"@id\":\"https:\/\/grotta.is\/handknattleiksdeild\/ari-petur-framlengir-til-2026\/#article\",\"isPartOf\":{\"@id\":\"https:\/\/grotta.is\/handknattleiksdeild\/ari-petur-framlengir-til-2026\/\"},\"author\":{\"name\":\"Andri Sigf\u00fasson\",\"@id\":\"https:\/\/grotta.is\/#\/schema\/person\/b21e9d5dfd92c90211e343e8d7252b1c\"},\"headline\":\"Ari P\u00e9tur framlengir til 2026\",\"datePublished\":\"2023-11-26T21:29:15+00:00\",\"dateModified\":\"2023-11-26T21:29:18+00:00\",\"mainEntityOfPage\":{\"@id\":\"https:\/\/grotta.is\/handknattleiksdeild\/ari-petur-framlengir-til-2026\/\"},\"wordCount\":122,\"publisher\":{\"@id\":\"https:\/\/grotta.is\/#organization\"},\"image\":{\"@id\":\"https:\/\/grotta.is\/handknattleiksdeild\/ari-petur-framlengir-til-2026\/#primaryimage\"},\"thumbnailUrl\":\"https:\/\/grotta.is\/wp-content\/uploads\/2023\/11\/Ari-Petur-2026.png\",\"keywords\":[\"Handbolti\",\"Mfl.kk\"],\"articleSection\":[\"Handknattleiksdeild\"],\"inLanguage\":\"en-US\"},{\"@type\":\"WebPage\",\"@id\":\"https:\/\/grotta.is\/handknattleiksdeild\/ari-petur-framlengir-til-2026\/\",\"url\":\"https:\/\/grotta.is\/handknattleiksdeild\/ari-petur-framlengir-til-2026\/\",\"name\":\"Ari P\u00e9tur framlengir til 2026 - \u00cd\u00fer\u00f3ttaf\u00e9lagi\u00f0 Gr\u00f3tta\",\"isPartOf\":{\"@id\":\"https:\/\/grotta.is\/#website\"},\"primaryImageOfPage\":{\"@id\":\"https:\/\/grotta.is\/handknattleiksdeild\/ari-petur-framlengir-til-2026\/#primaryimage\"},\"image\":{\"@id\":\"https:\/\/grotta.is\/handknattleiksdeild\/ari-petur-framlengir-til-2026\/#primaryimage\"},\"thumbnailUrl\":\"https:\/\/grotta.is\/wp-content\/uploads\/2023\/11\/Ari-Petur-2026.png\",\"datePublished\":\"2023-11-26T21:29:15+00:00\",\"dateModified\":\"2023-11-26T21:29:18+00:00\",\"breadcrumb\":{\"@id\":\"https:\/\/grotta.is\/handknattleiksdeild\/ari-petur-framlengir-til-2026\/#breadcrumb\"},\"inLanguage\":\"en-US\",\"potentialAction\":[{\"@type\":\"ReadAction\",\"target\":[\"https:\/\/grotta.is\/handknattleiksdeild\/ari-petur-framlengir-til-2026\/\"]}]},{\"@type\":\"ImageObject\",\"inLanguage\":\"en-US\",\"@id\":\"https:\/\/grotta.is\/handknattleiksdeild\/ari-petur-framlengir-til-2026\/#primaryimage\",\"url\":\"https:\/\/grotta.is\/wp-content\/uploads\/2023\/11\/Ari-Petur-2026.png\",\"contentUrl\":\"https:\/\/grotta.is\/wp-content\/uploads\/2023\/11\/Ari-Petur-2026.png\",\"width\":1640,\"height\":924},{\"@type\":\"BreadcrumbList\",\"@id\":\"https:\/\/grotta.is\/handknattleiksdeild\/ari-petur-framlengir-til-2026\/#breadcrumb\",\"itemListElement\":[{\"@type\":\"ListItem\",\"position\":1,\"name\":\"Home\",\"item\":\"https:\/\/grotta.is\/\"},{\"@type\":\"ListItem\",\"position\":2,\"name\":\"Ari P\u00e9tur framlengir til 2026\"}]},{\"@type\":\"WebSite\",\"@id\":\"https:\/\/grotta.is\/#website\",\"url\":\"https:\/\/grotta.is\/\",\"name\":\"\u00cd\u00fer\u00f3ttaf\u00e9lagi\u00f0 Gr\u00f3tta\",\"description\":\"\u00e1 Seltjarnarnesi\",\"publisher\":{\"@id\":\"https:\/\/grotta.is\/#organization\"},\"potentialAction\":[{\"@type\":\"SearchAction\",\"target\":{\"@type\":\"EntryPoint\",\"urlTemplate\":\"https:\/\/grotta.is\/?s={search_term_string}\"},\"query-input\":{\"@type\":\"PropertyValueSpecification\",\"valueRequired\":true,\"valueName\":\"search_term_string\"}}],\"inLanguage\":\"en-US\"},{\"@type\":\"Organization\",\"@id\":\"https:\/\/grotta.is\/#organization\",\"name\":\"\u00cd\u00fer\u00f3ttaf\u00e9lagi\u00f0 Gr\u00f3tta\",\"url\":\"https:\/\/grotta.is\/\",\"logo\":{\"@type\":\"ImageObject\",\"inLanguage\":\"en-US\",\"@id\":\"https:\/\/grotta.is\/#\/schema\/logo\/image\/\",\"url\":\"https:\/\/grotta.is\/wp-content\/uploads\/2020\/02\/ithrottafelagidgrotta_logo_512x512_transparent.png\",\"contentUrl\":\"https:\/\/grotta.is\/wp-content\/uploads\/2020\/02\/ithrottafelagidgrotta_logo_512x512_transparent.png\",\"width\":512,\"height\":512,\"caption\":\"\u00cd\u00fer\u00f3ttaf\u00e9lagi\u00f0 Gr\u00f3tta\"},\"image\":{\"@id\":\"https:\/\/grotta.is\/#\/schema\/logo\/image\/\"},\"sameAs\":[\"https:\/\/www.facebook.com\/grottasport\"]},{\"@type\":\"Person\",\"@id\":\"https:\/\/grotta.is\/#\/schema\/person\/b21e9d5dfd92c90211e343e8d7252b1c\",\"name\":\"Andri Sigf\u00fasson\",\"url\":\"https:\/\/grotta.is\/en\/author\/andri\/\"}]}<\/script>\n<!-- \/ Yoast SEO plugin. -->","yoast_head_json":{"title":"Ari P\u00e9tur framlengir til 2026 - \u00cd\u00fer\u00f3ttaf\u00e9lagi\u00f0 Gr\u00f3tta","robots":{"index":"index","follow":"follow","max-snippet":"max-snippet:-1","max-image-preview":"max-image-preview:large","max-video-preview":"max-video-preview:-1"},"canonical":"https:\/\/grotta.is\/en\/handknattleiksdeild\/ari-petur-framlengir-til-2026\/","og_locale":"en_US","og_type":"article","og_title":"Ari P\u00e9tur framlengir til 2026 - \u00cd\u00fer\u00f3ttaf\u00e9lagi\u00f0 Gr\u00f3tta","og_description":"Ari P\u00e9tur Eir\u00edksson hefur framlengt samning sinn vi\u00f0 Handknattleiksdeild Gr\u00f3ttu til \u00e1rsins 2026. Ara P\u00e9tur \u00fearf vart a\u00f0 kynna fyrir Gr\u00f3ttuf\u00f3lk enda hefur hann leiki\u00f0 90 leiki fyrir f\u00e9lagi\u00f0. Hann [&hellip;]","og_url":"https:\/\/grotta.is\/en\/handknattleiksdeild\/ari-petur-framlengir-til-2026\/","og_site_name":"\u00cd\u00fer\u00f3ttaf\u00e9lagi\u00f0 Gr\u00f3tta","article_publisher":"https:\/\/www.facebook.com\/grottasport","article_published_time":"2023-11-26T21:29:15+00:00","article_modified_time":"2023-11-26T21:29:18+00:00","og_image":[{"width":1640,"height":924,"url":"https:\/\/grotta.is\/wp-content\/uploads\/2023\/11\/Ari-Petur-2026.png","type":"image\/png"}],"author":"Andri Sigf\u00fasson","twitter_card":"summary_large_image","twitter_misc":{"Written by":"Andri Sigf\u00fasson","Est. reading time":"1 minute"},"schema":{"@context":"https:\/\/schema.org","@graph":[{"@type":"Article","@id":"https:\/\/grotta.is\/handknattleiksdeild\/ari-petur-framlengir-til-2026\/#article","isPartOf":{"@id":"https:\/\/grotta.is\/handknattleiksdeild\/ari-petur-framlengir-til-2026\/"},"author":{"name":"Andri Sigf\u00fasson","@id":"https:\/\/grotta.is\/#\/schema\/person\/b21e9d5dfd92c90211e343e8d7252b1c"},"headline":"Ari P\u00e9tur framlengir til 2026","datePublished":"2023-11-26T21:29:15+00:00","dateModified":"2023-11-26T21:29:18+00:00","mainEntityOfPage":{"@id":"https:\/\/grotta.is\/handknattleiksdeild\/ari-petur-framlengir-til-2026\/"},"wordCount":122,"publisher":{"@id":"https:\/\/grotta.is\/#organization"},"image":{"@id":"https:\/\/grotta.is\/handknattleiksdeild\/ari-petur-framlengir-til-2026\/#primaryimage"},"thumbnailUrl":"https:\/\/grotta.is\/wp-content\/uploads\/2023\/11\/Ari-Petur-2026.png","keywords":["Handbolti","Mfl.kk"],"articleSection":["Handknattleiksdeild"],"inLanguage":"en-US"},{"@type":"WebPage","@id":"https:\/\/grotta.is\/handknattleiksdeild\/ari-petur-framlengir-til-2026\/","url":"https:\/\/grotta.is\/handknattleiksdeild\/ari-petur-framlengir-til-2026\/","name":"Ari P\u00e9tur framlengir til 2026 - \u00cd\u00fer\u00f3ttaf\u00e9lagi\u00f0 Gr\u00f3tta","isPartOf":{"@id":"https:\/\/grotta.is\/#website"},"primaryImageOfPage":{"@id":"https:\/\/grotta.is\/handknattleiksdeild\/ari-petur-framlengir-til-2026\/#primaryimage"},"image":{"@id":"https:\/\/grotta.is\/handknattleiksdeild\/ari-petur-framlengir-til-2026\/#primaryimage"},"thumbnailUrl":"https:\/\/grotta.is\/wp-content\/uploads\/2023\/11\/Ari-Petur-2026.png","datePublished":"2023-11-26T21:29:15+00:00","dateModified":"2023-11-26T21:29:18+00:00","breadcrumb":{"@id":"https:\/\/grotta.is\/handknattleiksdeild\/ari-petur-framlengir-til-2026\/#breadcrumb"},"inLanguage":"en-US","potentialAction":[{"@type":"ReadAction","target":["https:\/\/grotta.is\/handknattleiksdeild\/ari-petur-framlengir-til-2026\/"]}]},{"@type":"ImageObject","inLanguage":"en-US","@id":"https:\/\/grotta.is\/handknattleiksdeild\/ari-petur-framlengir-til-2026\/#primaryimage","url":"https:\/\/grotta.is\/wp-content\/uploads\/2023\/11\/Ari-Petur-2026.png","contentUrl":"https:\/\/grotta.is\/wp-content\/uploads\/2023\/11\/Ari-Petur-2026.png","width":1640,"height":924},{"@type":"BreadcrumbList","@id":"https:\/\/grotta.is\/handknattleiksdeild\/ari-petur-framlengir-til-2026\/#breadcrumb","itemListElement":[{"@type":"ListItem","position":1,"name":"Home","item":"https:\/\/grotta.is\/"},{"@type":"ListItem","position":2,"name":"Ari P\u00e9tur framlengir til 2026"}]},{"@type":"WebSite","@id":"https:\/\/grotta.is\/#website","url":"https:\/\/grotta.is\/","name":"\u00cd\u00fer\u00f3ttaf\u00e9lagi\u00f0 Gr\u00f3tta","description":"\u00e1 Seltjarnarnesi","publisher":{"@id":"https:\/\/grotta.is\/#organization"},"potentialAction":[{"@type":"SearchAction","target":{"@type":"EntryPoint","urlTemplate":"https:\/\/grotta.is\/?s={search_term_string}"},"query-input":{"@type":"PropertyValueSpecification","valueRequired":true,"valueName":"search_term_string"}}],"inLanguage":"en-US"},{"@type":"Organization","@id":"https:\/\/grotta.is\/#organization","name":"\u00cd\u00fer\u00f3ttaf\u00e9lagi\u00f0 Gr\u00f3tta","url":"https:\/\/grotta.is\/","logo":{"@type":"ImageObject","inLanguage":"en-US","@id":"https:\/\/grotta.is\/#\/schema\/logo\/image\/","url":"https:\/\/grotta.is\/wp-content\/uploads\/2020\/02\/ithrottafelagidgrotta_logo_512x512_transparent.png","contentUrl":"https:\/\/grotta.is\/wp-content\/uploads\/2020\/02\/ithrottafelagidgrotta_logo_512x512_transparent.png","width":512,"height":512,"caption":"\u00cd\u00fer\u00f3ttaf\u00e9lagi\u00f0 Gr\u00f3tta"},"image":{"@id":"https:\/\/grotta.is\/#\/schema\/logo\/image\/"},"sameAs":["https:\/\/www.facebook.com\/grottasport"]},{"@type":"Person","@id":"https:\/\/grotta.is\/#\/schema\/person\/b21e9d5dfd92c90211e343e8d7252b1c","name":"Andri Sigf\u00fasson","url":"https:\/\/grotta.is\/en\/author\/andri\/"}]}},"_links":{"self":[{"href":"https:\/\/grotta.is\/en\/wp-json\/wp\/v2\/posts\/492972","targetHints":{"allow":["GET"]}}],"collection":[{"href":"https:\/\/grotta.is\/en\/wp-json\/wp\/v2\/posts"}],"about":[{"href":"https:\/\/grotta.is\/en\/wp-json\/wp\/v2\/types\/post"}],"author":[{"embeddable":true,"href":"https:\/\/grotta.is\/en\/wp-json\/wp\/v2\/users\/10"}],"replies":[{"embeddable":true,"href":"https:\/\/grotta.is\/en\/wp-json\/wp\/v2\/comments?post=492972"}],"version-history":[{"count":1,"href":"https:\/\/grotta.is\/en\/wp-json\/wp\/v2\/posts\/492972\/revisions"}],"predecessor-version":[{"id":492976,"href":"https:\/\/grotta.is\/en\/wp-json\/wp\/v2\/posts\/492972\/revisions\/492976"}],"wp:featuredmedia":[{"embeddable":true,"href":"https:\/\/grotta.is\/en\/wp-json\/wp\/v2\/media\/492973"}],"wp:attachment":[{"href":"https:\/\/grotta.is\/en\/wp-json\/wp\/v2\/media?parent=492972"}],"wp:term":[{"taxonomy":"category","embeddable":true,"href":"https:\/\/grotta.is\/en\/wp-json\/wp\/v2\/categories?post=492972"},{"taxonomy":"post_tag","embeddable":true,"href":"https:\/\/grotta.is\/en\/wp-json\/wp\/v2\/tags?post=492972"}],"curies":[{"name":"wp","href":"https:\/\/api.w.org\/{rel}","templated":true}]}}