{"id":481356,"date":"2023-11-14T15:40:10","date_gmt":"2023-11-14T15:40:10","guid":{"rendered":"https:\/\/grotta.is\/?p=481356"},"modified":"2023-11-14T15:40:13","modified_gmt":"2023-11-14T15:40:13","slug":"fraedslufyrirlestur-fyrir-foreldra","status":"publish","type":"post","link":"https:\/\/grotta.is\/en\/handknattleiksdeild\/fraedslufyrirlestur-fyrir-foreldra\/","title":{"rendered":"Fr\u00e6\u00f0slufyrirlestur fyrir foreldra"},"content":{"rendered":"<p>\u00c1 d\u00f6gunum h\u00e9lt Anna Steinsen fr\u00e1 KVAN fyrirlestur fyrir handboltaforeldra sem bar yfirskriftina &#8222;Hvernig get \u00e9g stutt barni\u00f0 mitt \u00ed handbolta?&#8220;<\/p><p>H\u00fan fjalla\u00f0i um menningu \u00ed h\u00f3pum og hvernig vi\u00f0 getum or\u00f0i\u00f0 j\u00e1kv\u00e6\u00f0ir lei\u00f0togar. Mikilv\u00e6gi li\u00f0sheildar og a\u00f0 vi\u00f0 l\u00e1tum okkur a\u00f0ra var\u00f0a, hugsum um heildina. H\u00fan tala\u00f0i einnig um samskipti og me\u00f0 \u00e1herslu \u00e1 samskipti milli kynsl\u00f3\u00f0a og hvernig vi\u00f0 getum stutt vi\u00f0 okkar barn \u00e1 uppbyggilegan h\u00e1tt.<\/p><p>Virkilega \u00e1hugavert fr\u00e6\u00f0sluerindi fyrir foreldra sem <a><\/a>h\u00f6f\u00f0u einmitt \u00e1 or\u00f0i hversu gagnlegt \u00feetta hef\u00f0i veri\u00f0.<\/p>","protected":false},"excerpt":{"rendered":"<p>\u00c1 d\u00f6gunum h\u00e9lt Anna Steinsen fr\u00e1 KVAN fyrirlestur fyrir handboltaforeldra sem bar yfirskriftina &#8222;Hvernig get \u00e9g stutt barni\u00f0 mitt \u00ed handbolta?&#8220; H\u00fan fjalla\u00f0i um menningu \u00ed h\u00f3pum og hvernig vi\u00f0 [&hellip;]<\/p>","protected":false},"author":10,"featured_media":481358,"comment_status":"closed","ping_status":"closed","sticky":false,"template":"","format":"standard","meta":{"footnotes":""},"categories":[12],"tags":[13,15],"class_list":["post-481356","post","type-post","status-publish","format-standard","has-post-thumbnail","hentry","category-handknattleiksdeild","tag-handbolti","tag-yngri-flokkar"],"yoast_head":"<!-- This site is optimized with the Yoast SEO plugin v24.3 - https:\/\/yoast.com\/wordpress\/plugins\/seo\/ -->\n<title>Fr\u00e6\u00f0slufyrirlestur fyrir foreldra - \u00cd\u00fer\u00f3ttaf\u00e9lagi\u00f0 Gr\u00f3tta<\/title>\n<meta name=\"robots\" content=\"index, follow, max-snippet:-1, max-image-preview:large, max-video-preview:-1\" \/>\n<link rel=\"canonical\" href=\"https:\/\/grotta.is\/en\/handknattleiksdeild\/fraedslufyrirlestur-fyrir-foreldra\/\" \/>\n<meta property=\"og:locale\" content=\"en_US\" \/>\n<meta property=\"og:type\" content=\"article\" \/>\n<meta property=\"og:title\" content=\"Fr\u00e6\u00f0slufyrirlestur fyrir foreldra - \u00cd\u00fer\u00f3ttaf\u00e9lagi\u00f0 Gr\u00f3tta\" \/>\n<meta property=\"og:description\" content=\"\u00c1 d\u00f6gunum h\u00e9lt Anna Steinsen fr\u00e1 KVAN fyrirlestur fyrir handboltaforeldra sem bar yfirskriftina &#8222;Hvernig get \u00e9g stutt barni\u00f0 mitt \u00ed handbolta?&#8220; H\u00fan fjalla\u00f0i um menningu \u00ed h\u00f3pum og hvernig vi\u00f0 [&hellip;]\" \/>\n<meta property=\"og:url\" content=\"https:\/\/grotta.is\/en\/handknattleiksdeild\/fraedslufyrirlestur-fyrir-foreldra\/\" \/>\n<meta property=\"og:site_name\" content=\"\u00cd\u00fer\u00f3ttaf\u00e9lagi\u00f0 Gr\u00f3tta\" \/>\n<meta property=\"article:publisher\" content=\"https:\/\/www.facebook.com\/grottasport\" \/>\n<meta property=\"article:published_time\" content=\"2023-11-14T15:40:10+00:00\" \/>\n<meta property=\"article:modified_time\" content=\"2023-11-14T15:40:13+00:00\" \/>\n<meta property=\"og:image\" content=\"https:\/\/grotta.is\/wp-content\/uploads\/2023\/11\/IMG_2659.jpeg\" \/>\n\t<meta property=\"og:image:width\" content=\"1290\" \/>\n\t<meta property=\"og:image:height\" content=\"966\" \/>\n\t<meta property=\"og:image:type\" content=\"image\/jpeg\" \/>\n<meta name=\"author\" content=\"Andri Sigf\u00fasson\" \/>\n<meta name=\"twitter:card\" content=\"summary_large_image\" \/>\n<meta name=\"twitter:label1\" content=\"Written by\" \/>\n\t<meta name=\"twitter:data1\" content=\"Andri Sigf\u00fasson\" \/>\n\t<meta name=\"twitter:label2\" content=\"Est. reading time\" \/>\n\t<meta name=\"twitter:data2\" content=\"1 minute\" \/>\n<script type=\"application\/ld+json\" class=\"yoast-schema-graph\">{\"@context\":\"https:\/\/schema.org\",\"@graph\":[{\"@type\":\"Article\",\"@id\":\"https:\/\/grotta.is\/handknattleiksdeild\/fraedslufyrirlestur-fyrir-foreldra\/#article\",\"isPartOf\":{\"@id\":\"https:\/\/grotta.is\/handknattleiksdeild\/fraedslufyrirlestur-fyrir-foreldra\/\"},\"author\":{\"name\":\"Andri Sigf\u00fasson\",\"@id\":\"https:\/\/grotta.is\/#\/schema\/person\/b21e9d5dfd92c90211e343e8d7252b1c\"},\"headline\":\"Fr\u00e6\u00f0slufyrirlestur fyrir foreldra\",\"datePublished\":\"2023-11-14T15:40:10+00:00\",\"dateModified\":\"2023-11-14T15:40:13+00:00\",\"mainEntityOfPage\":{\"@id\":\"https:\/\/grotta.is\/handknattleiksdeild\/fraedslufyrirlestur-fyrir-foreldra\/\"},\"wordCount\":105,\"publisher\":{\"@id\":\"https:\/\/grotta.is\/#organization\"},\"image\":{\"@id\":\"https:\/\/grotta.is\/handknattleiksdeild\/fraedslufyrirlestur-fyrir-foreldra\/#primaryimage\"},\"thumbnailUrl\":\"https:\/\/grotta.is\/wp-content\/uploads\/2023\/11\/IMG_2659.jpeg\",\"keywords\":[\"Handbolti\",\"Yngri flokkar\"],\"articleSection\":[\"Handknattleiksdeild\"],\"inLanguage\":\"en-US\"},{\"@type\":\"WebPage\",\"@id\":\"https:\/\/grotta.is\/handknattleiksdeild\/fraedslufyrirlestur-fyrir-foreldra\/\",\"url\":\"https:\/\/grotta.is\/handknattleiksdeild\/fraedslufyrirlestur-fyrir-foreldra\/\",\"name\":\"Fr\u00e6\u00f0slufyrirlestur fyrir foreldra - \u00cd\u00fer\u00f3ttaf\u00e9lagi\u00f0 Gr\u00f3tta\",\"isPartOf\":{\"@id\":\"https:\/\/grotta.is\/#website\"},\"primaryImageOfPage\":{\"@id\":\"https:\/\/grotta.is\/handknattleiksdeild\/fraedslufyrirlestur-fyrir-foreldra\/#primaryimage\"},\"image\":{\"@id\":\"https:\/\/grotta.is\/handknattleiksdeild\/fraedslufyrirlestur-fyrir-foreldra\/#primaryimage\"},\"thumbnailUrl\":\"https:\/\/grotta.is\/wp-content\/uploads\/2023\/11\/IMG_2659.jpeg\",\"datePublished\":\"2023-11-14T15:40:10+00:00\",\"dateModified\":\"2023-11-14T15:40:13+00:00\",\"breadcrumb\":{\"@id\":\"https:\/\/grotta.is\/handknattleiksdeild\/fraedslufyrirlestur-fyrir-foreldra\/#breadcrumb\"},\"inLanguage\":\"en-US\",\"potentialAction\":[{\"@type\":\"ReadAction\",\"target\":[\"https:\/\/grotta.is\/handknattleiksdeild\/fraedslufyrirlestur-fyrir-foreldra\/\"]}]},{\"@type\":\"ImageObject\",\"inLanguage\":\"en-US\",\"@id\":\"https:\/\/grotta.is\/handknattleiksdeild\/fraedslufyrirlestur-fyrir-foreldra\/#primaryimage\",\"url\":\"https:\/\/grotta.is\/wp-content\/uploads\/2023\/11\/IMG_2659.jpeg\",\"contentUrl\":\"https:\/\/grotta.is\/wp-content\/uploads\/2023\/11\/IMG_2659.jpeg\",\"width\":1290,\"height\":966},{\"@type\":\"BreadcrumbList\",\"@id\":\"https:\/\/grotta.is\/handknattleiksdeild\/fraedslufyrirlestur-fyrir-foreldra\/#breadcrumb\",\"itemListElement\":[{\"@type\":\"ListItem\",\"position\":1,\"name\":\"Home\",\"item\":\"https:\/\/grotta.is\/\"},{\"@type\":\"ListItem\",\"position\":2,\"name\":\"Fr\u00e6\u00f0slufyrirlestur fyrir foreldra\"}]},{\"@type\":\"WebSite\",\"@id\":\"https:\/\/grotta.is\/#website\",\"url\":\"https:\/\/grotta.is\/\",\"name\":\"\u00cd\u00fer\u00f3ttaf\u00e9lagi\u00f0 Gr\u00f3tta\",\"description\":\"\u00e1 Seltjarnarnesi\",\"publisher\":{\"@id\":\"https:\/\/grotta.is\/#organization\"},\"potentialAction\":[{\"@type\":\"SearchAction\",\"target\":{\"@type\":\"EntryPoint\",\"urlTemplate\":\"https:\/\/grotta.is\/?s={search_term_string}\"},\"query-input\":{\"@type\":\"PropertyValueSpecification\",\"valueRequired\":true,\"valueName\":\"search_term_string\"}}],\"inLanguage\":\"en-US\"},{\"@type\":\"Organization\",\"@id\":\"https:\/\/grotta.is\/#organization\",\"name\":\"\u00cd\u00fer\u00f3ttaf\u00e9lagi\u00f0 Gr\u00f3tta\",\"url\":\"https:\/\/grotta.is\/\",\"logo\":{\"@type\":\"ImageObject\",\"inLanguage\":\"en-US\",\"@id\":\"https:\/\/grotta.is\/#\/schema\/logo\/image\/\",\"url\":\"https:\/\/grotta.is\/wp-content\/uploads\/2020\/02\/ithrottafelagidgrotta_logo_512x512_transparent.png\",\"contentUrl\":\"https:\/\/grotta.is\/wp-content\/uploads\/2020\/02\/ithrottafelagidgrotta_logo_512x512_transparent.png\",\"width\":512,\"height\":512,\"caption\":\"\u00cd\u00fer\u00f3ttaf\u00e9lagi\u00f0 Gr\u00f3tta\"},\"image\":{\"@id\":\"https:\/\/grotta.is\/#\/schema\/logo\/image\/\"},\"sameAs\":[\"https:\/\/www.facebook.com\/grottasport\"]},{\"@type\":\"Person\",\"@id\":\"https:\/\/grotta.is\/#\/schema\/person\/b21e9d5dfd92c90211e343e8d7252b1c\",\"name\":\"Andri Sigf\u00fasson\",\"url\":\"https:\/\/grotta.is\/en\/author\/andri\/\"}]}<\/script>\n<!-- \/ Yoast SEO plugin. -->","yoast_head_json":{"title":"Fr\u00e6\u00f0slufyrirlestur fyrir foreldra - \u00cd\u00fer\u00f3ttaf\u00e9lagi\u00f0 Gr\u00f3tta","robots":{"index":"index","follow":"follow","max-snippet":"max-snippet:-1","max-image-preview":"max-image-preview:large","max-video-preview":"max-video-preview:-1"},"canonical":"https:\/\/grotta.is\/en\/handknattleiksdeild\/fraedslufyrirlestur-fyrir-foreldra\/","og_locale":"en_US","og_type":"article","og_title":"Fr\u00e6\u00f0slufyrirlestur fyrir foreldra - \u00cd\u00fer\u00f3ttaf\u00e9lagi\u00f0 Gr\u00f3tta","og_description":"\u00c1 d\u00f6gunum h\u00e9lt Anna Steinsen fr\u00e1 KVAN fyrirlestur fyrir handboltaforeldra sem bar yfirskriftina &#8222;Hvernig get \u00e9g stutt barni\u00f0 mitt \u00ed handbolta?&#8220; H\u00fan fjalla\u00f0i um menningu \u00ed h\u00f3pum og hvernig vi\u00f0 [&hellip;]","og_url":"https:\/\/grotta.is\/en\/handknattleiksdeild\/fraedslufyrirlestur-fyrir-foreldra\/","og_site_name":"\u00cd\u00fer\u00f3ttaf\u00e9lagi\u00f0 Gr\u00f3tta","article_publisher":"https:\/\/www.facebook.com\/grottasport","article_published_time":"2023-11-14T15:40:10+00:00","article_modified_time":"2023-11-14T15:40:13+00:00","og_image":[{"width":1290,"height":966,"url":"https:\/\/grotta.is\/wp-content\/uploads\/2023\/11\/IMG_2659.jpeg","type":"image\/jpeg"}],"author":"Andri Sigf\u00fasson","twitter_card":"summary_large_image","twitter_misc":{"Written by":"Andri Sigf\u00fasson","Est. reading time":"1 minute"},"schema":{"@context":"https:\/\/schema.org","@graph":[{"@type":"Article","@id":"https:\/\/grotta.is\/handknattleiksdeild\/fraedslufyrirlestur-fyrir-foreldra\/#article","isPartOf":{"@id":"https:\/\/grotta.is\/handknattleiksdeild\/fraedslufyrirlestur-fyrir-foreldra\/"},"author":{"name":"Andri Sigf\u00fasson","@id":"https:\/\/grotta.is\/#\/schema\/person\/b21e9d5dfd92c90211e343e8d7252b1c"},"headline":"Fr\u00e6\u00f0slufyrirlestur fyrir foreldra","datePublished":"2023-11-14T15:40:10+00:00","dateModified":"2023-11-14T15:40:13+00:00","mainEntityOfPage":{"@id":"https:\/\/grotta.is\/handknattleiksdeild\/fraedslufyrirlestur-fyrir-foreldra\/"},"wordCount":105,"publisher":{"@id":"https:\/\/grotta.is\/#organization"},"image":{"@id":"https:\/\/grotta.is\/handknattleiksdeild\/fraedslufyrirlestur-fyrir-foreldra\/#primaryimage"},"thumbnailUrl":"https:\/\/grotta.is\/wp-content\/uploads\/2023\/11\/IMG_2659.jpeg","keywords":["Handbolti","Yngri flokkar"],"articleSection":["Handknattleiksdeild"],"inLanguage":"en-US"},{"@type":"WebPage","@id":"https:\/\/grotta.is\/handknattleiksdeild\/fraedslufyrirlestur-fyrir-foreldra\/","url":"https:\/\/grotta.is\/handknattleiksdeild\/fraedslufyrirlestur-fyrir-foreldra\/","name":"Fr\u00e6\u00f0slufyrirlestur fyrir foreldra - \u00cd\u00fer\u00f3ttaf\u00e9lagi\u00f0 Gr\u00f3tta","isPartOf":{"@id":"https:\/\/grotta.is\/#website"},"primaryImageOfPage":{"@id":"https:\/\/grotta.is\/handknattleiksdeild\/fraedslufyrirlestur-fyrir-foreldra\/#primaryimage"},"image":{"@id":"https:\/\/grotta.is\/handknattleiksdeild\/fraedslufyrirlestur-fyrir-foreldra\/#primaryimage"},"thumbnailUrl":"https:\/\/grotta.is\/wp-content\/uploads\/2023\/11\/IMG_2659.jpeg","datePublished":"2023-11-14T15:40:10+00:00","dateModified":"2023-11-14T15:40:13+00:00","breadcrumb":{"@id":"https:\/\/grotta.is\/handknattleiksdeild\/fraedslufyrirlestur-fyrir-foreldra\/#breadcrumb"},"inLanguage":"en-US","potentialAction":[{"@type":"ReadAction","target":["https:\/\/grotta.is\/handknattleiksdeild\/fraedslufyrirlestur-fyrir-foreldra\/"]}]},{"@type":"ImageObject","inLanguage":"en-US","@id":"https:\/\/grotta.is\/handknattleiksdeild\/fraedslufyrirlestur-fyrir-foreldra\/#primaryimage","url":"https:\/\/grotta.is\/wp-content\/uploads\/2023\/11\/IMG_2659.jpeg","contentUrl":"https:\/\/grotta.is\/wp-content\/uploads\/2023\/11\/IMG_2659.jpeg","width":1290,"height":966},{"@type":"BreadcrumbList","@id":"https:\/\/grotta.is\/handknattleiksdeild\/fraedslufyrirlestur-fyrir-foreldra\/#breadcrumb","itemListElement":[{"@type":"ListItem","position":1,"name":"Home","item":"https:\/\/grotta.is\/"},{"@type":"ListItem","position":2,"name":"Fr\u00e6\u00f0slufyrirlestur fyrir foreldra"}]},{"@type":"WebSite","@id":"https:\/\/grotta.is\/#website","url":"https:\/\/grotta.is\/","name":"\u00cd\u00fer\u00f3ttaf\u00e9lagi\u00f0 Gr\u00f3tta","description":"\u00e1 Seltjarnarnesi","publisher":{"@id":"https:\/\/grotta.is\/#organization"},"potentialAction":[{"@type":"SearchAction","target":{"@type":"EntryPoint","urlTemplate":"https:\/\/grotta.is\/?s={search_term_string}"},"query-input":{"@type":"PropertyValueSpecification","valueRequired":true,"valueName":"search_term_string"}}],"inLanguage":"en-US"},{"@type":"Organization","@id":"https:\/\/grotta.is\/#organization","name":"\u00cd\u00fer\u00f3ttaf\u00e9lagi\u00f0 Gr\u00f3tta","url":"https:\/\/grotta.is\/","logo":{"@type":"ImageObject","inLanguage":"en-US","@id":"https:\/\/grotta.is\/#\/schema\/logo\/image\/","url":"https:\/\/grotta.is\/wp-content\/uploads\/2020\/02\/ithrottafelagidgrotta_logo_512x512_transparent.png","contentUrl":"https:\/\/grotta.is\/wp-content\/uploads\/2020\/02\/ithrottafelagidgrotta_logo_512x512_transparent.png","width":512,"height":512,"caption":"\u00cd\u00fer\u00f3ttaf\u00e9lagi\u00f0 Gr\u00f3tta"},"image":{"@id":"https:\/\/grotta.is\/#\/schema\/logo\/image\/"},"sameAs":["https:\/\/www.facebook.com\/grottasport"]},{"@type":"Person","@id":"https:\/\/grotta.is\/#\/schema\/person\/b21e9d5dfd92c90211e343e8d7252b1c","name":"Andri Sigf\u00fasson","url":"https:\/\/grotta.is\/en\/author\/andri\/"}]}},"_links":{"self":[{"href":"https:\/\/grotta.is\/en\/wp-json\/wp\/v2\/posts\/481356","targetHints":{"allow":["GET"]}}],"collection":[{"href":"https:\/\/grotta.is\/en\/wp-json\/wp\/v2\/posts"}],"about":[{"href":"https:\/\/grotta.is\/en\/wp-json\/wp\/v2\/types\/post"}],"author":[{"embeddable":true,"href":"https:\/\/grotta.is\/en\/wp-json\/wp\/v2\/users\/10"}],"replies":[{"embeddable":true,"href":"https:\/\/grotta.is\/en\/wp-json\/wp\/v2\/comments?post=481356"}],"version-history":[{"count":1,"href":"https:\/\/grotta.is\/en\/wp-json\/wp\/v2\/posts\/481356\/revisions"}],"predecessor-version":[{"id":481359,"href":"https:\/\/grotta.is\/en\/wp-json\/wp\/v2\/posts\/481356\/revisions\/481359"}],"wp:featuredmedia":[{"embeddable":true,"href":"https:\/\/grotta.is\/en\/wp-json\/wp\/v2\/media\/481358"}],"wp:attachment":[{"href":"https:\/\/grotta.is\/en\/wp-json\/wp\/v2\/media?parent=481356"}],"wp:term":[{"taxonomy":"category","embeddable":true,"href":"https:\/\/grotta.is\/en\/wp-json\/wp\/v2\/categories?post=481356"},{"taxonomy":"post_tag","embeddable":true,"href":"https:\/\/grotta.is\/en\/wp-json\/wp\/v2\/tags?post=481356"}],"curies":[{"name":"wp","href":"https:\/\/api.w.org\/{rel}","templated":true}]}}