{"id":481342,"date":"2023-11-14T15:37:05","date_gmt":"2023-11-14T15:37:05","guid":{"rendered":"https:\/\/grotta.is\/?p=481342"},"modified":"2023-11-14T15:37:08","modified_gmt":"2023-11-14T15:37:08","slug":"anna-karolina-og-katrin-anna-i-u20-ara-landslidinu","status":"publish","type":"post","link":"https:\/\/grotta.is\/en\/handknattleiksdeild\/anna-karolina-og-katrin-anna-i-u20-ara-landslidinu\/","title":{"rendered":"Anna Kar\u00f3l\u00edna og Katr\u00edn Anna \u00ed U20 \u00e1ra landsli\u00f0inu"},"content":{"rendered":"<p>Landsli\u00f0s\u00fej\u00e1lfarar U20 \u00e1ra landsli\u00f0s kvenna, \u00feeir \u00c1g\u00fast J\u00f3hannsson og \u00c1rni Stef\u00e1n Gu\u00f0j\u00f3nsson v\u00f6ldu \u00ed g\u00e6r landsli\u00f0sh\u00f3p U20 \u00e1ra landsli\u00f0sins til \u00e6fingar dagana 23. &#8211; 26.n\u00f3vember. Vi\u00f0 \u00ed Gr\u00f3ttu eigum tvo fulltr\u00faa \u00ed li\u00f0inu en \u00fea\u00f0 eru \u00fe\u00e6r Anna Kar\u00f3l\u00edna Ingad\u00f3ttir og Katr\u00edn Anna \u00c1smundsd\u00f3ttir.<\/p><p>Vi\u00f0 \u00f3skum \u00feessum flottu fulltr\u00faum okkar til hamingju me\u00f0 vali\u00f0 og \u00f3skum \u00feeim g\u00f3\u00f0s gengis \u00e1 \u00e6fingunum.<\/p><p><img fetchpriority=\"high\" decoding=\"async\" width=\"600\" height=\"400\" class=\"wp-image-481346\" style=\"width: 600px;\" src=\"https:\/\/grotta.is\/wp-content\/uploads\/2023\/11\/R62_2008-1.jpg\" alt=\"\" srcset=\"https:\/\/grotta.is\/wp-content\/uploads\/2023\/11\/R62_2008-1.jpg 2400w, https:\/\/grotta.is\/wp-content\/uploads\/2023\/11\/R62_2008-1-300x200.jpg 300w, https:\/\/grotta.is\/wp-content\/uploads\/2023\/11\/R62_2008-1-1024x683.jpg 1024w, https:\/\/grotta.is\/wp-content\/uploads\/2023\/11\/R62_2008-1-768x512.jpg 768w, https:\/\/grotta.is\/wp-content\/uploads\/2023\/11\/R62_2008-1-1536x1024.jpg 1536w, https:\/\/grotta.is\/wp-content\/uploads\/2023\/11\/R62_2008-1-2048x1365.jpg 2048w, https:\/\/grotta.is\/wp-content\/uploads\/2023\/11\/R62_2008-1-18x12.jpg 18w, https:\/\/grotta.is\/wp-content\/uploads\/2023\/11\/R62_2008-1-600x400.jpg 600w\" sizes=\"(max-width: 600px) 100vw, 600px\" \/><\/p>","protected":false},"excerpt":{"rendered":"<p>Landsli\u00f0s\u00fej\u00e1lfarar U20 \u00e1ra landsli\u00f0s kvenna, \u00feeir \u00c1g\u00fast J\u00f3hannsson og \u00c1rni Stef\u00e1n Gu\u00f0j\u00f3nsson v\u00f6ldu \u00ed g\u00e6r landsli\u00f0sh\u00f3p U20 \u00e1ra landsli\u00f0sins til \u00e6fingar dagana 23. &#8211; 26.n\u00f3vember. Vi\u00f0 \u00ed Gr\u00f3ttu eigum tvo [&hellip;]<\/p>","protected":false},"author":10,"featured_media":481345,"comment_status":"closed","ping_status":"closed","sticky":false,"template":"","format":"standard","meta":{"footnotes":""},"categories":[12],"tags":[13,22,18,15],"class_list":["post-481342","post","type-post","status-publish","format-standard","has-post-thumbnail","hentry","category-handknattleiksdeild","tag-handbolti","tag-landslid","tag-mfl-kvk","tag-yngri-flokkar"],"yoast_head":"<!-- This site is optimized with the Yoast SEO plugin v24.3 - https:\/\/yoast.com\/wordpress\/plugins\/seo\/ -->\n<title>Anna Kar\u00f3l\u00edna og Katr\u00edn Anna \u00ed U20 \u00e1ra landsli\u00f0inu - \u00cd\u00fer\u00f3ttaf\u00e9lagi\u00f0 Gr\u00f3tta<\/title>\n<meta name=\"robots\" content=\"index, follow, max-snippet:-1, max-image-preview:large, max-video-preview:-1\" \/>\n<link rel=\"canonical\" href=\"https:\/\/grotta.is\/en\/handknattleiksdeild\/anna-karolina-og-katrin-anna-i-u20-ara-landslidinu\/\" \/>\n<meta property=\"og:locale\" content=\"en_US\" \/>\n<meta property=\"og:type\" content=\"article\" \/>\n<meta property=\"og:title\" content=\"Anna Kar\u00f3l\u00edna og Katr\u00edn Anna \u00ed U20 \u00e1ra landsli\u00f0inu - \u00cd\u00fer\u00f3ttaf\u00e9lagi\u00f0 Gr\u00f3tta\" \/>\n<meta property=\"og:description\" content=\"Landsli\u00f0s\u00fej\u00e1lfarar U20 \u00e1ra landsli\u00f0s kvenna, \u00feeir \u00c1g\u00fast J\u00f3hannsson og \u00c1rni Stef\u00e1n Gu\u00f0j\u00f3nsson v\u00f6ldu \u00ed g\u00e6r landsli\u00f0sh\u00f3p U20 \u00e1ra landsli\u00f0sins til \u00e6fingar dagana 23. &#8211; 26.n\u00f3vember. Vi\u00f0 \u00ed Gr\u00f3ttu eigum tvo [&hellip;]\" \/>\n<meta property=\"og:url\" content=\"https:\/\/grotta.is\/en\/handknattleiksdeild\/anna-karolina-og-katrin-anna-i-u20-ara-landslidinu\/\" \/>\n<meta property=\"og:site_name\" content=\"\u00cd\u00fer\u00f3ttaf\u00e9lagi\u00f0 Gr\u00f3tta\" \/>\n<meta property=\"article:publisher\" content=\"https:\/\/www.facebook.com\/grottasport\" \/>\n<meta property=\"article:published_time\" content=\"2023-11-14T15:37:05+00:00\" \/>\n<meta property=\"article:modified_time\" content=\"2023-11-14T15:37:08+00:00\" \/>\n<meta property=\"og:image\" content=\"https:\/\/grotta.is\/wp-content\/uploads\/2023\/11\/R62_2184.jpg\" \/>\n\t<meta property=\"og:image:width\" content=\"2400\" \/>\n\t<meta property=\"og:image:height\" content=\"1600\" \/>\n\t<meta property=\"og:image:type\" content=\"image\/jpeg\" \/>\n<meta name=\"author\" content=\"Andri Sigf\u00fasson\" \/>\n<meta name=\"twitter:card\" content=\"summary_large_image\" \/>\n<meta name=\"twitter:label1\" content=\"Written by\" \/>\n\t<meta name=\"twitter:data1\" content=\"Andri Sigf\u00fasson\" \/>\n\t<meta name=\"twitter:label2\" content=\"Est. reading time\" \/>\n\t<meta name=\"twitter:data2\" content=\"1 minute\" \/>\n<script type=\"application\/ld+json\" class=\"yoast-schema-graph\">{\"@context\":\"https:\/\/schema.org\",\"@graph\":[{\"@type\":\"Article\",\"@id\":\"https:\/\/grotta.is\/handknattleiksdeild\/anna-karolina-og-katrin-anna-i-u20-ara-landslidinu\/#article\",\"isPartOf\":{\"@id\":\"https:\/\/grotta.is\/handknattleiksdeild\/anna-karolina-og-katrin-anna-i-u20-ara-landslidinu\/\"},\"author\":{\"name\":\"Andri Sigf\u00fasson\",\"@id\":\"https:\/\/grotta.is\/#\/schema\/person\/b21e9d5dfd92c90211e343e8d7252b1c\"},\"headline\":\"Anna Kar\u00f3l\u00edna og Katr\u00edn Anna \u00ed U20 \u00e1ra landsli\u00f0inu\",\"datePublished\":\"2023-11-14T15:37:05+00:00\",\"dateModified\":\"2023-11-14T15:37:08+00:00\",\"mainEntityOfPage\":{\"@id\":\"https:\/\/grotta.is\/handknattleiksdeild\/anna-karolina-og-katrin-anna-i-u20-ara-landslidinu\/\"},\"wordCount\":93,\"publisher\":{\"@id\":\"https:\/\/grotta.is\/#organization\"},\"image\":{\"@id\":\"https:\/\/grotta.is\/handknattleiksdeild\/anna-karolina-og-katrin-anna-i-u20-ara-landslidinu\/#primaryimage\"},\"thumbnailUrl\":\"https:\/\/grotta.is\/wp-content\/uploads\/2023\/11\/R62_2184.jpg\",\"keywords\":[\"Handbolti\",\"Landsli\u00f0\",\"Mfl.kvk\",\"Yngri flokkar\"],\"articleSection\":[\"Handknattleiksdeild\"],\"inLanguage\":\"en-US\"},{\"@type\":\"WebPage\",\"@id\":\"https:\/\/grotta.is\/handknattleiksdeild\/anna-karolina-og-katrin-anna-i-u20-ara-landslidinu\/\",\"url\":\"https:\/\/grotta.is\/handknattleiksdeild\/anna-karolina-og-katrin-anna-i-u20-ara-landslidinu\/\",\"name\":\"Anna Kar\u00f3l\u00edna og Katr\u00edn Anna \u00ed U20 \u00e1ra landsli\u00f0inu - \u00cd\u00fer\u00f3ttaf\u00e9lagi\u00f0 Gr\u00f3tta\",\"isPartOf\":{\"@id\":\"https:\/\/grotta.is\/#website\"},\"primaryImageOfPage\":{\"@id\":\"https:\/\/grotta.is\/handknattleiksdeild\/anna-karolina-og-katrin-anna-i-u20-ara-landslidinu\/#primaryimage\"},\"image\":{\"@id\":\"https:\/\/grotta.is\/handknattleiksdeild\/anna-karolina-og-katrin-anna-i-u20-ara-landslidinu\/#primaryimage\"},\"thumbnailUrl\":\"https:\/\/grotta.is\/wp-content\/uploads\/2023\/11\/R62_2184.jpg\",\"datePublished\":\"2023-11-14T15:37:05+00:00\",\"dateModified\":\"2023-11-14T15:37:08+00:00\",\"breadcrumb\":{\"@id\":\"https:\/\/grotta.is\/handknattleiksdeild\/anna-karolina-og-katrin-anna-i-u20-ara-landslidinu\/#breadcrumb\"},\"inLanguage\":\"en-US\",\"potentialAction\":[{\"@type\":\"ReadAction\",\"target\":[\"https:\/\/grotta.is\/handknattleiksdeild\/anna-karolina-og-katrin-anna-i-u20-ara-landslidinu\/\"]}]},{\"@type\":\"ImageObject\",\"inLanguage\":\"en-US\",\"@id\":\"https:\/\/grotta.is\/handknattleiksdeild\/anna-karolina-og-katrin-anna-i-u20-ara-landslidinu\/#primaryimage\",\"url\":\"https:\/\/grotta.is\/wp-content\/uploads\/2023\/11\/R62_2184.jpg\",\"contentUrl\":\"https:\/\/grotta.is\/wp-content\/uploads\/2023\/11\/R62_2184.jpg\",\"width\":2400,\"height\":1600},{\"@type\":\"BreadcrumbList\",\"@id\":\"https:\/\/grotta.is\/handknattleiksdeild\/anna-karolina-og-katrin-anna-i-u20-ara-landslidinu\/#breadcrumb\",\"itemListElement\":[{\"@type\":\"ListItem\",\"position\":1,\"name\":\"Home\",\"item\":\"https:\/\/grotta.is\/\"},{\"@type\":\"ListItem\",\"position\":2,\"name\":\"Anna Kar\u00f3l\u00edna og Katr\u00edn Anna \u00ed U20 \u00e1ra landsli\u00f0inu\"}]},{\"@type\":\"WebSite\",\"@id\":\"https:\/\/grotta.is\/#website\",\"url\":\"https:\/\/grotta.is\/\",\"name\":\"\u00cd\u00fer\u00f3ttaf\u00e9lagi\u00f0 Gr\u00f3tta\",\"description\":\"\u00e1 Seltjarnarnesi\",\"publisher\":{\"@id\":\"https:\/\/grotta.is\/#organization\"},\"potentialAction\":[{\"@type\":\"SearchAction\",\"target\":{\"@type\":\"EntryPoint\",\"urlTemplate\":\"https:\/\/grotta.is\/?s={search_term_string}\"},\"query-input\":{\"@type\":\"PropertyValueSpecification\",\"valueRequired\":true,\"valueName\":\"search_term_string\"}}],\"inLanguage\":\"en-US\"},{\"@type\":\"Organization\",\"@id\":\"https:\/\/grotta.is\/#organization\",\"name\":\"\u00cd\u00fer\u00f3ttaf\u00e9lagi\u00f0 Gr\u00f3tta\",\"url\":\"https:\/\/grotta.is\/\",\"logo\":{\"@type\":\"ImageObject\",\"inLanguage\":\"en-US\",\"@id\":\"https:\/\/grotta.is\/#\/schema\/logo\/image\/\",\"url\":\"https:\/\/grotta.is\/wp-content\/uploads\/2020\/02\/ithrottafelagidgrotta_logo_512x512_transparent.png\",\"contentUrl\":\"https:\/\/grotta.is\/wp-content\/uploads\/2020\/02\/ithrottafelagidgrotta_logo_512x512_transparent.png\",\"width\":512,\"height\":512,\"caption\":\"\u00cd\u00fer\u00f3ttaf\u00e9lagi\u00f0 Gr\u00f3tta\"},\"image\":{\"@id\":\"https:\/\/grotta.is\/#\/schema\/logo\/image\/\"},\"sameAs\":[\"https:\/\/www.facebook.com\/grottasport\"]},{\"@type\":\"Person\",\"@id\":\"https:\/\/grotta.is\/#\/schema\/person\/b21e9d5dfd92c90211e343e8d7252b1c\",\"name\":\"Andri Sigf\u00fasson\",\"url\":\"https:\/\/grotta.is\/en\/author\/andri\/\"}]}<\/script>\n<!-- \/ Yoast SEO plugin. -->","yoast_head_json":{"title":"Anna Kar\u00f3l\u00edna og Katr\u00edn Anna \u00ed U20 \u00e1ra landsli\u00f0inu - \u00cd\u00fer\u00f3ttaf\u00e9lagi\u00f0 Gr\u00f3tta","robots":{"index":"index","follow":"follow","max-snippet":"max-snippet:-1","max-image-preview":"max-image-preview:large","max-video-preview":"max-video-preview:-1"},"canonical":"https:\/\/grotta.is\/en\/handknattleiksdeild\/anna-karolina-og-katrin-anna-i-u20-ara-landslidinu\/","og_locale":"en_US","og_type":"article","og_title":"Anna Kar\u00f3l\u00edna og Katr\u00edn Anna \u00ed U20 \u00e1ra landsli\u00f0inu - \u00cd\u00fer\u00f3ttaf\u00e9lagi\u00f0 Gr\u00f3tta","og_description":"Landsli\u00f0s\u00fej\u00e1lfarar U20 \u00e1ra landsli\u00f0s kvenna, \u00feeir \u00c1g\u00fast J\u00f3hannsson og \u00c1rni Stef\u00e1n Gu\u00f0j\u00f3nsson v\u00f6ldu \u00ed g\u00e6r landsli\u00f0sh\u00f3p U20 \u00e1ra landsli\u00f0sins til \u00e6fingar dagana 23. &#8211; 26.n\u00f3vember. Vi\u00f0 \u00ed Gr\u00f3ttu eigum tvo [&hellip;]","og_url":"https:\/\/grotta.is\/en\/handknattleiksdeild\/anna-karolina-og-katrin-anna-i-u20-ara-landslidinu\/","og_site_name":"\u00cd\u00fer\u00f3ttaf\u00e9lagi\u00f0 Gr\u00f3tta","article_publisher":"https:\/\/www.facebook.com\/grottasport","article_published_time":"2023-11-14T15:37:05+00:00","article_modified_time":"2023-11-14T15:37:08+00:00","og_image":[{"width":2400,"height":1600,"url":"https:\/\/grotta.is\/wp-content\/uploads\/2023\/11\/R62_2184.jpg","type":"image\/jpeg"}],"author":"Andri Sigf\u00fasson","twitter_card":"summary_large_image","twitter_misc":{"Written by":"Andri Sigf\u00fasson","Est. reading time":"1 minute"},"schema":{"@context":"https:\/\/schema.org","@graph":[{"@type":"Article","@id":"https:\/\/grotta.is\/handknattleiksdeild\/anna-karolina-og-katrin-anna-i-u20-ara-landslidinu\/#article","isPartOf":{"@id":"https:\/\/grotta.is\/handknattleiksdeild\/anna-karolina-og-katrin-anna-i-u20-ara-landslidinu\/"},"author":{"name":"Andri Sigf\u00fasson","@id":"https:\/\/grotta.is\/#\/schema\/person\/b21e9d5dfd92c90211e343e8d7252b1c"},"headline":"Anna Kar\u00f3l\u00edna og Katr\u00edn Anna \u00ed U20 \u00e1ra landsli\u00f0inu","datePublished":"2023-11-14T15:37:05+00:00","dateModified":"2023-11-14T15:37:08+00:00","mainEntityOfPage":{"@id":"https:\/\/grotta.is\/handknattleiksdeild\/anna-karolina-og-katrin-anna-i-u20-ara-landslidinu\/"},"wordCount":93,"publisher":{"@id":"https:\/\/grotta.is\/#organization"},"image":{"@id":"https:\/\/grotta.is\/handknattleiksdeild\/anna-karolina-og-katrin-anna-i-u20-ara-landslidinu\/#primaryimage"},"thumbnailUrl":"https:\/\/grotta.is\/wp-content\/uploads\/2023\/11\/R62_2184.jpg","keywords":["Handbolti","Landsli\u00f0","Mfl.kvk","Yngri flokkar"],"articleSection":["Handknattleiksdeild"],"inLanguage":"en-US"},{"@type":"WebPage","@id":"https:\/\/grotta.is\/handknattleiksdeild\/anna-karolina-og-katrin-anna-i-u20-ara-landslidinu\/","url":"https:\/\/grotta.is\/handknattleiksdeild\/anna-karolina-og-katrin-anna-i-u20-ara-landslidinu\/","name":"Anna Kar\u00f3l\u00edna og Katr\u00edn Anna \u00ed U20 \u00e1ra landsli\u00f0inu - \u00cd\u00fer\u00f3ttaf\u00e9lagi\u00f0 Gr\u00f3tta","isPartOf":{"@id":"https:\/\/grotta.is\/#website"},"primaryImageOfPage":{"@id":"https:\/\/grotta.is\/handknattleiksdeild\/anna-karolina-og-katrin-anna-i-u20-ara-landslidinu\/#primaryimage"},"image":{"@id":"https:\/\/grotta.is\/handknattleiksdeild\/anna-karolina-og-katrin-anna-i-u20-ara-landslidinu\/#primaryimage"},"thumbnailUrl":"https:\/\/grotta.is\/wp-content\/uploads\/2023\/11\/R62_2184.jpg","datePublished":"2023-11-14T15:37:05+00:00","dateModified":"2023-11-14T15:37:08+00:00","breadcrumb":{"@id":"https:\/\/grotta.is\/handknattleiksdeild\/anna-karolina-og-katrin-anna-i-u20-ara-landslidinu\/#breadcrumb"},"inLanguage":"en-US","potentialAction":[{"@type":"ReadAction","target":["https:\/\/grotta.is\/handknattleiksdeild\/anna-karolina-og-katrin-anna-i-u20-ara-landslidinu\/"]}]},{"@type":"ImageObject","inLanguage":"en-US","@id":"https:\/\/grotta.is\/handknattleiksdeild\/anna-karolina-og-katrin-anna-i-u20-ara-landslidinu\/#primaryimage","url":"https:\/\/grotta.is\/wp-content\/uploads\/2023\/11\/R62_2184.jpg","contentUrl":"https:\/\/grotta.is\/wp-content\/uploads\/2023\/11\/R62_2184.jpg","width":2400,"height":1600},{"@type":"BreadcrumbList","@id":"https:\/\/grotta.is\/handknattleiksdeild\/anna-karolina-og-katrin-anna-i-u20-ara-landslidinu\/#breadcrumb","itemListElement":[{"@type":"ListItem","position":1,"name":"Home","item":"https:\/\/grotta.is\/"},{"@type":"ListItem","position":2,"name":"Anna Kar\u00f3l\u00edna og Katr\u00edn Anna \u00ed U20 \u00e1ra landsli\u00f0inu"}]},{"@type":"WebSite","@id":"https:\/\/grotta.is\/#website","url":"https:\/\/grotta.is\/","name":"\u00cd\u00fer\u00f3ttaf\u00e9lagi\u00f0 Gr\u00f3tta","description":"\u00e1 Seltjarnarnesi","publisher":{"@id":"https:\/\/grotta.is\/#organization"},"potentialAction":[{"@type":"SearchAction","target":{"@type":"EntryPoint","urlTemplate":"https:\/\/grotta.is\/?s={search_term_string}"},"query-input":{"@type":"PropertyValueSpecification","valueRequired":true,"valueName":"search_term_string"}}],"inLanguage":"en-US"},{"@type":"Organization","@id":"https:\/\/grotta.is\/#organization","name":"\u00cd\u00fer\u00f3ttaf\u00e9lagi\u00f0 Gr\u00f3tta","url":"https:\/\/grotta.is\/","logo":{"@type":"ImageObject","inLanguage":"en-US","@id":"https:\/\/grotta.is\/#\/schema\/logo\/image\/","url":"https:\/\/grotta.is\/wp-content\/uploads\/2020\/02\/ithrottafelagidgrotta_logo_512x512_transparent.png","contentUrl":"https:\/\/grotta.is\/wp-content\/uploads\/2020\/02\/ithrottafelagidgrotta_logo_512x512_transparent.png","width":512,"height":512,"caption":"\u00cd\u00fer\u00f3ttaf\u00e9lagi\u00f0 Gr\u00f3tta"},"image":{"@id":"https:\/\/grotta.is\/#\/schema\/logo\/image\/"},"sameAs":["https:\/\/www.facebook.com\/grottasport"]},{"@type":"Person","@id":"https:\/\/grotta.is\/#\/schema\/person\/b21e9d5dfd92c90211e343e8d7252b1c","name":"Andri Sigf\u00fasson","url":"https:\/\/grotta.is\/en\/author\/andri\/"}]}},"_links":{"self":[{"href":"https:\/\/grotta.is\/en\/wp-json\/wp\/v2\/posts\/481342","targetHints":{"allow":["GET"]}}],"collection":[{"href":"https:\/\/grotta.is\/en\/wp-json\/wp\/v2\/posts"}],"about":[{"href":"https:\/\/grotta.is\/en\/wp-json\/wp\/v2\/types\/post"}],"author":[{"embeddable":true,"href":"https:\/\/grotta.is\/en\/wp-json\/wp\/v2\/users\/10"}],"replies":[{"embeddable":true,"href":"https:\/\/grotta.is\/en\/wp-json\/wp\/v2\/comments?post=481342"}],"version-history":[{"count":1,"href":"https:\/\/grotta.is\/en\/wp-json\/wp\/v2\/posts\/481342\/revisions"}],"predecessor-version":[{"id":481354,"href":"https:\/\/grotta.is\/en\/wp-json\/wp\/v2\/posts\/481342\/revisions\/481354"}],"wp:featuredmedia":[{"embeddable":true,"href":"https:\/\/grotta.is\/en\/wp-json\/wp\/v2\/media\/481345"}],"wp:attachment":[{"href":"https:\/\/grotta.is\/en\/wp-json\/wp\/v2\/media?parent=481342"}],"wp:term":[{"taxonomy":"category","embeddable":true,"href":"https:\/\/grotta.is\/en\/wp-json\/wp\/v2\/categories?post=481342"},{"taxonomy":"post_tag","embeddable":true,"href":"https:\/\/grotta.is\/en\/wp-json\/wp\/v2\/tags?post=481342"}],"curies":[{"name":"wp","href":"https:\/\/api.w.org\/{rel}","templated":true}]}}