{"id":478538,"date":"2023-11-12T00:04:56","date_gmt":"2023-11-12T00:04:56","guid":{"rendered":"https:\/\/grotta.is\/?p=478538"},"modified":"2023-11-12T00:10:54","modified_gmt":"2023-11-12T00:10:54","slug":"grotta-leitar-ad-framkvaemdastjora","status":"publish","type":"post","link":"https:\/\/grotta.is\/en\/almennt\/grotta-leitar-ad-framkvaemdastjora\/","title":{"rendered":"Gr\u00f3tta leitar a\u00f0 framkv\u00e6mdastj\u00f3ra"},"content":{"rendered":"<figure class=\"wp-block-image size-full\"><img fetchpriority=\"high\" decoding=\"async\" width=\"1024\" height=\"269\" src=\"https:\/\/grotta.is\/wp-content\/uploads\/2023\/11\/image-2.png\" alt=\"\" class=\"wp-image-478555\" srcset=\"https:\/\/grotta.is\/wp-content\/uploads\/2023\/11\/image-2.png 1024w, https:\/\/grotta.is\/wp-content\/uploads\/2023\/11\/image-2-300x79.png 300w, https:\/\/grotta.is\/wp-content\/uploads\/2023\/11\/image-2-768x202.png 768w, https:\/\/grotta.is\/wp-content\/uploads\/2023\/11\/image-2-18x5.png 18w, https:\/\/grotta.is\/wp-content\/uploads\/2023\/11\/image-2-600x158.png 600w\" sizes=\"(max-width: 1024px) 100vw, 1024px\" \/><\/figure><p>\u00cd\u00fer\u00f3ttaf\u00e9lagi\u00f0 Gr\u00f3tta augl\u00fdsir til ums\u00f3knar starf framkv\u00e6mdastj\u00f3ra f\u00e9lagsins. Leita\u00f0 er eftir einstaklingi sem er kraftmikill lei\u00f0togi sem fer fyrir h\u00f3pi \u00f6flugra starfsmanna og vinnur a\u00f0 uppbyggingu Gr\u00f3ttu \u00ed takti vi\u00f0 framt\u00ed\u00f0ars\u00fdn f\u00e9lagsins. Starfi\u00f0 er fj\u00f6lbreytt og krefjandi og eru mikil t\u00e6kif\u00e6ri fyrir n\u00fdjan a\u00f0ila a\u00f0 hafa m\u00f3tandi \u00e1hrif \u00e1 f\u00e9lagi\u00f0.<\/p><p>Framkv\u00e6mdastj\u00f3ri ber \u00e1byrg\u00f0 \u00e1 daglegum rekstri Gr\u00f3ttu sem og fj\u00e1rm\u00e1lum og rekstri mannvirkja um heyra undir A\u00f0alstj\u00f3rn f\u00e9lagsins. Innan Gr\u00f3ttu starfa \u00ferj\u00e1r deildir; Fimleikadeild, Handknattleiksdeild og Knattspyrnudeild, me\u00f0 um 1000 i\u00f0kendur og tugi \u00fej\u00e1lfara.<\/p><p>Ums\u00f3knarfrestur er til og me\u00f0 23. n\u00f3vember 2023. Vi\u00f0 hvetjum \u00f6ll kyn til a\u00f0 s\u00e6kja um. Unni\u00f0 ver\u00f0ur \u00far ums\u00f3knum jafn\u00f3\u00f0um og \u00fe\u00e6r berast og \u00fev\u00ed hvetjum vi\u00f0 ums\u00e6kjendur til a\u00f0 s\u00e6kja um sem fyrst.<\/p><p>Helstu verkefni og \u00e1byrg\u00f0<\/p><p>\u00b7&nbsp;&nbsp;&nbsp;&nbsp;&nbsp;&nbsp;&nbsp; \u00c1byrg\u00f0 \u00e1 allri starfsemi f\u00e9lagsins, mannau\u00f0sm\u00e1lum, rekstri deilda og fj\u00e1rm\u00e1lum<\/p><p>\u00b7&nbsp;&nbsp;&nbsp;&nbsp;&nbsp;&nbsp;&nbsp; Stefnum\u00f3tun og eftirfylgni hennar, markmi\u00f0asetning og ferla- og umb\u00f3tarvinna<\/p><p>\u00b7&nbsp;&nbsp;&nbsp;&nbsp;&nbsp;&nbsp;&nbsp; Rekstrar\u00e1\u00e6tlanager\u00f0 og tekju\u00f6flun \u00ed samstarfi vi\u00f0 stj\u00f3rnir, auk marka\u00f0ssetning f\u00e9lagins<\/p><p>\u00b7&nbsp;&nbsp;&nbsp;&nbsp;&nbsp;&nbsp;&nbsp; \u00c1byrg\u00f0 \u00e1 innri og ytri uppl\u00fdsingagj\u00f6f \u00ed samr\u00e6mi vi\u00f0 stefnu Gr\u00f3ttu og \u00ed samvinnu vi\u00f0 deildir<\/p><p>\u00b7&nbsp;&nbsp;&nbsp;&nbsp;&nbsp;&nbsp;&nbsp; Umsj\u00f3n me\u00f0 marka\u00f0ssetningu Gr\u00f3ttu og st\u00e6rri vi\u00f0bur\u00f0um f\u00e9lagsins<\/p><p>\u00b7&nbsp;&nbsp;&nbsp;&nbsp;&nbsp;&nbsp;&nbsp; Ber \u00e1byrg\u00f0 \u00e1 starfsmannahaldi f\u00e9lagsins og skipuleggur verkefni og verksvi\u00f0<\/p><p>\u00b7&nbsp;&nbsp;&nbsp;&nbsp;&nbsp;&nbsp;&nbsp; Stu\u00f0lar a\u00f0 \u00fev\u00ed a\u00f0 efla f\u00e9lagsandann og vinnur a\u00f0 uppbyggingu f\u00e9lagsins<\/p><p>\u00b7&nbsp;&nbsp;&nbsp;&nbsp;&nbsp;&nbsp;&nbsp; Ber \u00e1byrg\u00f0 \u00e1 samningum f\u00e9lagsins og vinnur me\u00f0 deildum \u00ed samningager\u00f0 \u00feeirra<\/p><p>\u00b7&nbsp;&nbsp;&nbsp;&nbsp;&nbsp;&nbsp;&nbsp; S\u00e9r til \u00feess a\u00f0 rekstur f\u00e9lagsins, mannvirkja og skrifstofu s\u00e9 hagkv\u00e6mur og \u00e1rangursr\u00edkur<\/p><p>\u00b7&nbsp;&nbsp;&nbsp;&nbsp;&nbsp;&nbsp;&nbsp; Stu\u00f0ningur vi\u00f0 stj\u00f3rnir deilda og sj\u00e1lfbo\u00f0ali\u00f0a f\u00e9lagsins<\/p><p>\u00b7&nbsp;&nbsp;&nbsp;&nbsp;&nbsp;&nbsp;&nbsp; Rekstur og vi\u00f0hald mannvirkja og a\u00f0sta\u00f0a f\u00e9lagsins<\/p><p>\u00b7&nbsp;&nbsp;&nbsp;&nbsp;&nbsp;&nbsp;&nbsp; Lei\u00f0ir samskipti vi\u00f0 s\u00e9rsamb\u00f6nd og opinbera a\u00f0ila<\/p><p>\u00b7&nbsp;&nbsp;&nbsp;&nbsp;&nbsp;&nbsp;&nbsp; Umsj\u00f3n a\u00f0alstj\u00f3rnarfunda \u00e1samt eftirfylgni me\u00f0 \u00e1kv\u00f6r\u00f0unum funda<\/p><p>\u00b7&nbsp;&nbsp;&nbsp;&nbsp;&nbsp;&nbsp;&nbsp; \u00d6nnur tilfallandi verkefni<\/p><p>Menntunar- og h\u00e6fniskr\u00f6fur<\/p><p>\u00b7&nbsp;&nbsp;&nbsp;&nbsp;&nbsp;&nbsp;&nbsp; Mikil h\u00e6fni \u00ed samskiptum og sterk lei\u00f0toga- og skipulagsh\u00e6fni<\/p><p>\u00b7&nbsp;&nbsp;&nbsp;&nbsp;&nbsp;&nbsp;&nbsp; H\u00e1sk\u00f3lamenntun sem n\u00fdtist \u00ed starfi<\/p><p>\u00b7&nbsp;&nbsp;&nbsp;&nbsp;&nbsp;&nbsp;&nbsp; Hefur g\u00f3\u00f0a inns\u00fdn \u00ed og reynslu af stj\u00f3rnun, rekstri og fj\u00e1rm\u00e1lum<\/p><p>\u00b7&nbsp;&nbsp;&nbsp;&nbsp;&nbsp;&nbsp;&nbsp; Frumkv\u00e6\u00f0i, \u00e1r\u00e6\u00f0ni og j\u00e1kv\u00e6tt vi\u00f0horf<\/p><p>\u00b7&nbsp;&nbsp;&nbsp;&nbsp;&nbsp;&nbsp;&nbsp; Sj\u00e1lfst\u00e6\u00f0 og \u00f6gu\u00f0 vinnubr\u00f6g\u00f0<\/p><p>\u00b7&nbsp;&nbsp;&nbsp;&nbsp;&nbsp;&nbsp;&nbsp; Reynsla og \u00feekking \u00e1 \u00ed\u00fer\u00f3ttastarfsemi og rekstri innan \u00ed\u00fer\u00f3ttahreyfingarinnar er kostur.<\/p><p>Ums\u00f3knarfrestur er til og me\u00f0 23. n\u00f3vember 2023.<br>S\u00f3tt er um starfi\u00f0 \u00e1 ums\u00f3knarvef Alfre\u00f0s: <a href=\"https:\/\/alfred.is\/starf\/verkefnastjori-ithrottafelagsins-grottu\" target=\"_blank\" rel=\"noreferrer noopener\">\u00cd<\/a><a href=\"https:\/\/alfred.is\/starf\/framkvaemdarstori-ithrottafelagsins-grottu\" target=\"_blank\" rel=\"noreferrer noopener\">\u00fer\u00f3ttaf\u00e9lagi\u00f0 Gr\u00f3tta (alfred.is)<\/a><br>N\u00e1nari uppl\u00fdsingar m\u00e1 n\u00e1lgast me\u00f0 \u00fev\u00ed a\u00f0 senda t\u00f6lvup\u00f3st \u00e1 grotta@grotta.is<\/p>","protected":false},"excerpt":{"rendered":"<p>\u00cd\u00fer\u00f3ttaf\u00e9lagi\u00f0 Gr\u00f3tta augl\u00fdsir til ums\u00f3knar starf framkv\u00e6mdastj\u00f3ra f\u00e9lagsins. Leita\u00f0 er eftir einstaklingi sem er kraftmikill lei\u00f0togi sem fer fyrir h\u00f3pi \u00f6flugra starfsmanna og vinnur a\u00f0 uppbyggingu Gr\u00f3ttu \u00ed takti vi\u00f0 [&hellip;]<\/p>","protected":false},"author":13,"featured_media":478557,"comment_status":"closed","ping_status":"closed","sticky":false,"template":"","format":"standard","meta":{"footnotes":""},"categories":[4,9,12,7],"tags":[11,13,6,22,17,20,18,21,15],"class_list":["post-478538","post","type-post","status-publish","format-standard","has-post-thumbnail","hentry","category-almennt","category-fimleikadeild","category-handknattleiksdeild","category-knattspyrnudeild","tag-fimleikar","tag-handbolti","tag-knattspyrna","tag-landslid","tag-leikmenn","tag-mfl-kk","tag-mfl-kvk","tag-mot","tag-yngri-flokkar"],"yoast_head":"<!-- This site is optimized with the Yoast SEO plugin v24.3 - https:\/\/yoast.com\/wordpress\/plugins\/seo\/ -->\n<title>Gr\u00f3tta leitar a\u00f0 framkv\u00e6mdastj\u00f3ra - \u00cd\u00fer\u00f3ttaf\u00e9lagi\u00f0 Gr\u00f3tta<\/title>\n<meta name=\"robots\" content=\"index, follow, max-snippet:-1, max-image-preview:large, max-video-preview:-1\" \/>\n<link rel=\"canonical\" href=\"https:\/\/grotta.is\/en\/almennt\/grotta-leitar-ad-framkvaemdastjora\/\" \/>\n<meta property=\"og:locale\" content=\"en_US\" \/>\n<meta property=\"og:type\" content=\"article\" \/>\n<meta property=\"og:title\" content=\"Gr\u00f3tta leitar a\u00f0 framkv\u00e6mdastj\u00f3ra - \u00cd\u00fer\u00f3ttaf\u00e9lagi\u00f0 Gr\u00f3tta\" \/>\n<meta property=\"og:description\" content=\"\u00cd\u00fer\u00f3ttaf\u00e9lagi\u00f0 Gr\u00f3tta augl\u00fdsir til ums\u00f3knar starf framkv\u00e6mdastj\u00f3ra f\u00e9lagsins. Leita\u00f0 er eftir einstaklingi sem er kraftmikill lei\u00f0togi sem fer fyrir h\u00f3pi \u00f6flugra starfsmanna og vinnur a\u00f0 uppbyggingu Gr\u00f3ttu \u00ed takti vi\u00f0 [&hellip;]\" \/>\n<meta property=\"og:url\" content=\"https:\/\/grotta.is\/en\/almennt\/grotta-leitar-ad-framkvaemdastjora\/\" \/>\n<meta property=\"og:site_name\" content=\"\u00cd\u00fer\u00f3ttaf\u00e9lagi\u00f0 Gr\u00f3tta\" \/>\n<meta property=\"article:publisher\" content=\"https:\/\/www.facebook.com\/grottasport\" \/>\n<meta property=\"article:published_time\" content=\"2023-11-12T00:04:56+00:00\" \/>\n<meta property=\"article:modified_time\" content=\"2023-11-12T00:10:54+00:00\" \/>\n<meta property=\"og:image\" content=\"https:\/\/grotta.is\/wp-content\/uploads\/2023\/11\/Grotta_logo_2020_1920x1080-768x432-2.webp\" \/>\n\t<meta property=\"og:image:width\" content=\"768\" \/>\n\t<meta property=\"og:image:height\" content=\"432\" \/>\n\t<meta property=\"og:image:type\" content=\"image\/webp\" \/>\n<meta name=\"author\" content=\"Hrafnhildur Sigurj\u00f3nsd\u00f3ttir\" \/>\n<meta name=\"twitter:card\" content=\"summary_large_image\" \/>\n<meta name=\"twitter:label1\" content=\"Written by\" \/>\n\t<meta name=\"twitter:data1\" content=\"Hrafnhildur Sigurj\u00f3nsd\u00f3ttir\" \/>\n\t<meta name=\"twitter:label2\" content=\"Est. reading time\" \/>\n\t<meta name=\"twitter:data2\" content=\"3 minutes\" \/>\n<script type=\"application\/ld+json\" class=\"yoast-schema-graph\">{\"@context\":\"https:\/\/schema.org\",\"@graph\":[{\"@type\":\"Article\",\"@id\":\"https:\/\/grotta.is\/almennt\/grotta-leitar-ad-framkvaemdastjora\/#article\",\"isPartOf\":{\"@id\":\"https:\/\/grotta.is\/almennt\/grotta-leitar-ad-framkvaemdastjora\/\"},\"author\":{\"name\":\"Hrafnhildur Sigurj\u00f3nsd\u00f3ttir\",\"@id\":\"https:\/\/grotta.is\/#\/schema\/person\/ef1c56135facd925e36b1430a1db29c9\"},\"headline\":\"Gr\u00f3tta leitar a\u00f0 framkv\u00e6mdastj\u00f3ra\",\"datePublished\":\"2023-11-12T00:04:56+00:00\",\"dateModified\":\"2023-11-12T00:10:54+00:00\",\"mainEntityOfPage\":{\"@id\":\"https:\/\/grotta.is\/almennt\/grotta-leitar-ad-framkvaemdastjora\/\"},\"wordCount\":586,\"publisher\":{\"@id\":\"https:\/\/grotta.is\/#organization\"},\"image\":{\"@id\":\"https:\/\/grotta.is\/almennt\/grotta-leitar-ad-framkvaemdastjora\/#primaryimage\"},\"thumbnailUrl\":\"https:\/\/grotta.is\/wp-content\/uploads\/2023\/11\/Grotta_logo_2020_1920x1080-768x432-2.webp\",\"keywords\":[\"Fimleikar\",\"Handbolti\",\"Knattspyrna\",\"Landsli\u00f0\",\"Leikmenn\",\"Mfl.kk\",\"Mfl.kvk\",\"M\u00f3t\",\"Yngri flokkar\"],\"articleSection\":[\"Almennt\",\"Fimleikadeild\",\"Handknattleiksdeild\",\"Knattspyrnudeild\"],\"inLanguage\":\"en-US\"},{\"@type\":\"WebPage\",\"@id\":\"https:\/\/grotta.is\/almennt\/grotta-leitar-ad-framkvaemdastjora\/\",\"url\":\"https:\/\/grotta.is\/almennt\/grotta-leitar-ad-framkvaemdastjora\/\",\"name\":\"Gr\u00f3tta leitar a\u00f0 framkv\u00e6mdastj\u00f3ra - \u00cd\u00fer\u00f3ttaf\u00e9lagi\u00f0 Gr\u00f3tta\",\"isPartOf\":{\"@id\":\"https:\/\/grotta.is\/#website\"},\"primaryImageOfPage\":{\"@id\":\"https:\/\/grotta.is\/almennt\/grotta-leitar-ad-framkvaemdastjora\/#primaryimage\"},\"image\":{\"@id\":\"https:\/\/grotta.is\/almennt\/grotta-leitar-ad-framkvaemdastjora\/#primaryimage\"},\"thumbnailUrl\":\"https:\/\/grotta.is\/wp-content\/uploads\/2023\/11\/Grotta_logo_2020_1920x1080-768x432-2.webp\",\"datePublished\":\"2023-11-12T00:04:56+00:00\",\"dateModified\":\"2023-11-12T00:10:54+00:00\",\"breadcrumb\":{\"@id\":\"https:\/\/grotta.is\/almennt\/grotta-leitar-ad-framkvaemdastjora\/#breadcrumb\"},\"inLanguage\":\"en-US\",\"potentialAction\":[{\"@type\":\"ReadAction\",\"target\":[\"https:\/\/grotta.is\/almennt\/grotta-leitar-ad-framkvaemdastjora\/\"]}]},{\"@type\":\"ImageObject\",\"inLanguage\":\"en-US\",\"@id\":\"https:\/\/grotta.is\/almennt\/grotta-leitar-ad-framkvaemdastjora\/#primaryimage\",\"url\":\"https:\/\/grotta.is\/wp-content\/uploads\/2023\/11\/Grotta_logo_2020_1920x1080-768x432-2.webp\",\"contentUrl\":\"https:\/\/grotta.is\/wp-content\/uploads\/2023\/11\/Grotta_logo_2020_1920x1080-768x432-2.webp\",\"width\":768,\"height\":432},{\"@type\":\"BreadcrumbList\",\"@id\":\"https:\/\/grotta.is\/almennt\/grotta-leitar-ad-framkvaemdastjora\/#breadcrumb\",\"itemListElement\":[{\"@type\":\"ListItem\",\"position\":1,\"name\":\"Home\",\"item\":\"https:\/\/grotta.is\/\"},{\"@type\":\"ListItem\",\"position\":2,\"name\":\"Gr\u00f3tta leitar a\u00f0 framkv\u00e6mdastj\u00f3ra\"}]},{\"@type\":\"WebSite\",\"@id\":\"https:\/\/grotta.is\/#website\",\"url\":\"https:\/\/grotta.is\/\",\"name\":\"\u00cd\u00fer\u00f3ttaf\u00e9lagi\u00f0 Gr\u00f3tta\",\"description\":\"\u00e1 Seltjarnarnesi\",\"publisher\":{\"@id\":\"https:\/\/grotta.is\/#organization\"},\"potentialAction\":[{\"@type\":\"SearchAction\",\"target\":{\"@type\":\"EntryPoint\",\"urlTemplate\":\"https:\/\/grotta.is\/?s={search_term_string}\"},\"query-input\":{\"@type\":\"PropertyValueSpecification\",\"valueRequired\":true,\"valueName\":\"search_term_string\"}}],\"inLanguage\":\"en-US\"},{\"@type\":\"Organization\",\"@id\":\"https:\/\/grotta.is\/#organization\",\"name\":\"\u00cd\u00fer\u00f3ttaf\u00e9lagi\u00f0 Gr\u00f3tta\",\"url\":\"https:\/\/grotta.is\/\",\"logo\":{\"@type\":\"ImageObject\",\"inLanguage\":\"en-US\",\"@id\":\"https:\/\/grotta.is\/#\/schema\/logo\/image\/\",\"url\":\"https:\/\/grotta.is\/wp-content\/uploads\/2020\/02\/ithrottafelagidgrotta_logo_512x512_transparent.png\",\"contentUrl\":\"https:\/\/grotta.is\/wp-content\/uploads\/2020\/02\/ithrottafelagidgrotta_logo_512x512_transparent.png\",\"width\":512,\"height\":512,\"caption\":\"\u00cd\u00fer\u00f3ttaf\u00e9lagi\u00f0 Gr\u00f3tta\"},\"image\":{\"@id\":\"https:\/\/grotta.is\/#\/schema\/logo\/image\/\"},\"sameAs\":[\"https:\/\/www.facebook.com\/grottasport\"]},{\"@type\":\"Person\",\"@id\":\"https:\/\/grotta.is\/#\/schema\/person\/ef1c56135facd925e36b1430a1db29c9\",\"name\":\"Hrafnhildur Sigurj\u00f3nsd\u00f3ttir\",\"url\":\"https:\/\/grotta.is\/en\/author\/hrafnhildur\/\"}]}<\/script>\n<!-- \/ Yoast SEO plugin. -->","yoast_head_json":{"title":"Gr\u00f3tta leitar a\u00f0 framkv\u00e6mdastj\u00f3ra - \u00cd\u00fer\u00f3ttaf\u00e9lagi\u00f0 Gr\u00f3tta","robots":{"index":"index","follow":"follow","max-snippet":"max-snippet:-1","max-image-preview":"max-image-preview:large","max-video-preview":"max-video-preview:-1"},"canonical":"https:\/\/grotta.is\/en\/almennt\/grotta-leitar-ad-framkvaemdastjora\/","og_locale":"en_US","og_type":"article","og_title":"Gr\u00f3tta leitar a\u00f0 framkv\u00e6mdastj\u00f3ra - \u00cd\u00fer\u00f3ttaf\u00e9lagi\u00f0 Gr\u00f3tta","og_description":"\u00cd\u00fer\u00f3ttaf\u00e9lagi\u00f0 Gr\u00f3tta augl\u00fdsir til ums\u00f3knar starf framkv\u00e6mdastj\u00f3ra f\u00e9lagsins. Leita\u00f0 er eftir einstaklingi sem er kraftmikill lei\u00f0togi sem fer fyrir h\u00f3pi \u00f6flugra starfsmanna og vinnur a\u00f0 uppbyggingu Gr\u00f3ttu \u00ed takti vi\u00f0 [&hellip;]","og_url":"https:\/\/grotta.is\/en\/almennt\/grotta-leitar-ad-framkvaemdastjora\/","og_site_name":"\u00cd\u00fer\u00f3ttaf\u00e9lagi\u00f0 Gr\u00f3tta","article_publisher":"https:\/\/www.facebook.com\/grottasport","article_published_time":"2023-11-12T00:04:56+00:00","article_modified_time":"2023-11-12T00:10:54+00:00","og_image":[{"width":768,"height":432,"url":"https:\/\/grotta.is\/wp-content\/uploads\/2023\/11\/Grotta_logo_2020_1920x1080-768x432-2.webp","type":"image\/webp"}],"author":"Hrafnhildur Sigurj\u00f3nsd\u00f3ttir","twitter_card":"summary_large_image","twitter_misc":{"Written by":"Hrafnhildur Sigurj\u00f3nsd\u00f3ttir","Est. reading time":"3 minutes"},"schema":{"@context":"https:\/\/schema.org","@graph":[{"@type":"Article","@id":"https:\/\/grotta.is\/almennt\/grotta-leitar-ad-framkvaemdastjora\/#article","isPartOf":{"@id":"https:\/\/grotta.is\/almennt\/grotta-leitar-ad-framkvaemdastjora\/"},"author":{"name":"Hrafnhildur Sigurj\u00f3nsd\u00f3ttir","@id":"https:\/\/grotta.is\/#\/schema\/person\/ef1c56135facd925e36b1430a1db29c9"},"headline":"Gr\u00f3tta leitar a\u00f0 framkv\u00e6mdastj\u00f3ra","datePublished":"2023-11-12T00:04:56+00:00","dateModified":"2023-11-12T00:10:54+00:00","mainEntityOfPage":{"@id":"https:\/\/grotta.is\/almennt\/grotta-leitar-ad-framkvaemdastjora\/"},"wordCount":586,"publisher":{"@id":"https:\/\/grotta.is\/#organization"},"image":{"@id":"https:\/\/grotta.is\/almennt\/grotta-leitar-ad-framkvaemdastjora\/#primaryimage"},"thumbnailUrl":"https:\/\/grotta.is\/wp-content\/uploads\/2023\/11\/Grotta_logo_2020_1920x1080-768x432-2.webp","keywords":["Fimleikar","Handbolti","Knattspyrna","Landsli\u00f0","Leikmenn","Mfl.kk","Mfl.kvk","M\u00f3t","Yngri flokkar"],"articleSection":["Almennt","Fimleikadeild","Handknattleiksdeild","Knattspyrnudeild"],"inLanguage":"en-US"},{"@type":"WebPage","@id":"https:\/\/grotta.is\/almennt\/grotta-leitar-ad-framkvaemdastjora\/","url":"https:\/\/grotta.is\/almennt\/grotta-leitar-ad-framkvaemdastjora\/","name":"Gr\u00f3tta leitar a\u00f0 framkv\u00e6mdastj\u00f3ra - \u00cd\u00fer\u00f3ttaf\u00e9lagi\u00f0 Gr\u00f3tta","isPartOf":{"@id":"https:\/\/grotta.is\/#website"},"primaryImageOfPage":{"@id":"https:\/\/grotta.is\/almennt\/grotta-leitar-ad-framkvaemdastjora\/#primaryimage"},"image":{"@id":"https:\/\/grotta.is\/almennt\/grotta-leitar-ad-framkvaemdastjora\/#primaryimage"},"thumbnailUrl":"https:\/\/grotta.is\/wp-content\/uploads\/2023\/11\/Grotta_logo_2020_1920x1080-768x432-2.webp","datePublished":"2023-11-12T00:04:56+00:00","dateModified":"2023-11-12T00:10:54+00:00","breadcrumb":{"@id":"https:\/\/grotta.is\/almennt\/grotta-leitar-ad-framkvaemdastjora\/#breadcrumb"},"inLanguage":"en-US","potentialAction":[{"@type":"ReadAction","target":["https:\/\/grotta.is\/almennt\/grotta-leitar-ad-framkvaemdastjora\/"]}]},{"@type":"ImageObject","inLanguage":"en-US","@id":"https:\/\/grotta.is\/almennt\/grotta-leitar-ad-framkvaemdastjora\/#primaryimage","url":"https:\/\/grotta.is\/wp-content\/uploads\/2023\/11\/Grotta_logo_2020_1920x1080-768x432-2.webp","contentUrl":"https:\/\/grotta.is\/wp-content\/uploads\/2023\/11\/Grotta_logo_2020_1920x1080-768x432-2.webp","width":768,"height":432},{"@type":"BreadcrumbList","@id":"https:\/\/grotta.is\/almennt\/grotta-leitar-ad-framkvaemdastjora\/#breadcrumb","itemListElement":[{"@type":"ListItem","position":1,"name":"Home","item":"https:\/\/grotta.is\/"},{"@type":"ListItem","position":2,"name":"Gr\u00f3tta leitar a\u00f0 framkv\u00e6mdastj\u00f3ra"}]},{"@type":"WebSite","@id":"https:\/\/grotta.is\/#website","url":"https:\/\/grotta.is\/","name":"\u00cd\u00fer\u00f3ttaf\u00e9lagi\u00f0 Gr\u00f3tta","description":"\u00e1 Seltjarnarnesi","publisher":{"@id":"https:\/\/grotta.is\/#organization"},"potentialAction":[{"@type":"SearchAction","target":{"@type":"EntryPoint","urlTemplate":"https:\/\/grotta.is\/?s={search_term_string}"},"query-input":{"@type":"PropertyValueSpecification","valueRequired":true,"valueName":"search_term_string"}}],"inLanguage":"en-US"},{"@type":"Organization","@id":"https:\/\/grotta.is\/#organization","name":"\u00cd\u00fer\u00f3ttaf\u00e9lagi\u00f0 Gr\u00f3tta","url":"https:\/\/grotta.is\/","logo":{"@type":"ImageObject","inLanguage":"en-US","@id":"https:\/\/grotta.is\/#\/schema\/logo\/image\/","url":"https:\/\/grotta.is\/wp-content\/uploads\/2020\/02\/ithrottafelagidgrotta_logo_512x512_transparent.png","contentUrl":"https:\/\/grotta.is\/wp-content\/uploads\/2020\/02\/ithrottafelagidgrotta_logo_512x512_transparent.png","width":512,"height":512,"caption":"\u00cd\u00fer\u00f3ttaf\u00e9lagi\u00f0 Gr\u00f3tta"},"image":{"@id":"https:\/\/grotta.is\/#\/schema\/logo\/image\/"},"sameAs":["https:\/\/www.facebook.com\/grottasport"]},{"@type":"Person","@id":"https:\/\/grotta.is\/#\/schema\/person\/ef1c56135facd925e36b1430a1db29c9","name":"Hrafnhildur Sigurj\u00f3nsd\u00f3ttir","url":"https:\/\/grotta.is\/en\/author\/hrafnhildur\/"}]}},"_links":{"self":[{"href":"https:\/\/grotta.is\/en\/wp-json\/wp\/v2\/posts\/478538","targetHints":{"allow":["GET"]}}],"collection":[{"href":"https:\/\/grotta.is\/en\/wp-json\/wp\/v2\/posts"}],"about":[{"href":"https:\/\/grotta.is\/en\/wp-json\/wp\/v2\/types\/post"}],"author":[{"embeddable":true,"href":"https:\/\/grotta.is\/en\/wp-json\/wp\/v2\/users\/13"}],"replies":[{"embeddable":true,"href":"https:\/\/grotta.is\/en\/wp-json\/wp\/v2\/comments?post=478538"}],"version-history":[{"count":2,"href":"https:\/\/grotta.is\/en\/wp-json\/wp\/v2\/posts\/478538\/revisions"}],"predecessor-version":[{"id":478559,"href":"https:\/\/grotta.is\/en\/wp-json\/wp\/v2\/posts\/478538\/revisions\/478559"}],"wp:featuredmedia":[{"embeddable":true,"href":"https:\/\/grotta.is\/en\/wp-json\/wp\/v2\/media\/478557"}],"wp:attachment":[{"href":"https:\/\/grotta.is\/en\/wp-json\/wp\/v2\/media?parent=478538"}],"wp:term":[{"taxonomy":"category","embeddable":true,"href":"https:\/\/grotta.is\/en\/wp-json\/wp\/v2\/categories?post=478538"},{"taxonomy":"post_tag","embeddable":true,"href":"https:\/\/grotta.is\/en\/wp-json\/wp\/v2\/tags?post=478538"}],"curies":[{"name":"wp","href":"https:\/\/api.w.org\/{rel}","templated":true}]}}