{"id":477292,"date":"2023-11-10T10:47:26","date_gmt":"2023-11-10T10:47:26","guid":{"rendered":"https:\/\/grotta.is\/?p=477292"},"modified":"2023-11-30T09:48:32","modified_gmt":"2023-11-30T09:48:32","slug":"thorrablot-grottu-takid-fra-daginn","status":"publish","type":"post","link":"https:\/\/grotta.is\/en\/almennt\/thorrablot-grottu-takid-fra-daginn\/","title":{"rendered":"\u00deorrabl\u00f3t Seltjarnarness 2024"},"content":{"rendered":"<p>\u00deann 27. jan\u00faar mun \u00deorrabl\u00f3t Seltjarnarness ver\u00f0a haldi\u00f0 me\u00f0 pompi og prakt!<\/p><p>Endilega taki\u00f0 daginn fr\u00e1 og merki\u00f0 hann me\u00f0 st\u00f3rri stj\u00f6rnu \u00ed dagatali\u00f0.<\/p><p>Mi\u00f0asala fer \u00ed gang \u00e1 tix.is f\u00f6studaginn 1.desember kl 12:00:<\/p><p><a href=\"https:\/\/tix.is\/is\/event\/16609\/\">https:\/\/tix.is\/is\/event\/16609\/<\/a><\/p><p><\/p><figure><img fetchpriority=\"high\" decoding=\"async\" src=\"https:\/\/grotta.is\/wp-content\/uploads\/2023\/11\/image-1.png\" alt=\"\" width=\"439\" height=\"439\"\/><\/figure><p>k\u00e6r kve\u00f0ja<\/p><p>\u00deorrabl\u00f3tsnefnd <\/p><p><a href=\"https:\/\/www.facebook.com\/events\/1065583657971287?ref=newsfeed\">https:\/\/www.facebook.com\/events\/1065583657971287?ref=newsfeed<\/a><\/p>","protected":false},"excerpt":{"rendered":"<p>\u00deann 27. jan\u00faar mun \u00deorrabl\u00f3t Seltjarnarness ver\u00f0a haldi\u00f0 me\u00f0 pompi og prakt! Endilega taki\u00f0 daginn fr\u00e1 og merki\u00f0 hann me\u00f0 st\u00f3rri stj\u00f6rnu \u00ed dagatali\u00f0. Mi\u00f0asala fer \u00ed gang \u00e1 tix.is [&hellip;]<\/p>","protected":false},"author":13,"featured_media":477296,"comment_status":"closed","ping_status":"closed","sticky":false,"template":"","format":"standard","meta":{"footnotes":""},"categories":[4,9,12,7],"tags":[11,13,6,17,20,18,21,141],"class_list":["post-477292","post","type-post","status-publish","format-standard","has-post-thumbnail","hentry","category-almennt","category-fimleikadeild","category-handknattleiksdeild","category-knattspyrnudeild","tag-fimleikar","tag-handbolti","tag-knattspyrna","tag-leikmenn","tag-mfl-kk","tag-mfl-kvk","tag-mot","tag-thorrblot"],"yoast_head":"<!-- This site is optimized with the Yoast SEO plugin v24.3 - https:\/\/yoast.com\/wordpress\/plugins\/seo\/ -->\n<title>\u00deorrabl\u00f3t Seltjarnarness 2024 - \u00cd\u00fer\u00f3ttaf\u00e9lagi\u00f0 Gr\u00f3tta<\/title>\n<meta name=\"robots\" content=\"index, follow, max-snippet:-1, max-image-preview:large, max-video-preview:-1\" \/>\n<link rel=\"canonical\" href=\"https:\/\/grotta.is\/en\/almennt\/thorrablot-grottu-takid-fra-daginn\/\" \/>\n<meta property=\"og:locale\" content=\"en_US\" \/>\n<meta property=\"og:type\" content=\"article\" \/>\n<meta property=\"og:title\" content=\"\u00deorrabl\u00f3t Seltjarnarness 2024 - \u00cd\u00fer\u00f3ttaf\u00e9lagi\u00f0 Gr\u00f3tta\" \/>\n<meta property=\"og:description\" content=\"\u00deann 27. jan\u00faar mun \u00deorrabl\u00f3t Seltjarnarness ver\u00f0a haldi\u00f0 me\u00f0 pompi og prakt! Endilega taki\u00f0 daginn fr\u00e1 og merki\u00f0 hann me\u00f0 st\u00f3rri stj\u00f6rnu \u00ed dagatali\u00f0. Mi\u00f0asala fer \u00ed gang \u00e1 tix.is [&hellip;]\" \/>\n<meta property=\"og:url\" content=\"https:\/\/grotta.is\/en\/almennt\/thorrablot-grottu-takid-fra-daginn\/\" \/>\n<meta property=\"og:site_name\" content=\"\u00cd\u00fer\u00f3ttaf\u00e9lagi\u00f0 Gr\u00f3tta\" \/>\n<meta property=\"article:publisher\" content=\"https:\/\/www.facebook.com\/grottasport\" \/>\n<meta property=\"article:published_time\" content=\"2023-11-10T10:47:26+00:00\" \/>\n<meta property=\"article:modified_time\" content=\"2023-11-30T09:48:32+00:00\" \/>\n<meta property=\"og:image\" content=\"https:\/\/grotta.is\/wp-content\/uploads\/2023\/11\/image.png\" \/>\n\t<meta property=\"og:image:width\" content=\"478\" \/>\n\t<meta property=\"og:image:height\" content=\"332\" \/>\n\t<meta property=\"og:image:type\" content=\"image\/png\" \/>\n<meta name=\"author\" content=\"Hrafnhildur Sigurj\u00f3nsd\u00f3ttir\" \/>\n<meta name=\"twitter:card\" content=\"summary_large_image\" \/>\n<meta name=\"twitter:label1\" content=\"Written by\" \/>\n\t<meta name=\"twitter:data1\" content=\"Hrafnhildur Sigurj\u00f3nsd\u00f3ttir\" \/>\n\t<meta name=\"twitter:label2\" content=\"Est. reading time\" \/>\n\t<meta name=\"twitter:data2\" content=\"1 minute\" \/>\n<script type=\"application\/ld+json\" class=\"yoast-schema-graph\">{\"@context\":\"https:\/\/schema.org\",\"@graph\":[{\"@type\":\"Article\",\"@id\":\"https:\/\/grotta.is\/almennt\/thorrablot-grottu-takid-fra-daginn\/#article\",\"isPartOf\":{\"@id\":\"https:\/\/grotta.is\/almennt\/thorrablot-grottu-takid-fra-daginn\/\"},\"author\":{\"name\":\"Hrafnhildur Sigurj\u00f3nsd\u00f3ttir\",\"@id\":\"https:\/\/grotta.is\/#\/schema\/person\/ef1c56135facd925e36b1430a1db29c9\"},\"headline\":\"\u00deorrabl\u00f3t Seltjarnarness 2024\",\"datePublished\":\"2023-11-10T10:47:26+00:00\",\"dateModified\":\"2023-11-30T09:48:32+00:00\",\"mainEntityOfPage\":{\"@id\":\"https:\/\/grotta.is\/almennt\/thorrablot-grottu-takid-fra-daginn\/\"},\"wordCount\":58,\"publisher\":{\"@id\":\"https:\/\/grotta.is\/#organization\"},\"image\":{\"@id\":\"https:\/\/grotta.is\/almennt\/thorrablot-grottu-takid-fra-daginn\/#primaryimage\"},\"thumbnailUrl\":\"https:\/\/grotta.is\/wp-content\/uploads\/2023\/11\/image.png\",\"keywords\":[\"Fimleikar\",\"Handbolti\",\"Knattspyrna\",\"Leikmenn\",\"Mfl.kk\",\"Mfl.kvk\",\"M\u00f3t\",\"\u00deorrbl\u00f3t\"],\"articleSection\":[\"Almennt\",\"Fimleikadeild\",\"Handknattleiksdeild\",\"Knattspyrnudeild\"],\"inLanguage\":\"en-US\"},{\"@type\":\"WebPage\",\"@id\":\"https:\/\/grotta.is\/almennt\/thorrablot-grottu-takid-fra-daginn\/\",\"url\":\"https:\/\/grotta.is\/almennt\/thorrablot-grottu-takid-fra-daginn\/\",\"name\":\"\u00deorrabl\u00f3t Seltjarnarness 2024 - \u00cd\u00fer\u00f3ttaf\u00e9lagi\u00f0 Gr\u00f3tta\",\"isPartOf\":{\"@id\":\"https:\/\/grotta.is\/#website\"},\"primaryImageOfPage\":{\"@id\":\"https:\/\/grotta.is\/almennt\/thorrablot-grottu-takid-fra-daginn\/#primaryimage\"},\"image\":{\"@id\":\"https:\/\/grotta.is\/almennt\/thorrablot-grottu-takid-fra-daginn\/#primaryimage\"},\"thumbnailUrl\":\"https:\/\/grotta.is\/wp-content\/uploads\/2023\/11\/image.png\",\"datePublished\":\"2023-11-10T10:47:26+00:00\",\"dateModified\":\"2023-11-30T09:48:32+00:00\",\"breadcrumb\":{\"@id\":\"https:\/\/grotta.is\/almennt\/thorrablot-grottu-takid-fra-daginn\/#breadcrumb\"},\"inLanguage\":\"en-US\",\"potentialAction\":[{\"@type\":\"ReadAction\",\"target\":[\"https:\/\/grotta.is\/almennt\/thorrablot-grottu-takid-fra-daginn\/\"]}]},{\"@type\":\"ImageObject\",\"inLanguage\":\"en-US\",\"@id\":\"https:\/\/grotta.is\/almennt\/thorrablot-grottu-takid-fra-daginn\/#primaryimage\",\"url\":\"https:\/\/grotta.is\/wp-content\/uploads\/2023\/11\/image.png\",\"contentUrl\":\"https:\/\/grotta.is\/wp-content\/uploads\/2023\/11\/image.png\",\"width\":478,\"height\":332},{\"@type\":\"BreadcrumbList\",\"@id\":\"https:\/\/grotta.is\/almennt\/thorrablot-grottu-takid-fra-daginn\/#breadcrumb\",\"itemListElement\":[{\"@type\":\"ListItem\",\"position\":1,\"name\":\"Home\",\"item\":\"https:\/\/grotta.is\/\"},{\"@type\":\"ListItem\",\"position\":2,\"name\":\"\u00deorrabl\u00f3t Seltjarnarness 2024\"}]},{\"@type\":\"WebSite\",\"@id\":\"https:\/\/grotta.is\/#website\",\"url\":\"https:\/\/grotta.is\/\",\"name\":\"\u00cd\u00fer\u00f3ttaf\u00e9lagi\u00f0 Gr\u00f3tta\",\"description\":\"\u00e1 Seltjarnarnesi\",\"publisher\":{\"@id\":\"https:\/\/grotta.is\/#organization\"},\"potentialAction\":[{\"@type\":\"SearchAction\",\"target\":{\"@type\":\"EntryPoint\",\"urlTemplate\":\"https:\/\/grotta.is\/?s={search_term_string}\"},\"query-input\":{\"@type\":\"PropertyValueSpecification\",\"valueRequired\":true,\"valueName\":\"search_term_string\"}}],\"inLanguage\":\"en-US\"},{\"@type\":\"Organization\",\"@id\":\"https:\/\/grotta.is\/#organization\",\"name\":\"\u00cd\u00fer\u00f3ttaf\u00e9lagi\u00f0 Gr\u00f3tta\",\"url\":\"https:\/\/grotta.is\/\",\"logo\":{\"@type\":\"ImageObject\",\"inLanguage\":\"en-US\",\"@id\":\"https:\/\/grotta.is\/#\/schema\/logo\/image\/\",\"url\":\"https:\/\/grotta.is\/wp-content\/uploads\/2020\/02\/ithrottafelagidgrotta_logo_512x512_transparent.png\",\"contentUrl\":\"https:\/\/grotta.is\/wp-content\/uploads\/2020\/02\/ithrottafelagidgrotta_logo_512x512_transparent.png\",\"width\":512,\"height\":512,\"caption\":\"\u00cd\u00fer\u00f3ttaf\u00e9lagi\u00f0 Gr\u00f3tta\"},\"image\":{\"@id\":\"https:\/\/grotta.is\/#\/schema\/logo\/image\/\"},\"sameAs\":[\"https:\/\/www.facebook.com\/grottasport\"]},{\"@type\":\"Person\",\"@id\":\"https:\/\/grotta.is\/#\/schema\/person\/ef1c56135facd925e36b1430a1db29c9\",\"name\":\"Hrafnhildur Sigurj\u00f3nsd\u00f3ttir\",\"url\":\"https:\/\/grotta.is\/en\/author\/hrafnhildur\/\"}]}<\/script>\n<!-- \/ Yoast SEO plugin. -->","yoast_head_json":{"title":"\u00deorrabl\u00f3t Seltjarnarness 2024 - \u00cd\u00fer\u00f3ttaf\u00e9lagi\u00f0 Gr\u00f3tta","robots":{"index":"index","follow":"follow","max-snippet":"max-snippet:-1","max-image-preview":"max-image-preview:large","max-video-preview":"max-video-preview:-1"},"canonical":"https:\/\/grotta.is\/en\/almennt\/thorrablot-grottu-takid-fra-daginn\/","og_locale":"en_US","og_type":"article","og_title":"\u00deorrabl\u00f3t Seltjarnarness 2024 - \u00cd\u00fer\u00f3ttaf\u00e9lagi\u00f0 Gr\u00f3tta","og_description":"\u00deann 27. jan\u00faar mun \u00deorrabl\u00f3t Seltjarnarness ver\u00f0a haldi\u00f0 me\u00f0 pompi og prakt! Endilega taki\u00f0 daginn fr\u00e1 og merki\u00f0 hann me\u00f0 st\u00f3rri stj\u00f6rnu \u00ed dagatali\u00f0. Mi\u00f0asala fer \u00ed gang \u00e1 tix.is [&hellip;]","og_url":"https:\/\/grotta.is\/en\/almennt\/thorrablot-grottu-takid-fra-daginn\/","og_site_name":"\u00cd\u00fer\u00f3ttaf\u00e9lagi\u00f0 Gr\u00f3tta","article_publisher":"https:\/\/www.facebook.com\/grottasport","article_published_time":"2023-11-10T10:47:26+00:00","article_modified_time":"2023-11-30T09:48:32+00:00","og_image":[{"width":478,"height":332,"url":"https:\/\/grotta.is\/wp-content\/uploads\/2023\/11\/image.png","type":"image\/png"}],"author":"Hrafnhildur Sigurj\u00f3nsd\u00f3ttir","twitter_card":"summary_large_image","twitter_misc":{"Written by":"Hrafnhildur Sigurj\u00f3nsd\u00f3ttir","Est. reading time":"1 minute"},"schema":{"@context":"https:\/\/schema.org","@graph":[{"@type":"Article","@id":"https:\/\/grotta.is\/almennt\/thorrablot-grottu-takid-fra-daginn\/#article","isPartOf":{"@id":"https:\/\/grotta.is\/almennt\/thorrablot-grottu-takid-fra-daginn\/"},"author":{"name":"Hrafnhildur Sigurj\u00f3nsd\u00f3ttir","@id":"https:\/\/grotta.is\/#\/schema\/person\/ef1c56135facd925e36b1430a1db29c9"},"headline":"\u00deorrabl\u00f3t Seltjarnarness 2024","datePublished":"2023-11-10T10:47:26+00:00","dateModified":"2023-11-30T09:48:32+00:00","mainEntityOfPage":{"@id":"https:\/\/grotta.is\/almennt\/thorrablot-grottu-takid-fra-daginn\/"},"wordCount":58,"publisher":{"@id":"https:\/\/grotta.is\/#organization"},"image":{"@id":"https:\/\/grotta.is\/almennt\/thorrablot-grottu-takid-fra-daginn\/#primaryimage"},"thumbnailUrl":"https:\/\/grotta.is\/wp-content\/uploads\/2023\/11\/image.png","keywords":["Fimleikar","Handbolti","Knattspyrna","Leikmenn","Mfl.kk","Mfl.kvk","M\u00f3t","\u00deorrbl\u00f3t"],"articleSection":["Almennt","Fimleikadeild","Handknattleiksdeild","Knattspyrnudeild"],"inLanguage":"en-US"},{"@type":"WebPage","@id":"https:\/\/grotta.is\/almennt\/thorrablot-grottu-takid-fra-daginn\/","url":"https:\/\/grotta.is\/almennt\/thorrablot-grottu-takid-fra-daginn\/","name":"\u00deorrabl\u00f3t Seltjarnarness 2024 - \u00cd\u00fer\u00f3ttaf\u00e9lagi\u00f0 Gr\u00f3tta","isPartOf":{"@id":"https:\/\/grotta.is\/#website"},"primaryImageOfPage":{"@id":"https:\/\/grotta.is\/almennt\/thorrablot-grottu-takid-fra-daginn\/#primaryimage"},"image":{"@id":"https:\/\/grotta.is\/almennt\/thorrablot-grottu-takid-fra-daginn\/#primaryimage"},"thumbnailUrl":"https:\/\/grotta.is\/wp-content\/uploads\/2023\/11\/image.png","datePublished":"2023-11-10T10:47:26+00:00","dateModified":"2023-11-30T09:48:32+00:00","breadcrumb":{"@id":"https:\/\/grotta.is\/almennt\/thorrablot-grottu-takid-fra-daginn\/#breadcrumb"},"inLanguage":"en-US","potentialAction":[{"@type":"ReadAction","target":["https:\/\/grotta.is\/almennt\/thorrablot-grottu-takid-fra-daginn\/"]}]},{"@type":"ImageObject","inLanguage":"en-US","@id":"https:\/\/grotta.is\/almennt\/thorrablot-grottu-takid-fra-daginn\/#primaryimage","url":"https:\/\/grotta.is\/wp-content\/uploads\/2023\/11\/image.png","contentUrl":"https:\/\/grotta.is\/wp-content\/uploads\/2023\/11\/image.png","width":478,"height":332},{"@type":"BreadcrumbList","@id":"https:\/\/grotta.is\/almennt\/thorrablot-grottu-takid-fra-daginn\/#breadcrumb","itemListElement":[{"@type":"ListItem","position":1,"name":"Home","item":"https:\/\/grotta.is\/"},{"@type":"ListItem","position":2,"name":"\u00deorrabl\u00f3t Seltjarnarness 2024"}]},{"@type":"WebSite","@id":"https:\/\/grotta.is\/#website","url":"https:\/\/grotta.is\/","name":"\u00cd\u00fer\u00f3ttaf\u00e9lagi\u00f0 Gr\u00f3tta","description":"\u00e1 Seltjarnarnesi","publisher":{"@id":"https:\/\/grotta.is\/#organization"},"potentialAction":[{"@type":"SearchAction","target":{"@type":"EntryPoint","urlTemplate":"https:\/\/grotta.is\/?s={search_term_string}"},"query-input":{"@type":"PropertyValueSpecification","valueRequired":true,"valueName":"search_term_string"}}],"inLanguage":"en-US"},{"@type":"Organization","@id":"https:\/\/grotta.is\/#organization","name":"\u00cd\u00fer\u00f3ttaf\u00e9lagi\u00f0 Gr\u00f3tta","url":"https:\/\/grotta.is\/","logo":{"@type":"ImageObject","inLanguage":"en-US","@id":"https:\/\/grotta.is\/#\/schema\/logo\/image\/","url":"https:\/\/grotta.is\/wp-content\/uploads\/2020\/02\/ithrottafelagidgrotta_logo_512x512_transparent.png","contentUrl":"https:\/\/grotta.is\/wp-content\/uploads\/2020\/02\/ithrottafelagidgrotta_logo_512x512_transparent.png","width":512,"height":512,"caption":"\u00cd\u00fer\u00f3ttaf\u00e9lagi\u00f0 Gr\u00f3tta"},"image":{"@id":"https:\/\/grotta.is\/#\/schema\/logo\/image\/"},"sameAs":["https:\/\/www.facebook.com\/grottasport"]},{"@type":"Person","@id":"https:\/\/grotta.is\/#\/schema\/person\/ef1c56135facd925e36b1430a1db29c9","name":"Hrafnhildur Sigurj\u00f3nsd\u00f3ttir","url":"https:\/\/grotta.is\/en\/author\/hrafnhildur\/"}]}},"_links":{"self":[{"href":"https:\/\/grotta.is\/en\/wp-json\/wp\/v2\/posts\/477292","targetHints":{"allow":["GET"]}}],"collection":[{"href":"https:\/\/grotta.is\/en\/wp-json\/wp\/v2\/posts"}],"about":[{"href":"https:\/\/grotta.is\/en\/wp-json\/wp\/v2\/types\/post"}],"author":[{"embeddable":true,"href":"https:\/\/grotta.is\/en\/wp-json\/wp\/v2\/users\/13"}],"replies":[{"embeddable":true,"href":"https:\/\/grotta.is\/en\/wp-json\/wp\/v2\/comments?post=477292"}],"version-history":[{"count":14,"href":"https:\/\/grotta.is\/en\/wp-json\/wp\/v2\/posts\/477292\/revisions"}],"predecessor-version":[{"id":495772,"href":"https:\/\/grotta.is\/en\/wp-json\/wp\/v2\/posts\/477292\/revisions\/495772"}],"wp:featuredmedia":[{"embeddable":true,"href":"https:\/\/grotta.is\/en\/wp-json\/wp\/v2\/media\/477296"}],"wp:attachment":[{"href":"https:\/\/grotta.is\/en\/wp-json\/wp\/v2\/media?parent=477292"}],"wp:term":[{"taxonomy":"category","embeddable":true,"href":"https:\/\/grotta.is\/en\/wp-json\/wp\/v2\/categories?post=477292"},{"taxonomy":"post_tag","embeddable":true,"href":"https:\/\/grotta.is\/en\/wp-json\/wp\/v2\/tags?post=477292"}],"curies":[{"name":"wp","href":"https:\/\/api.w.org\/{rel}","templated":true}]}}