{"id":469442,"date":"2023-11-03T15:34:27","date_gmt":"2023-11-03T15:34:27","guid":{"rendered":"https:\/\/grotta.is\/?p=469442"},"modified":"2023-11-03T15:34:34","modified_gmt":"2023-11-03T15:34:34","slug":"vinavikur-handboltans","status":"publish","type":"post","link":"https:\/\/grotta.is\/en\/handknattleiksdeild\/vinavikur-handboltans\/","title":{"rendered":"Vinavikur handboltans"},"content":{"rendered":"<p>N\u00e6stu tv\u00e6r vikurnar fara fram vinavikur \u00ed handboltanum. Vi\u00f0 hvetjum alla n\u00faverandi i\u00f0kendur til a\u00f0 taka me\u00f0 s\u00e9r vini e\u00f0a vinkonur \u00e1 \u00e6fingar. A\u00f0rir sem hafa \u00e1huga \u00e1 a\u00f0 koma og pr\u00f3fa, eru hjartanlega velkomin.<\/p><p>\u00c6fingat\u00f6flu yngri flokkanna m\u00e1 sj\u00e1 h\u00e9r \u00e1 myndinni.<\/p><p>\u00dej\u00e1lfararnir taka vel \u00e1 m\u00f3ti kr\u00f6kkunum !<\/p><p>\u00c1fram Gr\u00f3tta !<\/p><p><\/p><p><img fetchpriority=\"high\" decoding=\"async\" width=\"600\" height=\"849\" class=\"wp-image-469451\" style=\"width: 600px;\" src=\"https:\/\/grotta.is\/wp-content\/uploads\/2023\/11\/AEfingatafla-Grottu-ny.png\" alt=\"\" srcset=\"https:\/\/grotta.is\/wp-content\/uploads\/2023\/11\/AEfingatafla-Grottu-ny.png 1587w, https:\/\/grotta.is\/wp-content\/uploads\/2023\/11\/AEfingatafla-Grottu-ny-212x300.png 212w, https:\/\/grotta.is\/wp-content\/uploads\/2023\/11\/AEfingatafla-Grottu-ny-724x1024.png 724w, https:\/\/grotta.is\/wp-content\/uploads\/2023\/11\/AEfingatafla-Grottu-ny-768x1086.png 768w, https:\/\/grotta.is\/wp-content\/uploads\/2023\/11\/AEfingatafla-Grottu-ny-1086x1536.png 1086w, https:\/\/grotta.is\/wp-content\/uploads\/2023\/11\/AEfingatafla-Grottu-ny-1448x2048.png 1448w, https:\/\/grotta.is\/wp-content\/uploads\/2023\/11\/AEfingatafla-Grottu-ny-8x12.png 8w, https:\/\/grotta.is\/wp-content\/uploads\/2023\/11\/AEfingatafla-Grottu-ny-600x849.png 600w\" sizes=\"(max-width: 600px) 100vw, 600px\" \/><\/p><p><\/p><p><\/p>","protected":false},"excerpt":{"rendered":"<p>N\u00e6stu tv\u00e6r vikurnar fara fram vinavikur \u00ed handboltanum. Vi\u00f0 hvetjum alla n\u00faverandi i\u00f0kendur til a\u00f0 taka me\u00f0 s\u00e9r vini e\u00f0a vinkonur \u00e1 \u00e6fingar. A\u00f0rir sem hafa \u00e1huga \u00e1 a\u00f0 koma [&hellip;]<\/p>","protected":false},"author":10,"featured_media":469444,"comment_status":"closed","ping_status":"closed","sticky":false,"template":"","format":"standard","meta":{"footnotes":""},"categories":[12],"tags":[13,15],"class_list":["post-469442","post","type-post","status-publish","format-standard","has-post-thumbnail","hentry","category-handknattleiksdeild","tag-handbolti","tag-yngri-flokkar"],"yoast_head":"<!-- This site is optimized with the Yoast SEO plugin v24.3 - https:\/\/yoast.com\/wordpress\/plugins\/seo\/ -->\n<title>Vinavikur handboltans - \u00cd\u00fer\u00f3ttaf\u00e9lagi\u00f0 Gr\u00f3tta<\/title>\n<meta name=\"robots\" content=\"index, follow, max-snippet:-1, max-image-preview:large, max-video-preview:-1\" \/>\n<link rel=\"canonical\" href=\"https:\/\/grotta.is\/en\/handknattleiksdeild\/vinavikur-handboltans\/\" \/>\n<meta property=\"og:locale\" content=\"en_US\" \/>\n<meta property=\"og:type\" content=\"article\" \/>\n<meta property=\"og:title\" content=\"Vinavikur handboltans - \u00cd\u00fer\u00f3ttaf\u00e9lagi\u00f0 Gr\u00f3tta\" \/>\n<meta property=\"og:description\" content=\"N\u00e6stu tv\u00e6r vikurnar fara fram vinavikur \u00ed handboltanum. Vi\u00f0 hvetjum alla n\u00faverandi i\u00f0kendur til a\u00f0 taka me\u00f0 s\u00e9r vini e\u00f0a vinkonur \u00e1 \u00e6fingar. A\u00f0rir sem hafa \u00e1huga \u00e1 a\u00f0 koma [&hellip;]\" \/>\n<meta property=\"og:url\" content=\"https:\/\/grotta.is\/en\/handknattleiksdeild\/vinavikur-handboltans\/\" \/>\n<meta property=\"og:site_name\" content=\"\u00cd\u00fer\u00f3ttaf\u00e9lagi\u00f0 Gr\u00f3tta\" \/>\n<meta property=\"article:publisher\" content=\"https:\/\/www.facebook.com\/grottasport\" \/>\n<meta property=\"article:published_time\" content=\"2023-11-03T15:34:27+00:00\" \/>\n<meta property=\"article:modified_time\" content=\"2023-11-03T15:34:34+00:00\" \/>\n<meta property=\"og:image\" content=\"https:\/\/grotta.is\/wp-content\/uploads\/2023\/11\/Vinavikur-handboltans-6.-19.november.png\" \/>\n\t<meta property=\"og:image:width\" content=\"1080\" \/>\n\t<meta property=\"og:image:height\" content=\"1080\" \/>\n\t<meta property=\"og:image:type\" content=\"image\/png\" \/>\n<meta name=\"author\" content=\"Andri Sigf\u00fasson\" \/>\n<meta name=\"twitter:card\" content=\"summary_large_image\" \/>\n<meta name=\"twitter:label1\" content=\"Written by\" \/>\n\t<meta name=\"twitter:data1\" content=\"Andri Sigf\u00fasson\" \/>\n\t<meta name=\"twitter:label2\" content=\"Est. reading time\" \/>\n\t<meta name=\"twitter:data2\" content=\"1 minute\" \/>\n<script type=\"application\/ld+json\" class=\"yoast-schema-graph\">{\"@context\":\"https:\/\/schema.org\",\"@graph\":[{\"@type\":\"Article\",\"@id\":\"https:\/\/grotta.is\/handknattleiksdeild\/vinavikur-handboltans\/#article\",\"isPartOf\":{\"@id\":\"https:\/\/grotta.is\/handknattleiksdeild\/vinavikur-handboltans\/\"},\"author\":{\"name\":\"Andri Sigf\u00fasson\",\"@id\":\"https:\/\/grotta.is\/#\/schema\/person\/b21e9d5dfd92c90211e343e8d7252b1c\"},\"headline\":\"Vinavikur handboltans\",\"datePublished\":\"2023-11-03T15:34:27+00:00\",\"dateModified\":\"2023-11-03T15:34:34+00:00\",\"mainEntityOfPage\":{\"@id\":\"https:\/\/grotta.is\/handknattleiksdeild\/vinavikur-handboltans\/\"},\"wordCount\":62,\"publisher\":{\"@id\":\"https:\/\/grotta.is\/#organization\"},\"image\":{\"@id\":\"https:\/\/grotta.is\/handknattleiksdeild\/vinavikur-handboltans\/#primaryimage\"},\"thumbnailUrl\":\"https:\/\/grotta.is\/wp-content\/uploads\/2023\/11\/Vinavikur-handboltans-6.-19.november.png\",\"keywords\":[\"Handbolti\",\"Yngri flokkar\"],\"articleSection\":[\"Handknattleiksdeild\"],\"inLanguage\":\"en-US\"},{\"@type\":\"WebPage\",\"@id\":\"https:\/\/grotta.is\/handknattleiksdeild\/vinavikur-handboltans\/\",\"url\":\"https:\/\/grotta.is\/handknattleiksdeild\/vinavikur-handboltans\/\",\"name\":\"Vinavikur handboltans - \u00cd\u00fer\u00f3ttaf\u00e9lagi\u00f0 Gr\u00f3tta\",\"isPartOf\":{\"@id\":\"https:\/\/grotta.is\/#website\"},\"primaryImageOfPage\":{\"@id\":\"https:\/\/grotta.is\/handknattleiksdeild\/vinavikur-handboltans\/#primaryimage\"},\"image\":{\"@id\":\"https:\/\/grotta.is\/handknattleiksdeild\/vinavikur-handboltans\/#primaryimage\"},\"thumbnailUrl\":\"https:\/\/grotta.is\/wp-content\/uploads\/2023\/11\/Vinavikur-handboltans-6.-19.november.png\",\"datePublished\":\"2023-11-03T15:34:27+00:00\",\"dateModified\":\"2023-11-03T15:34:34+00:00\",\"breadcrumb\":{\"@id\":\"https:\/\/grotta.is\/handknattleiksdeild\/vinavikur-handboltans\/#breadcrumb\"},\"inLanguage\":\"en-US\",\"potentialAction\":[{\"@type\":\"ReadAction\",\"target\":[\"https:\/\/grotta.is\/handknattleiksdeild\/vinavikur-handboltans\/\"]}]},{\"@type\":\"ImageObject\",\"inLanguage\":\"en-US\",\"@id\":\"https:\/\/grotta.is\/handknattleiksdeild\/vinavikur-handboltans\/#primaryimage\",\"url\":\"https:\/\/grotta.is\/wp-content\/uploads\/2023\/11\/Vinavikur-handboltans-6.-19.november.png\",\"contentUrl\":\"https:\/\/grotta.is\/wp-content\/uploads\/2023\/11\/Vinavikur-handboltans-6.-19.november.png\",\"width\":1080,\"height\":1080},{\"@type\":\"BreadcrumbList\",\"@id\":\"https:\/\/grotta.is\/handknattleiksdeild\/vinavikur-handboltans\/#breadcrumb\",\"itemListElement\":[{\"@type\":\"ListItem\",\"position\":1,\"name\":\"Home\",\"item\":\"https:\/\/grotta.is\/\"},{\"@type\":\"ListItem\",\"position\":2,\"name\":\"Vinavikur handboltans\"}]},{\"@type\":\"WebSite\",\"@id\":\"https:\/\/grotta.is\/#website\",\"url\":\"https:\/\/grotta.is\/\",\"name\":\"\u00cd\u00fer\u00f3ttaf\u00e9lagi\u00f0 Gr\u00f3tta\",\"description\":\"\u00e1 Seltjarnarnesi\",\"publisher\":{\"@id\":\"https:\/\/grotta.is\/#organization\"},\"potentialAction\":[{\"@type\":\"SearchAction\",\"target\":{\"@type\":\"EntryPoint\",\"urlTemplate\":\"https:\/\/grotta.is\/?s={search_term_string}\"},\"query-input\":{\"@type\":\"PropertyValueSpecification\",\"valueRequired\":true,\"valueName\":\"search_term_string\"}}],\"inLanguage\":\"en-US\"},{\"@type\":\"Organization\",\"@id\":\"https:\/\/grotta.is\/#organization\",\"name\":\"\u00cd\u00fer\u00f3ttaf\u00e9lagi\u00f0 Gr\u00f3tta\",\"url\":\"https:\/\/grotta.is\/\",\"logo\":{\"@type\":\"ImageObject\",\"inLanguage\":\"en-US\",\"@id\":\"https:\/\/grotta.is\/#\/schema\/logo\/image\/\",\"url\":\"https:\/\/grotta.is\/wp-content\/uploads\/2020\/02\/ithrottafelagidgrotta_logo_512x512_transparent.png\",\"contentUrl\":\"https:\/\/grotta.is\/wp-content\/uploads\/2020\/02\/ithrottafelagidgrotta_logo_512x512_transparent.png\",\"width\":512,\"height\":512,\"caption\":\"\u00cd\u00fer\u00f3ttaf\u00e9lagi\u00f0 Gr\u00f3tta\"},\"image\":{\"@id\":\"https:\/\/grotta.is\/#\/schema\/logo\/image\/\"},\"sameAs\":[\"https:\/\/www.facebook.com\/grottasport\"]},{\"@type\":\"Person\",\"@id\":\"https:\/\/grotta.is\/#\/schema\/person\/b21e9d5dfd92c90211e343e8d7252b1c\",\"name\":\"Andri Sigf\u00fasson\",\"url\":\"https:\/\/grotta.is\/en\/author\/andri\/\"}]}<\/script>\n<!-- \/ Yoast SEO plugin. -->","yoast_head_json":{"title":"Vinavikur handboltans - \u00cd\u00fer\u00f3ttaf\u00e9lagi\u00f0 Gr\u00f3tta","robots":{"index":"index","follow":"follow","max-snippet":"max-snippet:-1","max-image-preview":"max-image-preview:large","max-video-preview":"max-video-preview:-1"},"canonical":"https:\/\/grotta.is\/en\/handknattleiksdeild\/vinavikur-handboltans\/","og_locale":"en_US","og_type":"article","og_title":"Vinavikur handboltans - \u00cd\u00fer\u00f3ttaf\u00e9lagi\u00f0 Gr\u00f3tta","og_description":"N\u00e6stu tv\u00e6r vikurnar fara fram vinavikur \u00ed handboltanum. Vi\u00f0 hvetjum alla n\u00faverandi i\u00f0kendur til a\u00f0 taka me\u00f0 s\u00e9r vini e\u00f0a vinkonur \u00e1 \u00e6fingar. A\u00f0rir sem hafa \u00e1huga \u00e1 a\u00f0 koma [&hellip;]","og_url":"https:\/\/grotta.is\/en\/handknattleiksdeild\/vinavikur-handboltans\/","og_site_name":"\u00cd\u00fer\u00f3ttaf\u00e9lagi\u00f0 Gr\u00f3tta","article_publisher":"https:\/\/www.facebook.com\/grottasport","article_published_time":"2023-11-03T15:34:27+00:00","article_modified_time":"2023-11-03T15:34:34+00:00","og_image":[{"width":1080,"height":1080,"url":"https:\/\/grotta.is\/wp-content\/uploads\/2023\/11\/Vinavikur-handboltans-6.-19.november.png","type":"image\/png"}],"author":"Andri Sigf\u00fasson","twitter_card":"summary_large_image","twitter_misc":{"Written by":"Andri Sigf\u00fasson","Est. reading time":"1 minute"},"schema":{"@context":"https:\/\/schema.org","@graph":[{"@type":"Article","@id":"https:\/\/grotta.is\/handknattleiksdeild\/vinavikur-handboltans\/#article","isPartOf":{"@id":"https:\/\/grotta.is\/handknattleiksdeild\/vinavikur-handboltans\/"},"author":{"name":"Andri Sigf\u00fasson","@id":"https:\/\/grotta.is\/#\/schema\/person\/b21e9d5dfd92c90211e343e8d7252b1c"},"headline":"Vinavikur handboltans","datePublished":"2023-11-03T15:34:27+00:00","dateModified":"2023-11-03T15:34:34+00:00","mainEntityOfPage":{"@id":"https:\/\/grotta.is\/handknattleiksdeild\/vinavikur-handboltans\/"},"wordCount":62,"publisher":{"@id":"https:\/\/grotta.is\/#organization"},"image":{"@id":"https:\/\/grotta.is\/handknattleiksdeild\/vinavikur-handboltans\/#primaryimage"},"thumbnailUrl":"https:\/\/grotta.is\/wp-content\/uploads\/2023\/11\/Vinavikur-handboltans-6.-19.november.png","keywords":["Handbolti","Yngri flokkar"],"articleSection":["Handknattleiksdeild"],"inLanguage":"en-US"},{"@type":"WebPage","@id":"https:\/\/grotta.is\/handknattleiksdeild\/vinavikur-handboltans\/","url":"https:\/\/grotta.is\/handknattleiksdeild\/vinavikur-handboltans\/","name":"Vinavikur handboltans - \u00cd\u00fer\u00f3ttaf\u00e9lagi\u00f0 Gr\u00f3tta","isPartOf":{"@id":"https:\/\/grotta.is\/#website"},"primaryImageOfPage":{"@id":"https:\/\/grotta.is\/handknattleiksdeild\/vinavikur-handboltans\/#primaryimage"},"image":{"@id":"https:\/\/grotta.is\/handknattleiksdeild\/vinavikur-handboltans\/#primaryimage"},"thumbnailUrl":"https:\/\/grotta.is\/wp-content\/uploads\/2023\/11\/Vinavikur-handboltans-6.-19.november.png","datePublished":"2023-11-03T15:34:27+00:00","dateModified":"2023-11-03T15:34:34+00:00","breadcrumb":{"@id":"https:\/\/grotta.is\/handknattleiksdeild\/vinavikur-handboltans\/#breadcrumb"},"inLanguage":"en-US","potentialAction":[{"@type":"ReadAction","target":["https:\/\/grotta.is\/handknattleiksdeild\/vinavikur-handboltans\/"]}]},{"@type":"ImageObject","inLanguage":"en-US","@id":"https:\/\/grotta.is\/handknattleiksdeild\/vinavikur-handboltans\/#primaryimage","url":"https:\/\/grotta.is\/wp-content\/uploads\/2023\/11\/Vinavikur-handboltans-6.-19.november.png","contentUrl":"https:\/\/grotta.is\/wp-content\/uploads\/2023\/11\/Vinavikur-handboltans-6.-19.november.png","width":1080,"height":1080},{"@type":"BreadcrumbList","@id":"https:\/\/grotta.is\/handknattleiksdeild\/vinavikur-handboltans\/#breadcrumb","itemListElement":[{"@type":"ListItem","position":1,"name":"Home","item":"https:\/\/grotta.is\/"},{"@type":"ListItem","position":2,"name":"Vinavikur handboltans"}]},{"@type":"WebSite","@id":"https:\/\/grotta.is\/#website","url":"https:\/\/grotta.is\/","name":"\u00cd\u00fer\u00f3ttaf\u00e9lagi\u00f0 Gr\u00f3tta","description":"\u00e1 Seltjarnarnesi","publisher":{"@id":"https:\/\/grotta.is\/#organization"},"potentialAction":[{"@type":"SearchAction","target":{"@type":"EntryPoint","urlTemplate":"https:\/\/grotta.is\/?s={search_term_string}"},"query-input":{"@type":"PropertyValueSpecification","valueRequired":true,"valueName":"search_term_string"}}],"inLanguage":"en-US"},{"@type":"Organization","@id":"https:\/\/grotta.is\/#organization","name":"\u00cd\u00fer\u00f3ttaf\u00e9lagi\u00f0 Gr\u00f3tta","url":"https:\/\/grotta.is\/","logo":{"@type":"ImageObject","inLanguage":"en-US","@id":"https:\/\/grotta.is\/#\/schema\/logo\/image\/","url":"https:\/\/grotta.is\/wp-content\/uploads\/2020\/02\/ithrottafelagidgrotta_logo_512x512_transparent.png","contentUrl":"https:\/\/grotta.is\/wp-content\/uploads\/2020\/02\/ithrottafelagidgrotta_logo_512x512_transparent.png","width":512,"height":512,"caption":"\u00cd\u00fer\u00f3ttaf\u00e9lagi\u00f0 Gr\u00f3tta"},"image":{"@id":"https:\/\/grotta.is\/#\/schema\/logo\/image\/"},"sameAs":["https:\/\/www.facebook.com\/grottasport"]},{"@type":"Person","@id":"https:\/\/grotta.is\/#\/schema\/person\/b21e9d5dfd92c90211e343e8d7252b1c","name":"Andri Sigf\u00fasson","url":"https:\/\/grotta.is\/en\/author\/andri\/"}]}},"_links":{"self":[{"href":"https:\/\/grotta.is\/en\/wp-json\/wp\/v2\/posts\/469442","targetHints":{"allow":["GET"]}}],"collection":[{"href":"https:\/\/grotta.is\/en\/wp-json\/wp\/v2\/posts"}],"about":[{"href":"https:\/\/grotta.is\/en\/wp-json\/wp\/v2\/types\/post"}],"author":[{"embeddable":true,"href":"https:\/\/grotta.is\/en\/wp-json\/wp\/v2\/users\/10"}],"replies":[{"embeddable":true,"href":"https:\/\/grotta.is\/en\/wp-json\/wp\/v2\/comments?post=469442"}],"version-history":[{"count":1,"href":"https:\/\/grotta.is\/en\/wp-json\/wp\/v2\/posts\/469442\/revisions"}],"predecessor-version":[{"id":469452,"href":"https:\/\/grotta.is\/en\/wp-json\/wp\/v2\/posts\/469442\/revisions\/469452"}],"wp:featuredmedia":[{"embeddable":true,"href":"https:\/\/grotta.is\/en\/wp-json\/wp\/v2\/media\/469444"}],"wp:attachment":[{"href":"https:\/\/grotta.is\/en\/wp-json\/wp\/v2\/media?parent=469442"}],"wp:term":[{"taxonomy":"category","embeddable":true,"href":"https:\/\/grotta.is\/en\/wp-json\/wp\/v2\/categories?post=469442"},{"taxonomy":"post_tag","embeddable":true,"href":"https:\/\/grotta.is\/en\/wp-json\/wp\/v2\/tags?post=469442"}],"curies":[{"name":"wp","href":"https:\/\/api.w.org\/{rel}","templated":true}]}}