{"id":455465,"date":"2023-10-20T22:17:11","date_gmt":"2023-10-20T22:17:11","guid":{"rendered":"https:\/\/grotta.is\/?p=455465"},"modified":"2023-10-20T22:17:14","modified_gmt":"2023-10-20T22:17:14","slug":"kvennaverkfall-24-oktober","status":"publish","type":"post","link":"https:\/\/grotta.is\/en\/almennt\/kvennaverkfall-24-oktober\/","title":{"rendered":"Kvennaverkfall 24. okt\u00f3ber"},"content":{"rendered":"<p>K\u00e6ra Gr\u00f3ttuf\u00f3lk<\/p><p>Fj\u00f6lm\u00f6rg samt\u00f6k\u00a0kvenna, hinsegin f\u00f3lks og launaf\u00f3lks hafa bo\u00f0a\u00f0 til\u00a0kvennaverkfalls \u00feri\u00f0judaginn 24. okt\u00f3ber 2023, \u00fear sem konur og kv\u00e1r sem \u00fea\u00f0 geta eru hv\u00f6tt til a\u00f0 leggja ni\u00f0ur launu\u00f0 og \u00f3launu\u00f0 st\u00f6rf \u00feann daginn.<br>Vegna \u00feessa er lj\u00f3st a\u00f0 \u00fea\u00f0 mun ver\u00f0a r\u00f6skun \u00e1 \u00fej\u00f3nustu \u00ed \u00ed\u00fer\u00f3ttah\u00fasi Gr\u00f3ttu sem og gervigrasvelli \u00feann daginn. <\/p><p>Gr\u00f3tta sty\u00f0ur jafnr\u00e9ttisbar\u00e1ttu kvenna og kynsegin f\u00f3lks og bi\u00f0lar \u00fev\u00ed til foreldra og forr\u00e1\u00f0amanna a\u00f0 s\u00fdna \u00feessari sker\u00f0ingu skilning.  <\/p><p>\u00dej\u00e1lfarar hafa fengi\u00f0 \u00feau fyrirm\u00e6li a\u00f0 \u00feau munu sj\u00e1lf uppl\u00fdsa foreldra og a\u00f0standendur hvernig \u00e6fingum hj\u00e1 \u00feeirra flokkum ver\u00f0ur haga\u00f0 \u00feennan dag \u00ed gegnum Sportabler. <\/p><p>Me\u00f0 von um g\u00f3\u00f0ar undirtektir<\/p><p>\u00cd\u00fer\u00f3ttaf\u00e9lag Gr\u00f3ttu<\/p><p><\/p><p><\/p>","protected":false},"excerpt":{"rendered":"<p>Fj\u00f6lm\u00f6rg samt\u00f6k\u00a0kvenna, hinsegin f\u00f3lks og launaf\u00f3lks hafa bo\u00f0a\u00f0 til\u00a0kvennaverkfalls \u00feri\u00f0judaginn 24. okt\u00f3ber 2023, \u00fear sem konur og kv\u00e1r sem \u00fea\u00f0 geta eru hv\u00f6tt til a\u00f0 leggja ni\u00f0ur launu\u00f0 og \u00f3launu\u00f0 st\u00f6rf \u00feann daginn.<br \/>\nVegna \u00feessa er lj\u00f3st a\u00f0 \u00fea\u00f0 mun ver\u00f0a r\u00f6skun \u00e1 \u00fej\u00f3nustu \u00ed \u00ed\u00fer\u00f3ttah\u00fasi Gr\u00f3ttu sem og gervigrasvelli \u00feann daginn. <\/p>","protected":false},"author":13,"featured_media":88035,"comment_status":"closed","ping_status":"closed","sticky":false,"template":"","format":"standard","meta":{"footnotes":""},"categories":[4,9,12,7],"tags":[138],"class_list":["post-455465","post","type-post","status-publish","format-standard","has-post-thumbnail","hentry","category-almennt","category-fimleikadeild","category-handknattleiksdeild","category-knattspyrnudeild","tag-skert-thjonusta"],"yoast_head":"<!-- This site is optimized with the Yoast SEO plugin v24.3 - https:\/\/yoast.com\/wordpress\/plugins\/seo\/ -->\n<title>Kvennaverkfall 24. okt\u00f3ber - \u00cd\u00fer\u00f3ttaf\u00e9lagi\u00f0 Gr\u00f3tta<\/title>\n<meta name=\"robots\" content=\"index, follow, max-snippet:-1, max-image-preview:large, max-video-preview:-1\" \/>\n<link rel=\"canonical\" href=\"https:\/\/grotta.is\/en\/almennt\/kvennaverkfall-24-oktober\/\" \/>\n<meta property=\"og:locale\" content=\"en_US\" \/>\n<meta property=\"og:type\" content=\"article\" \/>\n<meta property=\"og:title\" content=\"Kvennaverkfall 24. okt\u00f3ber - \u00cd\u00fer\u00f3ttaf\u00e9lagi\u00f0 Gr\u00f3tta\" \/>\n<meta property=\"og:description\" content=\"Fj\u00f6lm\u00f6rg samt\u00f6k\u00a0kvenna, hinsegin f\u00f3lks og launaf\u00f3lks hafa bo\u00f0a\u00f0 til\u00a0kvennaverkfalls \u00feri\u00f0judaginn 24. okt\u00f3ber 2023, \u00fear sem konur og kv\u00e1r sem \u00fea\u00f0 geta eru hv\u00f6tt til a\u00f0 leggja ni\u00f0ur launu\u00f0 og \u00f3launu\u00f0 st\u00f6rf \u00feann daginn. Vegna \u00feessa er lj\u00f3st a\u00f0 \u00fea\u00f0 mun ver\u00f0a r\u00f6skun \u00e1 \u00fej\u00f3nustu \u00ed \u00ed\u00fer\u00f3ttah\u00fasi Gr\u00f3ttu sem og gervigrasvelli \u00feann daginn.\" \/>\n<meta property=\"og:url\" content=\"https:\/\/grotta.is\/en\/almennt\/kvennaverkfall-24-oktober\/\" \/>\n<meta property=\"og:site_name\" content=\"\u00cd\u00fer\u00f3ttaf\u00e9lagi\u00f0 Gr\u00f3tta\" \/>\n<meta property=\"article:publisher\" content=\"https:\/\/www.facebook.com\/grottasport\" \/>\n<meta property=\"article:published_time\" content=\"2023-10-20T22:17:11+00:00\" \/>\n<meta property=\"article:modified_time\" content=\"2023-10-20T22:17:14+00:00\" \/>\n<meta property=\"og:image\" content=\"https:\/\/grotta.is\/wp-content\/uploads\/2020\/10\/Grotta_logo_2020_1920x1080.png\" \/>\n\t<meta property=\"og:image:width\" content=\"1920\" \/>\n\t<meta property=\"og:image:height\" content=\"1080\" \/>\n\t<meta property=\"og:image:type\" content=\"image\/png\" \/>\n<meta name=\"author\" content=\"Hrafnhildur Sigurj\u00f3nsd\u00f3ttir\" \/>\n<meta name=\"twitter:card\" content=\"summary_large_image\" \/>\n<meta name=\"twitter:label1\" content=\"Written by\" \/>\n\t<meta name=\"twitter:data1\" content=\"Hrafnhildur Sigurj\u00f3nsd\u00f3ttir\" \/>\n\t<meta name=\"twitter:label2\" content=\"Est. reading time\" \/>\n\t<meta name=\"twitter:data2\" content=\"1 minute\" \/>\n<script type=\"application\/ld+json\" class=\"yoast-schema-graph\">{\"@context\":\"https:\/\/schema.org\",\"@graph\":[{\"@type\":\"Article\",\"@id\":\"https:\/\/grotta.is\/almennt\/kvennaverkfall-24-oktober\/#article\",\"isPartOf\":{\"@id\":\"https:\/\/grotta.is\/almennt\/kvennaverkfall-24-oktober\/\"},\"author\":{\"name\":\"Hrafnhildur Sigurj\u00f3nsd\u00f3ttir\",\"@id\":\"https:\/\/grotta.is\/#\/schema\/person\/ef1c56135facd925e36b1430a1db29c9\"},\"headline\":\"Kvennaverkfall 24. okt\u00f3ber\",\"datePublished\":\"2023-10-20T22:17:11+00:00\",\"dateModified\":\"2023-10-20T22:17:14+00:00\",\"mainEntityOfPage\":{\"@id\":\"https:\/\/grotta.is\/almennt\/kvennaverkfall-24-oktober\/\"},\"wordCount\":146,\"publisher\":{\"@id\":\"https:\/\/grotta.is\/#organization\"},\"image\":{\"@id\":\"https:\/\/grotta.is\/almennt\/kvennaverkfall-24-oktober\/#primaryimage\"},\"thumbnailUrl\":\"https:\/\/grotta.is\/wp-content\/uploads\/2020\/10\/Grotta_logo_2020_1920x1080.png\",\"keywords\":[\"skert \u00fej\u00f3nusta\"],\"articleSection\":[\"Almennt\",\"Fimleikadeild\",\"Handknattleiksdeild\",\"Knattspyrnudeild\"],\"inLanguage\":\"en-US\"},{\"@type\":\"WebPage\",\"@id\":\"https:\/\/grotta.is\/almennt\/kvennaverkfall-24-oktober\/\",\"url\":\"https:\/\/grotta.is\/almennt\/kvennaverkfall-24-oktober\/\",\"name\":\"Kvennaverkfall 24. okt\u00f3ber - \u00cd\u00fer\u00f3ttaf\u00e9lagi\u00f0 Gr\u00f3tta\",\"isPartOf\":{\"@id\":\"https:\/\/grotta.is\/#website\"},\"primaryImageOfPage\":{\"@id\":\"https:\/\/grotta.is\/almennt\/kvennaverkfall-24-oktober\/#primaryimage\"},\"image\":{\"@id\":\"https:\/\/grotta.is\/almennt\/kvennaverkfall-24-oktober\/#primaryimage\"},\"thumbnailUrl\":\"https:\/\/grotta.is\/wp-content\/uploads\/2020\/10\/Grotta_logo_2020_1920x1080.png\",\"datePublished\":\"2023-10-20T22:17:11+00:00\",\"dateModified\":\"2023-10-20T22:17:14+00:00\",\"breadcrumb\":{\"@id\":\"https:\/\/grotta.is\/almennt\/kvennaverkfall-24-oktober\/#breadcrumb\"},\"inLanguage\":\"en-US\",\"potentialAction\":[{\"@type\":\"ReadAction\",\"target\":[\"https:\/\/grotta.is\/almennt\/kvennaverkfall-24-oktober\/\"]}]},{\"@type\":\"ImageObject\",\"inLanguage\":\"en-US\",\"@id\":\"https:\/\/grotta.is\/almennt\/kvennaverkfall-24-oktober\/#primaryimage\",\"url\":\"https:\/\/grotta.is\/wp-content\/uploads\/2020\/10\/Grotta_logo_2020_1920x1080.png\",\"contentUrl\":\"https:\/\/grotta.is\/wp-content\/uploads\/2020\/10\/Grotta_logo_2020_1920x1080.png\",\"width\":1920,\"height\":1080},{\"@type\":\"BreadcrumbList\",\"@id\":\"https:\/\/grotta.is\/almennt\/kvennaverkfall-24-oktober\/#breadcrumb\",\"itemListElement\":[{\"@type\":\"ListItem\",\"position\":1,\"name\":\"Home\",\"item\":\"https:\/\/grotta.is\/\"},{\"@type\":\"ListItem\",\"position\":2,\"name\":\"Kvennaverkfall 24. okt\u00f3ber\"}]},{\"@type\":\"WebSite\",\"@id\":\"https:\/\/grotta.is\/#website\",\"url\":\"https:\/\/grotta.is\/\",\"name\":\"\u00cd\u00fer\u00f3ttaf\u00e9lagi\u00f0 Gr\u00f3tta\",\"description\":\"\u00e1 Seltjarnarnesi\",\"publisher\":{\"@id\":\"https:\/\/grotta.is\/#organization\"},\"potentialAction\":[{\"@type\":\"SearchAction\",\"target\":{\"@type\":\"EntryPoint\",\"urlTemplate\":\"https:\/\/grotta.is\/?s={search_term_string}\"},\"query-input\":{\"@type\":\"PropertyValueSpecification\",\"valueRequired\":true,\"valueName\":\"search_term_string\"}}],\"inLanguage\":\"en-US\"},{\"@type\":\"Organization\",\"@id\":\"https:\/\/grotta.is\/#organization\",\"name\":\"\u00cd\u00fer\u00f3ttaf\u00e9lagi\u00f0 Gr\u00f3tta\",\"url\":\"https:\/\/grotta.is\/\",\"logo\":{\"@type\":\"ImageObject\",\"inLanguage\":\"en-US\",\"@id\":\"https:\/\/grotta.is\/#\/schema\/logo\/image\/\",\"url\":\"https:\/\/grotta.is\/wp-content\/uploads\/2020\/02\/ithrottafelagidgrotta_logo_512x512_transparent.png\",\"contentUrl\":\"https:\/\/grotta.is\/wp-content\/uploads\/2020\/02\/ithrottafelagidgrotta_logo_512x512_transparent.png\",\"width\":512,\"height\":512,\"caption\":\"\u00cd\u00fer\u00f3ttaf\u00e9lagi\u00f0 Gr\u00f3tta\"},\"image\":{\"@id\":\"https:\/\/grotta.is\/#\/schema\/logo\/image\/\"},\"sameAs\":[\"https:\/\/www.facebook.com\/grottasport\"]},{\"@type\":\"Person\",\"@id\":\"https:\/\/grotta.is\/#\/schema\/person\/ef1c56135facd925e36b1430a1db29c9\",\"name\":\"Hrafnhildur Sigurj\u00f3nsd\u00f3ttir\",\"url\":\"https:\/\/grotta.is\/en\/author\/hrafnhildur\/\"}]}<\/script>\n<!-- \/ Yoast SEO plugin. -->","yoast_head_json":{"title":"Kvennaverkfall 24. okt\u00f3ber - \u00cd\u00fer\u00f3ttaf\u00e9lagi\u00f0 Gr\u00f3tta","robots":{"index":"index","follow":"follow","max-snippet":"max-snippet:-1","max-image-preview":"max-image-preview:large","max-video-preview":"max-video-preview:-1"},"canonical":"https:\/\/grotta.is\/en\/almennt\/kvennaverkfall-24-oktober\/","og_locale":"en_US","og_type":"article","og_title":"Kvennaverkfall 24. okt\u00f3ber - \u00cd\u00fer\u00f3ttaf\u00e9lagi\u00f0 Gr\u00f3tta","og_description":"Fj\u00f6lm\u00f6rg samt\u00f6k\u00a0kvenna, hinsegin f\u00f3lks og launaf\u00f3lks hafa bo\u00f0a\u00f0 til\u00a0kvennaverkfalls \u00feri\u00f0judaginn 24. okt\u00f3ber 2023, \u00fear sem konur og kv\u00e1r sem \u00fea\u00f0 geta eru hv\u00f6tt til a\u00f0 leggja ni\u00f0ur launu\u00f0 og \u00f3launu\u00f0 st\u00f6rf \u00feann daginn. Vegna \u00feessa er lj\u00f3st a\u00f0 \u00fea\u00f0 mun ver\u00f0a r\u00f6skun \u00e1 \u00fej\u00f3nustu \u00ed \u00ed\u00fer\u00f3ttah\u00fasi Gr\u00f3ttu sem og gervigrasvelli \u00feann daginn.","og_url":"https:\/\/grotta.is\/en\/almennt\/kvennaverkfall-24-oktober\/","og_site_name":"\u00cd\u00fer\u00f3ttaf\u00e9lagi\u00f0 Gr\u00f3tta","article_publisher":"https:\/\/www.facebook.com\/grottasport","article_published_time":"2023-10-20T22:17:11+00:00","article_modified_time":"2023-10-20T22:17:14+00:00","og_image":[{"width":1920,"height":1080,"url":"https:\/\/grotta.is\/wp-content\/uploads\/2020\/10\/Grotta_logo_2020_1920x1080.png","type":"image\/png"}],"author":"Hrafnhildur Sigurj\u00f3nsd\u00f3ttir","twitter_card":"summary_large_image","twitter_misc":{"Written by":"Hrafnhildur Sigurj\u00f3nsd\u00f3ttir","Est. reading time":"1 minute"},"schema":{"@context":"https:\/\/schema.org","@graph":[{"@type":"Article","@id":"https:\/\/grotta.is\/almennt\/kvennaverkfall-24-oktober\/#article","isPartOf":{"@id":"https:\/\/grotta.is\/almennt\/kvennaverkfall-24-oktober\/"},"author":{"name":"Hrafnhildur Sigurj\u00f3nsd\u00f3ttir","@id":"https:\/\/grotta.is\/#\/schema\/person\/ef1c56135facd925e36b1430a1db29c9"},"headline":"Kvennaverkfall 24. okt\u00f3ber","datePublished":"2023-10-20T22:17:11+00:00","dateModified":"2023-10-20T22:17:14+00:00","mainEntityOfPage":{"@id":"https:\/\/grotta.is\/almennt\/kvennaverkfall-24-oktober\/"},"wordCount":146,"publisher":{"@id":"https:\/\/grotta.is\/#organization"},"image":{"@id":"https:\/\/grotta.is\/almennt\/kvennaverkfall-24-oktober\/#primaryimage"},"thumbnailUrl":"https:\/\/grotta.is\/wp-content\/uploads\/2020\/10\/Grotta_logo_2020_1920x1080.png","keywords":["skert \u00fej\u00f3nusta"],"articleSection":["Almennt","Fimleikadeild","Handknattleiksdeild","Knattspyrnudeild"],"inLanguage":"en-US"},{"@type":"WebPage","@id":"https:\/\/grotta.is\/almennt\/kvennaverkfall-24-oktober\/","url":"https:\/\/grotta.is\/almennt\/kvennaverkfall-24-oktober\/","name":"Kvennaverkfall 24. okt\u00f3ber - \u00cd\u00fer\u00f3ttaf\u00e9lagi\u00f0 Gr\u00f3tta","isPartOf":{"@id":"https:\/\/grotta.is\/#website"},"primaryImageOfPage":{"@id":"https:\/\/grotta.is\/almennt\/kvennaverkfall-24-oktober\/#primaryimage"},"image":{"@id":"https:\/\/grotta.is\/almennt\/kvennaverkfall-24-oktober\/#primaryimage"},"thumbnailUrl":"https:\/\/grotta.is\/wp-content\/uploads\/2020\/10\/Grotta_logo_2020_1920x1080.png","datePublished":"2023-10-20T22:17:11+00:00","dateModified":"2023-10-20T22:17:14+00:00","breadcrumb":{"@id":"https:\/\/grotta.is\/almennt\/kvennaverkfall-24-oktober\/#breadcrumb"},"inLanguage":"en-US","potentialAction":[{"@type":"ReadAction","target":["https:\/\/grotta.is\/almennt\/kvennaverkfall-24-oktober\/"]}]},{"@type":"ImageObject","inLanguage":"en-US","@id":"https:\/\/grotta.is\/almennt\/kvennaverkfall-24-oktober\/#primaryimage","url":"https:\/\/grotta.is\/wp-content\/uploads\/2020\/10\/Grotta_logo_2020_1920x1080.png","contentUrl":"https:\/\/grotta.is\/wp-content\/uploads\/2020\/10\/Grotta_logo_2020_1920x1080.png","width":1920,"height":1080},{"@type":"BreadcrumbList","@id":"https:\/\/grotta.is\/almennt\/kvennaverkfall-24-oktober\/#breadcrumb","itemListElement":[{"@type":"ListItem","position":1,"name":"Home","item":"https:\/\/grotta.is\/"},{"@type":"ListItem","position":2,"name":"Kvennaverkfall 24. okt\u00f3ber"}]},{"@type":"WebSite","@id":"https:\/\/grotta.is\/#website","url":"https:\/\/grotta.is\/","name":"\u00cd\u00fer\u00f3ttaf\u00e9lagi\u00f0 Gr\u00f3tta","description":"\u00e1 Seltjarnarnesi","publisher":{"@id":"https:\/\/grotta.is\/#organization"},"potentialAction":[{"@type":"SearchAction","target":{"@type":"EntryPoint","urlTemplate":"https:\/\/grotta.is\/?s={search_term_string}"},"query-input":{"@type":"PropertyValueSpecification","valueRequired":true,"valueName":"search_term_string"}}],"inLanguage":"en-US"},{"@type":"Organization","@id":"https:\/\/grotta.is\/#organization","name":"\u00cd\u00fer\u00f3ttaf\u00e9lagi\u00f0 Gr\u00f3tta","url":"https:\/\/grotta.is\/","logo":{"@type":"ImageObject","inLanguage":"en-US","@id":"https:\/\/grotta.is\/#\/schema\/logo\/image\/","url":"https:\/\/grotta.is\/wp-content\/uploads\/2020\/02\/ithrottafelagidgrotta_logo_512x512_transparent.png","contentUrl":"https:\/\/grotta.is\/wp-content\/uploads\/2020\/02\/ithrottafelagidgrotta_logo_512x512_transparent.png","width":512,"height":512,"caption":"\u00cd\u00fer\u00f3ttaf\u00e9lagi\u00f0 Gr\u00f3tta"},"image":{"@id":"https:\/\/grotta.is\/#\/schema\/logo\/image\/"},"sameAs":["https:\/\/www.facebook.com\/grottasport"]},{"@type":"Person","@id":"https:\/\/grotta.is\/#\/schema\/person\/ef1c56135facd925e36b1430a1db29c9","name":"Hrafnhildur Sigurj\u00f3nsd\u00f3ttir","url":"https:\/\/grotta.is\/en\/author\/hrafnhildur\/"}]}},"_links":{"self":[{"href":"https:\/\/grotta.is\/en\/wp-json\/wp\/v2\/posts\/455465","targetHints":{"allow":["GET"]}}],"collection":[{"href":"https:\/\/grotta.is\/en\/wp-json\/wp\/v2\/posts"}],"about":[{"href":"https:\/\/grotta.is\/en\/wp-json\/wp\/v2\/types\/post"}],"author":[{"embeddable":true,"href":"https:\/\/grotta.is\/en\/wp-json\/wp\/v2\/users\/13"}],"replies":[{"embeddable":true,"href":"https:\/\/grotta.is\/en\/wp-json\/wp\/v2\/comments?post=455465"}],"version-history":[{"count":1,"href":"https:\/\/grotta.is\/en\/wp-json\/wp\/v2\/posts\/455465\/revisions"}],"predecessor-version":[{"id":455484,"href":"https:\/\/grotta.is\/en\/wp-json\/wp\/v2\/posts\/455465\/revisions\/455484"}],"wp:featuredmedia":[{"embeddable":true,"href":"https:\/\/grotta.is\/en\/wp-json\/wp\/v2\/media\/88035"}],"wp:attachment":[{"href":"https:\/\/grotta.is\/en\/wp-json\/wp\/v2\/media?parent=455465"}],"wp:term":[{"taxonomy":"category","embeddable":true,"href":"https:\/\/grotta.is\/en\/wp-json\/wp\/v2\/categories?post=455465"},{"taxonomy":"post_tag","embeddable":true,"href":"https:\/\/grotta.is\/en\/wp-json\/wp\/v2\/tags?post=455465"}],"curies":[{"name":"wp","href":"https:\/\/api.w.org\/{rel}","templated":true}]}}