{"id":454227,"date":"2023-10-19T21:56:30","date_gmt":"2023-10-19T21:56:30","guid":{"rendered":"https:\/\/grotta.is\/?p=454227"},"modified":"2023-10-19T21:58:42","modified_gmt":"2023-10-19T21:58:42","slug":"kari-gardarsson-hefur-latid-af-storfum-sem-framkvaemdastjori-grottu","status":"publish","type":"post","link":"https:\/\/grotta.is\/en\/almennt\/kari-gardarsson-hefur-latid-af-storfum-sem-framkvaemdastjori-grottu\/","title":{"rendered":"K\u00e1ri Gar\u00f0arsson hefur l\u00e1ti\u00f0 af st\u00f6rfum sem framkv\u00e6mdastj\u00f3ri Gr\u00f3ttu."},"content":{"rendered":"<p>K\u00e1ri Gar\u00f0arsson framkv\u00e6mdastj\u00f3ri Gr\u00f3ttu hefur l\u00e1ti\u00f0 af st\u00f6rfum.<br><br>K\u00e1ri hefur komi\u00f0 v\u00ed\u00f0a vi\u00f0 \u00ed st\u00f6rfum f\u00e9lagsins \u00ed gegnum t\u00ed\u00f0ina b\u00e6\u00f0i sem \u00fej\u00e1lfari hj\u00e1 handboltadeild og sem starfsma\u00f0ur a\u00f0alstj\u00f3rnar Gr\u00f3ttu. Sem \u00fej\u00e1lfari m\u00e1 helst nefna a\u00f0 K\u00e1ri leiddi meistaraflokk kvenna til tveggja \u00edslandsmeistaratitla, eins bikarmeistaratitils og eins deildarmeistaratitils.<br><br>K\u00e1ri sinnti einnig fyrirli\u00f0a hlutverki \u00e1 skrifstofu Gr\u00f3ttu, fyrst sem \u00ed\u00fer\u00f3ttastj\u00f3ri f\u00e9lagsins fr\u00e1 2015 og svo sem framkv\u00e6mdastj\u00f3ri f\u00e9lagsins fr\u00e1 2019. \u00c1 \u00feeim t\u00edma hefur hann leitt fram\u00fer\u00f3un f\u00e9lagsins, til a\u00f0 mynda vi\u00f0 stefnum\u00f3tun f\u00e9lagsins til framt\u00ed\u00f0ar, m\u00f3tun fr\u00e6\u00f0slum\u00e1la, n\u00fdjungar \u00ed vi\u00f0bur\u00f0arhaldi og fj\u00e1r\u00f6flunum, st\u00e6kkun og rekstur \u00ed\u00fer\u00f3ttamannvirkja, og hafi\u00f0 stafr\u00e6na innlei\u00f0ingu \u00e1 skrifstofu f\u00e9lagsins.<br><br>Stj\u00f3rn Gr\u00f3ttu f\u00e6rir K\u00e1ra bestu \u00feakkir fyrir gott og gefandi starf \u00ed \u00fe\u00e1gu f\u00e9lagsins og \u00f3skar honum velfarna\u00f0ar.<\/p><figure class=\"wp-block-image size-full\"><img fetchpriority=\"high\" decoding=\"async\" width=\"1600\" height=\"967\" src=\"https:\/\/grotta.is\/wp-content\/uploads\/2020\/05\/handknattleikur-mfl-kvk-2015-16-Islandsmeistarar.jpg\" alt=\"\" class=\"wp-image-4290\"\/><\/figure>","protected":false},"excerpt":{"rendered":"<p>K\u00e1ri Gar\u00f0arsson framkv\u00e6mdastj\u00f3ri Gr\u00f3ttu hefur l\u00e1ti\u00f0 af st\u00f6rfum. K\u00e1ri hefur komi\u00f0 v\u00ed\u00f0a vi\u00f0 \u00ed st\u00f6rfum f\u00e9lagsins \u00ed gegnum t\u00ed\u00f0ina b\u00e6\u00f0i sem \u00fej\u00e1lfari hj\u00e1 handboltadeild og sem starfsma\u00f0ur a\u00f0alstj\u00f3rnar Gr\u00f3ttu. Sem \u00fej\u00e1lfari m\u00e1 helst nefna a\u00f0 K\u00e1ri leiddi meistaraflokk kvenna til tveggja \u00edslandsmeistaratitla, eins bikarmeistaratitils og eins deildarmeistaratitils.<\/p>","protected":false},"author":13,"featured_media":398378,"comment_status":"closed","ping_status":"closed","sticky":false,"template":"","format":"standard","meta":{"footnotes":""},"categories":[4],"tags":[134,137,136,135],"class_list":["post-454227","post","type-post","status-publish","format-standard","has-post-thumbnail","hentry","category-almennt","tag-almennt","tag-framkvaemdarstjori","tag-rekstur-grottu","tag-skrifstofa"],"yoast_head":"<!-- This site is optimized with the Yoast SEO plugin v24.3 - https:\/\/yoast.com\/wordpress\/plugins\/seo\/ -->\n<title>K\u00e1ri Gar\u00f0arsson hefur l\u00e1ti\u00f0 af st\u00f6rfum sem framkv\u00e6mdastj\u00f3ri Gr\u00f3ttu. - \u00cd\u00fer\u00f3ttaf\u00e9lagi\u00f0 Gr\u00f3tta<\/title>\n<meta name=\"robots\" content=\"index, follow, max-snippet:-1, max-image-preview:large, max-video-preview:-1\" \/>\n<link rel=\"canonical\" href=\"https:\/\/grotta.is\/en\/almennt\/kari-gardarsson-hefur-latid-af-storfum-sem-framkvaemdastjori-grottu\/\" \/>\n<meta property=\"og:locale\" content=\"en_US\" \/>\n<meta property=\"og:type\" content=\"article\" \/>\n<meta property=\"og:title\" content=\"K\u00e1ri Gar\u00f0arsson hefur l\u00e1ti\u00f0 af st\u00f6rfum sem framkv\u00e6mdastj\u00f3ri Gr\u00f3ttu. - \u00cd\u00fer\u00f3ttaf\u00e9lagi\u00f0 Gr\u00f3tta\" \/>\n<meta property=\"og:description\" content=\"K\u00e1ri Gar\u00f0arsson framkv\u00e6mdastj\u00f3ri Gr\u00f3ttu hefur l\u00e1ti\u00f0 af st\u00f6rfum. K\u00e1ri hefur komi\u00f0 v\u00ed\u00f0a vi\u00f0 \u00ed st\u00f6rfum f\u00e9lagsins \u00ed gegnum t\u00ed\u00f0ina b\u00e6\u00f0i sem \u00fej\u00e1lfari hj\u00e1 handboltadeild og sem starfsma\u00f0ur a\u00f0alstj\u00f3rnar Gr\u00f3ttu. Sem \u00fej\u00e1lfari m\u00e1 helst nefna a\u00f0 K\u00e1ri leiddi meistaraflokk kvenna til tveggja \u00edslandsmeistaratitla, eins bikarmeistaratitils og eins deildarmeistaratitils.\" \/>\n<meta property=\"og:url\" content=\"https:\/\/grotta.is\/en\/almennt\/kari-gardarsson-hefur-latid-af-storfum-sem-framkvaemdastjori-grottu\/\" \/>\n<meta property=\"og:site_name\" content=\"\u00cd\u00fer\u00f3ttaf\u00e9lagi\u00f0 Gr\u00f3tta\" \/>\n<meta property=\"article:publisher\" content=\"https:\/\/www.facebook.com\/grottasport\" \/>\n<meta property=\"article:published_time\" content=\"2023-10-19T21:56:30+00:00\" \/>\n<meta property=\"article:modified_time\" content=\"2023-10-19T21:58:42+00:00\" \/>\n<meta property=\"og:image\" content=\"https:\/\/grotta.is\/wp-content\/uploads\/2022\/10\/Kari-G-skrifstofa.jpg\" \/>\n\t<meta property=\"og:image:width\" content=\"1714\" \/>\n\t<meta property=\"og:image:height\" content=\"2400\" \/>\n\t<meta property=\"og:image:type\" content=\"image\/jpeg\" \/>\n<meta name=\"author\" content=\"Hrafnhildur Sigurj\u00f3nsd\u00f3ttir\" \/>\n<meta name=\"twitter:card\" content=\"summary_large_image\" \/>\n<meta name=\"twitter:label1\" content=\"Written by\" \/>\n\t<meta name=\"twitter:data1\" content=\"Hrafnhildur Sigurj\u00f3nsd\u00f3ttir\" \/>\n\t<meta name=\"twitter:label2\" content=\"Est. reading time\" \/>\n\t<meta name=\"twitter:data2\" content=\"1 minute\" \/>\n<script type=\"application\/ld+json\" class=\"yoast-schema-graph\">{\"@context\":\"https:\/\/schema.org\",\"@graph\":[{\"@type\":\"Article\",\"@id\":\"https:\/\/grotta.is\/almennt\/kari-gardarsson-hefur-latid-af-storfum-sem-framkvaemdastjori-grottu\/#article\",\"isPartOf\":{\"@id\":\"https:\/\/grotta.is\/almennt\/kari-gardarsson-hefur-latid-af-storfum-sem-framkvaemdastjori-grottu\/\"},\"author\":{\"name\":\"Hrafnhildur Sigurj\u00f3nsd\u00f3ttir\",\"@id\":\"https:\/\/grotta.is\/#\/schema\/person\/ef1c56135facd925e36b1430a1db29c9\"},\"headline\":\"K\u00e1ri Gar\u00f0arsson hefur l\u00e1ti\u00f0 af st\u00f6rfum sem framkv\u00e6mdastj\u00f3ri Gr\u00f3ttu.\",\"datePublished\":\"2023-10-19T21:56:30+00:00\",\"dateModified\":\"2023-10-19T21:58:42+00:00\",\"mainEntityOfPage\":{\"@id\":\"https:\/\/grotta.is\/almennt\/kari-gardarsson-hefur-latid-af-storfum-sem-framkvaemdastjori-grottu\/\"},\"wordCount\":182,\"publisher\":{\"@id\":\"https:\/\/grotta.is\/#organization\"},\"image\":{\"@id\":\"https:\/\/grotta.is\/almennt\/kari-gardarsson-hefur-latid-af-storfum-sem-framkvaemdastjori-grottu\/#primaryimage\"},\"thumbnailUrl\":\"https:\/\/grotta.is\/wp-content\/uploads\/2022\/10\/Kari-G-skrifstofa.jpg\",\"keywords\":[\"Almennt\",\"Framkv\u00e6mdarstj\u00f3ri\",\"Rekstur Gr\u00f3ttu\",\"skrifstofa\"],\"articleSection\":[\"Almennt\"],\"inLanguage\":\"en-US\"},{\"@type\":\"WebPage\",\"@id\":\"https:\/\/grotta.is\/almennt\/kari-gardarsson-hefur-latid-af-storfum-sem-framkvaemdastjori-grottu\/\",\"url\":\"https:\/\/grotta.is\/almennt\/kari-gardarsson-hefur-latid-af-storfum-sem-framkvaemdastjori-grottu\/\",\"name\":\"K\u00e1ri Gar\u00f0arsson hefur l\u00e1ti\u00f0 af st\u00f6rfum sem framkv\u00e6mdastj\u00f3ri Gr\u00f3ttu. - \u00cd\u00fer\u00f3ttaf\u00e9lagi\u00f0 Gr\u00f3tta\",\"isPartOf\":{\"@id\":\"https:\/\/grotta.is\/#website\"},\"primaryImageOfPage\":{\"@id\":\"https:\/\/grotta.is\/almennt\/kari-gardarsson-hefur-latid-af-storfum-sem-framkvaemdastjori-grottu\/#primaryimage\"},\"image\":{\"@id\":\"https:\/\/grotta.is\/almennt\/kari-gardarsson-hefur-latid-af-storfum-sem-framkvaemdastjori-grottu\/#primaryimage\"},\"thumbnailUrl\":\"https:\/\/grotta.is\/wp-content\/uploads\/2022\/10\/Kari-G-skrifstofa.jpg\",\"datePublished\":\"2023-10-19T21:56:30+00:00\",\"dateModified\":\"2023-10-19T21:58:42+00:00\",\"breadcrumb\":{\"@id\":\"https:\/\/grotta.is\/almennt\/kari-gardarsson-hefur-latid-af-storfum-sem-framkvaemdastjori-grottu\/#breadcrumb\"},\"inLanguage\":\"en-US\",\"potentialAction\":[{\"@type\":\"ReadAction\",\"target\":[\"https:\/\/grotta.is\/almennt\/kari-gardarsson-hefur-latid-af-storfum-sem-framkvaemdastjori-grottu\/\"]}]},{\"@type\":\"ImageObject\",\"inLanguage\":\"en-US\",\"@id\":\"https:\/\/grotta.is\/almennt\/kari-gardarsson-hefur-latid-af-storfum-sem-framkvaemdastjori-grottu\/#primaryimage\",\"url\":\"https:\/\/grotta.is\/wp-content\/uploads\/2022\/10\/Kari-G-skrifstofa.jpg\",\"contentUrl\":\"https:\/\/grotta.is\/wp-content\/uploads\/2022\/10\/Kari-G-skrifstofa.jpg\",\"width\":1714,\"height\":2400},{\"@type\":\"BreadcrumbList\",\"@id\":\"https:\/\/grotta.is\/almennt\/kari-gardarsson-hefur-latid-af-storfum-sem-framkvaemdastjori-grottu\/#breadcrumb\",\"itemListElement\":[{\"@type\":\"ListItem\",\"position\":1,\"name\":\"Home\",\"item\":\"https:\/\/grotta.is\/\"},{\"@type\":\"ListItem\",\"position\":2,\"name\":\"K\u00e1ri Gar\u00f0arsson hefur l\u00e1ti\u00f0 af st\u00f6rfum sem framkv\u00e6mdastj\u00f3ri Gr\u00f3ttu.\"}]},{\"@type\":\"WebSite\",\"@id\":\"https:\/\/grotta.is\/#website\",\"url\":\"https:\/\/grotta.is\/\",\"name\":\"\u00cd\u00fer\u00f3ttaf\u00e9lagi\u00f0 Gr\u00f3tta\",\"description\":\"\u00e1 Seltjarnarnesi\",\"publisher\":{\"@id\":\"https:\/\/grotta.is\/#organization\"},\"potentialAction\":[{\"@type\":\"SearchAction\",\"target\":{\"@type\":\"EntryPoint\",\"urlTemplate\":\"https:\/\/grotta.is\/?s={search_term_string}\"},\"query-input\":{\"@type\":\"PropertyValueSpecification\",\"valueRequired\":true,\"valueName\":\"search_term_string\"}}],\"inLanguage\":\"en-US\"},{\"@type\":\"Organization\",\"@id\":\"https:\/\/grotta.is\/#organization\",\"name\":\"\u00cd\u00fer\u00f3ttaf\u00e9lagi\u00f0 Gr\u00f3tta\",\"url\":\"https:\/\/grotta.is\/\",\"logo\":{\"@type\":\"ImageObject\",\"inLanguage\":\"en-US\",\"@id\":\"https:\/\/grotta.is\/#\/schema\/logo\/image\/\",\"url\":\"https:\/\/grotta.is\/wp-content\/uploads\/2020\/02\/ithrottafelagidgrotta_logo_512x512_transparent.png\",\"contentUrl\":\"https:\/\/grotta.is\/wp-content\/uploads\/2020\/02\/ithrottafelagidgrotta_logo_512x512_transparent.png\",\"width\":512,\"height\":512,\"caption\":\"\u00cd\u00fer\u00f3ttaf\u00e9lagi\u00f0 Gr\u00f3tta\"},\"image\":{\"@id\":\"https:\/\/grotta.is\/#\/schema\/logo\/image\/\"},\"sameAs\":[\"https:\/\/www.facebook.com\/grottasport\"]},{\"@type\":\"Person\",\"@id\":\"https:\/\/grotta.is\/#\/schema\/person\/ef1c56135facd925e36b1430a1db29c9\",\"name\":\"Hrafnhildur Sigurj\u00f3nsd\u00f3ttir\",\"url\":\"https:\/\/grotta.is\/en\/author\/hrafnhildur\/\"}]}<\/script>\n<!-- \/ Yoast SEO plugin. -->","yoast_head_json":{"title":"K\u00e1ri Gar\u00f0arsson hefur l\u00e1ti\u00f0 af st\u00f6rfum sem framkv\u00e6mdastj\u00f3ri Gr\u00f3ttu. - \u00cd\u00fer\u00f3ttaf\u00e9lagi\u00f0 Gr\u00f3tta","robots":{"index":"index","follow":"follow","max-snippet":"max-snippet:-1","max-image-preview":"max-image-preview:large","max-video-preview":"max-video-preview:-1"},"canonical":"https:\/\/grotta.is\/en\/almennt\/kari-gardarsson-hefur-latid-af-storfum-sem-framkvaemdastjori-grottu\/","og_locale":"en_US","og_type":"article","og_title":"K\u00e1ri Gar\u00f0arsson hefur l\u00e1ti\u00f0 af st\u00f6rfum sem framkv\u00e6mdastj\u00f3ri Gr\u00f3ttu. - \u00cd\u00fer\u00f3ttaf\u00e9lagi\u00f0 Gr\u00f3tta","og_description":"K\u00e1ri Gar\u00f0arsson framkv\u00e6mdastj\u00f3ri Gr\u00f3ttu hefur l\u00e1ti\u00f0 af st\u00f6rfum. K\u00e1ri hefur komi\u00f0 v\u00ed\u00f0a vi\u00f0 \u00ed st\u00f6rfum f\u00e9lagsins \u00ed gegnum t\u00ed\u00f0ina b\u00e6\u00f0i sem \u00fej\u00e1lfari hj\u00e1 handboltadeild og sem starfsma\u00f0ur a\u00f0alstj\u00f3rnar Gr\u00f3ttu. Sem \u00fej\u00e1lfari m\u00e1 helst nefna a\u00f0 K\u00e1ri leiddi meistaraflokk kvenna til tveggja \u00edslandsmeistaratitla, eins bikarmeistaratitils og eins deildarmeistaratitils.","og_url":"https:\/\/grotta.is\/en\/almennt\/kari-gardarsson-hefur-latid-af-storfum-sem-framkvaemdastjori-grottu\/","og_site_name":"\u00cd\u00fer\u00f3ttaf\u00e9lagi\u00f0 Gr\u00f3tta","article_publisher":"https:\/\/www.facebook.com\/grottasport","article_published_time":"2023-10-19T21:56:30+00:00","article_modified_time":"2023-10-19T21:58:42+00:00","og_image":[{"width":1714,"height":2400,"url":"https:\/\/grotta.is\/wp-content\/uploads\/2022\/10\/Kari-G-skrifstofa.jpg","type":"image\/jpeg"}],"author":"Hrafnhildur Sigurj\u00f3nsd\u00f3ttir","twitter_card":"summary_large_image","twitter_misc":{"Written by":"Hrafnhildur Sigurj\u00f3nsd\u00f3ttir","Est. reading time":"1 minute"},"schema":{"@context":"https:\/\/schema.org","@graph":[{"@type":"Article","@id":"https:\/\/grotta.is\/almennt\/kari-gardarsson-hefur-latid-af-storfum-sem-framkvaemdastjori-grottu\/#article","isPartOf":{"@id":"https:\/\/grotta.is\/almennt\/kari-gardarsson-hefur-latid-af-storfum-sem-framkvaemdastjori-grottu\/"},"author":{"name":"Hrafnhildur Sigurj\u00f3nsd\u00f3ttir","@id":"https:\/\/grotta.is\/#\/schema\/person\/ef1c56135facd925e36b1430a1db29c9"},"headline":"K\u00e1ri Gar\u00f0arsson hefur l\u00e1ti\u00f0 af st\u00f6rfum sem framkv\u00e6mdastj\u00f3ri Gr\u00f3ttu.","datePublished":"2023-10-19T21:56:30+00:00","dateModified":"2023-10-19T21:58:42+00:00","mainEntityOfPage":{"@id":"https:\/\/grotta.is\/almennt\/kari-gardarsson-hefur-latid-af-storfum-sem-framkvaemdastjori-grottu\/"},"wordCount":182,"publisher":{"@id":"https:\/\/grotta.is\/#organization"},"image":{"@id":"https:\/\/grotta.is\/almennt\/kari-gardarsson-hefur-latid-af-storfum-sem-framkvaemdastjori-grottu\/#primaryimage"},"thumbnailUrl":"https:\/\/grotta.is\/wp-content\/uploads\/2022\/10\/Kari-G-skrifstofa.jpg","keywords":["Almennt","Framkv\u00e6mdarstj\u00f3ri","Rekstur Gr\u00f3ttu","skrifstofa"],"articleSection":["Almennt"],"inLanguage":"en-US"},{"@type":"WebPage","@id":"https:\/\/grotta.is\/almennt\/kari-gardarsson-hefur-latid-af-storfum-sem-framkvaemdastjori-grottu\/","url":"https:\/\/grotta.is\/almennt\/kari-gardarsson-hefur-latid-af-storfum-sem-framkvaemdastjori-grottu\/","name":"K\u00e1ri Gar\u00f0arsson hefur l\u00e1ti\u00f0 af st\u00f6rfum sem framkv\u00e6mdastj\u00f3ri Gr\u00f3ttu. - \u00cd\u00fer\u00f3ttaf\u00e9lagi\u00f0 Gr\u00f3tta","isPartOf":{"@id":"https:\/\/grotta.is\/#website"},"primaryImageOfPage":{"@id":"https:\/\/grotta.is\/almennt\/kari-gardarsson-hefur-latid-af-storfum-sem-framkvaemdastjori-grottu\/#primaryimage"},"image":{"@id":"https:\/\/grotta.is\/almennt\/kari-gardarsson-hefur-latid-af-storfum-sem-framkvaemdastjori-grottu\/#primaryimage"},"thumbnailUrl":"https:\/\/grotta.is\/wp-content\/uploads\/2022\/10\/Kari-G-skrifstofa.jpg","datePublished":"2023-10-19T21:56:30+00:00","dateModified":"2023-10-19T21:58:42+00:00","breadcrumb":{"@id":"https:\/\/grotta.is\/almennt\/kari-gardarsson-hefur-latid-af-storfum-sem-framkvaemdastjori-grottu\/#breadcrumb"},"inLanguage":"en-US","potentialAction":[{"@type":"ReadAction","target":["https:\/\/grotta.is\/almennt\/kari-gardarsson-hefur-latid-af-storfum-sem-framkvaemdastjori-grottu\/"]}]},{"@type":"ImageObject","inLanguage":"en-US","@id":"https:\/\/grotta.is\/almennt\/kari-gardarsson-hefur-latid-af-storfum-sem-framkvaemdastjori-grottu\/#primaryimage","url":"https:\/\/grotta.is\/wp-content\/uploads\/2022\/10\/Kari-G-skrifstofa.jpg","contentUrl":"https:\/\/grotta.is\/wp-content\/uploads\/2022\/10\/Kari-G-skrifstofa.jpg","width":1714,"height":2400},{"@type":"BreadcrumbList","@id":"https:\/\/grotta.is\/almennt\/kari-gardarsson-hefur-latid-af-storfum-sem-framkvaemdastjori-grottu\/#breadcrumb","itemListElement":[{"@type":"ListItem","position":1,"name":"Home","item":"https:\/\/grotta.is\/"},{"@type":"ListItem","position":2,"name":"K\u00e1ri Gar\u00f0arsson hefur l\u00e1ti\u00f0 af st\u00f6rfum sem framkv\u00e6mdastj\u00f3ri Gr\u00f3ttu."}]},{"@type":"WebSite","@id":"https:\/\/grotta.is\/#website","url":"https:\/\/grotta.is\/","name":"\u00cd\u00fer\u00f3ttaf\u00e9lagi\u00f0 Gr\u00f3tta","description":"\u00e1 Seltjarnarnesi","publisher":{"@id":"https:\/\/grotta.is\/#organization"},"potentialAction":[{"@type":"SearchAction","target":{"@type":"EntryPoint","urlTemplate":"https:\/\/grotta.is\/?s={search_term_string}"},"query-input":{"@type":"PropertyValueSpecification","valueRequired":true,"valueName":"search_term_string"}}],"inLanguage":"en-US"},{"@type":"Organization","@id":"https:\/\/grotta.is\/#organization","name":"\u00cd\u00fer\u00f3ttaf\u00e9lagi\u00f0 Gr\u00f3tta","url":"https:\/\/grotta.is\/","logo":{"@type":"ImageObject","inLanguage":"en-US","@id":"https:\/\/grotta.is\/#\/schema\/logo\/image\/","url":"https:\/\/grotta.is\/wp-content\/uploads\/2020\/02\/ithrottafelagidgrotta_logo_512x512_transparent.png","contentUrl":"https:\/\/grotta.is\/wp-content\/uploads\/2020\/02\/ithrottafelagidgrotta_logo_512x512_transparent.png","width":512,"height":512,"caption":"\u00cd\u00fer\u00f3ttaf\u00e9lagi\u00f0 Gr\u00f3tta"},"image":{"@id":"https:\/\/grotta.is\/#\/schema\/logo\/image\/"},"sameAs":["https:\/\/www.facebook.com\/grottasport"]},{"@type":"Person","@id":"https:\/\/grotta.is\/#\/schema\/person\/ef1c56135facd925e36b1430a1db29c9","name":"Hrafnhildur Sigurj\u00f3nsd\u00f3ttir","url":"https:\/\/grotta.is\/en\/author\/hrafnhildur\/"}]}},"_links":{"self":[{"href":"https:\/\/grotta.is\/en\/wp-json\/wp\/v2\/posts\/454227","targetHints":{"allow":["GET"]}}],"collection":[{"href":"https:\/\/grotta.is\/en\/wp-json\/wp\/v2\/posts"}],"about":[{"href":"https:\/\/grotta.is\/en\/wp-json\/wp\/v2\/types\/post"}],"author":[{"embeddable":true,"href":"https:\/\/grotta.is\/en\/wp-json\/wp\/v2\/users\/13"}],"replies":[{"embeddable":true,"href":"https:\/\/grotta.is\/en\/wp-json\/wp\/v2\/comments?post=454227"}],"version-history":[{"count":1,"href":"https:\/\/grotta.is\/en\/wp-json\/wp\/v2\/posts\/454227\/revisions"}],"predecessor-version":[{"id":454236,"href":"https:\/\/grotta.is\/en\/wp-json\/wp\/v2\/posts\/454227\/revisions\/454236"}],"wp:featuredmedia":[{"embeddable":true,"href":"https:\/\/grotta.is\/en\/wp-json\/wp\/v2\/media\/398378"}],"wp:attachment":[{"href":"https:\/\/grotta.is\/en\/wp-json\/wp\/v2\/media?parent=454227"}],"wp:term":[{"taxonomy":"category","embeddable":true,"href":"https:\/\/grotta.is\/en\/wp-json\/wp\/v2\/categories?post=454227"},{"taxonomy":"post_tag","embeddable":true,"href":"https:\/\/grotta.is\/en\/wp-json\/wp\/v2\/tags?post=454227"}],"curies":[{"name":"wp","href":"https:\/\/api.w.org\/{rel}","templated":true}]}}