{"id":436456,"date":"2023-09-13T12:44:15","date_gmt":"2023-09-13T12:44:15","guid":{"rendered":"https:\/\/grotta.is\/?p=436456"},"modified":"2023-09-13T12:45:08","modified_gmt":"2023-09-13T12:45:08","slug":"arangurinn-kom-mer-ekki-a-ovart","status":"publish","type":"post","link":"https:\/\/grotta.is\/en\/knattspyrnudeild\/arangurinn-kom-mer-ekki-a-ovart\/","title":{"rendered":"\u201e\u00c1rangurinn kom m\u00e9r ekki \u00e1 \u00f3vart&#8220;"},"content":{"rendered":"<p><em>Vi\u00f0tal vi\u00f0 P\u00e9tur R\u00f6gnvaldsson\u00a0<\/em><\/p><p>\u00cd g\u00e6r var greint fr\u00e1 \u00fev\u00ed a\u00f0 P\u00e9tur R\u00f6gnvaldsson, \u00fej\u00e1lfari meistaraflokks kvenna, hyg\u00f0ist taka s\u00e9r fr\u00ed fr\u00e1 \u00fej\u00e1lfun eftir fars\u00e6lt n\u00edu \u00e1ra starf fyrir Gr\u00f3ttu. Vi\u00f0 heyr\u00f0um hlj\u00f3\u00f0i\u00f0 \u00ed P\u00e9tri og spj\u00f6llu\u00f0um um fr\u00e1b\u00e6ran \u00e1rangur sumarsins hj\u00e1 stelpunum og t\u00edma hans hj\u00e1 Gr\u00f3ttu.\u00a0<\/p><p><strong>Gr\u00f3tta endar \u00ed fj\u00f3r\u00f0a s\u00e6ti Lengjudeildarinnar og voru a\u00f0eins einum sigri fr\u00e1 \u00fev\u00ed a\u00f0 fara upp um tv\u00e6r deildir \u00e1 tveimur \u00e1rum. Kom \u00feessi \u00e1rangur \u00fe\u00e9r \u00e1 \u00f3vart?&nbsp;<\/strong><\/p><p>Nei hann ger\u00f0i \u00fea\u00f0 \u00ed rauninni ekki. J\u00fa kannski a\u00f0 vi\u00f0 hef\u00f0um \u00ed lokaumfer\u00f0inni spila\u00f0 \u00farslitaleik um a\u00f0 komast upp \u00ed Bestu deildina &#8211; \u00e9g s\u00e1 \u00fea\u00f0 kannski ekki fyrir &#8211; en \u00feegar lei\u00f0 \u00e1 undirb\u00faningst\u00edmabili\u00f0 var \u00e9g viss um a\u00f0 vi\u00f0 g\u00e6tum keppt vi\u00f0 \u00f6ll li\u00f0in \u00ed deildinni og enda\u00f0 \u00ed efri hlutanum.&nbsp;<\/p><p><strong>En hva\u00f0 er \u00fea\u00f0 sem b\u00fdr til svona \u00e1rangur. \u00dei\u00f0 voru\u00f0 j\u00fa n\u00fdli\u00f0ar \u00ed deildinni eftir allt saman.&nbsp;<\/strong><\/p><p>Vissulega vorum vi\u00f0 n\u00fdli\u00f0ar en samt sem \u00e1\u00f0ur me\u00f0 mj\u00f6g svipa\u00f0 li\u00f0 og spila\u00f0i \u00ed deildinni \u00e1ri\u00f0 2021. \u00de\u00e1 var kjarninn \u00ed li\u00f0inu mj\u00f6g ungur og hann er \u00ed raun enn ungur en kominn me\u00f0 talsver\u00f0a reynslu. \u00dea\u00f0 voru gr\u00ed\u00f0arleg vonbrig\u00f0i a\u00f0 falla hausti\u00f0 2021 en upp fr\u00e1 \u00fev\u00ed f\u00f3r a\u00f0 myndast \u00feetta \u00f3\u00fatsk\u00fdranlega hugtak sem kallast li\u00f0sheild og h\u00fan \u00ed bland vi\u00f0 g\u00e6\u00f0i leikmanna skapar \u00f6flugt li\u00f0. Samsetningin li\u00f0sins er s\u00f6mulei\u00f0is fr\u00e1b\u00e6r &#8211; margar heimastelpur&nbsp;\u00ed bland vi\u00f0 eldri stelpur sem hafa veri\u00f0 lengi \u00ed Gr\u00f3ttu. A\u00f0 vi\u00f0b\u00e6ttum \u00f6flugum n\u00fdjum leikm\u00f6nnum og svo kornungum stelpum sem st\u00edga upp \u00ed gott umhverfi.&nbsp;<\/p><p><strong>Hver er \u00e1st\u00e6\u00f0an fyrir \u00fev\u00ed a\u00f0 \u00fe\u00fa st\u00edgur fr\u00e1 bor\u00f0i n\u00fana?&nbsp;<\/strong><\/p><p>\u00c1st\u00e6\u00f0urnar eru \u00ed raun nokkrar. Og \u00feetta er \u00e1kv\u00f6r\u00f0un sem \u00e9g var n\u00e1l\u00e6gt \u00fev\u00ed a\u00f0 taka fyrir tveimur \u00e1rum en \u00fe\u00e1 vorum vi\u00f0 fallin. Maggi (Magn\u00fas \u00d6rn Helgason) var kominn \u00ed vinnu hj\u00e1 KS\u00cd og \u00e9g vildi ekki skilja vi\u00f0 li\u00f0i\u00f0 \u00ed 2. deild svo \u00e9g l\u00e9t slag standa \u00feegar m\u00e9r var bo\u00f0i\u00f0 a\u00f0 taka vi\u00f0. \u00dea\u00f0 var \u00fev\u00ed l\u00e9ttir \u00feegar s\u00e6ti okkar \u00ed Lengjudeildinni var t\u00f6lfr\u00e6\u00f0ilega tryggt \u00ed \u00e1g\u00fast og \u00e9g gat skili\u00f0 s\u00e1ttur vi\u00f0. En ein a\u00f0al\u00e1st\u00e6\u00f0an er s\u00fa a\u00f0 \u00e9g get ekki vari\u00f0 eins miklum t\u00edma og \u00e9g myndi kj\u00f3sa \u00ed \u00fej\u00e1lfunina. \u00c9g er \u00ed annarri vinnu og \u00e1 n\u00e6stu d\u00f6gum st\u00e6kkar fj\u00f6lskyldan. Svo hefur l\u00edka \u00e1hrif a\u00f0 \u00e9g hef \u00fej\u00e1lfa\u00f0 nokkrar \u00ed li\u00f0inu \u00ed sj\u00f6 til \u00e1tta \u00e1r og \u00fe\u00e1 er stundum \u00f3hj\u00e1kv\u00e6milegt a\u00f0 \u00fej\u00e1lfara-leikmanna sambandi\u00f0 komist \u00e1 nokkurs konar endast\u00f6\u00f0.&nbsp;<\/p><p><strong>Er framt\u00ed\u00f0in s\u00e9 bj\u00f6rt \u00ed kvennaknattspyrnunni \u00e1 Nesinu?&nbsp;<\/strong><\/p><p>J\u00e1 h\u00fan er \u00fea\u00f0, ef \u00fea\u00f0 ver\u00f0ur \u00e1fram haldi\u00f0 vel \u00e1 sp\u00f6\u00f0unum &#8211; unni\u00f0 af metna\u00f0i me\u00f0 sterka umgj\u00f6r\u00f0 \u00ed kringum li\u00f0i\u00f0. S\u00ed\u00f0ustu \u00e1r hefur veri\u00f0 unni\u00f0 \u00f6flugt starf \u00ed yngri flokkunum og \u00e1 bak vi\u00f0 tj\u00f6ldin \u00ed kringum b\u00e1\u00f0a meistaraflokka f\u00e9lagsins. \u00dea\u00f0 einfaldlega skilar s\u00e9r \u00ed upp\u00f6ldum leikm\u00f6nnum og g\u00f3\u00f0ri og j\u00e1kv\u00e6\u00f0ri stemningu. Kjarninn \u00ed Gr\u00f3ttuli\u00f0inu er enn a\u00f0 styrkjast og yngri stelpur a\u00f0 b\u00e6tast vi\u00f0. \u00cd sumar spila\u00f0i Auf\u00ed&nbsp;(Arnfr\u00ed\u00f0ur Au\u00f0ur Arnarsd\u00f3ttir) st\u00f3rt hlutverk \u00ed li\u00f0inu 15 \u00e1ra g\u00f6mul og Rebekka (Sif Brynjarsd\u00f3ttir) kom sterk inn \u00e1 lokasprettinum a\u00f0eins 14 \u00e1ra g\u00f6mul. Tv\u00e6r a\u00f0rar \u00e1 3. flokks aldri spilu\u00f0u me\u00f0 li\u00f0inu \u00e1 undirb\u00faningst\u00edmabilinu og \u00fea\u00f0 eru fleiri \u00e1 lei\u00f0inni. \u00cd stuttu m\u00e1li \u00fe\u00e1 hefur Gr\u00f3ttuli\u00f0i\u00f0 mikla m\u00f6guleika \u00e1 a\u00f0 ver\u00f0a enn betra \u00e1 n\u00e6stu \u00e1rum.&nbsp;&nbsp;<\/p><p><strong>A\u00f0 lokum &#8211; hva\u00f0 er \u00fe\u00e9r efst \u00ed huga \u00feegar \u00fe\u00fa l\u00edtur til baka \u00e1 \u00e1rin n\u00edu sem \u00fe\u00fa \u00fej\u00e1lfa\u00f0ir hj\u00e1 Gr\u00f3ttu?&nbsp;<\/strong><\/p><p>\u00d3tr\u00falegar minningar. \u00c9g byrja\u00f0i a\u00f0 \u00fej\u00e1lfa 7. flokk kvenna me\u00f0 J\u00f3runni (Mar\u00edu \u00deorsteinsd\u00f3ttur) \u00ed jan\u00faar 2015. Mig minnir a\u00f0 Auf\u00ed hafi einmitt m\u00e6tt \u00e1 s\u00edna fyrstu e\u00f0a a\u00f0ra \u00e6fingu \u00feegar \u00e9g byrja\u00f0i. Um sumari\u00f0 hitti \u00e9g svo Rebekku sem var \u00fe\u00e1 a\u00f0 \u00e6fa \u00ed 8. flokki hj\u00e1 Bj\u00f6ssa (Birni Valdimarssyni) og f\u00e9kk a\u00f0 spila me\u00f0 okkur \u00e1 S\u00edmam\u00f3tinu. \u00dea\u00f0 var skemmtilegur endapunktur a\u00f0 \u00fe\u00e6r tv\u00e6r skildu hafa skora\u00f0 \u00ed lokaleiknum \u00e1 laugardaginn &#8211; fyrir framan tro\u00f0fulla st\u00faku \u00e1 Vivaldivellinum.\u00a0<\/p><p>Eins og nefndi \u00e1\u00f0an var \u00e9g samfer\u00f0a 2003, 2004 og 2005 stelpunum \u00ed ansi m\u00f6rg \u00e1r og \u00fea\u00f0 hefur veri\u00f0 gaman a\u00f0 fylgjast me\u00f0 \u00feeim \u00feroskast og \u00fer\u00f3ast innan sem utan vallar. Gr\u00f3tta hefur s\u00f6mulei\u00f0is haft \u00f3tr\u00falega f\u00e6ra \u00fej\u00e1lfara vi\u00f0 st\u00f6rf s\u00ed\u00f0ustu \u00e1rin sem \u00e9g hef noti\u00f0 a\u00f0 starfa me\u00f0, l\u00e6ra af og eignast g\u00f3\u00f0a vini.&nbsp;<\/p><p>Vonbrig\u00f0atilfinningin sem ma\u00f0ur haf\u00f0i eftir leikinn \u00e1 laugardaginn var \u00f3vanalega flj\u00f3t a\u00f0 veikjast og upp \u00far stendur \u00fea\u00f0 sem li\u00f0inu t\u00f3kst a\u00f0 \u00e1orka og allt sem \u00e9g hef fengi\u00f0 a\u00f0 taka \u00fe\u00e1tt \u00ed me\u00f0 g\u00f3\u00f0u f\u00f3lki. Ma\u00f0ur er bara me\u00f0 gle\u00f0it\u00e1r \u00ed augum.&nbsp;<\/p><p>Vi\u00f0 \u00fe\u00f6kkum P\u00e9tri k\u00e6rlega fyrir spjalli\u00f0 og hans framlag til f\u00e9lagsins. Um lei\u00f0 \u00f3skum vi\u00f0 \u00fej\u00e1lfurum og leikm\u00f6nnum mfl. kvk innilega til hamingju me\u00f0 fr\u00e1b\u00e6rt sumar!<\/p><figure class=\"wp-block-image size-large\"><img fetchpriority=\"high\" decoding=\"async\" width=\"1024\" height=\"666\" src=\"https:\/\/grotta.is\/wp-content\/uploads\/2023\/09\/378590389_792589962870320_4225249139839767406_n-1024x666.jpg\" alt=\"\" class=\"wp-image-436458\" srcset=\"https:\/\/grotta.is\/wp-content\/uploads\/2023\/09\/378590389_792589962870320_4225249139839767406_n-1024x666.jpg 1024w, https:\/\/grotta.is\/wp-content\/uploads\/2023\/09\/378590389_792589962870320_4225249139839767406_n-300x195.jpg 300w, https:\/\/grotta.is\/wp-content\/uploads\/2023\/09\/378590389_792589962870320_4225249139839767406_n-768x500.jpg 768w, https:\/\/grotta.is\/wp-content\/uploads\/2023\/09\/378590389_792589962870320_4225249139839767406_n-18x12.jpg 18w, https:\/\/grotta.is\/wp-content\/uploads\/2023\/09\/378590389_792589962870320_4225249139839767406_n-600x390.jpg 600w, https:\/\/grotta.is\/wp-content\/uploads\/2023\/09\/378590389_792589962870320_4225249139839767406_n.jpg 1440w\" sizes=\"(max-width: 1024px) 100vw, 1024px\" \/><\/figure><figure class=\"wp-block-image size-large\"><img decoding=\"async\" width=\"1024\" height=\"515\" data-src=\"https:\/\/grotta.is\/wp-content\/uploads\/2023\/09\/PR2022-2-1-1024x515.jpeg\" alt=\"\" class=\"wp-image-436459 lazyload\" data-srcset=\"https:\/\/grotta.is\/wp-content\/uploads\/2023\/09\/PR2022-2-1-1024x515.jpeg 1024w, https:\/\/grotta.is\/wp-content\/uploads\/2023\/09\/PR2022-2-1-300x151.jpeg 300w, https:\/\/grotta.is\/wp-content\/uploads\/2023\/09\/PR2022-2-1-768x387.jpeg 768w, https:\/\/grotta.is\/wp-content\/uploads\/2023\/09\/PR2022-2-1-1536x773.jpeg 1536w, https:\/\/grotta.is\/wp-content\/uploads\/2023\/09\/PR2022-2-1-2048x1031.jpeg 2048w, https:\/\/grotta.is\/wp-content\/uploads\/2023\/09\/PR2022-2-1-18x9.jpeg 18w, https:\/\/grotta.is\/wp-content\/uploads\/2023\/09\/PR2022-2-1-600x302.jpeg 600w\" data-sizes=\"(max-width: 1024px) 100vw, 1024px\" src=\"data:image\/gif;base64,R0lGODlhAQABAAAAACH5BAEKAAEALAAAAAABAAEAAAICTAEAOw==\" style=\"--smush-placeholder-width: 1024px; --smush-placeholder-aspect-ratio: 1024\/515;\" \/><\/figure><figure class=\"wp-block-image size-large\"><img decoding=\"async\" width=\"1024\" height=\"665\" data-src=\"https:\/\/grotta.is\/wp-content\/uploads\/2023\/09\/petur-rog-1-1024x665.jpeg\" alt=\"\" class=\"wp-image-436461 lazyload\" data-srcset=\"https:\/\/grotta.is\/wp-content\/uploads\/2023\/09\/petur-rog-1-1024x665.jpeg 1024w, https:\/\/grotta.is\/wp-content\/uploads\/2023\/09\/petur-rog-1-300x195.jpeg 300w, https:\/\/grotta.is\/wp-content\/uploads\/2023\/09\/petur-rog-1-768x499.jpeg 768w, https:\/\/grotta.is\/wp-content\/uploads\/2023\/09\/petur-rog-1-1536x998.jpeg 1536w, https:\/\/grotta.is\/wp-content\/uploads\/2023\/09\/petur-rog-1-2048x1330.jpeg 2048w, https:\/\/grotta.is\/wp-content\/uploads\/2023\/09\/petur-rog-1-18x12.jpeg 18w, https:\/\/grotta.is\/wp-content\/uploads\/2023\/09\/petur-rog-1-600x390.jpeg 600w\" data-sizes=\"(max-width: 1024px) 100vw, 1024px\" src=\"data:image\/gif;base64,R0lGODlhAQABAAAAACH5BAEKAAEALAAAAAABAAEAAAICTAEAOw==\" style=\"--smush-placeholder-width: 1024px; --smush-placeholder-aspect-ratio: 1024\/665;\" \/><\/figure>","protected":false},"excerpt":{"rendered":"<p>Vi\u00f0tal vi\u00f0 P\u00e9tur R\u00f6gnvaldsson\u00a0 \u00cd g\u00e6r var greint fr\u00e1 \u00fev\u00ed a\u00f0 P\u00e9tur R\u00f6gnvaldsson, \u00fej\u00e1lfari meistaraflokks kvenna, hyg\u00f0ist taka s\u00e9r fr\u00ed fr\u00e1 \u00fej\u00e1lfun eftir fars\u00e6lt n\u00edu \u00e1ra starf fyrir Gr\u00f3ttu. Vi\u00f0 [&hellip;]<\/p>","protected":false},"author":4,"featured_media":436457,"comment_status":"closed","ping_status":"closed","sticky":false,"template":"","format":"standard","meta":{"footnotes":""},"categories":[7],"tags":[6,18],"class_list":["post-436456","post","type-post","status-publish","format-standard","has-post-thumbnail","hentry","category-knattspyrnudeild","tag-knattspyrna","tag-mfl-kvk"],"yoast_head":"<!-- This site is optimized with the Yoast SEO plugin v24.3 - https:\/\/yoast.com\/wordpress\/plugins\/seo\/ -->\n<title>\u201e\u00c1rangurinn kom m\u00e9r ekki \u00e1 \u00f3vart&quot; - \u00cd\u00fer\u00f3ttaf\u00e9lagi\u00f0 Gr\u00f3tta<\/title>\n<meta name=\"robots\" content=\"index, follow, max-snippet:-1, max-image-preview:large, max-video-preview:-1\" \/>\n<link rel=\"canonical\" href=\"https:\/\/grotta.is\/en\/knattspyrnudeild\/arangurinn-kom-mer-ekki-a-ovart\/\" \/>\n<meta property=\"og:locale\" content=\"en_US\" \/>\n<meta property=\"og:type\" content=\"article\" \/>\n<meta property=\"og:title\" content=\"\u201e\u00c1rangurinn kom m\u00e9r ekki \u00e1 \u00f3vart&quot; - \u00cd\u00fer\u00f3ttaf\u00e9lagi\u00f0 Gr\u00f3tta\" \/>\n<meta property=\"og:description\" content=\"Vi\u00f0tal vi\u00f0 P\u00e9tur R\u00f6gnvaldsson\u00a0 \u00cd g\u00e6r var greint fr\u00e1 \u00fev\u00ed a\u00f0 P\u00e9tur R\u00f6gnvaldsson, \u00fej\u00e1lfari meistaraflokks kvenna, hyg\u00f0ist taka s\u00e9r fr\u00ed fr\u00e1 \u00fej\u00e1lfun eftir fars\u00e6lt n\u00edu \u00e1ra starf fyrir Gr\u00f3ttu. Vi\u00f0 [&hellip;]\" \/>\n<meta property=\"og:url\" content=\"https:\/\/grotta.is\/en\/knattspyrnudeild\/arangurinn-kom-mer-ekki-a-ovart\/\" \/>\n<meta property=\"og:site_name\" content=\"\u00cd\u00fer\u00f3ttaf\u00e9lagi\u00f0 Gr\u00f3tta\" \/>\n<meta property=\"article:publisher\" content=\"https:\/\/www.facebook.com\/grottasport\" \/>\n<meta property=\"article:published_time\" content=\"2023-09-13T12:44:15+00:00\" \/>\n<meta property=\"article:modified_time\" content=\"2023-09-13T12:45:08+00:00\" \/>\n<meta property=\"og:image\" content=\"https:\/\/grotta.is\/wp-content\/uploads\/2023\/09\/PR2022-2.jpeg\" \/>\n\t<meta property=\"og:image:width\" content=\"2400\" \/>\n\t<meta property=\"og:image:height\" content=\"1208\" \/>\n\t<meta property=\"og:image:type\" content=\"image\/jpeg\" \/>\n<meta name=\"author\" content=\"J\u00f3runn M. \u00deorsteinsd\u00f3ttir\" \/>\n<meta name=\"twitter:card\" content=\"summary_large_image\" \/>\n<meta name=\"twitter:label1\" content=\"Written by\" \/>\n\t<meta name=\"twitter:data1\" content=\"J\u00f3runn M. \u00deorsteinsd\u00f3ttir\" \/>\n\t<meta name=\"twitter:label2\" content=\"Est. reading time\" \/>\n\t<meta name=\"twitter:data2\" content=\"5 minutes\" \/>\n<script type=\"application\/ld+json\" class=\"yoast-schema-graph\">{\"@context\":\"https:\/\/schema.org\",\"@graph\":[{\"@type\":\"Article\",\"@id\":\"https:\/\/grotta.is\/knattspyrnudeild\/arangurinn-kom-mer-ekki-a-ovart\/#article\",\"isPartOf\":{\"@id\":\"https:\/\/grotta.is\/knattspyrnudeild\/arangurinn-kom-mer-ekki-a-ovart\/\"},\"author\":{\"name\":\"J\u00f3runn M. \u00deorsteinsd\u00f3ttir\",\"@id\":\"https:\/\/grotta.is\/#\/schema\/person\/f1fea6a85a554e8069771c3486efbd84\"},\"headline\":\"\u201e\u00c1rangurinn kom m\u00e9r ekki \u00e1 \u00f3vart&#8220;\",\"datePublished\":\"2023-09-13T12:44:15+00:00\",\"dateModified\":\"2023-09-13T12:45:08+00:00\",\"mainEntityOfPage\":{\"@id\":\"https:\/\/grotta.is\/knattspyrnudeild\/arangurinn-kom-mer-ekki-a-ovart\/\"},\"wordCount\":893,\"publisher\":{\"@id\":\"https:\/\/grotta.is\/#organization\"},\"image\":{\"@id\":\"https:\/\/grotta.is\/knattspyrnudeild\/arangurinn-kom-mer-ekki-a-ovart\/#primaryimage\"},\"thumbnailUrl\":\"https:\/\/grotta.is\/wp-content\/uploads\/2023\/09\/PR2022-2.jpeg\",\"keywords\":[\"Knattspyrna\",\"Mfl.kvk\"],\"articleSection\":[\"Knattspyrnudeild\"],\"inLanguage\":\"en-US\"},{\"@type\":\"WebPage\",\"@id\":\"https:\/\/grotta.is\/knattspyrnudeild\/arangurinn-kom-mer-ekki-a-ovart\/\",\"url\":\"https:\/\/grotta.is\/knattspyrnudeild\/arangurinn-kom-mer-ekki-a-ovart\/\",\"name\":\"\u201e\u00c1rangurinn kom m\u00e9r ekki \u00e1 \u00f3vart\\\" - \u00cd\u00fer\u00f3ttaf\u00e9lagi\u00f0 Gr\u00f3tta\",\"isPartOf\":{\"@id\":\"https:\/\/grotta.is\/#website\"},\"primaryImageOfPage\":{\"@id\":\"https:\/\/grotta.is\/knattspyrnudeild\/arangurinn-kom-mer-ekki-a-ovart\/#primaryimage\"},\"image\":{\"@id\":\"https:\/\/grotta.is\/knattspyrnudeild\/arangurinn-kom-mer-ekki-a-ovart\/#primaryimage\"},\"thumbnailUrl\":\"https:\/\/grotta.is\/wp-content\/uploads\/2023\/09\/PR2022-2.jpeg\",\"datePublished\":\"2023-09-13T12:44:15+00:00\",\"dateModified\":\"2023-09-13T12:45:08+00:00\",\"breadcrumb\":{\"@id\":\"https:\/\/grotta.is\/knattspyrnudeild\/arangurinn-kom-mer-ekki-a-ovart\/#breadcrumb\"},\"inLanguage\":\"en-US\",\"potentialAction\":[{\"@type\":\"ReadAction\",\"target\":[\"https:\/\/grotta.is\/knattspyrnudeild\/arangurinn-kom-mer-ekki-a-ovart\/\"]}]},{\"@type\":\"ImageObject\",\"inLanguage\":\"en-US\",\"@id\":\"https:\/\/grotta.is\/knattspyrnudeild\/arangurinn-kom-mer-ekki-a-ovart\/#primaryimage\",\"url\":\"https:\/\/grotta.is\/wp-content\/uploads\/2023\/09\/PR2022-2.jpeg\",\"contentUrl\":\"https:\/\/grotta.is\/wp-content\/uploads\/2023\/09\/PR2022-2.jpeg\",\"width\":2400,\"height\":1208},{\"@type\":\"BreadcrumbList\",\"@id\":\"https:\/\/grotta.is\/knattspyrnudeild\/arangurinn-kom-mer-ekki-a-ovart\/#breadcrumb\",\"itemListElement\":[{\"@type\":\"ListItem\",\"position\":1,\"name\":\"Home\",\"item\":\"https:\/\/grotta.is\/\"},{\"@type\":\"ListItem\",\"position\":2,\"name\":\"\u201e\u00c1rangurinn kom m\u00e9r ekki \u00e1 \u00f3vart&#8220;\"}]},{\"@type\":\"WebSite\",\"@id\":\"https:\/\/grotta.is\/#website\",\"url\":\"https:\/\/grotta.is\/\",\"name\":\"\u00cd\u00fer\u00f3ttaf\u00e9lagi\u00f0 Gr\u00f3tta\",\"description\":\"\u00e1 Seltjarnarnesi\",\"publisher\":{\"@id\":\"https:\/\/grotta.is\/#organization\"},\"potentialAction\":[{\"@type\":\"SearchAction\",\"target\":{\"@type\":\"EntryPoint\",\"urlTemplate\":\"https:\/\/grotta.is\/?s={search_term_string}\"},\"query-input\":{\"@type\":\"PropertyValueSpecification\",\"valueRequired\":true,\"valueName\":\"search_term_string\"}}],\"inLanguage\":\"en-US\"},{\"@type\":\"Organization\",\"@id\":\"https:\/\/grotta.is\/#organization\",\"name\":\"\u00cd\u00fer\u00f3ttaf\u00e9lagi\u00f0 Gr\u00f3tta\",\"url\":\"https:\/\/grotta.is\/\",\"logo\":{\"@type\":\"ImageObject\",\"inLanguage\":\"en-US\",\"@id\":\"https:\/\/grotta.is\/#\/schema\/logo\/image\/\",\"url\":\"https:\/\/grotta.is\/wp-content\/uploads\/2020\/02\/ithrottafelagidgrotta_logo_512x512_transparent.png\",\"contentUrl\":\"https:\/\/grotta.is\/wp-content\/uploads\/2020\/02\/ithrottafelagidgrotta_logo_512x512_transparent.png\",\"width\":512,\"height\":512,\"caption\":\"\u00cd\u00fer\u00f3ttaf\u00e9lagi\u00f0 Gr\u00f3tta\"},\"image\":{\"@id\":\"https:\/\/grotta.is\/#\/schema\/logo\/image\/\"},\"sameAs\":[\"https:\/\/www.facebook.com\/grottasport\"]},{\"@type\":\"Person\",\"@id\":\"https:\/\/grotta.is\/#\/schema\/person\/f1fea6a85a554e8069771c3486efbd84\",\"name\":\"J\u00f3runn M. \u00deorsteinsd\u00f3ttir\",\"url\":\"https:\/\/grotta.is\/en\/author\/jorunn\/\"}]}<\/script>\n<!-- \/ Yoast SEO plugin. -->","yoast_head_json":{"title":"\u201e\u00c1rangurinn kom m\u00e9r ekki \u00e1 \u00f3vart\" - \u00cd\u00fer\u00f3ttaf\u00e9lagi\u00f0 Gr\u00f3tta","robots":{"index":"index","follow":"follow","max-snippet":"max-snippet:-1","max-image-preview":"max-image-preview:large","max-video-preview":"max-video-preview:-1"},"canonical":"https:\/\/grotta.is\/en\/knattspyrnudeild\/arangurinn-kom-mer-ekki-a-ovart\/","og_locale":"en_US","og_type":"article","og_title":"\u201e\u00c1rangurinn kom m\u00e9r ekki \u00e1 \u00f3vart\" - \u00cd\u00fer\u00f3ttaf\u00e9lagi\u00f0 Gr\u00f3tta","og_description":"Vi\u00f0tal vi\u00f0 P\u00e9tur R\u00f6gnvaldsson\u00a0 \u00cd g\u00e6r var greint fr\u00e1 \u00fev\u00ed a\u00f0 P\u00e9tur R\u00f6gnvaldsson, \u00fej\u00e1lfari meistaraflokks kvenna, hyg\u00f0ist taka s\u00e9r fr\u00ed fr\u00e1 \u00fej\u00e1lfun eftir fars\u00e6lt n\u00edu \u00e1ra starf fyrir Gr\u00f3ttu. Vi\u00f0 [&hellip;]","og_url":"https:\/\/grotta.is\/en\/knattspyrnudeild\/arangurinn-kom-mer-ekki-a-ovart\/","og_site_name":"\u00cd\u00fer\u00f3ttaf\u00e9lagi\u00f0 Gr\u00f3tta","article_publisher":"https:\/\/www.facebook.com\/grottasport","article_published_time":"2023-09-13T12:44:15+00:00","article_modified_time":"2023-09-13T12:45:08+00:00","og_image":[{"width":2400,"height":1208,"url":"https:\/\/grotta.is\/wp-content\/uploads\/2023\/09\/PR2022-2.jpeg","type":"image\/jpeg"}],"author":"J\u00f3runn M. \u00deorsteinsd\u00f3ttir","twitter_card":"summary_large_image","twitter_misc":{"Written by":"J\u00f3runn M. \u00deorsteinsd\u00f3ttir","Est. reading time":"5 minutes"},"schema":{"@context":"https:\/\/schema.org","@graph":[{"@type":"Article","@id":"https:\/\/grotta.is\/knattspyrnudeild\/arangurinn-kom-mer-ekki-a-ovart\/#article","isPartOf":{"@id":"https:\/\/grotta.is\/knattspyrnudeild\/arangurinn-kom-mer-ekki-a-ovart\/"},"author":{"name":"J\u00f3runn M. \u00deorsteinsd\u00f3ttir","@id":"https:\/\/grotta.is\/#\/schema\/person\/f1fea6a85a554e8069771c3486efbd84"},"headline":"\u201e\u00c1rangurinn kom m\u00e9r ekki \u00e1 \u00f3vart&#8220;","datePublished":"2023-09-13T12:44:15+00:00","dateModified":"2023-09-13T12:45:08+00:00","mainEntityOfPage":{"@id":"https:\/\/grotta.is\/knattspyrnudeild\/arangurinn-kom-mer-ekki-a-ovart\/"},"wordCount":893,"publisher":{"@id":"https:\/\/grotta.is\/#organization"},"image":{"@id":"https:\/\/grotta.is\/knattspyrnudeild\/arangurinn-kom-mer-ekki-a-ovart\/#primaryimage"},"thumbnailUrl":"https:\/\/grotta.is\/wp-content\/uploads\/2023\/09\/PR2022-2.jpeg","keywords":["Knattspyrna","Mfl.kvk"],"articleSection":["Knattspyrnudeild"],"inLanguage":"en-US"},{"@type":"WebPage","@id":"https:\/\/grotta.is\/knattspyrnudeild\/arangurinn-kom-mer-ekki-a-ovart\/","url":"https:\/\/grotta.is\/knattspyrnudeild\/arangurinn-kom-mer-ekki-a-ovart\/","name":"\u201e\u00c1rangurinn kom m\u00e9r ekki \u00e1 \u00f3vart\" - \u00cd\u00fer\u00f3ttaf\u00e9lagi\u00f0 Gr\u00f3tta","isPartOf":{"@id":"https:\/\/grotta.is\/#website"},"primaryImageOfPage":{"@id":"https:\/\/grotta.is\/knattspyrnudeild\/arangurinn-kom-mer-ekki-a-ovart\/#primaryimage"},"image":{"@id":"https:\/\/grotta.is\/knattspyrnudeild\/arangurinn-kom-mer-ekki-a-ovart\/#primaryimage"},"thumbnailUrl":"https:\/\/grotta.is\/wp-content\/uploads\/2023\/09\/PR2022-2.jpeg","datePublished":"2023-09-13T12:44:15+00:00","dateModified":"2023-09-13T12:45:08+00:00","breadcrumb":{"@id":"https:\/\/grotta.is\/knattspyrnudeild\/arangurinn-kom-mer-ekki-a-ovart\/#breadcrumb"},"inLanguage":"en-US","potentialAction":[{"@type":"ReadAction","target":["https:\/\/grotta.is\/knattspyrnudeild\/arangurinn-kom-mer-ekki-a-ovart\/"]}]},{"@type":"ImageObject","inLanguage":"en-US","@id":"https:\/\/grotta.is\/knattspyrnudeild\/arangurinn-kom-mer-ekki-a-ovart\/#primaryimage","url":"https:\/\/grotta.is\/wp-content\/uploads\/2023\/09\/PR2022-2.jpeg","contentUrl":"https:\/\/grotta.is\/wp-content\/uploads\/2023\/09\/PR2022-2.jpeg","width":2400,"height":1208},{"@type":"BreadcrumbList","@id":"https:\/\/grotta.is\/knattspyrnudeild\/arangurinn-kom-mer-ekki-a-ovart\/#breadcrumb","itemListElement":[{"@type":"ListItem","position":1,"name":"Home","item":"https:\/\/grotta.is\/"},{"@type":"ListItem","position":2,"name":"\u201e\u00c1rangurinn kom m\u00e9r ekki \u00e1 \u00f3vart&#8220;"}]},{"@type":"WebSite","@id":"https:\/\/grotta.is\/#website","url":"https:\/\/grotta.is\/","name":"\u00cd\u00fer\u00f3ttaf\u00e9lagi\u00f0 Gr\u00f3tta","description":"\u00e1 Seltjarnarnesi","publisher":{"@id":"https:\/\/grotta.is\/#organization"},"potentialAction":[{"@type":"SearchAction","target":{"@type":"EntryPoint","urlTemplate":"https:\/\/grotta.is\/?s={search_term_string}"},"query-input":{"@type":"PropertyValueSpecification","valueRequired":true,"valueName":"search_term_string"}}],"inLanguage":"en-US"},{"@type":"Organization","@id":"https:\/\/grotta.is\/#organization","name":"\u00cd\u00fer\u00f3ttaf\u00e9lagi\u00f0 Gr\u00f3tta","url":"https:\/\/grotta.is\/","logo":{"@type":"ImageObject","inLanguage":"en-US","@id":"https:\/\/grotta.is\/#\/schema\/logo\/image\/","url":"https:\/\/grotta.is\/wp-content\/uploads\/2020\/02\/ithrottafelagidgrotta_logo_512x512_transparent.png","contentUrl":"https:\/\/grotta.is\/wp-content\/uploads\/2020\/02\/ithrottafelagidgrotta_logo_512x512_transparent.png","width":512,"height":512,"caption":"\u00cd\u00fer\u00f3ttaf\u00e9lagi\u00f0 Gr\u00f3tta"},"image":{"@id":"https:\/\/grotta.is\/#\/schema\/logo\/image\/"},"sameAs":["https:\/\/www.facebook.com\/grottasport"]},{"@type":"Person","@id":"https:\/\/grotta.is\/#\/schema\/person\/f1fea6a85a554e8069771c3486efbd84","name":"J\u00f3runn M. \u00deorsteinsd\u00f3ttir","url":"https:\/\/grotta.is\/en\/author\/jorunn\/"}]}},"_links":{"self":[{"href":"https:\/\/grotta.is\/en\/wp-json\/wp\/v2\/posts\/436456","targetHints":{"allow":["GET"]}}],"collection":[{"href":"https:\/\/grotta.is\/en\/wp-json\/wp\/v2\/posts"}],"about":[{"href":"https:\/\/grotta.is\/en\/wp-json\/wp\/v2\/types\/post"}],"author":[{"embeddable":true,"href":"https:\/\/grotta.is\/en\/wp-json\/wp\/v2\/users\/4"}],"replies":[{"embeddable":true,"href":"https:\/\/grotta.is\/en\/wp-json\/wp\/v2\/comments?post=436456"}],"version-history":[{"count":2,"href":"https:\/\/grotta.is\/en\/wp-json\/wp\/v2\/posts\/436456\/revisions"}],"predecessor-version":[{"id":436462,"href":"https:\/\/grotta.is\/en\/wp-json\/wp\/v2\/posts\/436456\/revisions\/436462"}],"wp:featuredmedia":[{"embeddable":true,"href":"https:\/\/grotta.is\/en\/wp-json\/wp\/v2\/media\/436457"}],"wp:attachment":[{"href":"https:\/\/grotta.is\/en\/wp-json\/wp\/v2\/media?parent=436456"}],"wp:term":[{"taxonomy":"category","embeddable":true,"href":"https:\/\/grotta.is\/en\/wp-json\/wp\/v2\/categories?post=436456"},{"taxonomy":"post_tag","embeddable":true,"href":"https:\/\/grotta.is\/en\/wp-json\/wp\/v2\/tags?post=436456"}],"curies":[{"name":"wp","href":"https:\/\/api.w.org\/{rel}","templated":true}]}}