{"id":436449,"date":"2023-09-13T11:15:06","date_gmt":"2023-09-13T11:15:06","guid":{"rendered":"https:\/\/grotta.is\/?p=436449"},"modified":"2023-09-13T11:15:10","modified_gmt":"2023-09-13T11:15:10","slug":"grottukonur-enda-i-4-saeti-lengjudeildarinnar-eftir-frabaert-sumar","status":"publish","type":"post","link":"https:\/\/grotta.is\/en\/knattspyrnudeild\/grottukonur-enda-i-4-saeti-lengjudeildarinnar-eftir-frabaert-sumar\/","title":{"rendered":"Gr\u00f3ttukonur enda \u00ed 4. s\u00e6ti Lengjudeildarinnar eftir fr\u00e1b\u00e6rt sumar"},"content":{"rendered":"<p><\/p><p>Gr\u00f3tta m\u00e6tti Fylki \u00e1 Vivaldivellinum laugardaginn 9. september \u00ed hreinum \u00farslitaleik um hvort li\u00f0i\u00f0 myndi komast upp \u00ed Bestu deildina a\u00f0 \u00e1ri. F\u00e1ir h\u00f6f\u00f0u sp\u00e1\u00f0 \u00fev\u00ed fyrir t\u00edmabili\u00f0 a\u00f0 Gr\u00f3tta yr\u00f0i \u00ed \u00feessari st\u00f6\u00f0u, li\u00f0i\u00f0 n\u00fdkomi\u00f0 upp \u00far 2. deild eftir stutt stopp \u00fear s\u00ed\u00f0asta sumar, en li\u00f0i\u00f0 s\u00fdndi svo sannarlega \u00ed sumar hva\u00f0 \u00ed \u00feeim b\u00fdr. Gr\u00f3tta komst yfir gegn Fylki \u00e1 &#8217;23 m\u00edn\u00fatu me\u00f0 fr\u00e1b\u00e6ru skallamarki fr\u00e1 hinni 15 \u00e1ra Arnfr\u00ed\u00f0i Au\u00f0i Arnarsd\u00f3ttur, betur \u00feekktri sem Auf\u00ed. Fylki t\u00f3kst a\u00f0 jafna metin \u00e1 &#8217;54 m\u00edn\u00fatu og stuttu s\u00ed\u00f0ar skoru\u00f0u \u00fe\u00e6r sitt anna\u00f0 mark. Gr\u00f3tta jafna\u00f0i metin \u00e1 &#8217;73 m\u00edn\u00fatu eftir a\u00f0 hin 14 \u00e1ra Rebekka Sif Brynjarsd\u00f3ttir l\u00e9t va\u00f0a fyrir utan teig og skora\u00f0i geggja\u00f0 mark fyrir Gr\u00f3ttu en h\u00fan var a\u00f0eins b\u00fain a\u00f0 vera inn\u00e1 \u00ed nokkrar m\u00edn\u00fatur \u00feegar h\u00fan skora\u00f0i. \u00dev\u00ed mi\u00f0ur t\u00f3kst&nbsp;Fylkiskonum&nbsp;a\u00f0 komast yfir \u00e1 n\u00fd \u00e1 &#8217;84 m\u00edn\u00fatu og enda\u00f0i leikurinn 2-3 fyrir Fylki sem trygg\u00f0u s\u00e9r \u00fear me\u00f0 s\u00e6ti \u00ed Bestu deildinni a\u00f0 \u00e1ri. Leikurinn var gr\u00ed\u00f0arlega spennandi og var fr\u00e1b\u00e6r m\u00e6ting \u00e1 v\u00f6llinn. Umgj\u00f6r\u00f0in \u00ed kringum leikinn var fyrsta flokks og st\u00f3\u00f0u sj\u00e1lfbo\u00f0ali\u00f0ar Gr\u00f3ttu \u00ed str\u00f6ngu til a\u00f0 gera hana sem allra flottasta, eins og&nbsp;s\u00e1st&nbsp;vel.&nbsp;Gr\u00f3ttukonur&nbsp;mega&nbsp;svo sannarlega ganga&nbsp;stoltar&nbsp;fr\u00e1 bor\u00f0i eftir fr\u00e1b\u00e6rt sumar \u00fear sem \u00fe\u00e6r n\u00e1\u00f0u besta \u00e1rangri kvennali\u00f0s Gr\u00f3ttu fr\u00e1 upphafi. \u00der\u00e1tt fyrir tapi\u00f0 \u00e1 laugardaginn er h\u00e6gt a\u00f0 fagna m\u00f6rgu &#8211; \u00ed leiknum skoru\u00f0u tv\u00e6r ungar og efnilegar&nbsp;Gr\u00f3ttukonur&nbsp;sem eiga framt\u00ed\u00f0ina fyrir s\u00e9r, li\u00f0i\u00f0 hefur aldrei&nbsp;enda\u00f0&nbsp;jafn ofarlega \u00ed&nbsp;Lengjudeildinni&nbsp;og fengi\u00f0 jafn m\u00f6rg stig n\u00e9 skora\u00f0 jafn m\u00f6rg m\u00f6rk og \u00ed \u00e1r og aldrei hefur veri\u00f0 jafn vel m\u00e6tt \u00e1 leik hj\u00e1 kvennali\u00f0inu l\u00edkt og \u00e1 laugardaginn. \u00dea\u00f0 m\u00e1 einnig nefna \u00fea\u00f0 a\u00f0 Gr\u00f3tta \u00e1tti markah\u00e6sta leikmann&nbsp;Lengjudeildarinnar, en Hannah Abraham skora\u00f0i 16 m\u00f6rk fyrir Gr\u00f3ttu \u00ed sumar og er markah\u00e6sti leikma\u00f0ur&nbsp;Lengjudeildarinnar!<\/p><p>Meistaraflokkur kvenna \u00feakkar fyrir stu\u00f0ninginn \u00ed sumar og hlakkar til a\u00f0 sj\u00e1 sem flesta \u00e1 vellinum \u00ed&nbsp;Lengjudeildinni&nbsp;\u00e1 n\u00e6sta \u00e1ri.<\/p><p>Mynd: Eyj\u00f3lfur Gar\u00f0arsson<\/p><figure class=\"wp-block-image size-full\"><img fetchpriority=\"high\" decoding=\"async\" width=\"955\" height=\"955\" src=\"https:\/\/grotta.is\/wp-content\/uploads\/2023\/09\/4.-saeti-lengjudeildin.jpg\" alt=\"\" class=\"wp-image-436450\" srcset=\"https:\/\/grotta.is\/wp-content\/uploads\/2023\/09\/4.-saeti-lengjudeildin.jpg 955w, https:\/\/grotta.is\/wp-content\/uploads\/2023\/09\/4.-saeti-lengjudeildin-300x300.jpg 300w, https:\/\/grotta.is\/wp-content\/uploads\/2023\/09\/4.-saeti-lengjudeildin-150x150.jpg 150w, https:\/\/grotta.is\/wp-content\/uploads\/2023\/09\/4.-saeti-lengjudeildin-768x768.jpg 768w, https:\/\/grotta.is\/wp-content\/uploads\/2023\/09\/4.-saeti-lengjudeildin-12x12.jpg 12w, https:\/\/grotta.is\/wp-content\/uploads\/2023\/09\/4.-saeti-lengjudeildin-500x500.jpg 500w, https:\/\/grotta.is\/wp-content\/uploads\/2023\/09\/4.-saeti-lengjudeildin-600x600.jpg 600w, https:\/\/grotta.is\/wp-content\/uploads\/2023\/09\/4.-saeti-lengjudeildin-100x100.jpg 100w\" sizes=\"(max-width: 955px) 100vw, 955px\" \/><\/figure>","protected":false},"excerpt":{"rendered":"<p>Gr\u00f3tta m\u00e6tti Fylki \u00e1 Vivaldivellinum laugardaginn 9. september \u00ed hreinum \u00farslitaleik um hvort li\u00f0i\u00f0 myndi komast upp \u00ed Bestu deildina a\u00f0 \u00e1ri. F\u00e1ir h\u00f6f\u00f0u sp\u00e1\u00f0 \u00fev\u00ed fyrir t\u00edmabili\u00f0 a\u00f0 Gr\u00f3tta [&hellip;]<\/p>","protected":false},"author":4,"featured_media":436450,"comment_status":"closed","ping_status":"closed","sticky":false,"template":"","format":"standard","meta":{"footnotes":""},"categories":[7],"tags":[6,18],"class_list":["post-436449","post","type-post","status-publish","format-standard","has-post-thumbnail","hentry","category-knattspyrnudeild","tag-knattspyrna","tag-mfl-kvk"],"yoast_head":"<!-- This site is optimized with the Yoast SEO plugin v24.3 - https:\/\/yoast.com\/wordpress\/plugins\/seo\/ -->\n<title>Gr\u00f3ttukonur enda \u00ed 4. s\u00e6ti Lengjudeildarinnar eftir fr\u00e1b\u00e6rt sumar - \u00cd\u00fer\u00f3ttaf\u00e9lagi\u00f0 Gr\u00f3tta<\/title>\n<meta name=\"robots\" content=\"index, follow, max-snippet:-1, max-image-preview:large, max-video-preview:-1\" \/>\n<link rel=\"canonical\" href=\"https:\/\/grotta.is\/en\/knattspyrnudeild\/grottukonur-enda-i-4-saeti-lengjudeildarinnar-eftir-frabaert-sumar\/\" \/>\n<meta property=\"og:locale\" content=\"en_US\" \/>\n<meta property=\"og:type\" content=\"article\" \/>\n<meta property=\"og:title\" content=\"Gr\u00f3ttukonur enda \u00ed 4. s\u00e6ti Lengjudeildarinnar eftir fr\u00e1b\u00e6rt sumar - \u00cd\u00fer\u00f3ttaf\u00e9lagi\u00f0 Gr\u00f3tta\" \/>\n<meta property=\"og:description\" content=\"Gr\u00f3tta m\u00e6tti Fylki \u00e1 Vivaldivellinum laugardaginn 9. september \u00ed hreinum \u00farslitaleik um hvort li\u00f0i\u00f0 myndi komast upp \u00ed Bestu deildina a\u00f0 \u00e1ri. F\u00e1ir h\u00f6f\u00f0u sp\u00e1\u00f0 \u00fev\u00ed fyrir t\u00edmabili\u00f0 a\u00f0 Gr\u00f3tta [&hellip;]\" \/>\n<meta property=\"og:url\" content=\"https:\/\/grotta.is\/en\/knattspyrnudeild\/grottukonur-enda-i-4-saeti-lengjudeildarinnar-eftir-frabaert-sumar\/\" \/>\n<meta property=\"og:site_name\" content=\"\u00cd\u00fer\u00f3ttaf\u00e9lagi\u00f0 Gr\u00f3tta\" \/>\n<meta property=\"article:publisher\" content=\"https:\/\/www.facebook.com\/grottasport\" \/>\n<meta property=\"article:published_time\" content=\"2023-09-13T11:15:06+00:00\" \/>\n<meta property=\"article:modified_time\" content=\"2023-09-13T11:15:10+00:00\" \/>\n<meta property=\"og:image\" content=\"https:\/\/grotta.is\/wp-content\/uploads\/2023\/09\/4.-saeti-lengjudeildin.jpg\" \/>\n\t<meta property=\"og:image:width\" content=\"955\" \/>\n\t<meta property=\"og:image:height\" content=\"955\" \/>\n\t<meta property=\"og:image:type\" content=\"image\/jpeg\" \/>\n<meta name=\"author\" content=\"J\u00f3runn M. \u00deorsteinsd\u00f3ttir\" \/>\n<meta name=\"twitter:card\" content=\"summary_large_image\" \/>\n<meta name=\"twitter:label1\" content=\"Written by\" \/>\n\t<meta name=\"twitter:data1\" content=\"J\u00f3runn M. \u00deorsteinsd\u00f3ttir\" \/>\n\t<meta name=\"twitter:label2\" content=\"Est. reading time\" \/>\n\t<meta name=\"twitter:data2\" content=\"2 minutes\" \/>\n<script type=\"application\/ld+json\" class=\"yoast-schema-graph\">{\"@context\":\"https:\/\/schema.org\",\"@graph\":[{\"@type\":\"Article\",\"@id\":\"https:\/\/grotta.is\/knattspyrnudeild\/grottukonur-enda-i-4-saeti-lengjudeildarinnar-eftir-frabaert-sumar\/#article\",\"isPartOf\":{\"@id\":\"https:\/\/grotta.is\/knattspyrnudeild\/grottukonur-enda-i-4-saeti-lengjudeildarinnar-eftir-frabaert-sumar\/\"},\"author\":{\"name\":\"J\u00f3runn M. \u00deorsteinsd\u00f3ttir\",\"@id\":\"https:\/\/grotta.is\/#\/schema\/person\/f1fea6a85a554e8069771c3486efbd84\"},\"headline\":\"Gr\u00f3ttukonur enda \u00ed 4. s\u00e6ti Lengjudeildarinnar eftir fr\u00e1b\u00e6rt sumar\",\"datePublished\":\"2023-09-13T11:15:06+00:00\",\"dateModified\":\"2023-09-13T11:15:10+00:00\",\"mainEntityOfPage\":{\"@id\":\"https:\/\/grotta.is\/knattspyrnudeild\/grottukonur-enda-i-4-saeti-lengjudeildarinnar-eftir-frabaert-sumar\/\"},\"wordCount\":422,\"publisher\":{\"@id\":\"https:\/\/grotta.is\/#organization\"},\"image\":{\"@id\":\"https:\/\/grotta.is\/knattspyrnudeild\/grottukonur-enda-i-4-saeti-lengjudeildarinnar-eftir-frabaert-sumar\/#primaryimage\"},\"thumbnailUrl\":\"https:\/\/grotta.is\/wp-content\/uploads\/2023\/09\/4.-saeti-lengjudeildin.jpg\",\"keywords\":[\"Knattspyrna\",\"Mfl.kvk\"],\"articleSection\":[\"Knattspyrnudeild\"],\"inLanguage\":\"en-US\"},{\"@type\":\"WebPage\",\"@id\":\"https:\/\/grotta.is\/knattspyrnudeild\/grottukonur-enda-i-4-saeti-lengjudeildarinnar-eftir-frabaert-sumar\/\",\"url\":\"https:\/\/grotta.is\/knattspyrnudeild\/grottukonur-enda-i-4-saeti-lengjudeildarinnar-eftir-frabaert-sumar\/\",\"name\":\"Gr\u00f3ttukonur enda \u00ed 4. s\u00e6ti Lengjudeildarinnar eftir fr\u00e1b\u00e6rt sumar - \u00cd\u00fer\u00f3ttaf\u00e9lagi\u00f0 Gr\u00f3tta\",\"isPartOf\":{\"@id\":\"https:\/\/grotta.is\/#website\"},\"primaryImageOfPage\":{\"@id\":\"https:\/\/grotta.is\/knattspyrnudeild\/grottukonur-enda-i-4-saeti-lengjudeildarinnar-eftir-frabaert-sumar\/#primaryimage\"},\"image\":{\"@id\":\"https:\/\/grotta.is\/knattspyrnudeild\/grottukonur-enda-i-4-saeti-lengjudeildarinnar-eftir-frabaert-sumar\/#primaryimage\"},\"thumbnailUrl\":\"https:\/\/grotta.is\/wp-content\/uploads\/2023\/09\/4.-saeti-lengjudeildin.jpg\",\"datePublished\":\"2023-09-13T11:15:06+00:00\",\"dateModified\":\"2023-09-13T11:15:10+00:00\",\"breadcrumb\":{\"@id\":\"https:\/\/grotta.is\/knattspyrnudeild\/grottukonur-enda-i-4-saeti-lengjudeildarinnar-eftir-frabaert-sumar\/#breadcrumb\"},\"inLanguage\":\"en-US\",\"potentialAction\":[{\"@type\":\"ReadAction\",\"target\":[\"https:\/\/grotta.is\/knattspyrnudeild\/grottukonur-enda-i-4-saeti-lengjudeildarinnar-eftir-frabaert-sumar\/\"]}]},{\"@type\":\"ImageObject\",\"inLanguage\":\"en-US\",\"@id\":\"https:\/\/grotta.is\/knattspyrnudeild\/grottukonur-enda-i-4-saeti-lengjudeildarinnar-eftir-frabaert-sumar\/#primaryimage\",\"url\":\"https:\/\/grotta.is\/wp-content\/uploads\/2023\/09\/4.-saeti-lengjudeildin.jpg\",\"contentUrl\":\"https:\/\/grotta.is\/wp-content\/uploads\/2023\/09\/4.-saeti-lengjudeildin.jpg\",\"width\":955,\"height\":955},{\"@type\":\"BreadcrumbList\",\"@id\":\"https:\/\/grotta.is\/knattspyrnudeild\/grottukonur-enda-i-4-saeti-lengjudeildarinnar-eftir-frabaert-sumar\/#breadcrumb\",\"itemListElement\":[{\"@type\":\"ListItem\",\"position\":1,\"name\":\"Home\",\"item\":\"https:\/\/grotta.is\/\"},{\"@type\":\"ListItem\",\"position\":2,\"name\":\"Gr\u00f3ttukonur enda \u00ed 4. s\u00e6ti Lengjudeildarinnar eftir fr\u00e1b\u00e6rt sumar\"}]},{\"@type\":\"WebSite\",\"@id\":\"https:\/\/grotta.is\/#website\",\"url\":\"https:\/\/grotta.is\/\",\"name\":\"\u00cd\u00fer\u00f3ttaf\u00e9lagi\u00f0 Gr\u00f3tta\",\"description\":\"\u00e1 Seltjarnarnesi\",\"publisher\":{\"@id\":\"https:\/\/grotta.is\/#organization\"},\"potentialAction\":[{\"@type\":\"SearchAction\",\"target\":{\"@type\":\"EntryPoint\",\"urlTemplate\":\"https:\/\/grotta.is\/?s={search_term_string}\"},\"query-input\":{\"@type\":\"PropertyValueSpecification\",\"valueRequired\":true,\"valueName\":\"search_term_string\"}}],\"inLanguage\":\"en-US\"},{\"@type\":\"Organization\",\"@id\":\"https:\/\/grotta.is\/#organization\",\"name\":\"\u00cd\u00fer\u00f3ttaf\u00e9lagi\u00f0 Gr\u00f3tta\",\"url\":\"https:\/\/grotta.is\/\",\"logo\":{\"@type\":\"ImageObject\",\"inLanguage\":\"en-US\",\"@id\":\"https:\/\/grotta.is\/#\/schema\/logo\/image\/\",\"url\":\"https:\/\/grotta.is\/wp-content\/uploads\/2020\/02\/ithrottafelagidgrotta_logo_512x512_transparent.png\",\"contentUrl\":\"https:\/\/grotta.is\/wp-content\/uploads\/2020\/02\/ithrottafelagidgrotta_logo_512x512_transparent.png\",\"width\":512,\"height\":512,\"caption\":\"\u00cd\u00fer\u00f3ttaf\u00e9lagi\u00f0 Gr\u00f3tta\"},\"image\":{\"@id\":\"https:\/\/grotta.is\/#\/schema\/logo\/image\/\"},\"sameAs\":[\"https:\/\/www.facebook.com\/grottasport\"]},{\"@type\":\"Person\",\"@id\":\"https:\/\/grotta.is\/#\/schema\/person\/f1fea6a85a554e8069771c3486efbd84\",\"name\":\"J\u00f3runn M. \u00deorsteinsd\u00f3ttir\",\"url\":\"https:\/\/grotta.is\/en\/author\/jorunn\/\"}]}<\/script>\n<!-- \/ Yoast SEO plugin. -->","yoast_head_json":{"title":"Gr\u00f3ttukonur enda \u00ed 4. s\u00e6ti Lengjudeildarinnar eftir fr\u00e1b\u00e6rt sumar - \u00cd\u00fer\u00f3ttaf\u00e9lagi\u00f0 Gr\u00f3tta","robots":{"index":"index","follow":"follow","max-snippet":"max-snippet:-1","max-image-preview":"max-image-preview:large","max-video-preview":"max-video-preview:-1"},"canonical":"https:\/\/grotta.is\/en\/knattspyrnudeild\/grottukonur-enda-i-4-saeti-lengjudeildarinnar-eftir-frabaert-sumar\/","og_locale":"en_US","og_type":"article","og_title":"Gr\u00f3ttukonur enda \u00ed 4. s\u00e6ti Lengjudeildarinnar eftir fr\u00e1b\u00e6rt sumar - \u00cd\u00fer\u00f3ttaf\u00e9lagi\u00f0 Gr\u00f3tta","og_description":"Gr\u00f3tta m\u00e6tti Fylki \u00e1 Vivaldivellinum laugardaginn 9. september \u00ed hreinum \u00farslitaleik um hvort li\u00f0i\u00f0 myndi komast upp \u00ed Bestu deildina a\u00f0 \u00e1ri. F\u00e1ir h\u00f6f\u00f0u sp\u00e1\u00f0 \u00fev\u00ed fyrir t\u00edmabili\u00f0 a\u00f0 Gr\u00f3tta [&hellip;]","og_url":"https:\/\/grotta.is\/en\/knattspyrnudeild\/grottukonur-enda-i-4-saeti-lengjudeildarinnar-eftir-frabaert-sumar\/","og_site_name":"\u00cd\u00fer\u00f3ttaf\u00e9lagi\u00f0 Gr\u00f3tta","article_publisher":"https:\/\/www.facebook.com\/grottasport","article_published_time":"2023-09-13T11:15:06+00:00","article_modified_time":"2023-09-13T11:15:10+00:00","og_image":[{"width":955,"height":955,"url":"https:\/\/grotta.is\/wp-content\/uploads\/2023\/09\/4.-saeti-lengjudeildin.jpg","type":"image\/jpeg"}],"author":"J\u00f3runn M. \u00deorsteinsd\u00f3ttir","twitter_card":"summary_large_image","twitter_misc":{"Written by":"J\u00f3runn M. \u00deorsteinsd\u00f3ttir","Est. reading time":"2 minutes"},"schema":{"@context":"https:\/\/schema.org","@graph":[{"@type":"Article","@id":"https:\/\/grotta.is\/knattspyrnudeild\/grottukonur-enda-i-4-saeti-lengjudeildarinnar-eftir-frabaert-sumar\/#article","isPartOf":{"@id":"https:\/\/grotta.is\/knattspyrnudeild\/grottukonur-enda-i-4-saeti-lengjudeildarinnar-eftir-frabaert-sumar\/"},"author":{"name":"J\u00f3runn M. \u00deorsteinsd\u00f3ttir","@id":"https:\/\/grotta.is\/#\/schema\/person\/f1fea6a85a554e8069771c3486efbd84"},"headline":"Gr\u00f3ttukonur enda \u00ed 4. s\u00e6ti Lengjudeildarinnar eftir fr\u00e1b\u00e6rt sumar","datePublished":"2023-09-13T11:15:06+00:00","dateModified":"2023-09-13T11:15:10+00:00","mainEntityOfPage":{"@id":"https:\/\/grotta.is\/knattspyrnudeild\/grottukonur-enda-i-4-saeti-lengjudeildarinnar-eftir-frabaert-sumar\/"},"wordCount":422,"publisher":{"@id":"https:\/\/grotta.is\/#organization"},"image":{"@id":"https:\/\/grotta.is\/knattspyrnudeild\/grottukonur-enda-i-4-saeti-lengjudeildarinnar-eftir-frabaert-sumar\/#primaryimage"},"thumbnailUrl":"https:\/\/grotta.is\/wp-content\/uploads\/2023\/09\/4.-saeti-lengjudeildin.jpg","keywords":["Knattspyrna","Mfl.kvk"],"articleSection":["Knattspyrnudeild"],"inLanguage":"en-US"},{"@type":"WebPage","@id":"https:\/\/grotta.is\/knattspyrnudeild\/grottukonur-enda-i-4-saeti-lengjudeildarinnar-eftir-frabaert-sumar\/","url":"https:\/\/grotta.is\/knattspyrnudeild\/grottukonur-enda-i-4-saeti-lengjudeildarinnar-eftir-frabaert-sumar\/","name":"Gr\u00f3ttukonur enda \u00ed 4. s\u00e6ti Lengjudeildarinnar eftir fr\u00e1b\u00e6rt sumar - \u00cd\u00fer\u00f3ttaf\u00e9lagi\u00f0 Gr\u00f3tta","isPartOf":{"@id":"https:\/\/grotta.is\/#website"},"primaryImageOfPage":{"@id":"https:\/\/grotta.is\/knattspyrnudeild\/grottukonur-enda-i-4-saeti-lengjudeildarinnar-eftir-frabaert-sumar\/#primaryimage"},"image":{"@id":"https:\/\/grotta.is\/knattspyrnudeild\/grottukonur-enda-i-4-saeti-lengjudeildarinnar-eftir-frabaert-sumar\/#primaryimage"},"thumbnailUrl":"https:\/\/grotta.is\/wp-content\/uploads\/2023\/09\/4.-saeti-lengjudeildin.jpg","datePublished":"2023-09-13T11:15:06+00:00","dateModified":"2023-09-13T11:15:10+00:00","breadcrumb":{"@id":"https:\/\/grotta.is\/knattspyrnudeild\/grottukonur-enda-i-4-saeti-lengjudeildarinnar-eftir-frabaert-sumar\/#breadcrumb"},"inLanguage":"en-US","potentialAction":[{"@type":"ReadAction","target":["https:\/\/grotta.is\/knattspyrnudeild\/grottukonur-enda-i-4-saeti-lengjudeildarinnar-eftir-frabaert-sumar\/"]}]},{"@type":"ImageObject","inLanguage":"en-US","@id":"https:\/\/grotta.is\/knattspyrnudeild\/grottukonur-enda-i-4-saeti-lengjudeildarinnar-eftir-frabaert-sumar\/#primaryimage","url":"https:\/\/grotta.is\/wp-content\/uploads\/2023\/09\/4.-saeti-lengjudeildin.jpg","contentUrl":"https:\/\/grotta.is\/wp-content\/uploads\/2023\/09\/4.-saeti-lengjudeildin.jpg","width":955,"height":955},{"@type":"BreadcrumbList","@id":"https:\/\/grotta.is\/knattspyrnudeild\/grottukonur-enda-i-4-saeti-lengjudeildarinnar-eftir-frabaert-sumar\/#breadcrumb","itemListElement":[{"@type":"ListItem","position":1,"name":"Home","item":"https:\/\/grotta.is\/"},{"@type":"ListItem","position":2,"name":"Gr\u00f3ttukonur enda \u00ed 4. s\u00e6ti Lengjudeildarinnar eftir fr\u00e1b\u00e6rt sumar"}]},{"@type":"WebSite","@id":"https:\/\/grotta.is\/#website","url":"https:\/\/grotta.is\/","name":"\u00cd\u00fer\u00f3ttaf\u00e9lagi\u00f0 Gr\u00f3tta","description":"\u00e1 Seltjarnarnesi","publisher":{"@id":"https:\/\/grotta.is\/#organization"},"potentialAction":[{"@type":"SearchAction","target":{"@type":"EntryPoint","urlTemplate":"https:\/\/grotta.is\/?s={search_term_string}"},"query-input":{"@type":"PropertyValueSpecification","valueRequired":true,"valueName":"search_term_string"}}],"inLanguage":"en-US"},{"@type":"Organization","@id":"https:\/\/grotta.is\/#organization","name":"\u00cd\u00fer\u00f3ttaf\u00e9lagi\u00f0 Gr\u00f3tta","url":"https:\/\/grotta.is\/","logo":{"@type":"ImageObject","inLanguage":"en-US","@id":"https:\/\/grotta.is\/#\/schema\/logo\/image\/","url":"https:\/\/grotta.is\/wp-content\/uploads\/2020\/02\/ithrottafelagidgrotta_logo_512x512_transparent.png","contentUrl":"https:\/\/grotta.is\/wp-content\/uploads\/2020\/02\/ithrottafelagidgrotta_logo_512x512_transparent.png","width":512,"height":512,"caption":"\u00cd\u00fer\u00f3ttaf\u00e9lagi\u00f0 Gr\u00f3tta"},"image":{"@id":"https:\/\/grotta.is\/#\/schema\/logo\/image\/"},"sameAs":["https:\/\/www.facebook.com\/grottasport"]},{"@type":"Person","@id":"https:\/\/grotta.is\/#\/schema\/person\/f1fea6a85a554e8069771c3486efbd84","name":"J\u00f3runn M. \u00deorsteinsd\u00f3ttir","url":"https:\/\/grotta.is\/en\/author\/jorunn\/"}]}},"_links":{"self":[{"href":"https:\/\/grotta.is\/en\/wp-json\/wp\/v2\/posts\/436449","targetHints":{"allow":["GET"]}}],"collection":[{"href":"https:\/\/grotta.is\/en\/wp-json\/wp\/v2\/posts"}],"about":[{"href":"https:\/\/grotta.is\/en\/wp-json\/wp\/v2\/types\/post"}],"author":[{"embeddable":true,"href":"https:\/\/grotta.is\/en\/wp-json\/wp\/v2\/users\/4"}],"replies":[{"embeddable":true,"href":"https:\/\/grotta.is\/en\/wp-json\/wp\/v2\/comments?post=436449"}],"version-history":[{"count":1,"href":"https:\/\/grotta.is\/en\/wp-json\/wp\/v2\/posts\/436449\/revisions"}],"predecessor-version":[{"id":436451,"href":"https:\/\/grotta.is\/en\/wp-json\/wp\/v2\/posts\/436449\/revisions\/436451"}],"wp:featuredmedia":[{"embeddable":true,"href":"https:\/\/grotta.is\/en\/wp-json\/wp\/v2\/media\/436450"}],"wp:attachment":[{"href":"https:\/\/grotta.is\/en\/wp-json\/wp\/v2\/media?parent=436449"}],"wp:term":[{"taxonomy":"category","embeddable":true,"href":"https:\/\/grotta.is\/en\/wp-json\/wp\/v2\/categories?post=436449"},{"taxonomy":"post_tag","embeddable":true,"href":"https:\/\/grotta.is\/en\/wp-json\/wp\/v2\/tags?post=436449"}],"curies":[{"name":"wp","href":"https:\/\/api.w.org\/{rel}","templated":true}]}}