{"id":434225,"date":"2023-08-30T16:55:03","date_gmt":"2023-08-30T16:55:03","guid":{"rendered":"https:\/\/grotta.is\/?p=434225"},"modified":"2023-09-01T14:55:19","modified_gmt":"2023-09-01T14:55:19","slug":"aefingar-9-flokks-ad-hefjast","status":"publish","type":"post","link":"https:\/\/grotta.is\/en\/handknattleiksdeild\/aefingar-9-flokks-ad-hefjast\/","title":{"rendered":"\u00c6fingar 9.flokks a\u00f0 hefjast"},"content":{"rendered":"<p>Handknattleiksdeild Gr\u00f3ttu er a\u00f0 hefja aftur \u00e6fingar fyrir krakka \u00e1 leiksk\u00f3laaldri f\u00e6dda 2018 og 2019. \u00c6fingarnar eru \u00e1 laugard\u00f6gum kl. 09:20-10:10 og fara fram \u00ed litla salnum \u00ed \u00ed\u00fer\u00f3ttah\u00fasinu. \u00dej\u00e1lfari flokksins er Ingi \u00de\u00f3r \u00d3lafson \u00e1samt a\u00f0sto\u00f0ar\u00fej\u00e1lfurum.<\/p><p>\u00dearna gefst kr\u00f6kkum \u00e1 leiksk\u00f3laaldri a\u00f0 kynnast handbolta me\u00f0 reglubundnum \u00e6fingum einu sinni \u00ed viku. L\u00f6g\u00f0 ver\u00f0ur \u00e1hersla \u00e1 skemmtilega leiki me\u00f0 og \u00e1n bolta og grunnatri\u00f0i handbolta kennd me\u00f0 fj\u00f6lbreyttri hreyfingu. Fyrsta <a><\/a>\u00e6fing ver\u00f0ur 2.september. Vi\u00f0 hvetjum alla til pr\u00f3fa.<\/p><p>Skr\u00e1ning fer fram \u00ed Sportabler <a href=\"http:\/\/sportabler.com\/shop\/grotta\/handbolti?fbclid=IwAR07irEdU9LAM9md1ccg62h_7fU5rN8T8qP7PjCtx9TMbQ0L3bBK-qDZjS0\" rel=\"noreferrer noopener\" target=\"_blank\">sportabler.com\/shop\/grotta\/handbolti<\/a> og er ver\u00f0i\u00f0 fyrir haust\u00f6nnina 23.400 kr. H\u00e6gt er a\u00f0 n\u00e1lgast frekari uppl\u00fdsingar \u00e1 netfangi\u00f0 magnuskarl@grotta.is.<\/p>","protected":false},"excerpt":{"rendered":"<p>Handknattleiksdeild Gr\u00f3ttu er a\u00f0 hefja aftur \u00e6fingar fyrir krakka \u00e1 leiksk\u00f3laaldri f\u00e6dda 2018 og 2019. \u00c6fingarnar eru \u00e1 laugard\u00f6gum kl. 09:20-10:10 og fara fram \u00ed litla salnum \u00ed \u00ed\u00fer\u00f3ttah\u00fasinu. \u00dej\u00e1lfari [&hellip;]<\/p>","protected":false},"author":10,"featured_media":434226,"comment_status":"closed","ping_status":"closed","sticky":false,"template":"","format":"standard","meta":{"footnotes":""},"categories":[12],"tags":[13,15],"class_list":["post-434225","post","type-post","status-publish","format-standard","has-post-thumbnail","hentry","category-handknattleiksdeild","tag-handbolti","tag-yngri-flokkar"],"yoast_head":"<!-- This site is optimized with the Yoast SEO plugin v24.3 - https:\/\/yoast.com\/wordpress\/plugins\/seo\/ -->\n<title>\u00c6fingar 9.flokks a\u00f0 hefjast - \u00cd\u00fer\u00f3ttaf\u00e9lagi\u00f0 Gr\u00f3tta<\/title>\n<meta name=\"robots\" content=\"index, follow, max-snippet:-1, max-image-preview:large, max-video-preview:-1\" \/>\n<link rel=\"canonical\" href=\"https:\/\/grotta.is\/en\/handknattleiksdeild\/aefingar-9-flokks-ad-hefjast\/\" \/>\n<meta property=\"og:locale\" content=\"en_US\" \/>\n<meta property=\"og:type\" content=\"article\" \/>\n<meta property=\"og:title\" content=\"\u00c6fingar 9.flokks a\u00f0 hefjast - \u00cd\u00fer\u00f3ttaf\u00e9lagi\u00f0 Gr\u00f3tta\" \/>\n<meta property=\"og:description\" content=\"Handknattleiksdeild Gr\u00f3ttu er a\u00f0 hefja aftur \u00e6fingar fyrir krakka \u00e1 leiksk\u00f3laaldri f\u00e6dda 2018 og 2019. \u00c6fingarnar eru \u00e1 laugard\u00f6gum kl. 09:20-10:10 og fara fram \u00ed litla salnum \u00ed \u00ed\u00fer\u00f3ttah\u00fasinu. \u00dej\u00e1lfari [&hellip;]\" \/>\n<meta property=\"og:url\" content=\"https:\/\/grotta.is\/en\/handknattleiksdeild\/aefingar-9-flokks-ad-hefjast\/\" \/>\n<meta property=\"og:site_name\" content=\"\u00cd\u00fer\u00f3ttaf\u00e9lagi\u00f0 Gr\u00f3tta\" \/>\n<meta property=\"article:publisher\" content=\"https:\/\/www.facebook.com\/grottasport\" \/>\n<meta property=\"article:published_time\" content=\"2023-08-30T16:55:03+00:00\" \/>\n<meta property=\"article:modified_time\" content=\"2023-09-01T14:55:19+00:00\" \/>\n<meta property=\"og:image\" content=\"https:\/\/grotta.is\/wp-content\/uploads\/2023\/08\/AEfingar-i-9.flokki-1.png\" \/>\n\t<meta property=\"og:image:width\" content=\"1688\" \/>\n\t<meta property=\"og:image:height\" content=\"1080\" \/>\n\t<meta property=\"og:image:type\" content=\"image\/png\" \/>\n<meta name=\"author\" content=\"Andri Sigf\u00fasson\" \/>\n<meta name=\"twitter:card\" content=\"summary_large_image\" \/>\n<meta name=\"twitter:label1\" content=\"Written by\" \/>\n\t<meta name=\"twitter:data1\" content=\"Andri Sigf\u00fasson\" \/>\n\t<meta name=\"twitter:label2\" content=\"Est. reading time\" \/>\n\t<meta name=\"twitter:data2\" content=\"1 minute\" \/>\n<script type=\"application\/ld+json\" class=\"yoast-schema-graph\">{\"@context\":\"https:\/\/schema.org\",\"@graph\":[{\"@type\":\"Article\",\"@id\":\"https:\/\/grotta.is\/handknattleiksdeild\/aefingar-9-flokks-ad-hefjast\/#article\",\"isPartOf\":{\"@id\":\"https:\/\/grotta.is\/handknattleiksdeild\/aefingar-9-flokks-ad-hefjast\/\"},\"author\":{\"name\":\"Andri Sigf\u00fasson\",\"@id\":\"https:\/\/grotta.is\/#\/schema\/person\/b21e9d5dfd92c90211e343e8d7252b1c\"},\"headline\":\"\u00c6fingar 9.flokks a\u00f0 hefjast\",\"datePublished\":\"2023-08-30T16:55:03+00:00\",\"dateModified\":\"2023-09-01T14:55:19+00:00\",\"mainEntityOfPage\":{\"@id\":\"https:\/\/grotta.is\/handknattleiksdeild\/aefingar-9-flokks-ad-hefjast\/\"},\"wordCount\":123,\"publisher\":{\"@id\":\"https:\/\/grotta.is\/#organization\"},\"image\":{\"@id\":\"https:\/\/grotta.is\/handknattleiksdeild\/aefingar-9-flokks-ad-hefjast\/#primaryimage\"},\"thumbnailUrl\":\"https:\/\/grotta.is\/wp-content\/uploads\/2023\/08\/AEfingar-i-9.flokki-1.png\",\"keywords\":[\"Handbolti\",\"Yngri flokkar\"],\"articleSection\":[\"Handknattleiksdeild\"],\"inLanguage\":\"en-US\"},{\"@type\":\"WebPage\",\"@id\":\"https:\/\/grotta.is\/handknattleiksdeild\/aefingar-9-flokks-ad-hefjast\/\",\"url\":\"https:\/\/grotta.is\/handknattleiksdeild\/aefingar-9-flokks-ad-hefjast\/\",\"name\":\"\u00c6fingar 9.flokks a\u00f0 hefjast - \u00cd\u00fer\u00f3ttaf\u00e9lagi\u00f0 Gr\u00f3tta\",\"isPartOf\":{\"@id\":\"https:\/\/grotta.is\/#website\"},\"primaryImageOfPage\":{\"@id\":\"https:\/\/grotta.is\/handknattleiksdeild\/aefingar-9-flokks-ad-hefjast\/#primaryimage\"},\"image\":{\"@id\":\"https:\/\/grotta.is\/handknattleiksdeild\/aefingar-9-flokks-ad-hefjast\/#primaryimage\"},\"thumbnailUrl\":\"https:\/\/grotta.is\/wp-content\/uploads\/2023\/08\/AEfingar-i-9.flokki-1.png\",\"datePublished\":\"2023-08-30T16:55:03+00:00\",\"dateModified\":\"2023-09-01T14:55:19+00:00\",\"breadcrumb\":{\"@id\":\"https:\/\/grotta.is\/handknattleiksdeild\/aefingar-9-flokks-ad-hefjast\/#breadcrumb\"},\"inLanguage\":\"en-US\",\"potentialAction\":[{\"@type\":\"ReadAction\",\"target\":[\"https:\/\/grotta.is\/handknattleiksdeild\/aefingar-9-flokks-ad-hefjast\/\"]}]},{\"@type\":\"ImageObject\",\"inLanguage\":\"en-US\",\"@id\":\"https:\/\/grotta.is\/handknattleiksdeild\/aefingar-9-flokks-ad-hefjast\/#primaryimage\",\"url\":\"https:\/\/grotta.is\/wp-content\/uploads\/2023\/08\/AEfingar-i-9.flokki-1.png\",\"contentUrl\":\"https:\/\/grotta.is\/wp-content\/uploads\/2023\/08\/AEfingar-i-9.flokki-1.png\",\"width\":1688,\"height\":1080},{\"@type\":\"BreadcrumbList\",\"@id\":\"https:\/\/grotta.is\/handknattleiksdeild\/aefingar-9-flokks-ad-hefjast\/#breadcrumb\",\"itemListElement\":[{\"@type\":\"ListItem\",\"position\":1,\"name\":\"Home\",\"item\":\"https:\/\/grotta.is\/\"},{\"@type\":\"ListItem\",\"position\":2,\"name\":\"\u00c6fingar 9.flokks a\u00f0 hefjast\"}]},{\"@type\":\"WebSite\",\"@id\":\"https:\/\/grotta.is\/#website\",\"url\":\"https:\/\/grotta.is\/\",\"name\":\"\u00cd\u00fer\u00f3ttaf\u00e9lagi\u00f0 Gr\u00f3tta\",\"description\":\"\u00e1 Seltjarnarnesi\",\"publisher\":{\"@id\":\"https:\/\/grotta.is\/#organization\"},\"potentialAction\":[{\"@type\":\"SearchAction\",\"target\":{\"@type\":\"EntryPoint\",\"urlTemplate\":\"https:\/\/grotta.is\/?s={search_term_string}\"},\"query-input\":{\"@type\":\"PropertyValueSpecification\",\"valueRequired\":true,\"valueName\":\"search_term_string\"}}],\"inLanguage\":\"en-US\"},{\"@type\":\"Organization\",\"@id\":\"https:\/\/grotta.is\/#organization\",\"name\":\"\u00cd\u00fer\u00f3ttaf\u00e9lagi\u00f0 Gr\u00f3tta\",\"url\":\"https:\/\/grotta.is\/\",\"logo\":{\"@type\":\"ImageObject\",\"inLanguage\":\"en-US\",\"@id\":\"https:\/\/grotta.is\/#\/schema\/logo\/image\/\",\"url\":\"https:\/\/grotta.is\/wp-content\/uploads\/2020\/02\/ithrottafelagidgrotta_logo_512x512_transparent.png\",\"contentUrl\":\"https:\/\/grotta.is\/wp-content\/uploads\/2020\/02\/ithrottafelagidgrotta_logo_512x512_transparent.png\",\"width\":512,\"height\":512,\"caption\":\"\u00cd\u00fer\u00f3ttaf\u00e9lagi\u00f0 Gr\u00f3tta\"},\"image\":{\"@id\":\"https:\/\/grotta.is\/#\/schema\/logo\/image\/\"},\"sameAs\":[\"https:\/\/www.facebook.com\/grottasport\"]},{\"@type\":\"Person\",\"@id\":\"https:\/\/grotta.is\/#\/schema\/person\/b21e9d5dfd92c90211e343e8d7252b1c\",\"name\":\"Andri Sigf\u00fasson\",\"url\":\"https:\/\/grotta.is\/en\/author\/andri\/\"}]}<\/script>\n<!-- \/ Yoast SEO plugin. -->","yoast_head_json":{"title":"\u00c6fingar 9.flokks a\u00f0 hefjast - \u00cd\u00fer\u00f3ttaf\u00e9lagi\u00f0 Gr\u00f3tta","robots":{"index":"index","follow":"follow","max-snippet":"max-snippet:-1","max-image-preview":"max-image-preview:large","max-video-preview":"max-video-preview:-1"},"canonical":"https:\/\/grotta.is\/en\/handknattleiksdeild\/aefingar-9-flokks-ad-hefjast\/","og_locale":"en_US","og_type":"article","og_title":"\u00c6fingar 9.flokks a\u00f0 hefjast - \u00cd\u00fer\u00f3ttaf\u00e9lagi\u00f0 Gr\u00f3tta","og_description":"Handknattleiksdeild Gr\u00f3ttu er a\u00f0 hefja aftur \u00e6fingar fyrir krakka \u00e1 leiksk\u00f3laaldri f\u00e6dda 2018 og 2019. \u00c6fingarnar eru \u00e1 laugard\u00f6gum kl. 09:20-10:10 og fara fram \u00ed litla salnum \u00ed \u00ed\u00fer\u00f3ttah\u00fasinu. \u00dej\u00e1lfari [&hellip;]","og_url":"https:\/\/grotta.is\/en\/handknattleiksdeild\/aefingar-9-flokks-ad-hefjast\/","og_site_name":"\u00cd\u00fer\u00f3ttaf\u00e9lagi\u00f0 Gr\u00f3tta","article_publisher":"https:\/\/www.facebook.com\/grottasport","article_published_time":"2023-08-30T16:55:03+00:00","article_modified_time":"2023-09-01T14:55:19+00:00","og_image":[{"width":1688,"height":1080,"url":"https:\/\/grotta.is\/wp-content\/uploads\/2023\/08\/AEfingar-i-9.flokki-1.png","type":"image\/png"}],"author":"Andri Sigf\u00fasson","twitter_card":"summary_large_image","twitter_misc":{"Written by":"Andri Sigf\u00fasson","Est. reading time":"1 minute"},"schema":{"@context":"https:\/\/schema.org","@graph":[{"@type":"Article","@id":"https:\/\/grotta.is\/handknattleiksdeild\/aefingar-9-flokks-ad-hefjast\/#article","isPartOf":{"@id":"https:\/\/grotta.is\/handknattleiksdeild\/aefingar-9-flokks-ad-hefjast\/"},"author":{"name":"Andri Sigf\u00fasson","@id":"https:\/\/grotta.is\/#\/schema\/person\/b21e9d5dfd92c90211e343e8d7252b1c"},"headline":"\u00c6fingar 9.flokks a\u00f0 hefjast","datePublished":"2023-08-30T16:55:03+00:00","dateModified":"2023-09-01T14:55:19+00:00","mainEntityOfPage":{"@id":"https:\/\/grotta.is\/handknattleiksdeild\/aefingar-9-flokks-ad-hefjast\/"},"wordCount":123,"publisher":{"@id":"https:\/\/grotta.is\/#organization"},"image":{"@id":"https:\/\/grotta.is\/handknattleiksdeild\/aefingar-9-flokks-ad-hefjast\/#primaryimage"},"thumbnailUrl":"https:\/\/grotta.is\/wp-content\/uploads\/2023\/08\/AEfingar-i-9.flokki-1.png","keywords":["Handbolti","Yngri flokkar"],"articleSection":["Handknattleiksdeild"],"inLanguage":"en-US"},{"@type":"WebPage","@id":"https:\/\/grotta.is\/handknattleiksdeild\/aefingar-9-flokks-ad-hefjast\/","url":"https:\/\/grotta.is\/handknattleiksdeild\/aefingar-9-flokks-ad-hefjast\/","name":"\u00c6fingar 9.flokks a\u00f0 hefjast - \u00cd\u00fer\u00f3ttaf\u00e9lagi\u00f0 Gr\u00f3tta","isPartOf":{"@id":"https:\/\/grotta.is\/#website"},"primaryImageOfPage":{"@id":"https:\/\/grotta.is\/handknattleiksdeild\/aefingar-9-flokks-ad-hefjast\/#primaryimage"},"image":{"@id":"https:\/\/grotta.is\/handknattleiksdeild\/aefingar-9-flokks-ad-hefjast\/#primaryimage"},"thumbnailUrl":"https:\/\/grotta.is\/wp-content\/uploads\/2023\/08\/AEfingar-i-9.flokki-1.png","datePublished":"2023-08-30T16:55:03+00:00","dateModified":"2023-09-01T14:55:19+00:00","breadcrumb":{"@id":"https:\/\/grotta.is\/handknattleiksdeild\/aefingar-9-flokks-ad-hefjast\/#breadcrumb"},"inLanguage":"en-US","potentialAction":[{"@type":"ReadAction","target":["https:\/\/grotta.is\/handknattleiksdeild\/aefingar-9-flokks-ad-hefjast\/"]}]},{"@type":"ImageObject","inLanguage":"en-US","@id":"https:\/\/grotta.is\/handknattleiksdeild\/aefingar-9-flokks-ad-hefjast\/#primaryimage","url":"https:\/\/grotta.is\/wp-content\/uploads\/2023\/08\/AEfingar-i-9.flokki-1.png","contentUrl":"https:\/\/grotta.is\/wp-content\/uploads\/2023\/08\/AEfingar-i-9.flokki-1.png","width":1688,"height":1080},{"@type":"BreadcrumbList","@id":"https:\/\/grotta.is\/handknattleiksdeild\/aefingar-9-flokks-ad-hefjast\/#breadcrumb","itemListElement":[{"@type":"ListItem","position":1,"name":"Home","item":"https:\/\/grotta.is\/"},{"@type":"ListItem","position":2,"name":"\u00c6fingar 9.flokks a\u00f0 hefjast"}]},{"@type":"WebSite","@id":"https:\/\/grotta.is\/#website","url":"https:\/\/grotta.is\/","name":"\u00cd\u00fer\u00f3ttaf\u00e9lagi\u00f0 Gr\u00f3tta","description":"\u00e1 Seltjarnarnesi","publisher":{"@id":"https:\/\/grotta.is\/#organization"},"potentialAction":[{"@type":"SearchAction","target":{"@type":"EntryPoint","urlTemplate":"https:\/\/grotta.is\/?s={search_term_string}"},"query-input":{"@type":"PropertyValueSpecification","valueRequired":true,"valueName":"search_term_string"}}],"inLanguage":"en-US"},{"@type":"Organization","@id":"https:\/\/grotta.is\/#organization","name":"\u00cd\u00fer\u00f3ttaf\u00e9lagi\u00f0 Gr\u00f3tta","url":"https:\/\/grotta.is\/","logo":{"@type":"ImageObject","inLanguage":"en-US","@id":"https:\/\/grotta.is\/#\/schema\/logo\/image\/","url":"https:\/\/grotta.is\/wp-content\/uploads\/2020\/02\/ithrottafelagidgrotta_logo_512x512_transparent.png","contentUrl":"https:\/\/grotta.is\/wp-content\/uploads\/2020\/02\/ithrottafelagidgrotta_logo_512x512_transparent.png","width":512,"height":512,"caption":"\u00cd\u00fer\u00f3ttaf\u00e9lagi\u00f0 Gr\u00f3tta"},"image":{"@id":"https:\/\/grotta.is\/#\/schema\/logo\/image\/"},"sameAs":["https:\/\/www.facebook.com\/grottasport"]},{"@type":"Person","@id":"https:\/\/grotta.is\/#\/schema\/person\/b21e9d5dfd92c90211e343e8d7252b1c","name":"Andri Sigf\u00fasson","url":"https:\/\/grotta.is\/en\/author\/andri\/"}]}},"_links":{"self":[{"href":"https:\/\/grotta.is\/en\/wp-json\/wp\/v2\/posts\/434225","targetHints":{"allow":["GET"]}}],"collection":[{"href":"https:\/\/grotta.is\/en\/wp-json\/wp\/v2\/posts"}],"about":[{"href":"https:\/\/grotta.is\/en\/wp-json\/wp\/v2\/types\/post"}],"author":[{"embeddable":true,"href":"https:\/\/grotta.is\/en\/wp-json\/wp\/v2\/users\/10"}],"replies":[{"embeddable":true,"href":"https:\/\/grotta.is\/en\/wp-json\/wp\/v2\/comments?post=434225"}],"version-history":[{"count":2,"href":"https:\/\/grotta.is\/en\/wp-json\/wp\/v2\/posts\/434225\/revisions"}],"predecessor-version":[{"id":434995,"href":"https:\/\/grotta.is\/en\/wp-json\/wp\/v2\/posts\/434225\/revisions\/434995"}],"wp:featuredmedia":[{"embeddable":true,"href":"https:\/\/grotta.is\/en\/wp-json\/wp\/v2\/media\/434226"}],"wp:attachment":[{"href":"https:\/\/grotta.is\/en\/wp-json\/wp\/v2\/media?parent=434225"}],"wp:term":[{"taxonomy":"category","embeddable":true,"href":"https:\/\/grotta.is\/en\/wp-json\/wp\/v2\/categories?post=434225"},{"taxonomy":"post_tag","embeddable":true,"href":"https:\/\/grotta.is\/en\/wp-json\/wp\/v2\/tags?post=434225"}],"curies":[{"name":"wp","href":"https:\/\/api.w.org\/{rel}","templated":true}]}}