{"id":432860,"date":"2023-08-18T10:55:49","date_gmt":"2023-08-18T10:55:49","guid":{"rendered":"https:\/\/grotta.is\/?p=432860"},"modified":"2023-08-18T10:55:52","modified_gmt":"2023-08-18T10:55:52","slug":"katrin-anna-a-em-i-rumeniu","status":"publish","type":"post","link":"https:\/\/grotta.is\/en\/handknattleiksdeild\/katrin-anna-a-em-i-rumeniu\/","title":{"rendered":"Katr\u00edn Anna \u00e1 EM \u00ed R\u00famen\u00edu"},"content":{"rendered":"<p>Sumari\u00f0 var vi\u00f0bur\u00f0ar\u00edkt hj\u00e1 Katr\u00ednu \u00d6nnu \u00c1smundsd\u00f3ttur. \u00cd j\u00fan\u00ed f\u00f3r h\u00fan \u00e1samt U19 \u00e1ra landsli\u00f0inu til F\u00e6reyja og l\u00e9k tvo vin\u00e1ttulandsleiki vi\u00f0 heimakonur. Fyrri leiknum lauk me\u00f0 sigri 29-26 en s\u00ed\u00f0ari leiknum lauk me\u00f0 tapi 25-31. Leikirnir voru mikilv\u00e6gir \u00ed undirb\u00faningi li\u00f0sins fyrir EM \u00ed R\u00famen\u00edu \u00ed j\u00fal\u00ed.<\/p><p>U19 \u00e1ra landsli\u00f0i\u00f0 var \u00ed erfi\u00f0um ri\u00f0li \u00e1 EM. Li\u00f0i\u00f0 bei\u00f0 l\u00e6gri hlut gegn R\u00famen\u00edu, \u00de\u00fdskalandi og Port\u00fagal \u00ed ri\u00f0lakeppninni en var gr\u00e1tlega n\u00e1l\u00e6gt sigri <a><\/a>\u00ed leiknum gegn \u00dej\u00f3\u00f0verjum. \u00cd keppninni um 13. \u2013 24.s\u00e6ti\u00f0 byrja\u00f0i li\u00f0i\u00f0 \u00e1 \u00f3sigri gegn Hollandi en vann s\u00ed\u00f0an alla leikina sem komu \u00ed kj\u00f6lfari\u00f0; gegn Kr\u00f3at\u00edu, Nor\u00f0ur Maked\u00f3n\u00edu og Serb\u00edu og 13.s\u00e6ti\u00f0 sta\u00f0reynd. Katr\u00edn Anna \u00e1tti fr\u00e1b\u00e6rt m\u00f3t og skora\u00f0i 32 m\u00f6rk. H\u00fan var einnig valin ma\u00f0ur leiksins \u00ed leiknum gegn Kr\u00f3at\u00edu.<\/p><p>Me\u00f0 \u00feessum \u00farslitum trygg\u00f0i \u00edslenska li\u00f0i\u00f0 s\u00e9r keppnisr\u00e9tt \u00e1 HM \u00e1 n\u00e6sta \u00e1ri en m\u00f3ti\u00f0 fer fram \u00ed Nor\u00f0ur Maked\u00f3n\u00edu.<\/p><p>Til hamingju Katr\u00edn Anna og til hamingju U19 kvenna og \u00fej\u00e1lfarar !<\/p><p><img fetchpriority=\"high\" decoding=\"async\" width=\"600\" height=\"332\" class=\"wp-image-432864\" style=\"width: 600px;\" src=\"https:\/\/grotta.is\/wp-content\/uploads\/2023\/08\/367483153_845886817061411_3628797156800215906_n.jpg\" alt=\"\" srcset=\"https:\/\/grotta.is\/wp-content\/uploads\/2023\/08\/367483153_845886817061411_3628797156800215906_n.jpg 1170w, https:\/\/grotta.is\/wp-content\/uploads\/2023\/08\/367483153_845886817061411_3628797156800215906_n-300x166.jpg 300w, https:\/\/grotta.is\/wp-content\/uploads\/2023\/08\/367483153_845886817061411_3628797156800215906_n-1024x566.jpg 1024w, https:\/\/grotta.is\/wp-content\/uploads\/2023\/08\/367483153_845886817061411_3628797156800215906_n-768x425.jpg 768w, https:\/\/grotta.is\/wp-content\/uploads\/2023\/08\/367483153_845886817061411_3628797156800215906_n-18x10.jpg 18w, https:\/\/grotta.is\/wp-content\/uploads\/2023\/08\/367483153_845886817061411_3628797156800215906_n-600x332.jpg 600w\" sizes=\"(max-width: 600px) 100vw, 600px\" \/><\/p><p><img decoding=\"async\" width=\"600\" height=\"333\" class=\"wp-image-432861 lazyload\" style=\"--smush-placeholder-width: 600px; --smush-placeholder-aspect-ratio: 600\/333;width: 600px;\" data-src=\"https:\/\/grotta.is\/wp-content\/uploads\/2023\/08\/367456585_845886813728078_6154312576132889012_n.jpg\" alt=\"\" data-srcset=\"https:\/\/grotta.is\/wp-content\/uploads\/2023\/08\/367456585_845886813728078_6154312576132889012_n.jpg 1170w, https:\/\/grotta.is\/wp-content\/uploads\/2023\/08\/367456585_845886813728078_6154312576132889012_n-300x167.jpg 300w, https:\/\/grotta.is\/wp-content\/uploads\/2023\/08\/367456585_845886813728078_6154312576132889012_n-1024x569.jpg 1024w, https:\/\/grotta.is\/wp-content\/uploads\/2023\/08\/367456585_845886813728078_6154312576132889012_n-768x427.jpg 768w, https:\/\/grotta.is\/wp-content\/uploads\/2023\/08\/367456585_845886813728078_6154312576132889012_n-18x10.jpg 18w, https:\/\/grotta.is\/wp-content\/uploads\/2023\/08\/367456585_845886813728078_6154312576132889012_n-600x333.jpg 600w\" data-sizes=\"(max-width: 600px) 100vw, 600px\" src=\"data:image\/gif;base64,R0lGODlhAQABAAAAACH5BAEKAAEALAAAAAABAAEAAAICTAEAOw==\" \/><\/p><p><img decoding=\"async\" width=\"600\" height=\"400\" class=\"wp-image-432862 lazyload\" style=\"--smush-placeholder-width: 600px; --smush-placeholder-aspect-ratio: 600\/400;width: 600px;\" data-src=\"https:\/\/grotta.is\/wp-content\/uploads\/2023\/08\/367456357_845886820394744_1622321248734846746_n.jpg\" alt=\"\" data-srcset=\"https:\/\/grotta.is\/wp-content\/uploads\/2023\/08\/367456357_845886820394744_1622321248734846746_n.jpg 1024w, https:\/\/grotta.is\/wp-content\/uploads\/2023\/08\/367456357_845886820394744_1622321248734846746_n-300x200.jpg 300w, https:\/\/grotta.is\/wp-content\/uploads\/2023\/08\/367456357_845886820394744_1622321248734846746_n-768x512.jpg 768w, https:\/\/grotta.is\/wp-content\/uploads\/2023\/08\/367456357_845886820394744_1622321248734846746_n-18x12.jpg 18w, https:\/\/grotta.is\/wp-content\/uploads\/2023\/08\/367456357_845886820394744_1622321248734846746_n-600x400.jpg 600w\" data-sizes=\"(max-width: 600px) 100vw, 600px\" src=\"data:image\/gif;base64,R0lGODlhAQABAAAAACH5BAEKAAEALAAAAAABAAEAAAICTAEAOw==\" \/><\/p><p>Myndir: EHF og HS\u00cd<\/p><p><\/p>","protected":false},"excerpt":{"rendered":"<p>Sumari\u00f0 var vi\u00f0bur\u00f0ar\u00edkt hj\u00e1 Katr\u00ednu \u00d6nnu \u00c1smundsd\u00f3ttur. \u00cd j\u00fan\u00ed f\u00f3r h\u00fan \u00e1samt U19 \u00e1ra landsli\u00f0inu til F\u00e6reyja og l\u00e9k tvo vin\u00e1ttulandsleiki vi\u00f0 heimakonur. Fyrri leiknum lauk me\u00f0 sigri 29-26 en [&hellip;]<\/p>","protected":false},"author":10,"featured_media":432863,"comment_status":"closed","ping_status":"closed","sticky":false,"template":"","format":"standard","meta":{"footnotes":""},"categories":[12],"tags":[],"class_list":["post-432860","post","type-post","status-publish","format-standard","has-post-thumbnail","hentry","category-handknattleiksdeild"],"yoast_head":"<!-- This site is optimized with the Yoast SEO plugin v24.3 - https:\/\/yoast.com\/wordpress\/plugins\/seo\/ -->\n<title>Katr\u00edn Anna \u00e1 EM \u00ed R\u00famen\u00edu - \u00cd\u00fer\u00f3ttaf\u00e9lagi\u00f0 Gr\u00f3tta<\/title>\n<meta name=\"robots\" content=\"index, follow, max-snippet:-1, max-image-preview:large, max-video-preview:-1\" \/>\n<link rel=\"canonical\" href=\"https:\/\/grotta.is\/en\/handknattleiksdeild\/katrin-anna-a-em-i-rumeniu\/\" \/>\n<meta property=\"og:locale\" content=\"en_US\" \/>\n<meta property=\"og:type\" content=\"article\" \/>\n<meta property=\"og:title\" content=\"Katr\u00edn Anna \u00e1 EM \u00ed R\u00famen\u00edu - \u00cd\u00fer\u00f3ttaf\u00e9lagi\u00f0 Gr\u00f3tta\" \/>\n<meta property=\"og:description\" content=\"Sumari\u00f0 var vi\u00f0bur\u00f0ar\u00edkt hj\u00e1 Katr\u00ednu \u00d6nnu \u00c1smundsd\u00f3ttur. \u00cd j\u00fan\u00ed f\u00f3r h\u00fan \u00e1samt U19 \u00e1ra landsli\u00f0inu til F\u00e6reyja og l\u00e9k tvo vin\u00e1ttulandsleiki vi\u00f0 heimakonur. Fyrri leiknum lauk me\u00f0 sigri 29-26 en [&hellip;]\" \/>\n<meta property=\"og:url\" content=\"https:\/\/grotta.is\/en\/handknattleiksdeild\/katrin-anna-a-em-i-rumeniu\/\" \/>\n<meta property=\"og:site_name\" content=\"\u00cd\u00fer\u00f3ttaf\u00e9lagi\u00f0 Gr\u00f3tta\" \/>\n<meta property=\"article:publisher\" content=\"https:\/\/www.facebook.com\/grottasport\" \/>\n<meta property=\"article:published_time\" content=\"2023-08-18T10:55:49+00:00\" \/>\n<meta property=\"article:modified_time\" content=\"2023-08-18T10:55:52+00:00\" \/>\n<meta property=\"og:image\" content=\"https:\/\/grotta.is\/wp-content\/uploads\/2023\/08\/367471757_845886823728077_324573666502217792_n.jpg\" \/>\n\t<meta property=\"og:image:width\" content=\"1020\" \/>\n\t<meta property=\"og:image:height\" content=\"680\" \/>\n\t<meta property=\"og:image:type\" content=\"image\/jpeg\" \/>\n<meta name=\"author\" content=\"Andri Sigf\u00fasson\" \/>\n<meta name=\"twitter:card\" content=\"summary_large_image\" \/>\n<meta name=\"twitter:label1\" content=\"Written by\" \/>\n\t<meta name=\"twitter:data1\" content=\"Andri Sigf\u00fasson\" \/>\n\t<meta name=\"twitter:label2\" content=\"Est. reading time\" \/>\n\t<meta name=\"twitter:data2\" content=\"2 minutes\" \/>\n<script type=\"application\/ld+json\" class=\"yoast-schema-graph\">{\"@context\":\"https:\/\/schema.org\",\"@graph\":[{\"@type\":\"Article\",\"@id\":\"https:\/\/grotta.is\/handknattleiksdeild\/katrin-anna-a-em-i-rumeniu\/#article\",\"isPartOf\":{\"@id\":\"https:\/\/grotta.is\/handknattleiksdeild\/katrin-anna-a-em-i-rumeniu\/\"},\"author\":{\"name\":\"Andri Sigf\u00fasson\",\"@id\":\"https:\/\/grotta.is\/#\/schema\/person\/b21e9d5dfd92c90211e343e8d7252b1c\"},\"headline\":\"Katr\u00edn Anna \u00e1 EM \u00ed R\u00famen\u00edu\",\"datePublished\":\"2023-08-18T10:55:49+00:00\",\"dateModified\":\"2023-08-18T10:55:52+00:00\",\"mainEntityOfPage\":{\"@id\":\"https:\/\/grotta.is\/handknattleiksdeild\/katrin-anna-a-em-i-rumeniu\/\"},\"wordCount\":216,\"publisher\":{\"@id\":\"https:\/\/grotta.is\/#organization\"},\"image\":{\"@id\":\"https:\/\/grotta.is\/handknattleiksdeild\/katrin-anna-a-em-i-rumeniu\/#primaryimage\"},\"thumbnailUrl\":\"https:\/\/grotta.is\/wp-content\/uploads\/2023\/08\/367471757_845886823728077_324573666502217792_n.jpg\",\"articleSection\":[\"Handknattleiksdeild\"],\"inLanguage\":\"en-US\"},{\"@type\":\"WebPage\",\"@id\":\"https:\/\/grotta.is\/handknattleiksdeild\/katrin-anna-a-em-i-rumeniu\/\",\"url\":\"https:\/\/grotta.is\/handknattleiksdeild\/katrin-anna-a-em-i-rumeniu\/\",\"name\":\"Katr\u00edn Anna \u00e1 EM \u00ed R\u00famen\u00edu - \u00cd\u00fer\u00f3ttaf\u00e9lagi\u00f0 Gr\u00f3tta\",\"isPartOf\":{\"@id\":\"https:\/\/grotta.is\/#website\"},\"primaryImageOfPage\":{\"@id\":\"https:\/\/grotta.is\/handknattleiksdeild\/katrin-anna-a-em-i-rumeniu\/#primaryimage\"},\"image\":{\"@id\":\"https:\/\/grotta.is\/handknattleiksdeild\/katrin-anna-a-em-i-rumeniu\/#primaryimage\"},\"thumbnailUrl\":\"https:\/\/grotta.is\/wp-content\/uploads\/2023\/08\/367471757_845886823728077_324573666502217792_n.jpg\",\"datePublished\":\"2023-08-18T10:55:49+00:00\",\"dateModified\":\"2023-08-18T10:55:52+00:00\",\"breadcrumb\":{\"@id\":\"https:\/\/grotta.is\/handknattleiksdeild\/katrin-anna-a-em-i-rumeniu\/#breadcrumb\"},\"inLanguage\":\"en-US\",\"potentialAction\":[{\"@type\":\"ReadAction\",\"target\":[\"https:\/\/grotta.is\/handknattleiksdeild\/katrin-anna-a-em-i-rumeniu\/\"]}]},{\"@type\":\"ImageObject\",\"inLanguage\":\"en-US\",\"@id\":\"https:\/\/grotta.is\/handknattleiksdeild\/katrin-anna-a-em-i-rumeniu\/#primaryimage\",\"url\":\"https:\/\/grotta.is\/wp-content\/uploads\/2023\/08\/367471757_845886823728077_324573666502217792_n.jpg\",\"contentUrl\":\"https:\/\/grotta.is\/wp-content\/uploads\/2023\/08\/367471757_845886823728077_324573666502217792_n.jpg\",\"width\":1020,\"height\":680},{\"@type\":\"BreadcrumbList\",\"@id\":\"https:\/\/grotta.is\/handknattleiksdeild\/katrin-anna-a-em-i-rumeniu\/#breadcrumb\",\"itemListElement\":[{\"@type\":\"ListItem\",\"position\":1,\"name\":\"Home\",\"item\":\"https:\/\/grotta.is\/\"},{\"@type\":\"ListItem\",\"position\":2,\"name\":\"Katr\u00edn Anna \u00e1 EM \u00ed R\u00famen\u00edu\"}]},{\"@type\":\"WebSite\",\"@id\":\"https:\/\/grotta.is\/#website\",\"url\":\"https:\/\/grotta.is\/\",\"name\":\"\u00cd\u00fer\u00f3ttaf\u00e9lagi\u00f0 Gr\u00f3tta\",\"description\":\"\u00e1 Seltjarnarnesi\",\"publisher\":{\"@id\":\"https:\/\/grotta.is\/#organization\"},\"potentialAction\":[{\"@type\":\"SearchAction\",\"target\":{\"@type\":\"EntryPoint\",\"urlTemplate\":\"https:\/\/grotta.is\/?s={search_term_string}\"},\"query-input\":{\"@type\":\"PropertyValueSpecification\",\"valueRequired\":true,\"valueName\":\"search_term_string\"}}],\"inLanguage\":\"en-US\"},{\"@type\":\"Organization\",\"@id\":\"https:\/\/grotta.is\/#organization\",\"name\":\"\u00cd\u00fer\u00f3ttaf\u00e9lagi\u00f0 Gr\u00f3tta\",\"url\":\"https:\/\/grotta.is\/\",\"logo\":{\"@type\":\"ImageObject\",\"inLanguage\":\"en-US\",\"@id\":\"https:\/\/grotta.is\/#\/schema\/logo\/image\/\",\"url\":\"https:\/\/grotta.is\/wp-content\/uploads\/2020\/02\/ithrottafelagidgrotta_logo_512x512_transparent.png\",\"contentUrl\":\"https:\/\/grotta.is\/wp-content\/uploads\/2020\/02\/ithrottafelagidgrotta_logo_512x512_transparent.png\",\"width\":512,\"height\":512,\"caption\":\"\u00cd\u00fer\u00f3ttaf\u00e9lagi\u00f0 Gr\u00f3tta\"},\"image\":{\"@id\":\"https:\/\/grotta.is\/#\/schema\/logo\/image\/\"},\"sameAs\":[\"https:\/\/www.facebook.com\/grottasport\"]},{\"@type\":\"Person\",\"@id\":\"https:\/\/grotta.is\/#\/schema\/person\/b21e9d5dfd92c90211e343e8d7252b1c\",\"name\":\"Andri Sigf\u00fasson\",\"url\":\"https:\/\/grotta.is\/en\/author\/andri\/\"}]}<\/script>\n<!-- \/ Yoast SEO plugin. -->","yoast_head_json":{"title":"Katr\u00edn Anna \u00e1 EM \u00ed R\u00famen\u00edu - \u00cd\u00fer\u00f3ttaf\u00e9lagi\u00f0 Gr\u00f3tta","robots":{"index":"index","follow":"follow","max-snippet":"max-snippet:-1","max-image-preview":"max-image-preview:large","max-video-preview":"max-video-preview:-1"},"canonical":"https:\/\/grotta.is\/en\/handknattleiksdeild\/katrin-anna-a-em-i-rumeniu\/","og_locale":"en_US","og_type":"article","og_title":"Katr\u00edn Anna \u00e1 EM \u00ed R\u00famen\u00edu - \u00cd\u00fer\u00f3ttaf\u00e9lagi\u00f0 Gr\u00f3tta","og_description":"Sumari\u00f0 var vi\u00f0bur\u00f0ar\u00edkt hj\u00e1 Katr\u00ednu \u00d6nnu \u00c1smundsd\u00f3ttur. \u00cd j\u00fan\u00ed f\u00f3r h\u00fan \u00e1samt U19 \u00e1ra landsli\u00f0inu til F\u00e6reyja og l\u00e9k tvo vin\u00e1ttulandsleiki vi\u00f0 heimakonur. Fyrri leiknum lauk me\u00f0 sigri 29-26 en [&hellip;]","og_url":"https:\/\/grotta.is\/en\/handknattleiksdeild\/katrin-anna-a-em-i-rumeniu\/","og_site_name":"\u00cd\u00fer\u00f3ttaf\u00e9lagi\u00f0 Gr\u00f3tta","article_publisher":"https:\/\/www.facebook.com\/grottasport","article_published_time":"2023-08-18T10:55:49+00:00","article_modified_time":"2023-08-18T10:55:52+00:00","og_image":[{"width":1020,"height":680,"url":"https:\/\/grotta.is\/wp-content\/uploads\/2023\/08\/367471757_845886823728077_324573666502217792_n.jpg","type":"image\/jpeg"}],"author":"Andri Sigf\u00fasson","twitter_card":"summary_large_image","twitter_misc":{"Written by":"Andri Sigf\u00fasson","Est. reading time":"2 minutes"},"schema":{"@context":"https:\/\/schema.org","@graph":[{"@type":"Article","@id":"https:\/\/grotta.is\/handknattleiksdeild\/katrin-anna-a-em-i-rumeniu\/#article","isPartOf":{"@id":"https:\/\/grotta.is\/handknattleiksdeild\/katrin-anna-a-em-i-rumeniu\/"},"author":{"name":"Andri Sigf\u00fasson","@id":"https:\/\/grotta.is\/#\/schema\/person\/b21e9d5dfd92c90211e343e8d7252b1c"},"headline":"Katr\u00edn Anna \u00e1 EM \u00ed R\u00famen\u00edu","datePublished":"2023-08-18T10:55:49+00:00","dateModified":"2023-08-18T10:55:52+00:00","mainEntityOfPage":{"@id":"https:\/\/grotta.is\/handknattleiksdeild\/katrin-anna-a-em-i-rumeniu\/"},"wordCount":216,"publisher":{"@id":"https:\/\/grotta.is\/#organization"},"image":{"@id":"https:\/\/grotta.is\/handknattleiksdeild\/katrin-anna-a-em-i-rumeniu\/#primaryimage"},"thumbnailUrl":"https:\/\/grotta.is\/wp-content\/uploads\/2023\/08\/367471757_845886823728077_324573666502217792_n.jpg","articleSection":["Handknattleiksdeild"],"inLanguage":"en-US"},{"@type":"WebPage","@id":"https:\/\/grotta.is\/handknattleiksdeild\/katrin-anna-a-em-i-rumeniu\/","url":"https:\/\/grotta.is\/handknattleiksdeild\/katrin-anna-a-em-i-rumeniu\/","name":"Katr\u00edn Anna \u00e1 EM \u00ed R\u00famen\u00edu - \u00cd\u00fer\u00f3ttaf\u00e9lagi\u00f0 Gr\u00f3tta","isPartOf":{"@id":"https:\/\/grotta.is\/#website"},"primaryImageOfPage":{"@id":"https:\/\/grotta.is\/handknattleiksdeild\/katrin-anna-a-em-i-rumeniu\/#primaryimage"},"image":{"@id":"https:\/\/grotta.is\/handknattleiksdeild\/katrin-anna-a-em-i-rumeniu\/#primaryimage"},"thumbnailUrl":"https:\/\/grotta.is\/wp-content\/uploads\/2023\/08\/367471757_845886823728077_324573666502217792_n.jpg","datePublished":"2023-08-18T10:55:49+00:00","dateModified":"2023-08-18T10:55:52+00:00","breadcrumb":{"@id":"https:\/\/grotta.is\/handknattleiksdeild\/katrin-anna-a-em-i-rumeniu\/#breadcrumb"},"inLanguage":"en-US","potentialAction":[{"@type":"ReadAction","target":["https:\/\/grotta.is\/handknattleiksdeild\/katrin-anna-a-em-i-rumeniu\/"]}]},{"@type":"ImageObject","inLanguage":"en-US","@id":"https:\/\/grotta.is\/handknattleiksdeild\/katrin-anna-a-em-i-rumeniu\/#primaryimage","url":"https:\/\/grotta.is\/wp-content\/uploads\/2023\/08\/367471757_845886823728077_324573666502217792_n.jpg","contentUrl":"https:\/\/grotta.is\/wp-content\/uploads\/2023\/08\/367471757_845886823728077_324573666502217792_n.jpg","width":1020,"height":680},{"@type":"BreadcrumbList","@id":"https:\/\/grotta.is\/handknattleiksdeild\/katrin-anna-a-em-i-rumeniu\/#breadcrumb","itemListElement":[{"@type":"ListItem","position":1,"name":"Home","item":"https:\/\/grotta.is\/"},{"@type":"ListItem","position":2,"name":"Katr\u00edn Anna \u00e1 EM \u00ed R\u00famen\u00edu"}]},{"@type":"WebSite","@id":"https:\/\/grotta.is\/#website","url":"https:\/\/grotta.is\/","name":"\u00cd\u00fer\u00f3ttaf\u00e9lagi\u00f0 Gr\u00f3tta","description":"\u00e1 Seltjarnarnesi","publisher":{"@id":"https:\/\/grotta.is\/#organization"},"potentialAction":[{"@type":"SearchAction","target":{"@type":"EntryPoint","urlTemplate":"https:\/\/grotta.is\/?s={search_term_string}"},"query-input":{"@type":"PropertyValueSpecification","valueRequired":true,"valueName":"search_term_string"}}],"inLanguage":"en-US"},{"@type":"Organization","@id":"https:\/\/grotta.is\/#organization","name":"\u00cd\u00fer\u00f3ttaf\u00e9lagi\u00f0 Gr\u00f3tta","url":"https:\/\/grotta.is\/","logo":{"@type":"ImageObject","inLanguage":"en-US","@id":"https:\/\/grotta.is\/#\/schema\/logo\/image\/","url":"https:\/\/grotta.is\/wp-content\/uploads\/2020\/02\/ithrottafelagidgrotta_logo_512x512_transparent.png","contentUrl":"https:\/\/grotta.is\/wp-content\/uploads\/2020\/02\/ithrottafelagidgrotta_logo_512x512_transparent.png","width":512,"height":512,"caption":"\u00cd\u00fer\u00f3ttaf\u00e9lagi\u00f0 Gr\u00f3tta"},"image":{"@id":"https:\/\/grotta.is\/#\/schema\/logo\/image\/"},"sameAs":["https:\/\/www.facebook.com\/grottasport"]},{"@type":"Person","@id":"https:\/\/grotta.is\/#\/schema\/person\/b21e9d5dfd92c90211e343e8d7252b1c","name":"Andri Sigf\u00fasson","url":"https:\/\/grotta.is\/en\/author\/andri\/"}]}},"_links":{"self":[{"href":"https:\/\/grotta.is\/en\/wp-json\/wp\/v2\/posts\/432860","targetHints":{"allow":["GET"]}}],"collection":[{"href":"https:\/\/grotta.is\/en\/wp-json\/wp\/v2\/posts"}],"about":[{"href":"https:\/\/grotta.is\/en\/wp-json\/wp\/v2\/types\/post"}],"author":[{"embeddable":true,"href":"https:\/\/grotta.is\/en\/wp-json\/wp\/v2\/users\/10"}],"replies":[{"embeddable":true,"href":"https:\/\/grotta.is\/en\/wp-json\/wp\/v2\/comments?post=432860"}],"version-history":[{"count":1,"href":"https:\/\/grotta.is\/en\/wp-json\/wp\/v2\/posts\/432860\/revisions"}],"predecessor-version":[{"id":432865,"href":"https:\/\/grotta.is\/en\/wp-json\/wp\/v2\/posts\/432860\/revisions\/432865"}],"wp:featuredmedia":[{"embeddable":true,"href":"https:\/\/grotta.is\/en\/wp-json\/wp\/v2\/media\/432863"}],"wp:attachment":[{"href":"https:\/\/grotta.is\/en\/wp-json\/wp\/v2\/media?parent=432860"}],"wp:term":[{"taxonomy":"category","embeddable":true,"href":"https:\/\/grotta.is\/en\/wp-json\/wp\/v2\/categories?post=432860"},{"taxonomy":"post_tag","embeddable":true,"href":"https:\/\/grotta.is\/en\/wp-json\/wp\/v2\/tags?post=432860"}],"curies":[{"name":"wp","href":"https:\/\/api.w.org\/{rel}","templated":true}]}}