{"id":432849,"date":"2023-08-17T16:54:19","date_gmt":"2023-08-17T16:54:19","guid":{"rendered":"https:\/\/grotta.is\/?p=432849"},"modified":"2023-08-17T16:54:21","modified_gmt":"2023-08-17T16:54:21","slug":"aukadagur-i-handboltaskola-grottu","status":"publish","type":"post","link":"https:\/\/grotta.is\/en\/handknattleiksdeild\/aukadagur-i-handboltaskola-grottu\/","title":{"rendered":"Aukadagur \u00ed Handboltask\u00f3la Gr\u00f3ttu"},"content":{"rendered":"<p>Vegna fj\u00f6lda fyrirspurna \u00fe\u00e1 h\u00f6fum vi\u00f0 b\u00e6tt vi\u00f0 einum degi til vi\u00f0b\u00f3tar \u00ed Handboltask\u00f3la Gr\u00f3ttu. \u00deessi aukadagur er m\u00e1nudagurinn 21.\u00e1g\u00fast.<\/p><p>Eins og hefur veri\u00f0 undanfarnar vikur, \u00fe\u00e1 er sk\u00f3linn fr\u00e1 kl. 09:00-12:00 en bo\u00f0i\u00f0 er upp \u00e1 endurgjaldslausa g\u00e6slu fr\u00e1 kl. 08:00-09:00 og aftur kl. 12:00-13:00. Krakkarnir \u00feurfa a\u00f0 taka me\u00f0 s\u00e9r nesti.<\/p><p><a><\/a>Ver\u00f0i\u00f0 er 2000 kr og fer skr\u00e1ningin fram \u00ed Sportabler. Eins og \u00e1\u00f0ur er Patrekur P\u00e9tursson Sanko sk\u00f3lastj\u00f3ri og er me\u00f0 einvala li\u00f0 \u00fej\u00e1lfara me\u00f0 s\u00e9r til a\u00f0 lei\u00f0beina og \u00fej\u00e1lfa.<\/p><p>Skr\u00e1ning: <a href=\"https:\/\/www.sportabler.com\/shop\/grotta\/handbolti?fbclid=IwAR3-i9yK7DNtwlc8NcPV3--WaMuQ-9ia6K1JOfQoqm8yw5uY8q5mMrJpWa0\" rel=\"noreferrer noopener\" target=\"_blank\">https:\/\/www.sportabler.com\/shop\/grotta\/handbolti<\/a><\/p>","protected":false},"excerpt":{"rendered":"<p>Vegna fj\u00f6lda fyrirspurna \u00fe\u00e1 h\u00f6fum vi\u00f0 b\u00e6tt vi\u00f0 einum degi til vi\u00f0b\u00f3tar \u00ed Handboltask\u00f3la Gr\u00f3ttu. \u00deessi aukadagur er m\u00e1nudagurinn 21.\u00e1g\u00fast. Eins og hefur veri\u00f0 undanfarnar vikur, \u00fe\u00e1 er sk\u00f3linn fr\u00e1 [&hellip;]<\/p>","protected":false},"author":10,"featured_media":432850,"comment_status":"closed","ping_status":"closed","sticky":false,"template":"","format":"standard","meta":{"footnotes":""},"categories":[12],"tags":[],"class_list":["post-432849","post","type-post","status-publish","format-standard","has-post-thumbnail","hentry","category-handknattleiksdeild"],"yoast_head":"<!-- This site is optimized with the Yoast SEO plugin v24.3 - https:\/\/yoast.com\/wordpress\/plugins\/seo\/ -->\n<title>Aukadagur \u00ed Handboltask\u00f3la Gr\u00f3ttu - \u00cd\u00fer\u00f3ttaf\u00e9lagi\u00f0 Gr\u00f3tta<\/title>\n<meta name=\"robots\" content=\"index, follow, max-snippet:-1, max-image-preview:large, max-video-preview:-1\" \/>\n<link rel=\"canonical\" href=\"https:\/\/grotta.is\/en\/handknattleiksdeild\/aukadagur-i-handboltaskola-grottu\/\" \/>\n<meta property=\"og:locale\" content=\"en_US\" \/>\n<meta property=\"og:type\" content=\"article\" \/>\n<meta property=\"og:title\" content=\"Aukadagur \u00ed Handboltask\u00f3la Gr\u00f3ttu - \u00cd\u00fer\u00f3ttaf\u00e9lagi\u00f0 Gr\u00f3tta\" \/>\n<meta property=\"og:description\" content=\"Vegna fj\u00f6lda fyrirspurna \u00fe\u00e1 h\u00f6fum vi\u00f0 b\u00e6tt vi\u00f0 einum degi til vi\u00f0b\u00f3tar \u00ed Handboltask\u00f3la Gr\u00f3ttu. \u00deessi aukadagur er m\u00e1nudagurinn 21.\u00e1g\u00fast. Eins og hefur veri\u00f0 undanfarnar vikur, \u00fe\u00e1 er sk\u00f3linn fr\u00e1 [&hellip;]\" \/>\n<meta property=\"og:url\" content=\"https:\/\/grotta.is\/en\/handknattleiksdeild\/aukadagur-i-handboltaskola-grottu\/\" \/>\n<meta property=\"og:site_name\" content=\"\u00cd\u00fer\u00f3ttaf\u00e9lagi\u00f0 Gr\u00f3tta\" \/>\n<meta property=\"article:publisher\" content=\"https:\/\/www.facebook.com\/grottasport\" \/>\n<meta property=\"article:published_time\" content=\"2023-08-17T16:54:19+00:00\" \/>\n<meta property=\"article:modified_time\" content=\"2023-08-17T16:54:21+00:00\" \/>\n<meta property=\"og:image\" content=\"https:\/\/grotta.is\/wp-content\/uploads\/2023\/08\/366341299_841766467473446_7643264792288521635_n.jpg\" \/>\n\t<meta property=\"og:image:width\" content=\"2048\" \/>\n\t<meta property=\"og:image:height\" content=\"1536\" \/>\n\t<meta property=\"og:image:type\" content=\"image\/jpeg\" \/>\n<meta name=\"author\" content=\"Andri Sigf\u00fasson\" \/>\n<meta name=\"twitter:card\" content=\"summary_large_image\" \/>\n<meta name=\"twitter:label1\" content=\"Written by\" \/>\n\t<meta name=\"twitter:data1\" content=\"Andri Sigf\u00fasson\" \/>\n\t<meta name=\"twitter:label2\" content=\"Est. reading time\" \/>\n\t<meta name=\"twitter:data2\" content=\"1 minute\" \/>\n<script type=\"application\/ld+json\" class=\"yoast-schema-graph\">{\"@context\":\"https:\/\/schema.org\",\"@graph\":[{\"@type\":\"Article\",\"@id\":\"https:\/\/grotta.is\/handknattleiksdeild\/aukadagur-i-handboltaskola-grottu\/#article\",\"isPartOf\":{\"@id\":\"https:\/\/grotta.is\/handknattleiksdeild\/aukadagur-i-handboltaskola-grottu\/\"},\"author\":{\"name\":\"Andri Sigf\u00fasson\",\"@id\":\"https:\/\/grotta.is\/#\/schema\/person\/b21e9d5dfd92c90211e343e8d7252b1c\"},\"headline\":\"Aukadagur \u00ed Handboltask\u00f3la Gr\u00f3ttu\",\"datePublished\":\"2023-08-17T16:54:19+00:00\",\"dateModified\":\"2023-08-17T16:54:21+00:00\",\"mainEntityOfPage\":{\"@id\":\"https:\/\/grotta.is\/handknattleiksdeild\/aukadagur-i-handboltaskola-grottu\/\"},\"wordCount\":114,\"publisher\":{\"@id\":\"https:\/\/grotta.is\/#organization\"},\"image\":{\"@id\":\"https:\/\/grotta.is\/handknattleiksdeild\/aukadagur-i-handboltaskola-grottu\/#primaryimage\"},\"thumbnailUrl\":\"https:\/\/grotta.is\/wp-content\/uploads\/2023\/08\/366341299_841766467473446_7643264792288521635_n.jpg\",\"articleSection\":[\"Handknattleiksdeild\"],\"inLanguage\":\"en-US\"},{\"@type\":\"WebPage\",\"@id\":\"https:\/\/grotta.is\/handknattleiksdeild\/aukadagur-i-handboltaskola-grottu\/\",\"url\":\"https:\/\/grotta.is\/handknattleiksdeild\/aukadagur-i-handboltaskola-grottu\/\",\"name\":\"Aukadagur \u00ed Handboltask\u00f3la Gr\u00f3ttu - \u00cd\u00fer\u00f3ttaf\u00e9lagi\u00f0 Gr\u00f3tta\",\"isPartOf\":{\"@id\":\"https:\/\/grotta.is\/#website\"},\"primaryImageOfPage\":{\"@id\":\"https:\/\/grotta.is\/handknattleiksdeild\/aukadagur-i-handboltaskola-grottu\/#primaryimage\"},\"image\":{\"@id\":\"https:\/\/grotta.is\/handknattleiksdeild\/aukadagur-i-handboltaskola-grottu\/#primaryimage\"},\"thumbnailUrl\":\"https:\/\/grotta.is\/wp-content\/uploads\/2023\/08\/366341299_841766467473446_7643264792288521635_n.jpg\",\"datePublished\":\"2023-08-17T16:54:19+00:00\",\"dateModified\":\"2023-08-17T16:54:21+00:00\",\"breadcrumb\":{\"@id\":\"https:\/\/grotta.is\/handknattleiksdeild\/aukadagur-i-handboltaskola-grottu\/#breadcrumb\"},\"inLanguage\":\"en-US\",\"potentialAction\":[{\"@type\":\"ReadAction\",\"target\":[\"https:\/\/grotta.is\/handknattleiksdeild\/aukadagur-i-handboltaskola-grottu\/\"]}]},{\"@type\":\"ImageObject\",\"inLanguage\":\"en-US\",\"@id\":\"https:\/\/grotta.is\/handknattleiksdeild\/aukadagur-i-handboltaskola-grottu\/#primaryimage\",\"url\":\"https:\/\/grotta.is\/wp-content\/uploads\/2023\/08\/366341299_841766467473446_7643264792288521635_n.jpg\",\"contentUrl\":\"https:\/\/grotta.is\/wp-content\/uploads\/2023\/08\/366341299_841766467473446_7643264792288521635_n.jpg\",\"width\":2048,\"height\":1536},{\"@type\":\"BreadcrumbList\",\"@id\":\"https:\/\/grotta.is\/handknattleiksdeild\/aukadagur-i-handboltaskola-grottu\/#breadcrumb\",\"itemListElement\":[{\"@type\":\"ListItem\",\"position\":1,\"name\":\"Home\",\"item\":\"https:\/\/grotta.is\/\"},{\"@type\":\"ListItem\",\"position\":2,\"name\":\"Aukadagur \u00ed Handboltask\u00f3la Gr\u00f3ttu\"}]},{\"@type\":\"WebSite\",\"@id\":\"https:\/\/grotta.is\/#website\",\"url\":\"https:\/\/grotta.is\/\",\"name\":\"\u00cd\u00fer\u00f3ttaf\u00e9lagi\u00f0 Gr\u00f3tta\",\"description\":\"\u00e1 Seltjarnarnesi\",\"publisher\":{\"@id\":\"https:\/\/grotta.is\/#organization\"},\"potentialAction\":[{\"@type\":\"SearchAction\",\"target\":{\"@type\":\"EntryPoint\",\"urlTemplate\":\"https:\/\/grotta.is\/?s={search_term_string}\"},\"query-input\":{\"@type\":\"PropertyValueSpecification\",\"valueRequired\":true,\"valueName\":\"search_term_string\"}}],\"inLanguage\":\"en-US\"},{\"@type\":\"Organization\",\"@id\":\"https:\/\/grotta.is\/#organization\",\"name\":\"\u00cd\u00fer\u00f3ttaf\u00e9lagi\u00f0 Gr\u00f3tta\",\"url\":\"https:\/\/grotta.is\/\",\"logo\":{\"@type\":\"ImageObject\",\"inLanguage\":\"en-US\",\"@id\":\"https:\/\/grotta.is\/#\/schema\/logo\/image\/\",\"url\":\"https:\/\/grotta.is\/wp-content\/uploads\/2020\/02\/ithrottafelagidgrotta_logo_512x512_transparent.png\",\"contentUrl\":\"https:\/\/grotta.is\/wp-content\/uploads\/2020\/02\/ithrottafelagidgrotta_logo_512x512_transparent.png\",\"width\":512,\"height\":512,\"caption\":\"\u00cd\u00fer\u00f3ttaf\u00e9lagi\u00f0 Gr\u00f3tta\"},\"image\":{\"@id\":\"https:\/\/grotta.is\/#\/schema\/logo\/image\/\"},\"sameAs\":[\"https:\/\/www.facebook.com\/grottasport\"]},{\"@type\":\"Person\",\"@id\":\"https:\/\/grotta.is\/#\/schema\/person\/b21e9d5dfd92c90211e343e8d7252b1c\",\"name\":\"Andri Sigf\u00fasson\",\"url\":\"https:\/\/grotta.is\/en\/author\/andri\/\"}]}<\/script>\n<!-- \/ Yoast SEO plugin. -->","yoast_head_json":{"title":"Aukadagur \u00ed Handboltask\u00f3la Gr\u00f3ttu - \u00cd\u00fer\u00f3ttaf\u00e9lagi\u00f0 Gr\u00f3tta","robots":{"index":"index","follow":"follow","max-snippet":"max-snippet:-1","max-image-preview":"max-image-preview:large","max-video-preview":"max-video-preview:-1"},"canonical":"https:\/\/grotta.is\/en\/handknattleiksdeild\/aukadagur-i-handboltaskola-grottu\/","og_locale":"en_US","og_type":"article","og_title":"Aukadagur \u00ed Handboltask\u00f3la Gr\u00f3ttu - \u00cd\u00fer\u00f3ttaf\u00e9lagi\u00f0 Gr\u00f3tta","og_description":"Vegna fj\u00f6lda fyrirspurna \u00fe\u00e1 h\u00f6fum vi\u00f0 b\u00e6tt vi\u00f0 einum degi til vi\u00f0b\u00f3tar \u00ed Handboltask\u00f3la Gr\u00f3ttu. \u00deessi aukadagur er m\u00e1nudagurinn 21.\u00e1g\u00fast. Eins og hefur veri\u00f0 undanfarnar vikur, \u00fe\u00e1 er sk\u00f3linn fr\u00e1 [&hellip;]","og_url":"https:\/\/grotta.is\/en\/handknattleiksdeild\/aukadagur-i-handboltaskola-grottu\/","og_site_name":"\u00cd\u00fer\u00f3ttaf\u00e9lagi\u00f0 Gr\u00f3tta","article_publisher":"https:\/\/www.facebook.com\/grottasport","article_published_time":"2023-08-17T16:54:19+00:00","article_modified_time":"2023-08-17T16:54:21+00:00","og_image":[{"width":2048,"height":1536,"url":"https:\/\/grotta.is\/wp-content\/uploads\/2023\/08\/366341299_841766467473446_7643264792288521635_n.jpg","type":"image\/jpeg"}],"author":"Andri Sigf\u00fasson","twitter_card":"summary_large_image","twitter_misc":{"Written by":"Andri Sigf\u00fasson","Est. reading time":"1 minute"},"schema":{"@context":"https:\/\/schema.org","@graph":[{"@type":"Article","@id":"https:\/\/grotta.is\/handknattleiksdeild\/aukadagur-i-handboltaskola-grottu\/#article","isPartOf":{"@id":"https:\/\/grotta.is\/handknattleiksdeild\/aukadagur-i-handboltaskola-grottu\/"},"author":{"name":"Andri Sigf\u00fasson","@id":"https:\/\/grotta.is\/#\/schema\/person\/b21e9d5dfd92c90211e343e8d7252b1c"},"headline":"Aukadagur \u00ed Handboltask\u00f3la Gr\u00f3ttu","datePublished":"2023-08-17T16:54:19+00:00","dateModified":"2023-08-17T16:54:21+00:00","mainEntityOfPage":{"@id":"https:\/\/grotta.is\/handknattleiksdeild\/aukadagur-i-handboltaskola-grottu\/"},"wordCount":114,"publisher":{"@id":"https:\/\/grotta.is\/#organization"},"image":{"@id":"https:\/\/grotta.is\/handknattleiksdeild\/aukadagur-i-handboltaskola-grottu\/#primaryimage"},"thumbnailUrl":"https:\/\/grotta.is\/wp-content\/uploads\/2023\/08\/366341299_841766467473446_7643264792288521635_n.jpg","articleSection":["Handknattleiksdeild"],"inLanguage":"en-US"},{"@type":"WebPage","@id":"https:\/\/grotta.is\/handknattleiksdeild\/aukadagur-i-handboltaskola-grottu\/","url":"https:\/\/grotta.is\/handknattleiksdeild\/aukadagur-i-handboltaskola-grottu\/","name":"Aukadagur \u00ed Handboltask\u00f3la Gr\u00f3ttu - \u00cd\u00fer\u00f3ttaf\u00e9lagi\u00f0 Gr\u00f3tta","isPartOf":{"@id":"https:\/\/grotta.is\/#website"},"primaryImageOfPage":{"@id":"https:\/\/grotta.is\/handknattleiksdeild\/aukadagur-i-handboltaskola-grottu\/#primaryimage"},"image":{"@id":"https:\/\/grotta.is\/handknattleiksdeild\/aukadagur-i-handboltaskola-grottu\/#primaryimage"},"thumbnailUrl":"https:\/\/grotta.is\/wp-content\/uploads\/2023\/08\/366341299_841766467473446_7643264792288521635_n.jpg","datePublished":"2023-08-17T16:54:19+00:00","dateModified":"2023-08-17T16:54:21+00:00","breadcrumb":{"@id":"https:\/\/grotta.is\/handknattleiksdeild\/aukadagur-i-handboltaskola-grottu\/#breadcrumb"},"inLanguage":"en-US","potentialAction":[{"@type":"ReadAction","target":["https:\/\/grotta.is\/handknattleiksdeild\/aukadagur-i-handboltaskola-grottu\/"]}]},{"@type":"ImageObject","inLanguage":"en-US","@id":"https:\/\/grotta.is\/handknattleiksdeild\/aukadagur-i-handboltaskola-grottu\/#primaryimage","url":"https:\/\/grotta.is\/wp-content\/uploads\/2023\/08\/366341299_841766467473446_7643264792288521635_n.jpg","contentUrl":"https:\/\/grotta.is\/wp-content\/uploads\/2023\/08\/366341299_841766467473446_7643264792288521635_n.jpg","width":2048,"height":1536},{"@type":"BreadcrumbList","@id":"https:\/\/grotta.is\/handknattleiksdeild\/aukadagur-i-handboltaskola-grottu\/#breadcrumb","itemListElement":[{"@type":"ListItem","position":1,"name":"Home","item":"https:\/\/grotta.is\/"},{"@type":"ListItem","position":2,"name":"Aukadagur \u00ed Handboltask\u00f3la Gr\u00f3ttu"}]},{"@type":"WebSite","@id":"https:\/\/grotta.is\/#website","url":"https:\/\/grotta.is\/","name":"\u00cd\u00fer\u00f3ttaf\u00e9lagi\u00f0 Gr\u00f3tta","description":"\u00e1 Seltjarnarnesi","publisher":{"@id":"https:\/\/grotta.is\/#organization"},"potentialAction":[{"@type":"SearchAction","target":{"@type":"EntryPoint","urlTemplate":"https:\/\/grotta.is\/?s={search_term_string}"},"query-input":{"@type":"PropertyValueSpecification","valueRequired":true,"valueName":"search_term_string"}}],"inLanguage":"en-US"},{"@type":"Organization","@id":"https:\/\/grotta.is\/#organization","name":"\u00cd\u00fer\u00f3ttaf\u00e9lagi\u00f0 Gr\u00f3tta","url":"https:\/\/grotta.is\/","logo":{"@type":"ImageObject","inLanguage":"en-US","@id":"https:\/\/grotta.is\/#\/schema\/logo\/image\/","url":"https:\/\/grotta.is\/wp-content\/uploads\/2020\/02\/ithrottafelagidgrotta_logo_512x512_transparent.png","contentUrl":"https:\/\/grotta.is\/wp-content\/uploads\/2020\/02\/ithrottafelagidgrotta_logo_512x512_transparent.png","width":512,"height":512,"caption":"\u00cd\u00fer\u00f3ttaf\u00e9lagi\u00f0 Gr\u00f3tta"},"image":{"@id":"https:\/\/grotta.is\/#\/schema\/logo\/image\/"},"sameAs":["https:\/\/www.facebook.com\/grottasport"]},{"@type":"Person","@id":"https:\/\/grotta.is\/#\/schema\/person\/b21e9d5dfd92c90211e343e8d7252b1c","name":"Andri Sigf\u00fasson","url":"https:\/\/grotta.is\/en\/author\/andri\/"}]}},"_links":{"self":[{"href":"https:\/\/grotta.is\/en\/wp-json\/wp\/v2\/posts\/432849","targetHints":{"allow":["GET"]}}],"collection":[{"href":"https:\/\/grotta.is\/en\/wp-json\/wp\/v2\/posts"}],"about":[{"href":"https:\/\/grotta.is\/en\/wp-json\/wp\/v2\/types\/post"}],"author":[{"embeddable":true,"href":"https:\/\/grotta.is\/en\/wp-json\/wp\/v2\/users\/10"}],"replies":[{"embeddable":true,"href":"https:\/\/grotta.is\/en\/wp-json\/wp\/v2\/comments?post=432849"}],"version-history":[{"count":1,"href":"https:\/\/grotta.is\/en\/wp-json\/wp\/v2\/posts\/432849\/revisions"}],"predecessor-version":[{"id":432851,"href":"https:\/\/grotta.is\/en\/wp-json\/wp\/v2\/posts\/432849\/revisions\/432851"}],"wp:featuredmedia":[{"embeddable":true,"href":"https:\/\/grotta.is\/en\/wp-json\/wp\/v2\/media\/432850"}],"wp:attachment":[{"href":"https:\/\/grotta.is\/en\/wp-json\/wp\/v2\/media?parent=432849"}],"wp:term":[{"taxonomy":"category","embeddable":true,"href":"https:\/\/grotta.is\/en\/wp-json\/wp\/v2\/categories?post=432849"},{"taxonomy":"post_tag","embeddable":true,"href":"https:\/\/grotta.is\/en\/wp-json\/wp\/v2\/tags?post=432849"}],"curies":[{"name":"wp","href":"https:\/\/api.w.org\/{rel}","templated":true}]}}