{"id":432834,"date":"2023-08-14T13:11:50","date_gmt":"2023-08-14T13:11:50","guid":{"rendered":"https:\/\/grotta.is\/?p=432834"},"modified":"2023-08-14T13:11:54","modified_gmt":"2023-08-14T13:11:54","slug":"thakkir-fra-antoine-og-katrinu-onnu","status":"publish","type":"post","link":"https:\/\/grotta.is\/en\/handknattleiksdeild\/thakkir-fra-antoine-og-katrinu-onnu\/","title":{"rendered":"\u00deakkir fr\u00e1 Antoine og Katr\u00ednu \u00d6nnu"},"content":{"rendered":"<p>\u00cd j\u00fal\u00ed f\u00f3r fram sala \u00e1 \u00fdmsum varningi til styrktar landsli\u00f0sf\u00f3lkinu okkar Antoine \u00d3skari og Katr\u00ednu \u00d6nnu en \u00feau f\u00f3ru \u00fat \u00ed sumar me\u00f0 unglingalandsli\u00f0um \u00cdslands. Antoine f\u00f3r \u00e1 Opna Evr\u00f3pum\u00f3ti\u00f0 \u00ed Sv\u00ed\u00fej\u00f3\u00f0 og \u00d3lymp\u00eduh\u00e1t\u00ed\u00f0 Evr\u00f3pu\u00e6skunnar \u00ed Sl\u00f3ven\u00edu. Katr\u00edn Anna f\u00f3r og l\u00e9k vin\u00e1ttulandsleiki \u00ed F\u00e6reyjum og f\u00f3r \u00e1 EM \u00ed R\u00famen\u00ednu.<\/p><p>\u00deessar fer\u00f0ir kosta krakkana meira en 300.000 kr sem \u00feau \u00feurfa a\u00f0 standa straum af sj\u00e1lf. Til a\u00f0 a\u00f0sto\u00f0a \u00feau setti <a><\/a>Handknattleiksdeild Gr\u00f3ttu af sta\u00f0 fj\u00e1r\u00f6flun til styrktar \u00feeim.<\/p><p>\u00de\u00f3 a\u00f0 s\u00f6lunni s\u00e9 loki\u00f0 er enn \u00fe\u00e1 h\u00e6gt a\u00f0 styrkja \u00feeim me\u00f0 \u00fev\u00ed a\u00f0 leggja inn \u00e1 fj\u00e1r\u00f6flunareikning \u00feeirra hj\u00e1 Gr\u00f3ttu. Margt sm\u00e1tt gerir eitt st\u00f3rt !<\/p><p>512-14-400209<\/p><p>kt. 700371-0779<\/p><p>Antoine \u00d3skar og Katr\u00edn Anna vilja \u00feakka \u00f6llum \u00feeim sem styrktu \u00feau, k\u00e6rlega fyrir. Takk !<\/p>","protected":false},"excerpt":{"rendered":"<p>\u00cd j\u00fal\u00ed f\u00f3r fram sala \u00e1 \u00fdmsum varningi til styrktar landsli\u00f0sf\u00f3lkinu okkar Antoine \u00d3skari og Katr\u00ednu \u00d6nnu en \u00feau f\u00f3ru \u00fat \u00ed sumar me\u00f0 unglingalandsli\u00f0um \u00cdslands. Antoine f\u00f3r \u00e1 Opna [&hellip;]<\/p>","protected":false},"author":10,"featured_media":432835,"comment_status":"closed","ping_status":"closed","sticky":false,"template":"","format":"standard","meta":{"footnotes":""},"categories":[12],"tags":[],"class_list":["post-432834","post","type-post","status-publish","format-standard","has-post-thumbnail","hentry","category-handknattleiksdeild"],"yoast_head":"<!-- This site is optimized with the Yoast SEO plugin v24.3 - https:\/\/yoast.com\/wordpress\/plugins\/seo\/ -->\n<title>\u00deakkir fr\u00e1 Antoine og Katr\u00ednu \u00d6nnu - \u00cd\u00fer\u00f3ttaf\u00e9lagi\u00f0 Gr\u00f3tta<\/title>\n<meta name=\"robots\" content=\"index, follow, max-snippet:-1, max-image-preview:large, max-video-preview:-1\" \/>\n<link rel=\"canonical\" href=\"https:\/\/grotta.is\/en\/handknattleiksdeild\/thakkir-fra-antoine-og-katrinu-onnu\/\" \/>\n<meta property=\"og:locale\" content=\"en_US\" \/>\n<meta property=\"og:type\" content=\"article\" \/>\n<meta property=\"og:title\" content=\"\u00deakkir fr\u00e1 Antoine og Katr\u00ednu \u00d6nnu - \u00cd\u00fer\u00f3ttaf\u00e9lagi\u00f0 Gr\u00f3tta\" \/>\n<meta property=\"og:description\" content=\"\u00cd j\u00fal\u00ed f\u00f3r fram sala \u00e1 \u00fdmsum varningi til styrktar landsli\u00f0sf\u00f3lkinu okkar Antoine \u00d3skari og Katr\u00ednu \u00d6nnu en \u00feau f\u00f3ru \u00fat \u00ed sumar me\u00f0 unglingalandsli\u00f0um \u00cdslands. Antoine f\u00f3r \u00e1 Opna [&hellip;]\" \/>\n<meta property=\"og:url\" content=\"https:\/\/grotta.is\/en\/handknattleiksdeild\/thakkir-fra-antoine-og-katrinu-onnu\/\" \/>\n<meta property=\"og:site_name\" content=\"\u00cd\u00fer\u00f3ttaf\u00e9lagi\u00f0 Gr\u00f3tta\" \/>\n<meta property=\"article:publisher\" content=\"https:\/\/www.facebook.com\/grottasport\" \/>\n<meta property=\"article:published_time\" content=\"2023-08-14T13:11:50+00:00\" \/>\n<meta property=\"article:modified_time\" content=\"2023-08-14T13:11:54+00:00\" \/>\n<meta property=\"og:image\" content=\"https:\/\/grotta.is\/wp-content\/uploads\/2023\/08\/20230814_125453-scaled.jpg\" \/>\n\t<meta property=\"og:image:width\" content=\"2286\" \/>\n\t<meta property=\"og:image:height\" content=\"2560\" \/>\n\t<meta property=\"og:image:type\" content=\"image\/jpeg\" \/>\n<meta name=\"author\" content=\"Andri Sigf\u00fasson\" \/>\n<meta name=\"twitter:card\" content=\"summary_large_image\" \/>\n<meta name=\"twitter:label1\" content=\"Written by\" \/>\n\t<meta name=\"twitter:data1\" content=\"Andri Sigf\u00fasson\" \/>\n\t<meta name=\"twitter:label2\" content=\"Est. reading time\" \/>\n\t<meta name=\"twitter:data2\" content=\"1 minute\" \/>\n<script type=\"application\/ld+json\" class=\"yoast-schema-graph\">{\"@context\":\"https:\/\/schema.org\",\"@graph\":[{\"@type\":\"Article\",\"@id\":\"https:\/\/grotta.is\/handknattleiksdeild\/thakkir-fra-antoine-og-katrinu-onnu\/#article\",\"isPartOf\":{\"@id\":\"https:\/\/grotta.is\/handknattleiksdeild\/thakkir-fra-antoine-og-katrinu-onnu\/\"},\"author\":{\"name\":\"Andri Sigf\u00fasson\",\"@id\":\"https:\/\/grotta.is\/#\/schema\/person\/b21e9d5dfd92c90211e343e8d7252b1c\"},\"headline\":\"\u00deakkir fr\u00e1 Antoine og Katr\u00ednu \u00d6nnu\",\"datePublished\":\"2023-08-14T13:11:50+00:00\",\"dateModified\":\"2023-08-14T13:11:54+00:00\",\"mainEntityOfPage\":{\"@id\":\"https:\/\/grotta.is\/handknattleiksdeild\/thakkir-fra-antoine-og-katrinu-onnu\/\"},\"wordCount\":162,\"publisher\":{\"@id\":\"https:\/\/grotta.is\/#organization\"},\"image\":{\"@id\":\"https:\/\/grotta.is\/handknattleiksdeild\/thakkir-fra-antoine-og-katrinu-onnu\/#primaryimage\"},\"thumbnailUrl\":\"https:\/\/grotta.is\/wp-content\/uploads\/2023\/08\/20230814_125453-scaled.jpg\",\"articleSection\":[\"Handknattleiksdeild\"],\"inLanguage\":\"en-US\"},{\"@type\":\"WebPage\",\"@id\":\"https:\/\/grotta.is\/handknattleiksdeild\/thakkir-fra-antoine-og-katrinu-onnu\/\",\"url\":\"https:\/\/grotta.is\/handknattleiksdeild\/thakkir-fra-antoine-og-katrinu-onnu\/\",\"name\":\"\u00deakkir fr\u00e1 Antoine og Katr\u00ednu \u00d6nnu - \u00cd\u00fer\u00f3ttaf\u00e9lagi\u00f0 Gr\u00f3tta\",\"isPartOf\":{\"@id\":\"https:\/\/grotta.is\/#website\"},\"primaryImageOfPage\":{\"@id\":\"https:\/\/grotta.is\/handknattleiksdeild\/thakkir-fra-antoine-og-katrinu-onnu\/#primaryimage\"},\"image\":{\"@id\":\"https:\/\/grotta.is\/handknattleiksdeild\/thakkir-fra-antoine-og-katrinu-onnu\/#primaryimage\"},\"thumbnailUrl\":\"https:\/\/grotta.is\/wp-content\/uploads\/2023\/08\/20230814_125453-scaled.jpg\",\"datePublished\":\"2023-08-14T13:11:50+00:00\",\"dateModified\":\"2023-08-14T13:11:54+00:00\",\"breadcrumb\":{\"@id\":\"https:\/\/grotta.is\/handknattleiksdeild\/thakkir-fra-antoine-og-katrinu-onnu\/#breadcrumb\"},\"inLanguage\":\"en-US\",\"potentialAction\":[{\"@type\":\"ReadAction\",\"target\":[\"https:\/\/grotta.is\/handknattleiksdeild\/thakkir-fra-antoine-og-katrinu-onnu\/\"]}]},{\"@type\":\"ImageObject\",\"inLanguage\":\"en-US\",\"@id\":\"https:\/\/grotta.is\/handknattleiksdeild\/thakkir-fra-antoine-og-katrinu-onnu\/#primaryimage\",\"url\":\"https:\/\/grotta.is\/wp-content\/uploads\/2023\/08\/20230814_125453-scaled.jpg\",\"contentUrl\":\"https:\/\/grotta.is\/wp-content\/uploads\/2023\/08\/20230814_125453-scaled.jpg\",\"width\":2286,\"height\":2560},{\"@type\":\"BreadcrumbList\",\"@id\":\"https:\/\/grotta.is\/handknattleiksdeild\/thakkir-fra-antoine-og-katrinu-onnu\/#breadcrumb\",\"itemListElement\":[{\"@type\":\"ListItem\",\"position\":1,\"name\":\"Home\",\"item\":\"https:\/\/grotta.is\/\"},{\"@type\":\"ListItem\",\"position\":2,\"name\":\"\u00deakkir fr\u00e1 Antoine og Katr\u00ednu \u00d6nnu\"}]},{\"@type\":\"WebSite\",\"@id\":\"https:\/\/grotta.is\/#website\",\"url\":\"https:\/\/grotta.is\/\",\"name\":\"\u00cd\u00fer\u00f3ttaf\u00e9lagi\u00f0 Gr\u00f3tta\",\"description\":\"\u00e1 Seltjarnarnesi\",\"publisher\":{\"@id\":\"https:\/\/grotta.is\/#organization\"},\"potentialAction\":[{\"@type\":\"SearchAction\",\"target\":{\"@type\":\"EntryPoint\",\"urlTemplate\":\"https:\/\/grotta.is\/?s={search_term_string}\"},\"query-input\":{\"@type\":\"PropertyValueSpecification\",\"valueRequired\":true,\"valueName\":\"search_term_string\"}}],\"inLanguage\":\"en-US\"},{\"@type\":\"Organization\",\"@id\":\"https:\/\/grotta.is\/#organization\",\"name\":\"\u00cd\u00fer\u00f3ttaf\u00e9lagi\u00f0 Gr\u00f3tta\",\"url\":\"https:\/\/grotta.is\/\",\"logo\":{\"@type\":\"ImageObject\",\"inLanguage\":\"en-US\",\"@id\":\"https:\/\/grotta.is\/#\/schema\/logo\/image\/\",\"url\":\"https:\/\/grotta.is\/wp-content\/uploads\/2020\/02\/ithrottafelagidgrotta_logo_512x512_transparent.png\",\"contentUrl\":\"https:\/\/grotta.is\/wp-content\/uploads\/2020\/02\/ithrottafelagidgrotta_logo_512x512_transparent.png\",\"width\":512,\"height\":512,\"caption\":\"\u00cd\u00fer\u00f3ttaf\u00e9lagi\u00f0 Gr\u00f3tta\"},\"image\":{\"@id\":\"https:\/\/grotta.is\/#\/schema\/logo\/image\/\"},\"sameAs\":[\"https:\/\/www.facebook.com\/grottasport\"]},{\"@type\":\"Person\",\"@id\":\"https:\/\/grotta.is\/#\/schema\/person\/b21e9d5dfd92c90211e343e8d7252b1c\",\"name\":\"Andri Sigf\u00fasson\",\"url\":\"https:\/\/grotta.is\/en\/author\/andri\/\"}]}<\/script>\n<!-- \/ Yoast SEO plugin. -->","yoast_head_json":{"title":"\u00deakkir fr\u00e1 Antoine og Katr\u00ednu \u00d6nnu - \u00cd\u00fer\u00f3ttaf\u00e9lagi\u00f0 Gr\u00f3tta","robots":{"index":"index","follow":"follow","max-snippet":"max-snippet:-1","max-image-preview":"max-image-preview:large","max-video-preview":"max-video-preview:-1"},"canonical":"https:\/\/grotta.is\/en\/handknattleiksdeild\/thakkir-fra-antoine-og-katrinu-onnu\/","og_locale":"en_US","og_type":"article","og_title":"\u00deakkir fr\u00e1 Antoine og Katr\u00ednu \u00d6nnu - \u00cd\u00fer\u00f3ttaf\u00e9lagi\u00f0 Gr\u00f3tta","og_description":"\u00cd j\u00fal\u00ed f\u00f3r fram sala \u00e1 \u00fdmsum varningi til styrktar landsli\u00f0sf\u00f3lkinu okkar Antoine \u00d3skari og Katr\u00ednu \u00d6nnu en \u00feau f\u00f3ru \u00fat \u00ed sumar me\u00f0 unglingalandsli\u00f0um \u00cdslands. Antoine f\u00f3r \u00e1 Opna [&hellip;]","og_url":"https:\/\/grotta.is\/en\/handknattleiksdeild\/thakkir-fra-antoine-og-katrinu-onnu\/","og_site_name":"\u00cd\u00fer\u00f3ttaf\u00e9lagi\u00f0 Gr\u00f3tta","article_publisher":"https:\/\/www.facebook.com\/grottasport","article_published_time":"2023-08-14T13:11:50+00:00","article_modified_time":"2023-08-14T13:11:54+00:00","og_image":[{"width":2286,"height":2560,"url":"https:\/\/grotta.is\/wp-content\/uploads\/2023\/08\/20230814_125453-scaled.jpg","type":"image\/jpeg"}],"author":"Andri Sigf\u00fasson","twitter_card":"summary_large_image","twitter_misc":{"Written by":"Andri Sigf\u00fasson","Est. reading time":"1 minute"},"schema":{"@context":"https:\/\/schema.org","@graph":[{"@type":"Article","@id":"https:\/\/grotta.is\/handknattleiksdeild\/thakkir-fra-antoine-og-katrinu-onnu\/#article","isPartOf":{"@id":"https:\/\/grotta.is\/handknattleiksdeild\/thakkir-fra-antoine-og-katrinu-onnu\/"},"author":{"name":"Andri Sigf\u00fasson","@id":"https:\/\/grotta.is\/#\/schema\/person\/b21e9d5dfd92c90211e343e8d7252b1c"},"headline":"\u00deakkir fr\u00e1 Antoine og Katr\u00ednu \u00d6nnu","datePublished":"2023-08-14T13:11:50+00:00","dateModified":"2023-08-14T13:11:54+00:00","mainEntityOfPage":{"@id":"https:\/\/grotta.is\/handknattleiksdeild\/thakkir-fra-antoine-og-katrinu-onnu\/"},"wordCount":162,"publisher":{"@id":"https:\/\/grotta.is\/#organization"},"image":{"@id":"https:\/\/grotta.is\/handknattleiksdeild\/thakkir-fra-antoine-og-katrinu-onnu\/#primaryimage"},"thumbnailUrl":"https:\/\/grotta.is\/wp-content\/uploads\/2023\/08\/20230814_125453-scaled.jpg","articleSection":["Handknattleiksdeild"],"inLanguage":"en-US"},{"@type":"WebPage","@id":"https:\/\/grotta.is\/handknattleiksdeild\/thakkir-fra-antoine-og-katrinu-onnu\/","url":"https:\/\/grotta.is\/handknattleiksdeild\/thakkir-fra-antoine-og-katrinu-onnu\/","name":"\u00deakkir fr\u00e1 Antoine og Katr\u00ednu \u00d6nnu - \u00cd\u00fer\u00f3ttaf\u00e9lagi\u00f0 Gr\u00f3tta","isPartOf":{"@id":"https:\/\/grotta.is\/#website"},"primaryImageOfPage":{"@id":"https:\/\/grotta.is\/handknattleiksdeild\/thakkir-fra-antoine-og-katrinu-onnu\/#primaryimage"},"image":{"@id":"https:\/\/grotta.is\/handknattleiksdeild\/thakkir-fra-antoine-og-katrinu-onnu\/#primaryimage"},"thumbnailUrl":"https:\/\/grotta.is\/wp-content\/uploads\/2023\/08\/20230814_125453-scaled.jpg","datePublished":"2023-08-14T13:11:50+00:00","dateModified":"2023-08-14T13:11:54+00:00","breadcrumb":{"@id":"https:\/\/grotta.is\/handknattleiksdeild\/thakkir-fra-antoine-og-katrinu-onnu\/#breadcrumb"},"inLanguage":"en-US","potentialAction":[{"@type":"ReadAction","target":["https:\/\/grotta.is\/handknattleiksdeild\/thakkir-fra-antoine-og-katrinu-onnu\/"]}]},{"@type":"ImageObject","inLanguage":"en-US","@id":"https:\/\/grotta.is\/handknattleiksdeild\/thakkir-fra-antoine-og-katrinu-onnu\/#primaryimage","url":"https:\/\/grotta.is\/wp-content\/uploads\/2023\/08\/20230814_125453-scaled.jpg","contentUrl":"https:\/\/grotta.is\/wp-content\/uploads\/2023\/08\/20230814_125453-scaled.jpg","width":2286,"height":2560},{"@type":"BreadcrumbList","@id":"https:\/\/grotta.is\/handknattleiksdeild\/thakkir-fra-antoine-og-katrinu-onnu\/#breadcrumb","itemListElement":[{"@type":"ListItem","position":1,"name":"Home","item":"https:\/\/grotta.is\/"},{"@type":"ListItem","position":2,"name":"\u00deakkir fr\u00e1 Antoine og Katr\u00ednu \u00d6nnu"}]},{"@type":"WebSite","@id":"https:\/\/grotta.is\/#website","url":"https:\/\/grotta.is\/","name":"\u00cd\u00fer\u00f3ttaf\u00e9lagi\u00f0 Gr\u00f3tta","description":"\u00e1 Seltjarnarnesi","publisher":{"@id":"https:\/\/grotta.is\/#organization"},"potentialAction":[{"@type":"SearchAction","target":{"@type":"EntryPoint","urlTemplate":"https:\/\/grotta.is\/?s={search_term_string}"},"query-input":{"@type":"PropertyValueSpecification","valueRequired":true,"valueName":"search_term_string"}}],"inLanguage":"en-US"},{"@type":"Organization","@id":"https:\/\/grotta.is\/#organization","name":"\u00cd\u00fer\u00f3ttaf\u00e9lagi\u00f0 Gr\u00f3tta","url":"https:\/\/grotta.is\/","logo":{"@type":"ImageObject","inLanguage":"en-US","@id":"https:\/\/grotta.is\/#\/schema\/logo\/image\/","url":"https:\/\/grotta.is\/wp-content\/uploads\/2020\/02\/ithrottafelagidgrotta_logo_512x512_transparent.png","contentUrl":"https:\/\/grotta.is\/wp-content\/uploads\/2020\/02\/ithrottafelagidgrotta_logo_512x512_transparent.png","width":512,"height":512,"caption":"\u00cd\u00fer\u00f3ttaf\u00e9lagi\u00f0 Gr\u00f3tta"},"image":{"@id":"https:\/\/grotta.is\/#\/schema\/logo\/image\/"},"sameAs":["https:\/\/www.facebook.com\/grottasport"]},{"@type":"Person","@id":"https:\/\/grotta.is\/#\/schema\/person\/b21e9d5dfd92c90211e343e8d7252b1c","name":"Andri Sigf\u00fasson","url":"https:\/\/grotta.is\/en\/author\/andri\/"}]}},"_links":{"self":[{"href":"https:\/\/grotta.is\/en\/wp-json\/wp\/v2\/posts\/432834","targetHints":{"allow":["GET"]}}],"collection":[{"href":"https:\/\/grotta.is\/en\/wp-json\/wp\/v2\/posts"}],"about":[{"href":"https:\/\/grotta.is\/en\/wp-json\/wp\/v2\/types\/post"}],"author":[{"embeddable":true,"href":"https:\/\/grotta.is\/en\/wp-json\/wp\/v2\/users\/10"}],"replies":[{"embeddable":true,"href":"https:\/\/grotta.is\/en\/wp-json\/wp\/v2\/comments?post=432834"}],"version-history":[{"count":1,"href":"https:\/\/grotta.is\/en\/wp-json\/wp\/v2\/posts\/432834\/revisions"}],"predecessor-version":[{"id":432836,"href":"https:\/\/grotta.is\/en\/wp-json\/wp\/v2\/posts\/432834\/revisions\/432836"}],"wp:featuredmedia":[{"embeddable":true,"href":"https:\/\/grotta.is\/en\/wp-json\/wp\/v2\/media\/432835"}],"wp:attachment":[{"href":"https:\/\/grotta.is\/en\/wp-json\/wp\/v2\/media?parent=432834"}],"wp:term":[{"taxonomy":"category","embeddable":true,"href":"https:\/\/grotta.is\/en\/wp-json\/wp\/v2\/categories?post=432834"},{"taxonomy":"post_tag","embeddable":true,"href":"https:\/\/grotta.is\/en\/wp-json\/wp\/v2\/tags?post=432834"}],"curies":[{"name":"wp","href":"https:\/\/api.w.org\/{rel}","templated":true}]}}