{"id":432825,"date":"2023-08-13T22:41:01","date_gmt":"2023-08-13T22:41:01","guid":{"rendered":"https:\/\/grotta.is\/?p=432825"},"modified":"2023-08-13T22:41:04","modified_gmt":"2023-08-13T22:41:04","slug":"frabaer-vika-a-partille-cup","status":"publish","type":"post","link":"https:\/\/grotta.is\/en\/handknattleiksdeild\/frabaer-vika-a-partille-cup\/","title":{"rendered":"Fr\u00e1b\u00e6r vika \u00e1 Partille Cup"},"content":{"rendered":"<p>4. og 5. flokkur karla og kvenna \u00ed handboltanum \u00ed Gr\u00f3ttu f\u00f3r \u00e1 st\u00e6rsta og flottasta handboltam\u00f3t \u00ed heimi, Partille Cup dagana 2. til 9. j\u00fal\u00ed s\u00ed\u00f0astli\u00f0inn. \u00c1 m\u00f3tinu l\u00e9ku r\u00famlega 20 \u00fe\u00fasund keppendur fr\u00e1 \u00f6llum heimshornum. Gr\u00f3ttuh\u00f3purinn taldi 75 manns og tefldum vi\u00f0 fram sj\u00f6 li\u00f0um. Li\u00f0in l\u00e9ku \u00ed ri\u00f0lakeppni fyrstu keppnisdagana \u00fear sem Gr\u00f3ttuli\u00f0in m\u00e6ttu fimm andst\u00e6\u00f0ingum. \u00c1 f\u00f6studeginum og laugardeginum l\u00e9ku li\u00f0in s\u00ed\u00f0an \u00ed \u00fatsl\u00e1ttarkeppninni \u00fear sem li\u00f0in komust mislangt. N\u00e6r \u00f6ll Gr\u00f3ttuli\u00f0in komust \u00ed A-\u00farslitin sem \u00fe\u00fdddi a\u00f0 \u00feau l\u00e9ku gegn erfi\u00f0um andst\u00e6\u00f0ingum \u00e1 f\u00f6studeginum og laugardeginum. Bestum \u00e1rangri n\u00e1\u00f0i b\u00e6\u00f0i str\u00e1kali\u00f0in \u00ed 13 \u00e1ra aldursflokknum sem f\u00f3ru alla lei\u00f0 \u00ed 16 li\u00f0a \u00farslit A-\u00farslitanna. \u00d6ll li\u00f0in okkar st\u00f3\u00f0u sig vel innan sem utanvallar. Okkar krakkar fengu miki\u00f0 hr\u00f3s fyrir umgengni og framkomu.<\/p><p>Fyrir utan keppnina sj\u00e1lfa var dagskr\u00e1in \u00fe\u00e9tt setin. Krakkarnir f\u00f3ru \u00ed vatnsrennibrautargar\u00f0inn Skara Sommarland, s\u00e1u \u00edslenska U17 \u00e1ra landsli\u00f0i\u00f0 n\u00e1 5.s\u00e6tinu \u00e1 opna Evr\u00f3pum\u00f3tinu sem var haldi\u00f0 samhli\u00f0a Partille Cup. Krakkarnir f\u00f3ru \u00ed Liseberg, gl\u00e6silegan skemmtigar\u00f0 \u00ed mi\u00f0b\u00e6 Gautaborgar, \u00feeir k\u00edktu \u00ed verslunarlei\u00f0angur, nutu l\u00edfsins vi\u00f0 K\u00e5sj\u00f6n vatni\u00f0 \u00ed Partille, horf\u00f0u \u00e1 \u00f3tal handboltaleiki og margt fleira. Segja m\u00e1 a\u00f0 vikan hafi veri\u00f0 vi\u00f0bur\u00f0ar\u00edk og skilur eftir \u00f3tal minningar hj\u00e1 Gr\u00f3ttukr\u00f6kkunum.<\/p><p><img fetchpriority=\"high\" decoding=\"async\" width=\"600\" height=\"800\" class=\"wp-image-432829\" style=\"width: 600px;\" src=\"https:\/\/grotta.is\/wp-content\/uploads\/2023\/08\/366340364_842816610701765_7152773803041533815_n.jpg\" alt=\"\" srcset=\"https:\/\/grotta.is\/wp-content\/uploads\/2023\/08\/366340364_842816610701765_7152773803041533815_n.jpg 1536w, https:\/\/grotta.is\/wp-content\/uploads\/2023\/08\/366340364_842816610701765_7152773803041533815_n-225x300.jpg 225w, https:\/\/grotta.is\/wp-content\/uploads\/2023\/08\/366340364_842816610701765_7152773803041533815_n-768x1024.jpg 768w, https:\/\/grotta.is\/wp-content\/uploads\/2023\/08\/366340364_842816610701765_7152773803041533815_n-1152x1536.jpg 1152w, https:\/\/grotta.is\/wp-content\/uploads\/2023\/08\/366340364_842816610701765_7152773803041533815_n-9x12.jpg 9w, https:\/\/grotta.is\/wp-content\/uploads\/2023\/08\/366340364_842816610701765_7152773803041533815_n-600x800.jpg 600w\" sizes=\"(max-width: 600px) 100vw, 600px\" \/><\/p><p><img decoding=\"async\" width=\"600\" height=\"450\" class=\"wp-image-432828 lazyload\" style=\"--smush-placeholder-width: 600px; --smush-placeholder-aspect-ratio: 600\/450;width: 600px;\" data-src=\"https:\/\/grotta.is\/wp-content\/uploads\/2023\/08\/365775762_842816800701746_7350964446255360306_n.jpg\" alt=\"\" data-srcset=\"https:\/\/grotta.is\/wp-content\/uploads\/2023\/08\/365775762_842816800701746_7350964446255360306_n.jpg 2000w, https:\/\/grotta.is\/wp-content\/uploads\/2023\/08\/365775762_842816800701746_7350964446255360306_n-300x225.jpg 300w, https:\/\/grotta.is\/wp-content\/uploads\/2023\/08\/365775762_842816800701746_7350964446255360306_n-1024x768.jpg 1024w, https:\/\/grotta.is\/wp-content\/uploads\/2023\/08\/365775762_842816800701746_7350964446255360306_n-768x576.jpg 768w, https:\/\/grotta.is\/wp-content\/uploads\/2023\/08\/365775762_842816800701746_7350964446255360306_n-1536x1152.jpg 1536w, https:\/\/grotta.is\/wp-content\/uploads\/2023\/08\/365775762_842816800701746_7350964446255360306_n-16x12.jpg 16w, https:\/\/grotta.is\/wp-content\/uploads\/2023\/08\/365775762_842816800701746_7350964446255360306_n-600x450.jpg 600w\" data-sizes=\"(max-width: 600px) 100vw, 600px\" src=\"data:image\/gif;base64,R0lGODlhAQABAAAAACH5BAEKAAEALAAAAAABAAEAAAICTAEAOw==\" \/><\/p><p><img decoding=\"async\" width=\"600\" height=\"450\" class=\"wp-image-432827 lazyload\" style=\"--smush-placeholder-width: 600px; --smush-placeholder-aspect-ratio: 600\/450;width: 600px;\" data-src=\"https:\/\/grotta.is\/wp-content\/uploads\/2023\/08\/365788811_842816927368400_4131328248138625105_n.jpg\" alt=\"\" data-srcset=\"https:\/\/grotta.is\/wp-content\/uploads\/2023\/08\/365788811_842816927368400_4131328248138625105_n.jpg 2048w, https:\/\/grotta.is\/wp-content\/uploads\/2023\/08\/365788811_842816927368400_4131328248138625105_n-300x225.jpg 300w, https:\/\/grotta.is\/wp-content\/uploads\/2023\/08\/365788811_842816927368400_4131328248138625105_n-1024x768.jpg 1024w, https:\/\/grotta.is\/wp-content\/uploads\/2023\/08\/365788811_842816927368400_4131328248138625105_n-768x576.jpg 768w, https:\/\/grotta.is\/wp-content\/uploads\/2023\/08\/365788811_842816927368400_4131328248138625105_n-1536x1152.jpg 1536w, https:\/\/grotta.is\/wp-content\/uploads\/2023\/08\/365788811_842816927368400_4131328248138625105_n-16x12.jpg 16w, https:\/\/grotta.is\/wp-content\/uploads\/2023\/08\/365788811_842816927368400_4131328248138625105_n-600x450.jpg 600w\" data-sizes=\"(max-width: 600px) 100vw, 600px\" src=\"data:image\/gif;base64,R0lGODlhAQABAAAAACH5BAEKAAEALAAAAAABAAEAAAICTAEAOw==\" \/><\/p><p><img decoding=\"async\" width=\"600\" height=\"450\" class=\"wp-image-432826 lazyload\" style=\"--smush-placeholder-width: 600px; --smush-placeholder-aspect-ratio: 600\/450;width: 600px;\" data-src=\"https:\/\/grotta.is\/wp-content\/uploads\/2023\/08\/365772167_842817017368391_2308230073486398666_n.jpg\" alt=\"\" data-srcset=\"https:\/\/grotta.is\/wp-content\/uploads\/2023\/08\/365772167_842817017368391_2308230073486398666_n.jpg 2048w, https:\/\/grotta.is\/wp-content\/uploads\/2023\/08\/365772167_842817017368391_2308230073486398666_n-300x225.jpg 300w, https:\/\/grotta.is\/wp-content\/uploads\/2023\/08\/365772167_842817017368391_2308230073486398666_n-1024x768.jpg 1024w, https:\/\/grotta.is\/wp-content\/uploads\/2023\/08\/365772167_842817017368391_2308230073486398666_n-768x576.jpg 768w, https:\/\/grotta.is\/wp-content\/uploads\/2023\/08\/365772167_842817017368391_2308230073486398666_n-1536x1152.jpg 1536w, https:\/\/grotta.is\/wp-content\/uploads\/2023\/08\/365772167_842817017368391_2308230073486398666_n-16x12.jpg 16w, https:\/\/grotta.is\/wp-content\/uploads\/2023\/08\/365772167_842817017368391_2308230073486398666_n-600x450.jpg 600w\" data-sizes=\"(max-width: 600px) 100vw, 600px\" src=\"data:image\/gif;base64,R0lGODlhAQABAAAAACH5BAEKAAEALAAAAAABAAEAAAICTAEAOw==\" \/><\/p><p><\/p>","protected":false},"excerpt":{"rendered":"<p>4. og 5. flokkur karla og kvenna \u00ed handboltanum \u00ed Gr\u00f3ttu f\u00f3r \u00e1 st\u00e6rsta og flottasta handboltam\u00f3t \u00ed heimi, Partille Cup dagana 2. til 9. j\u00fal\u00ed s\u00ed\u00f0astli\u00f0inn. \u00c1 m\u00f3tinu l\u00e9ku [&hellip;]<\/p>","protected":false},"author":10,"featured_media":432830,"comment_status":"closed","ping_status":"closed","sticky":false,"template":"","format":"standard","meta":{"footnotes":""},"categories":[12],"tags":[],"class_list":["post-432825","post","type-post","status-publish","format-standard","has-post-thumbnail","hentry","category-handknattleiksdeild"],"yoast_head":"<!-- This site is optimized with the Yoast SEO plugin v24.3 - https:\/\/yoast.com\/wordpress\/plugins\/seo\/ -->\n<title>Fr\u00e1b\u00e6r vika \u00e1 Partille Cup - \u00cd\u00fer\u00f3ttaf\u00e9lagi\u00f0 Gr\u00f3tta<\/title>\n<meta name=\"robots\" content=\"index, follow, max-snippet:-1, max-image-preview:large, max-video-preview:-1\" \/>\n<link rel=\"canonical\" href=\"https:\/\/grotta.is\/en\/handknattleiksdeild\/frabaer-vika-a-partille-cup\/\" \/>\n<meta property=\"og:locale\" content=\"en_US\" \/>\n<meta property=\"og:type\" content=\"article\" \/>\n<meta property=\"og:title\" content=\"Fr\u00e1b\u00e6r vika \u00e1 Partille Cup - \u00cd\u00fer\u00f3ttaf\u00e9lagi\u00f0 Gr\u00f3tta\" \/>\n<meta property=\"og:description\" content=\"4. og 5. flokkur karla og kvenna \u00ed handboltanum \u00ed Gr\u00f3ttu f\u00f3r \u00e1 st\u00e6rsta og flottasta handboltam\u00f3t \u00ed heimi, Partille Cup dagana 2. til 9. j\u00fal\u00ed s\u00ed\u00f0astli\u00f0inn. \u00c1 m\u00f3tinu l\u00e9ku [&hellip;]\" \/>\n<meta property=\"og:url\" content=\"https:\/\/grotta.is\/en\/handknattleiksdeild\/frabaer-vika-a-partille-cup\/\" \/>\n<meta property=\"og:site_name\" content=\"\u00cd\u00fer\u00f3ttaf\u00e9lagi\u00f0 Gr\u00f3tta\" \/>\n<meta property=\"article:publisher\" content=\"https:\/\/www.facebook.com\/grottasport\" \/>\n<meta property=\"article:published_time\" content=\"2023-08-13T22:41:01+00:00\" \/>\n<meta property=\"article:modified_time\" content=\"2023-08-13T22:41:04+00:00\" \/>\n<meta property=\"og:image\" content=\"https:\/\/grotta.is\/wp-content\/uploads\/2023\/08\/366011360_842816387368454_3088080282501458827_n.jpg\" \/>\n\t<meta property=\"og:image:width\" content=\"2048\" \/>\n\t<meta property=\"og:image:height\" content=\"1536\" \/>\n\t<meta property=\"og:image:type\" content=\"image\/jpeg\" \/>\n<meta name=\"author\" content=\"Andri Sigf\u00fasson\" \/>\n<meta name=\"twitter:card\" content=\"summary_large_image\" \/>\n<meta name=\"twitter:label1\" content=\"Written by\" \/>\n\t<meta name=\"twitter:data1\" content=\"Andri Sigf\u00fasson\" \/>\n\t<meta name=\"twitter:label2\" content=\"Est. reading time\" \/>\n\t<meta name=\"twitter:data2\" content=\"2 minutes\" \/>\n<script type=\"application\/ld+json\" class=\"yoast-schema-graph\">{\"@context\":\"https:\/\/schema.org\",\"@graph\":[{\"@type\":\"Article\",\"@id\":\"https:\/\/grotta.is\/handknattleiksdeild\/frabaer-vika-a-partille-cup\/#article\",\"isPartOf\":{\"@id\":\"https:\/\/grotta.is\/handknattleiksdeild\/frabaer-vika-a-partille-cup\/\"},\"author\":{\"name\":\"Andri Sigf\u00fasson\",\"@id\":\"https:\/\/grotta.is\/#\/schema\/person\/b21e9d5dfd92c90211e343e8d7252b1c\"},\"headline\":\"Fr\u00e1b\u00e6r vika \u00e1 Partille Cup\",\"datePublished\":\"2023-08-13T22:41:01+00:00\",\"dateModified\":\"2023-08-13T22:41:04+00:00\",\"mainEntityOfPage\":{\"@id\":\"https:\/\/grotta.is\/handknattleiksdeild\/frabaer-vika-a-partille-cup\/\"},\"wordCount\":245,\"publisher\":{\"@id\":\"https:\/\/grotta.is\/#organization\"},\"image\":{\"@id\":\"https:\/\/grotta.is\/handknattleiksdeild\/frabaer-vika-a-partille-cup\/#primaryimage\"},\"thumbnailUrl\":\"https:\/\/grotta.is\/wp-content\/uploads\/2023\/08\/366011360_842816387368454_3088080282501458827_n.jpg\",\"articleSection\":[\"Handknattleiksdeild\"],\"inLanguage\":\"en-US\"},{\"@type\":\"WebPage\",\"@id\":\"https:\/\/grotta.is\/handknattleiksdeild\/frabaer-vika-a-partille-cup\/\",\"url\":\"https:\/\/grotta.is\/handknattleiksdeild\/frabaer-vika-a-partille-cup\/\",\"name\":\"Fr\u00e1b\u00e6r vika \u00e1 Partille Cup - \u00cd\u00fer\u00f3ttaf\u00e9lagi\u00f0 Gr\u00f3tta\",\"isPartOf\":{\"@id\":\"https:\/\/grotta.is\/#website\"},\"primaryImageOfPage\":{\"@id\":\"https:\/\/grotta.is\/handknattleiksdeild\/frabaer-vika-a-partille-cup\/#primaryimage\"},\"image\":{\"@id\":\"https:\/\/grotta.is\/handknattleiksdeild\/frabaer-vika-a-partille-cup\/#primaryimage\"},\"thumbnailUrl\":\"https:\/\/grotta.is\/wp-content\/uploads\/2023\/08\/366011360_842816387368454_3088080282501458827_n.jpg\",\"datePublished\":\"2023-08-13T22:41:01+00:00\",\"dateModified\":\"2023-08-13T22:41:04+00:00\",\"breadcrumb\":{\"@id\":\"https:\/\/grotta.is\/handknattleiksdeild\/frabaer-vika-a-partille-cup\/#breadcrumb\"},\"inLanguage\":\"en-US\",\"potentialAction\":[{\"@type\":\"ReadAction\",\"target\":[\"https:\/\/grotta.is\/handknattleiksdeild\/frabaer-vika-a-partille-cup\/\"]}]},{\"@type\":\"ImageObject\",\"inLanguage\":\"en-US\",\"@id\":\"https:\/\/grotta.is\/handknattleiksdeild\/frabaer-vika-a-partille-cup\/#primaryimage\",\"url\":\"https:\/\/grotta.is\/wp-content\/uploads\/2023\/08\/366011360_842816387368454_3088080282501458827_n.jpg\",\"contentUrl\":\"https:\/\/grotta.is\/wp-content\/uploads\/2023\/08\/366011360_842816387368454_3088080282501458827_n.jpg\",\"width\":2048,\"height\":1536},{\"@type\":\"BreadcrumbList\",\"@id\":\"https:\/\/grotta.is\/handknattleiksdeild\/frabaer-vika-a-partille-cup\/#breadcrumb\",\"itemListElement\":[{\"@type\":\"ListItem\",\"position\":1,\"name\":\"Home\",\"item\":\"https:\/\/grotta.is\/\"},{\"@type\":\"ListItem\",\"position\":2,\"name\":\"Fr\u00e1b\u00e6r vika \u00e1 Partille Cup\"}]},{\"@type\":\"WebSite\",\"@id\":\"https:\/\/grotta.is\/#website\",\"url\":\"https:\/\/grotta.is\/\",\"name\":\"\u00cd\u00fer\u00f3ttaf\u00e9lagi\u00f0 Gr\u00f3tta\",\"description\":\"\u00e1 Seltjarnarnesi\",\"publisher\":{\"@id\":\"https:\/\/grotta.is\/#organization\"},\"potentialAction\":[{\"@type\":\"SearchAction\",\"target\":{\"@type\":\"EntryPoint\",\"urlTemplate\":\"https:\/\/grotta.is\/?s={search_term_string}\"},\"query-input\":{\"@type\":\"PropertyValueSpecification\",\"valueRequired\":true,\"valueName\":\"search_term_string\"}}],\"inLanguage\":\"en-US\"},{\"@type\":\"Organization\",\"@id\":\"https:\/\/grotta.is\/#organization\",\"name\":\"\u00cd\u00fer\u00f3ttaf\u00e9lagi\u00f0 Gr\u00f3tta\",\"url\":\"https:\/\/grotta.is\/\",\"logo\":{\"@type\":\"ImageObject\",\"inLanguage\":\"en-US\",\"@id\":\"https:\/\/grotta.is\/#\/schema\/logo\/image\/\",\"url\":\"https:\/\/grotta.is\/wp-content\/uploads\/2020\/02\/ithrottafelagidgrotta_logo_512x512_transparent.png\",\"contentUrl\":\"https:\/\/grotta.is\/wp-content\/uploads\/2020\/02\/ithrottafelagidgrotta_logo_512x512_transparent.png\",\"width\":512,\"height\":512,\"caption\":\"\u00cd\u00fer\u00f3ttaf\u00e9lagi\u00f0 Gr\u00f3tta\"},\"image\":{\"@id\":\"https:\/\/grotta.is\/#\/schema\/logo\/image\/\"},\"sameAs\":[\"https:\/\/www.facebook.com\/grottasport\"]},{\"@type\":\"Person\",\"@id\":\"https:\/\/grotta.is\/#\/schema\/person\/b21e9d5dfd92c90211e343e8d7252b1c\",\"name\":\"Andri Sigf\u00fasson\",\"url\":\"https:\/\/grotta.is\/en\/author\/andri\/\"}]}<\/script>\n<!-- \/ Yoast SEO plugin. -->","yoast_head_json":{"title":"Fr\u00e1b\u00e6r vika \u00e1 Partille Cup - \u00cd\u00fer\u00f3ttaf\u00e9lagi\u00f0 Gr\u00f3tta","robots":{"index":"index","follow":"follow","max-snippet":"max-snippet:-1","max-image-preview":"max-image-preview:large","max-video-preview":"max-video-preview:-1"},"canonical":"https:\/\/grotta.is\/en\/handknattleiksdeild\/frabaer-vika-a-partille-cup\/","og_locale":"en_US","og_type":"article","og_title":"Fr\u00e1b\u00e6r vika \u00e1 Partille Cup - \u00cd\u00fer\u00f3ttaf\u00e9lagi\u00f0 Gr\u00f3tta","og_description":"4. og 5. flokkur karla og kvenna \u00ed handboltanum \u00ed Gr\u00f3ttu f\u00f3r \u00e1 st\u00e6rsta og flottasta handboltam\u00f3t \u00ed heimi, Partille Cup dagana 2. til 9. j\u00fal\u00ed s\u00ed\u00f0astli\u00f0inn. \u00c1 m\u00f3tinu l\u00e9ku [&hellip;]","og_url":"https:\/\/grotta.is\/en\/handknattleiksdeild\/frabaer-vika-a-partille-cup\/","og_site_name":"\u00cd\u00fer\u00f3ttaf\u00e9lagi\u00f0 Gr\u00f3tta","article_publisher":"https:\/\/www.facebook.com\/grottasport","article_published_time":"2023-08-13T22:41:01+00:00","article_modified_time":"2023-08-13T22:41:04+00:00","og_image":[{"width":2048,"height":1536,"url":"https:\/\/grotta.is\/wp-content\/uploads\/2023\/08\/366011360_842816387368454_3088080282501458827_n.jpg","type":"image\/jpeg"}],"author":"Andri Sigf\u00fasson","twitter_card":"summary_large_image","twitter_misc":{"Written by":"Andri Sigf\u00fasson","Est. reading time":"2 minutes"},"schema":{"@context":"https:\/\/schema.org","@graph":[{"@type":"Article","@id":"https:\/\/grotta.is\/handknattleiksdeild\/frabaer-vika-a-partille-cup\/#article","isPartOf":{"@id":"https:\/\/grotta.is\/handknattleiksdeild\/frabaer-vika-a-partille-cup\/"},"author":{"name":"Andri Sigf\u00fasson","@id":"https:\/\/grotta.is\/#\/schema\/person\/b21e9d5dfd92c90211e343e8d7252b1c"},"headline":"Fr\u00e1b\u00e6r vika \u00e1 Partille Cup","datePublished":"2023-08-13T22:41:01+00:00","dateModified":"2023-08-13T22:41:04+00:00","mainEntityOfPage":{"@id":"https:\/\/grotta.is\/handknattleiksdeild\/frabaer-vika-a-partille-cup\/"},"wordCount":245,"publisher":{"@id":"https:\/\/grotta.is\/#organization"},"image":{"@id":"https:\/\/grotta.is\/handknattleiksdeild\/frabaer-vika-a-partille-cup\/#primaryimage"},"thumbnailUrl":"https:\/\/grotta.is\/wp-content\/uploads\/2023\/08\/366011360_842816387368454_3088080282501458827_n.jpg","articleSection":["Handknattleiksdeild"],"inLanguage":"en-US"},{"@type":"WebPage","@id":"https:\/\/grotta.is\/handknattleiksdeild\/frabaer-vika-a-partille-cup\/","url":"https:\/\/grotta.is\/handknattleiksdeild\/frabaer-vika-a-partille-cup\/","name":"Fr\u00e1b\u00e6r vika \u00e1 Partille Cup - \u00cd\u00fer\u00f3ttaf\u00e9lagi\u00f0 Gr\u00f3tta","isPartOf":{"@id":"https:\/\/grotta.is\/#website"},"primaryImageOfPage":{"@id":"https:\/\/grotta.is\/handknattleiksdeild\/frabaer-vika-a-partille-cup\/#primaryimage"},"image":{"@id":"https:\/\/grotta.is\/handknattleiksdeild\/frabaer-vika-a-partille-cup\/#primaryimage"},"thumbnailUrl":"https:\/\/grotta.is\/wp-content\/uploads\/2023\/08\/366011360_842816387368454_3088080282501458827_n.jpg","datePublished":"2023-08-13T22:41:01+00:00","dateModified":"2023-08-13T22:41:04+00:00","breadcrumb":{"@id":"https:\/\/grotta.is\/handknattleiksdeild\/frabaer-vika-a-partille-cup\/#breadcrumb"},"inLanguage":"en-US","potentialAction":[{"@type":"ReadAction","target":["https:\/\/grotta.is\/handknattleiksdeild\/frabaer-vika-a-partille-cup\/"]}]},{"@type":"ImageObject","inLanguage":"en-US","@id":"https:\/\/grotta.is\/handknattleiksdeild\/frabaer-vika-a-partille-cup\/#primaryimage","url":"https:\/\/grotta.is\/wp-content\/uploads\/2023\/08\/366011360_842816387368454_3088080282501458827_n.jpg","contentUrl":"https:\/\/grotta.is\/wp-content\/uploads\/2023\/08\/366011360_842816387368454_3088080282501458827_n.jpg","width":2048,"height":1536},{"@type":"BreadcrumbList","@id":"https:\/\/grotta.is\/handknattleiksdeild\/frabaer-vika-a-partille-cup\/#breadcrumb","itemListElement":[{"@type":"ListItem","position":1,"name":"Home","item":"https:\/\/grotta.is\/"},{"@type":"ListItem","position":2,"name":"Fr\u00e1b\u00e6r vika \u00e1 Partille Cup"}]},{"@type":"WebSite","@id":"https:\/\/grotta.is\/#website","url":"https:\/\/grotta.is\/","name":"\u00cd\u00fer\u00f3ttaf\u00e9lagi\u00f0 Gr\u00f3tta","description":"\u00e1 Seltjarnarnesi","publisher":{"@id":"https:\/\/grotta.is\/#organization"},"potentialAction":[{"@type":"SearchAction","target":{"@type":"EntryPoint","urlTemplate":"https:\/\/grotta.is\/?s={search_term_string}"},"query-input":{"@type":"PropertyValueSpecification","valueRequired":true,"valueName":"search_term_string"}}],"inLanguage":"en-US"},{"@type":"Organization","@id":"https:\/\/grotta.is\/#organization","name":"\u00cd\u00fer\u00f3ttaf\u00e9lagi\u00f0 Gr\u00f3tta","url":"https:\/\/grotta.is\/","logo":{"@type":"ImageObject","inLanguage":"en-US","@id":"https:\/\/grotta.is\/#\/schema\/logo\/image\/","url":"https:\/\/grotta.is\/wp-content\/uploads\/2020\/02\/ithrottafelagidgrotta_logo_512x512_transparent.png","contentUrl":"https:\/\/grotta.is\/wp-content\/uploads\/2020\/02\/ithrottafelagidgrotta_logo_512x512_transparent.png","width":512,"height":512,"caption":"\u00cd\u00fer\u00f3ttaf\u00e9lagi\u00f0 Gr\u00f3tta"},"image":{"@id":"https:\/\/grotta.is\/#\/schema\/logo\/image\/"},"sameAs":["https:\/\/www.facebook.com\/grottasport"]},{"@type":"Person","@id":"https:\/\/grotta.is\/#\/schema\/person\/b21e9d5dfd92c90211e343e8d7252b1c","name":"Andri Sigf\u00fasson","url":"https:\/\/grotta.is\/en\/author\/andri\/"}]}},"_links":{"self":[{"href":"https:\/\/grotta.is\/en\/wp-json\/wp\/v2\/posts\/432825","targetHints":{"allow":["GET"]}}],"collection":[{"href":"https:\/\/grotta.is\/en\/wp-json\/wp\/v2\/posts"}],"about":[{"href":"https:\/\/grotta.is\/en\/wp-json\/wp\/v2\/types\/post"}],"author":[{"embeddable":true,"href":"https:\/\/grotta.is\/en\/wp-json\/wp\/v2\/users\/10"}],"replies":[{"embeddable":true,"href":"https:\/\/grotta.is\/en\/wp-json\/wp\/v2\/comments?post=432825"}],"version-history":[{"count":1,"href":"https:\/\/grotta.is\/en\/wp-json\/wp\/v2\/posts\/432825\/revisions"}],"predecessor-version":[{"id":432831,"href":"https:\/\/grotta.is\/en\/wp-json\/wp\/v2\/posts\/432825\/revisions\/432831"}],"wp:featuredmedia":[{"embeddable":true,"href":"https:\/\/grotta.is\/en\/wp-json\/wp\/v2\/media\/432830"}],"wp:attachment":[{"href":"https:\/\/grotta.is\/en\/wp-json\/wp\/v2\/media?parent=432825"}],"wp:term":[{"taxonomy":"category","embeddable":true,"href":"https:\/\/grotta.is\/en\/wp-json\/wp\/v2\/categories?post=432825"},{"taxonomy":"post_tag","embeddable":true,"href":"https:\/\/grotta.is\/en\/wp-json\/wp\/v2\/tags?post=432825"}],"curies":[{"name":"wp","href":"https:\/\/api.w.org\/{rel}","templated":true}]}}