{"id":432798,"date":"2023-08-10T14:55:10","date_gmt":"2023-08-10T14:55:10","guid":{"rendered":"https:\/\/grotta.is\/?p=432798"},"modified":"2023-08-10T14:55:11","modified_gmt":"2023-08-10T14:55:11","slug":"draumaferd-til-thyskalands","status":"publish","type":"post","link":"https:\/\/grotta.is\/en\/handknattleiksdeild\/draumaferd-til-thyskalands\/","title":{"rendered":"Draumafer\u00f0 til \u00de\u00fdskalands"},"content":{"rendered":"<p>3.flokkur karla f\u00f3r \u00ed sannkalla\u00f0a draumafer\u00f0 til \u00de\u00fdskalands um mi\u00f0jan j\u00fan\u00edm\u00e1nu\u00f0. Str\u00e1karnir dv\u00f6ldu fyrstu dagana \u00ed Leipzig \u00fear sem \u00feeir \u00e6f\u00f0u og l\u00e9ku \u00ferj\u00e1 \u00e6fingaleiki vi\u00f0 heimamenn. Fyrstu tveir leikirnir voru vi\u00f0 jafnaldra str\u00e1kanna fr\u00e1 Leipzig en seinasti leikurinn var gegn \u00farvalsli\u00f0i Saxlands-h\u00e9ra\u00f0s. Leikirnir gengu fr\u00e1b\u00e6rlega. Okkar str\u00e1kar l\u00e9ku gr\u00ed\u00f0arlega vel og unnu alla \u00ferj\u00e1 leikina \u00f6rugglega. Seinasta daginn \u00ed Leipzig bau\u00f0 atvinnu- og landsli\u00f0sma\u00f0urinn Vigg\u00f3 Kristj\u00e1nsson str\u00e1kunum heim til s\u00edn \u00ed grill og spjall. Str\u00e1karnir nutu heims\u00f3knarinnar vel og \u00fe\u00f6kkum vi\u00f0 Gr\u00f3ttumanninum k\u00e6rlega fyrir heimbo\u00f0i\u00f0.<\/p><p>Seinustu \u00fer\u00edr dagar fer\u00f0arinnar voru \u00ed K\u00f6ln \u00fear sem Final 4 \u00ed meistaradeildinni f\u00f3r fram \u00ed gl\u00e6silegri Lanxess-\u00ed\u00fer\u00f3ttah\u00f6llinni. \u00dear s\u00e1u str\u00e1karnir hverja st\u00f3rstj\u00f6rnuna \u00e1 f\u00e6tur annarri og a\u00f0 lokum Magdeburg me\u00f0 G\u00edsla \u00deorgeir Kristj\u00e1nsson \u00ed fararbroddi ver\u00f0a Evr\u00f3pumeistara eftir fr\u00e1b\u00e6ra leiki.<\/p><p>Fer\u00f0in mun \u00e1n efa skilja eftir \u00f3tal minningar enda vel heppnu\u00f0 fer\u00f0 hj\u00e1 str\u00e1kunum.<\/p><p><img fetchpriority=\"high\" decoding=\"async\" width=\"500\" height=\"375\" class=\"wp-image-432803\" style=\"width: 500px;\" src=\"https:\/\/grotta.is\/wp-content\/uploads\/2023\/08\/353417836_10227998218994530_5273396397347873658_n-1.jpg\" alt=\"\" srcset=\"https:\/\/grotta.is\/wp-content\/uploads\/2023\/08\/353417836_10227998218994530_5273396397347873658_n-1.jpg 2048w, https:\/\/grotta.is\/wp-content\/uploads\/2023\/08\/353417836_10227998218994530_5273396397347873658_n-1-300x225.jpg 300w, https:\/\/grotta.is\/wp-content\/uploads\/2023\/08\/353417836_10227998218994530_5273396397347873658_n-1-1024x768.jpg 1024w, https:\/\/grotta.is\/wp-content\/uploads\/2023\/08\/353417836_10227998218994530_5273396397347873658_n-1-768x576.jpg 768w, https:\/\/grotta.is\/wp-content\/uploads\/2023\/08\/353417836_10227998218994530_5273396397347873658_n-1-1536x1152.jpg 1536w, https:\/\/grotta.is\/wp-content\/uploads\/2023\/08\/353417836_10227998218994530_5273396397347873658_n-1-16x12.jpg 16w, https:\/\/grotta.is\/wp-content\/uploads\/2023\/08\/353417836_10227998218994530_5273396397347873658_n-1-600x450.jpg 600w\" sizes=\"(max-width: 500px) 100vw, 500px\" \/><\/p><p><img decoding=\"async\" width=\"500\" height=\"667\" class=\"wp-image-432800 lazyload\" style=\"--smush-placeholder-width: 500px; --smush-placeholder-aspect-ratio: 500\/667;width: 500px;\" data-src=\"https:\/\/grotta.is\/wp-content\/uploads\/2023\/08\/354454003_10228031371943333_5075363256205958707_n.jpg\" alt=\"\" data-srcset=\"https:\/\/grotta.is\/wp-content\/uploads\/2023\/08\/354454003_10228031371943333_5075363256205958707_n.jpg 1536w, https:\/\/grotta.is\/wp-content\/uploads\/2023\/08\/354454003_10228031371943333_5075363256205958707_n-225x300.jpg 225w, https:\/\/grotta.is\/wp-content\/uploads\/2023\/08\/354454003_10228031371943333_5075363256205958707_n-768x1024.jpg 768w, https:\/\/grotta.is\/wp-content\/uploads\/2023\/08\/354454003_10228031371943333_5075363256205958707_n-1152x1536.jpg 1152w, https:\/\/grotta.is\/wp-content\/uploads\/2023\/08\/354454003_10228031371943333_5075363256205958707_n-9x12.jpg 9w, https:\/\/grotta.is\/wp-content\/uploads\/2023\/08\/354454003_10228031371943333_5075363256205958707_n-600x800.jpg 600w\" data-sizes=\"(max-width: 500px) 100vw, 500px\" src=\"data:image\/gif;base64,R0lGODlhAQABAAAAACH5BAEKAAEALAAAAAABAAEAAAICTAEAOw==\" \/><\/p><p><\/p><p><\/p><p><\/p>","protected":false},"excerpt":{"rendered":"<p>3.flokkur karla f\u00f3r \u00ed sannkalla\u00f0a draumafer\u00f0 til \u00de\u00fdskalands um mi\u00f0jan j\u00fan\u00edm\u00e1nu\u00f0. Str\u00e1karnir dv\u00f6ldu fyrstu dagana \u00ed Leipzig \u00fear sem \u00feeir \u00e6f\u00f0u og l\u00e9ku \u00ferj\u00e1 \u00e6fingaleiki vi\u00f0 heimamenn. Fyrstu tveir leikirnir [&hellip;]<\/p>","protected":false},"author":10,"featured_media":432802,"comment_status":"closed","ping_status":"closed","sticky":false,"template":"","format":"standard","meta":{"footnotes":""},"categories":[12],"tags":[],"class_list":["post-432798","post","type-post","status-publish","format-standard","has-post-thumbnail","hentry","category-handknattleiksdeild"],"yoast_head":"<!-- This site is optimized with the Yoast SEO plugin v24.3 - https:\/\/yoast.com\/wordpress\/plugins\/seo\/ -->\n<title>Draumafer\u00f0 til \u00de\u00fdskalands - \u00cd\u00fer\u00f3ttaf\u00e9lagi\u00f0 Gr\u00f3tta<\/title>\n<meta name=\"robots\" content=\"index, follow, max-snippet:-1, max-image-preview:large, max-video-preview:-1\" \/>\n<link rel=\"canonical\" href=\"https:\/\/grotta.is\/en\/handknattleiksdeild\/draumaferd-til-thyskalands\/\" \/>\n<meta property=\"og:locale\" content=\"en_US\" \/>\n<meta property=\"og:type\" content=\"article\" \/>\n<meta property=\"og:title\" content=\"Draumafer\u00f0 til \u00de\u00fdskalands - \u00cd\u00fer\u00f3ttaf\u00e9lagi\u00f0 Gr\u00f3tta\" \/>\n<meta property=\"og:description\" content=\"3.flokkur karla f\u00f3r \u00ed sannkalla\u00f0a draumafer\u00f0 til \u00de\u00fdskalands um mi\u00f0jan j\u00fan\u00edm\u00e1nu\u00f0. Str\u00e1karnir dv\u00f6ldu fyrstu dagana \u00ed Leipzig \u00fear sem \u00feeir \u00e6f\u00f0u og l\u00e9ku \u00ferj\u00e1 \u00e6fingaleiki vi\u00f0 heimamenn. Fyrstu tveir leikirnir [&hellip;]\" \/>\n<meta property=\"og:url\" content=\"https:\/\/grotta.is\/en\/handknattleiksdeild\/draumaferd-til-thyskalands\/\" \/>\n<meta property=\"og:site_name\" content=\"\u00cd\u00fer\u00f3ttaf\u00e9lagi\u00f0 Gr\u00f3tta\" \/>\n<meta property=\"article:publisher\" content=\"https:\/\/www.facebook.com\/grottasport\" \/>\n<meta property=\"article:published_time\" content=\"2023-08-10T14:55:10+00:00\" \/>\n<meta property=\"article:modified_time\" content=\"2023-08-10T14:55:11+00:00\" \/>\n<meta property=\"og:image\" content=\"https:\/\/grotta.is\/wp-content\/uploads\/2023\/08\/347565487_10228086745687642_3388779763772232605_n.jpg\" \/>\n\t<meta property=\"og:image:width\" content=\"2048\" \/>\n\t<meta property=\"og:image:height\" content=\"1536\" \/>\n\t<meta property=\"og:image:type\" content=\"image\/jpeg\" \/>\n<meta name=\"author\" content=\"Andri Sigf\u00fasson\" \/>\n<meta name=\"twitter:card\" content=\"summary_large_image\" \/>\n<meta name=\"twitter:label1\" content=\"Written by\" \/>\n\t<meta name=\"twitter:data1\" content=\"Andri Sigf\u00fasson\" \/>\n\t<meta name=\"twitter:label2\" content=\"Est. reading time\" \/>\n\t<meta name=\"twitter:data2\" content=\"2 minutes\" \/>\n<script type=\"application\/ld+json\" class=\"yoast-schema-graph\">{\"@context\":\"https:\/\/schema.org\",\"@graph\":[{\"@type\":\"Article\",\"@id\":\"https:\/\/grotta.is\/handknattleiksdeild\/draumaferd-til-thyskalands\/#article\",\"isPartOf\":{\"@id\":\"https:\/\/grotta.is\/handknattleiksdeild\/draumaferd-til-thyskalands\/\"},\"author\":{\"name\":\"Andri Sigf\u00fasson\",\"@id\":\"https:\/\/grotta.is\/#\/schema\/person\/b21e9d5dfd92c90211e343e8d7252b1c\"},\"headline\":\"Draumafer\u00f0 til \u00de\u00fdskalands\",\"datePublished\":\"2023-08-10T14:55:10+00:00\",\"dateModified\":\"2023-08-10T14:55:11+00:00\",\"mainEntityOfPage\":{\"@id\":\"https:\/\/grotta.is\/handknattleiksdeild\/draumaferd-til-thyskalands\/\"},\"wordCount\":184,\"publisher\":{\"@id\":\"https:\/\/grotta.is\/#organization\"},\"image\":{\"@id\":\"https:\/\/grotta.is\/handknattleiksdeild\/draumaferd-til-thyskalands\/#primaryimage\"},\"thumbnailUrl\":\"https:\/\/grotta.is\/wp-content\/uploads\/2023\/08\/347565487_10228086745687642_3388779763772232605_n.jpg\",\"articleSection\":[\"Handknattleiksdeild\"],\"inLanguage\":\"en-US\"},{\"@type\":\"WebPage\",\"@id\":\"https:\/\/grotta.is\/handknattleiksdeild\/draumaferd-til-thyskalands\/\",\"url\":\"https:\/\/grotta.is\/handknattleiksdeild\/draumaferd-til-thyskalands\/\",\"name\":\"Draumafer\u00f0 til \u00de\u00fdskalands - \u00cd\u00fer\u00f3ttaf\u00e9lagi\u00f0 Gr\u00f3tta\",\"isPartOf\":{\"@id\":\"https:\/\/grotta.is\/#website\"},\"primaryImageOfPage\":{\"@id\":\"https:\/\/grotta.is\/handknattleiksdeild\/draumaferd-til-thyskalands\/#primaryimage\"},\"image\":{\"@id\":\"https:\/\/grotta.is\/handknattleiksdeild\/draumaferd-til-thyskalands\/#primaryimage\"},\"thumbnailUrl\":\"https:\/\/grotta.is\/wp-content\/uploads\/2023\/08\/347565487_10228086745687642_3388779763772232605_n.jpg\",\"datePublished\":\"2023-08-10T14:55:10+00:00\",\"dateModified\":\"2023-08-10T14:55:11+00:00\",\"breadcrumb\":{\"@id\":\"https:\/\/grotta.is\/handknattleiksdeild\/draumaferd-til-thyskalands\/#breadcrumb\"},\"inLanguage\":\"en-US\",\"potentialAction\":[{\"@type\":\"ReadAction\",\"target\":[\"https:\/\/grotta.is\/handknattleiksdeild\/draumaferd-til-thyskalands\/\"]}]},{\"@type\":\"ImageObject\",\"inLanguage\":\"en-US\",\"@id\":\"https:\/\/grotta.is\/handknattleiksdeild\/draumaferd-til-thyskalands\/#primaryimage\",\"url\":\"https:\/\/grotta.is\/wp-content\/uploads\/2023\/08\/347565487_10228086745687642_3388779763772232605_n.jpg\",\"contentUrl\":\"https:\/\/grotta.is\/wp-content\/uploads\/2023\/08\/347565487_10228086745687642_3388779763772232605_n.jpg\",\"width\":2048,\"height\":1536},{\"@type\":\"BreadcrumbList\",\"@id\":\"https:\/\/grotta.is\/handknattleiksdeild\/draumaferd-til-thyskalands\/#breadcrumb\",\"itemListElement\":[{\"@type\":\"ListItem\",\"position\":1,\"name\":\"Home\",\"item\":\"https:\/\/grotta.is\/\"},{\"@type\":\"ListItem\",\"position\":2,\"name\":\"Draumafer\u00f0 til \u00de\u00fdskalands\"}]},{\"@type\":\"WebSite\",\"@id\":\"https:\/\/grotta.is\/#website\",\"url\":\"https:\/\/grotta.is\/\",\"name\":\"\u00cd\u00fer\u00f3ttaf\u00e9lagi\u00f0 Gr\u00f3tta\",\"description\":\"\u00e1 Seltjarnarnesi\",\"publisher\":{\"@id\":\"https:\/\/grotta.is\/#organization\"},\"potentialAction\":[{\"@type\":\"SearchAction\",\"target\":{\"@type\":\"EntryPoint\",\"urlTemplate\":\"https:\/\/grotta.is\/?s={search_term_string}\"},\"query-input\":{\"@type\":\"PropertyValueSpecification\",\"valueRequired\":true,\"valueName\":\"search_term_string\"}}],\"inLanguage\":\"en-US\"},{\"@type\":\"Organization\",\"@id\":\"https:\/\/grotta.is\/#organization\",\"name\":\"\u00cd\u00fer\u00f3ttaf\u00e9lagi\u00f0 Gr\u00f3tta\",\"url\":\"https:\/\/grotta.is\/\",\"logo\":{\"@type\":\"ImageObject\",\"inLanguage\":\"en-US\",\"@id\":\"https:\/\/grotta.is\/#\/schema\/logo\/image\/\",\"url\":\"https:\/\/grotta.is\/wp-content\/uploads\/2020\/02\/ithrottafelagidgrotta_logo_512x512_transparent.png\",\"contentUrl\":\"https:\/\/grotta.is\/wp-content\/uploads\/2020\/02\/ithrottafelagidgrotta_logo_512x512_transparent.png\",\"width\":512,\"height\":512,\"caption\":\"\u00cd\u00fer\u00f3ttaf\u00e9lagi\u00f0 Gr\u00f3tta\"},\"image\":{\"@id\":\"https:\/\/grotta.is\/#\/schema\/logo\/image\/\"},\"sameAs\":[\"https:\/\/www.facebook.com\/grottasport\"]},{\"@type\":\"Person\",\"@id\":\"https:\/\/grotta.is\/#\/schema\/person\/b21e9d5dfd92c90211e343e8d7252b1c\",\"name\":\"Andri Sigf\u00fasson\",\"url\":\"https:\/\/grotta.is\/en\/author\/andri\/\"}]}<\/script>\n<!-- \/ Yoast SEO plugin. -->","yoast_head_json":{"title":"Draumafer\u00f0 til \u00de\u00fdskalands - \u00cd\u00fer\u00f3ttaf\u00e9lagi\u00f0 Gr\u00f3tta","robots":{"index":"index","follow":"follow","max-snippet":"max-snippet:-1","max-image-preview":"max-image-preview:large","max-video-preview":"max-video-preview:-1"},"canonical":"https:\/\/grotta.is\/en\/handknattleiksdeild\/draumaferd-til-thyskalands\/","og_locale":"en_US","og_type":"article","og_title":"Draumafer\u00f0 til \u00de\u00fdskalands - \u00cd\u00fer\u00f3ttaf\u00e9lagi\u00f0 Gr\u00f3tta","og_description":"3.flokkur karla f\u00f3r \u00ed sannkalla\u00f0a draumafer\u00f0 til \u00de\u00fdskalands um mi\u00f0jan j\u00fan\u00edm\u00e1nu\u00f0. Str\u00e1karnir dv\u00f6ldu fyrstu dagana \u00ed Leipzig \u00fear sem \u00feeir \u00e6f\u00f0u og l\u00e9ku \u00ferj\u00e1 \u00e6fingaleiki vi\u00f0 heimamenn. Fyrstu tveir leikirnir [&hellip;]","og_url":"https:\/\/grotta.is\/en\/handknattleiksdeild\/draumaferd-til-thyskalands\/","og_site_name":"\u00cd\u00fer\u00f3ttaf\u00e9lagi\u00f0 Gr\u00f3tta","article_publisher":"https:\/\/www.facebook.com\/grottasport","article_published_time":"2023-08-10T14:55:10+00:00","article_modified_time":"2023-08-10T14:55:11+00:00","og_image":[{"width":2048,"height":1536,"url":"https:\/\/grotta.is\/wp-content\/uploads\/2023\/08\/347565487_10228086745687642_3388779763772232605_n.jpg","type":"image\/jpeg"}],"author":"Andri Sigf\u00fasson","twitter_card":"summary_large_image","twitter_misc":{"Written by":"Andri Sigf\u00fasson","Est. reading time":"2 minutes"},"schema":{"@context":"https:\/\/schema.org","@graph":[{"@type":"Article","@id":"https:\/\/grotta.is\/handknattleiksdeild\/draumaferd-til-thyskalands\/#article","isPartOf":{"@id":"https:\/\/grotta.is\/handknattleiksdeild\/draumaferd-til-thyskalands\/"},"author":{"name":"Andri Sigf\u00fasson","@id":"https:\/\/grotta.is\/#\/schema\/person\/b21e9d5dfd92c90211e343e8d7252b1c"},"headline":"Draumafer\u00f0 til \u00de\u00fdskalands","datePublished":"2023-08-10T14:55:10+00:00","dateModified":"2023-08-10T14:55:11+00:00","mainEntityOfPage":{"@id":"https:\/\/grotta.is\/handknattleiksdeild\/draumaferd-til-thyskalands\/"},"wordCount":184,"publisher":{"@id":"https:\/\/grotta.is\/#organization"},"image":{"@id":"https:\/\/grotta.is\/handknattleiksdeild\/draumaferd-til-thyskalands\/#primaryimage"},"thumbnailUrl":"https:\/\/grotta.is\/wp-content\/uploads\/2023\/08\/347565487_10228086745687642_3388779763772232605_n.jpg","articleSection":["Handknattleiksdeild"],"inLanguage":"en-US"},{"@type":"WebPage","@id":"https:\/\/grotta.is\/handknattleiksdeild\/draumaferd-til-thyskalands\/","url":"https:\/\/grotta.is\/handknattleiksdeild\/draumaferd-til-thyskalands\/","name":"Draumafer\u00f0 til \u00de\u00fdskalands - \u00cd\u00fer\u00f3ttaf\u00e9lagi\u00f0 Gr\u00f3tta","isPartOf":{"@id":"https:\/\/grotta.is\/#website"},"primaryImageOfPage":{"@id":"https:\/\/grotta.is\/handknattleiksdeild\/draumaferd-til-thyskalands\/#primaryimage"},"image":{"@id":"https:\/\/grotta.is\/handknattleiksdeild\/draumaferd-til-thyskalands\/#primaryimage"},"thumbnailUrl":"https:\/\/grotta.is\/wp-content\/uploads\/2023\/08\/347565487_10228086745687642_3388779763772232605_n.jpg","datePublished":"2023-08-10T14:55:10+00:00","dateModified":"2023-08-10T14:55:11+00:00","breadcrumb":{"@id":"https:\/\/grotta.is\/handknattleiksdeild\/draumaferd-til-thyskalands\/#breadcrumb"},"inLanguage":"en-US","potentialAction":[{"@type":"ReadAction","target":["https:\/\/grotta.is\/handknattleiksdeild\/draumaferd-til-thyskalands\/"]}]},{"@type":"ImageObject","inLanguage":"en-US","@id":"https:\/\/grotta.is\/handknattleiksdeild\/draumaferd-til-thyskalands\/#primaryimage","url":"https:\/\/grotta.is\/wp-content\/uploads\/2023\/08\/347565487_10228086745687642_3388779763772232605_n.jpg","contentUrl":"https:\/\/grotta.is\/wp-content\/uploads\/2023\/08\/347565487_10228086745687642_3388779763772232605_n.jpg","width":2048,"height":1536},{"@type":"BreadcrumbList","@id":"https:\/\/grotta.is\/handknattleiksdeild\/draumaferd-til-thyskalands\/#breadcrumb","itemListElement":[{"@type":"ListItem","position":1,"name":"Home","item":"https:\/\/grotta.is\/"},{"@type":"ListItem","position":2,"name":"Draumafer\u00f0 til \u00de\u00fdskalands"}]},{"@type":"WebSite","@id":"https:\/\/grotta.is\/#website","url":"https:\/\/grotta.is\/","name":"\u00cd\u00fer\u00f3ttaf\u00e9lagi\u00f0 Gr\u00f3tta","description":"\u00e1 Seltjarnarnesi","publisher":{"@id":"https:\/\/grotta.is\/#organization"},"potentialAction":[{"@type":"SearchAction","target":{"@type":"EntryPoint","urlTemplate":"https:\/\/grotta.is\/?s={search_term_string}"},"query-input":{"@type":"PropertyValueSpecification","valueRequired":true,"valueName":"search_term_string"}}],"inLanguage":"en-US"},{"@type":"Organization","@id":"https:\/\/grotta.is\/#organization","name":"\u00cd\u00fer\u00f3ttaf\u00e9lagi\u00f0 Gr\u00f3tta","url":"https:\/\/grotta.is\/","logo":{"@type":"ImageObject","inLanguage":"en-US","@id":"https:\/\/grotta.is\/#\/schema\/logo\/image\/","url":"https:\/\/grotta.is\/wp-content\/uploads\/2020\/02\/ithrottafelagidgrotta_logo_512x512_transparent.png","contentUrl":"https:\/\/grotta.is\/wp-content\/uploads\/2020\/02\/ithrottafelagidgrotta_logo_512x512_transparent.png","width":512,"height":512,"caption":"\u00cd\u00fer\u00f3ttaf\u00e9lagi\u00f0 Gr\u00f3tta"},"image":{"@id":"https:\/\/grotta.is\/#\/schema\/logo\/image\/"},"sameAs":["https:\/\/www.facebook.com\/grottasport"]},{"@type":"Person","@id":"https:\/\/grotta.is\/#\/schema\/person\/b21e9d5dfd92c90211e343e8d7252b1c","name":"Andri Sigf\u00fasson","url":"https:\/\/grotta.is\/en\/author\/andri\/"}]}},"_links":{"self":[{"href":"https:\/\/grotta.is\/en\/wp-json\/wp\/v2\/posts\/432798","targetHints":{"allow":["GET"]}}],"collection":[{"href":"https:\/\/grotta.is\/en\/wp-json\/wp\/v2\/posts"}],"about":[{"href":"https:\/\/grotta.is\/en\/wp-json\/wp\/v2\/types\/post"}],"author":[{"embeddable":true,"href":"https:\/\/grotta.is\/en\/wp-json\/wp\/v2\/users\/10"}],"replies":[{"embeddable":true,"href":"https:\/\/grotta.is\/en\/wp-json\/wp\/v2\/comments?post=432798"}],"version-history":[{"count":1,"href":"https:\/\/grotta.is\/en\/wp-json\/wp\/v2\/posts\/432798\/revisions"}],"predecessor-version":[{"id":432804,"href":"https:\/\/grotta.is\/en\/wp-json\/wp\/v2\/posts\/432798\/revisions\/432804"}],"wp:featuredmedia":[{"embeddable":true,"href":"https:\/\/grotta.is\/en\/wp-json\/wp\/v2\/media\/432802"}],"wp:attachment":[{"href":"https:\/\/grotta.is\/en\/wp-json\/wp\/v2\/media?parent=432798"}],"wp:term":[{"taxonomy":"category","embeddable":true,"href":"https:\/\/grotta.is\/en\/wp-json\/wp\/v2\/categories?post=432798"},{"taxonomy":"post_tag","embeddable":true,"href":"https:\/\/grotta.is\/en\/wp-json\/wp\/v2\/tags?post=432798"}],"curies":[{"name":"wp","href":"https:\/\/api.w.org\/{rel}","templated":true}]}}