{"id":431878,"date":"2023-08-03T16:22:12","date_gmt":"2023-08-03T16:22:12","guid":{"rendered":"https:\/\/grotta.is\/?p=431878"},"modified":"2023-08-03T16:22:15","modified_gmt":"2023-08-03T16:22:15","slug":"ludvik-afram-i-grottu-2","status":"publish","type":"post","link":"https:\/\/grotta.is\/en\/handknattleiksdeild\/ludvik-afram-i-grottu-2\/","title":{"rendered":"L\u00fa\u00f0v\u00edk \u00e1fram \u00ed Gr\u00f3ttu"},"content":{"rendered":"<p>L\u00fa\u00f0v\u00edk Thorberg Arnkelsson hefur skrifa\u00f0 undir n\u00fdjan tveggja \u00e1ra samning vi\u00f0 Handknattleiksdeild Gr\u00f3ttu. Hann er f\u00e6ddur \u00e1ri\u00f0 1997 og kom til f\u00e9lagsins fyrir \u00feremur \u00e1rum s\u00ed\u00f0an. Hann getur b\u00e6\u00f0i leiki\u00f0 sem skytta og leikstj\u00f3rnandi. L\u00fa\u00f0v\u00edk gl\u00edmdi vi\u00f0 mei\u00f0sli \u00ed fyrra og gat ekki beitt s\u00e9r af fullum krafti allt leikt\u00edmabili\u00f0. \u00der\u00e1tt fyrir \u00fea\u00f0 skora\u00f0i hann 51 mark fyrir Gr\u00f3ttu.<\/p><p>\u00dea\u00f0 eru mikil gle\u00f0it\u00ed\u00f0indi a\u00f0 L\u00fa\u00f0v\u00edk ver\u00f0i \u00e1fram \u00ed Gr\u00f3ttu enda virkilega \u00f6flugur leikma\u00f0ur. Hann hefur gott auga fyrir spili og hefur st\u00fdrt leik Gr\u00f3ttuli\u00f0sins afskaplega vel \u00e1 undanf\u00f6rnum \u00e1rum. \u201eL\u00fa\u00f0v\u00edk er mj\u00f6g g\u00f3\u00f0ur handboltaleikma\u00f0ur sem vi\u00f0 l\u00f6g\u00f0um kapp \u00e1 a\u00f0 tryggja \u00e1fram \u00ed Gr\u00f3ttu. \u00dea\u00f0 er von okkar a\u00f0 hann muni st\u00edga enn frekar upp \u00ed vetur enda hefur hann alla bur\u00f0i \u00ed \u00fea\u00f0. Vi\u00f0 erum himinlifandi\u201c, sag\u00f0i R\u00f3bert Gunnarsson \u00fej\u00e1lfari Gr\u00f3ttuli\u00f0sins.<\/p><p>Mynd: Eyj\u00f3lfur Gar\u00f0arsson<\/p>","protected":false},"excerpt":{"rendered":"<p>L\u00fa\u00f0v\u00edk Thorberg Arnkelsson hefur skrifa\u00f0 undir n\u00fdjan tveggja \u00e1ra samning vi\u00f0 Handknattleiksdeild Gr\u00f3ttu. Hann er f\u00e6ddur \u00e1ri\u00f0 1997 og kom til f\u00e9lagsins fyrir \u00feremur \u00e1rum s\u00ed\u00f0an. Hann getur b\u00e6\u00f0i leiki\u00f0 [&hellip;]<\/p>","protected":false},"author":10,"featured_media":431879,"comment_status":"closed","ping_status":"closed","sticky":false,"template":"","format":"standard","meta":{"footnotes":""},"categories":[12],"tags":[],"class_list":["post-431878","post","type-post","status-publish","format-standard","has-post-thumbnail","hentry","category-handknattleiksdeild"],"yoast_head":"<!-- This site is optimized with the Yoast SEO plugin v24.3 - https:\/\/yoast.com\/wordpress\/plugins\/seo\/ -->\n<title>L\u00fa\u00f0v\u00edk \u00e1fram \u00ed Gr\u00f3ttu - \u00cd\u00fer\u00f3ttaf\u00e9lagi\u00f0 Gr\u00f3tta<\/title>\n<meta name=\"robots\" content=\"index, follow, max-snippet:-1, max-image-preview:large, max-video-preview:-1\" \/>\n<link rel=\"canonical\" href=\"https:\/\/grotta.is\/en\/handknattleiksdeild\/ludvik-afram-i-grottu-2\/\" \/>\n<meta property=\"og:locale\" content=\"en_US\" \/>\n<meta property=\"og:type\" content=\"article\" \/>\n<meta property=\"og:title\" content=\"L\u00fa\u00f0v\u00edk \u00e1fram \u00ed Gr\u00f3ttu - \u00cd\u00fer\u00f3ttaf\u00e9lagi\u00f0 Gr\u00f3tta\" \/>\n<meta property=\"og:description\" content=\"L\u00fa\u00f0v\u00edk Thorberg Arnkelsson hefur skrifa\u00f0 undir n\u00fdjan tveggja \u00e1ra samning vi\u00f0 Handknattleiksdeild Gr\u00f3ttu. Hann er f\u00e6ddur \u00e1ri\u00f0 1997 og kom til f\u00e9lagsins fyrir \u00feremur \u00e1rum s\u00ed\u00f0an. Hann getur b\u00e6\u00f0i leiki\u00f0 [&hellip;]\" \/>\n<meta property=\"og:url\" content=\"https:\/\/grotta.is\/en\/handknattleiksdeild\/ludvik-afram-i-grottu-2\/\" \/>\n<meta property=\"og:site_name\" content=\"\u00cd\u00fer\u00f3ttaf\u00e9lagi\u00f0 Gr\u00f3tta\" \/>\n<meta property=\"article:publisher\" content=\"https:\/\/www.facebook.com\/grottasport\" \/>\n<meta property=\"article:published_time\" content=\"2023-08-03T16:22:12+00:00\" \/>\n<meta property=\"article:modified_time\" content=\"2023-08-03T16:22:15+00:00\" \/>\n<meta property=\"og:image\" content=\"https:\/\/grotta.is\/wp-content\/uploads\/2023\/08\/1DX21355.jpg\" \/>\n\t<meta property=\"og:image:width\" content=\"2400\" \/>\n\t<meta property=\"og:image:height\" content=\"1601\" \/>\n\t<meta property=\"og:image:type\" content=\"image\/jpeg\" \/>\n<meta name=\"author\" content=\"Andri Sigf\u00fasson\" \/>\n<meta name=\"twitter:card\" content=\"summary_large_image\" \/>\n<meta name=\"twitter:label1\" content=\"Written by\" \/>\n\t<meta name=\"twitter:data1\" content=\"Andri Sigf\u00fasson\" \/>\n\t<meta name=\"twitter:label2\" content=\"Est. reading time\" \/>\n\t<meta name=\"twitter:data2\" content=\"1 minute\" \/>\n<script type=\"application\/ld+json\" class=\"yoast-schema-graph\">{\"@context\":\"https:\/\/schema.org\",\"@graph\":[{\"@type\":\"Article\",\"@id\":\"https:\/\/grotta.is\/handknattleiksdeild\/ludvik-afram-i-grottu-2\/#article\",\"isPartOf\":{\"@id\":\"https:\/\/grotta.is\/handknattleiksdeild\/ludvik-afram-i-grottu-2\/\"},\"author\":{\"name\":\"Andri Sigf\u00fasson\",\"@id\":\"https:\/\/grotta.is\/#\/schema\/person\/b21e9d5dfd92c90211e343e8d7252b1c\"},\"headline\":\"L\u00fa\u00f0v\u00edk \u00e1fram \u00ed Gr\u00f3ttu\",\"datePublished\":\"2023-08-03T16:22:12+00:00\",\"dateModified\":\"2023-08-03T16:22:15+00:00\",\"mainEntityOfPage\":{\"@id\":\"https:\/\/grotta.is\/handknattleiksdeild\/ludvik-afram-i-grottu-2\/\"},\"wordCount\":178,\"publisher\":{\"@id\":\"https:\/\/grotta.is\/#organization\"},\"image\":{\"@id\":\"https:\/\/grotta.is\/handknattleiksdeild\/ludvik-afram-i-grottu-2\/#primaryimage\"},\"thumbnailUrl\":\"https:\/\/grotta.is\/wp-content\/uploads\/2023\/08\/1DX21355.jpg\",\"articleSection\":[\"Handknattleiksdeild\"],\"inLanguage\":\"en-US\"},{\"@type\":\"WebPage\",\"@id\":\"https:\/\/grotta.is\/handknattleiksdeild\/ludvik-afram-i-grottu-2\/\",\"url\":\"https:\/\/grotta.is\/handknattleiksdeild\/ludvik-afram-i-grottu-2\/\",\"name\":\"L\u00fa\u00f0v\u00edk \u00e1fram \u00ed Gr\u00f3ttu - \u00cd\u00fer\u00f3ttaf\u00e9lagi\u00f0 Gr\u00f3tta\",\"isPartOf\":{\"@id\":\"https:\/\/grotta.is\/#website\"},\"primaryImageOfPage\":{\"@id\":\"https:\/\/grotta.is\/handknattleiksdeild\/ludvik-afram-i-grottu-2\/#primaryimage\"},\"image\":{\"@id\":\"https:\/\/grotta.is\/handknattleiksdeild\/ludvik-afram-i-grottu-2\/#primaryimage\"},\"thumbnailUrl\":\"https:\/\/grotta.is\/wp-content\/uploads\/2023\/08\/1DX21355.jpg\",\"datePublished\":\"2023-08-03T16:22:12+00:00\",\"dateModified\":\"2023-08-03T16:22:15+00:00\",\"breadcrumb\":{\"@id\":\"https:\/\/grotta.is\/handknattleiksdeild\/ludvik-afram-i-grottu-2\/#breadcrumb\"},\"inLanguage\":\"en-US\",\"potentialAction\":[{\"@type\":\"ReadAction\",\"target\":[\"https:\/\/grotta.is\/handknattleiksdeild\/ludvik-afram-i-grottu-2\/\"]}]},{\"@type\":\"ImageObject\",\"inLanguage\":\"en-US\",\"@id\":\"https:\/\/grotta.is\/handknattleiksdeild\/ludvik-afram-i-grottu-2\/#primaryimage\",\"url\":\"https:\/\/grotta.is\/wp-content\/uploads\/2023\/08\/1DX21355.jpg\",\"contentUrl\":\"https:\/\/grotta.is\/wp-content\/uploads\/2023\/08\/1DX21355.jpg\",\"width\":2400,\"height\":1601},{\"@type\":\"BreadcrumbList\",\"@id\":\"https:\/\/grotta.is\/handknattleiksdeild\/ludvik-afram-i-grottu-2\/#breadcrumb\",\"itemListElement\":[{\"@type\":\"ListItem\",\"position\":1,\"name\":\"Home\",\"item\":\"https:\/\/grotta.is\/\"},{\"@type\":\"ListItem\",\"position\":2,\"name\":\"L\u00fa\u00f0v\u00edk \u00e1fram \u00ed Gr\u00f3ttu\"}]},{\"@type\":\"WebSite\",\"@id\":\"https:\/\/grotta.is\/#website\",\"url\":\"https:\/\/grotta.is\/\",\"name\":\"\u00cd\u00fer\u00f3ttaf\u00e9lagi\u00f0 Gr\u00f3tta\",\"description\":\"\u00e1 Seltjarnarnesi\",\"publisher\":{\"@id\":\"https:\/\/grotta.is\/#organization\"},\"potentialAction\":[{\"@type\":\"SearchAction\",\"target\":{\"@type\":\"EntryPoint\",\"urlTemplate\":\"https:\/\/grotta.is\/?s={search_term_string}\"},\"query-input\":{\"@type\":\"PropertyValueSpecification\",\"valueRequired\":true,\"valueName\":\"search_term_string\"}}],\"inLanguage\":\"en-US\"},{\"@type\":\"Organization\",\"@id\":\"https:\/\/grotta.is\/#organization\",\"name\":\"\u00cd\u00fer\u00f3ttaf\u00e9lagi\u00f0 Gr\u00f3tta\",\"url\":\"https:\/\/grotta.is\/\",\"logo\":{\"@type\":\"ImageObject\",\"inLanguage\":\"en-US\",\"@id\":\"https:\/\/grotta.is\/#\/schema\/logo\/image\/\",\"url\":\"https:\/\/grotta.is\/wp-content\/uploads\/2020\/02\/ithrottafelagidgrotta_logo_512x512_transparent.png\",\"contentUrl\":\"https:\/\/grotta.is\/wp-content\/uploads\/2020\/02\/ithrottafelagidgrotta_logo_512x512_transparent.png\",\"width\":512,\"height\":512,\"caption\":\"\u00cd\u00fer\u00f3ttaf\u00e9lagi\u00f0 Gr\u00f3tta\"},\"image\":{\"@id\":\"https:\/\/grotta.is\/#\/schema\/logo\/image\/\"},\"sameAs\":[\"https:\/\/www.facebook.com\/grottasport\"]},{\"@type\":\"Person\",\"@id\":\"https:\/\/grotta.is\/#\/schema\/person\/b21e9d5dfd92c90211e343e8d7252b1c\",\"name\":\"Andri Sigf\u00fasson\",\"url\":\"https:\/\/grotta.is\/en\/author\/andri\/\"}]}<\/script>\n<!-- \/ Yoast SEO plugin. -->","yoast_head_json":{"title":"L\u00fa\u00f0v\u00edk \u00e1fram \u00ed Gr\u00f3ttu - \u00cd\u00fer\u00f3ttaf\u00e9lagi\u00f0 Gr\u00f3tta","robots":{"index":"index","follow":"follow","max-snippet":"max-snippet:-1","max-image-preview":"max-image-preview:large","max-video-preview":"max-video-preview:-1"},"canonical":"https:\/\/grotta.is\/en\/handknattleiksdeild\/ludvik-afram-i-grottu-2\/","og_locale":"en_US","og_type":"article","og_title":"L\u00fa\u00f0v\u00edk \u00e1fram \u00ed Gr\u00f3ttu - \u00cd\u00fer\u00f3ttaf\u00e9lagi\u00f0 Gr\u00f3tta","og_description":"L\u00fa\u00f0v\u00edk Thorberg Arnkelsson hefur skrifa\u00f0 undir n\u00fdjan tveggja \u00e1ra samning vi\u00f0 Handknattleiksdeild Gr\u00f3ttu. Hann er f\u00e6ddur \u00e1ri\u00f0 1997 og kom til f\u00e9lagsins fyrir \u00feremur \u00e1rum s\u00ed\u00f0an. Hann getur b\u00e6\u00f0i leiki\u00f0 [&hellip;]","og_url":"https:\/\/grotta.is\/en\/handknattleiksdeild\/ludvik-afram-i-grottu-2\/","og_site_name":"\u00cd\u00fer\u00f3ttaf\u00e9lagi\u00f0 Gr\u00f3tta","article_publisher":"https:\/\/www.facebook.com\/grottasport","article_published_time":"2023-08-03T16:22:12+00:00","article_modified_time":"2023-08-03T16:22:15+00:00","og_image":[{"width":2400,"height":1601,"url":"https:\/\/grotta.is\/wp-content\/uploads\/2023\/08\/1DX21355.jpg","type":"image\/jpeg"}],"author":"Andri Sigf\u00fasson","twitter_card":"summary_large_image","twitter_misc":{"Written by":"Andri Sigf\u00fasson","Est. reading time":"1 minute"},"schema":{"@context":"https:\/\/schema.org","@graph":[{"@type":"Article","@id":"https:\/\/grotta.is\/handknattleiksdeild\/ludvik-afram-i-grottu-2\/#article","isPartOf":{"@id":"https:\/\/grotta.is\/handknattleiksdeild\/ludvik-afram-i-grottu-2\/"},"author":{"name":"Andri Sigf\u00fasson","@id":"https:\/\/grotta.is\/#\/schema\/person\/b21e9d5dfd92c90211e343e8d7252b1c"},"headline":"L\u00fa\u00f0v\u00edk \u00e1fram \u00ed Gr\u00f3ttu","datePublished":"2023-08-03T16:22:12+00:00","dateModified":"2023-08-03T16:22:15+00:00","mainEntityOfPage":{"@id":"https:\/\/grotta.is\/handknattleiksdeild\/ludvik-afram-i-grottu-2\/"},"wordCount":178,"publisher":{"@id":"https:\/\/grotta.is\/#organization"},"image":{"@id":"https:\/\/grotta.is\/handknattleiksdeild\/ludvik-afram-i-grottu-2\/#primaryimage"},"thumbnailUrl":"https:\/\/grotta.is\/wp-content\/uploads\/2023\/08\/1DX21355.jpg","articleSection":["Handknattleiksdeild"],"inLanguage":"en-US"},{"@type":"WebPage","@id":"https:\/\/grotta.is\/handknattleiksdeild\/ludvik-afram-i-grottu-2\/","url":"https:\/\/grotta.is\/handknattleiksdeild\/ludvik-afram-i-grottu-2\/","name":"L\u00fa\u00f0v\u00edk \u00e1fram \u00ed Gr\u00f3ttu - \u00cd\u00fer\u00f3ttaf\u00e9lagi\u00f0 Gr\u00f3tta","isPartOf":{"@id":"https:\/\/grotta.is\/#website"},"primaryImageOfPage":{"@id":"https:\/\/grotta.is\/handknattleiksdeild\/ludvik-afram-i-grottu-2\/#primaryimage"},"image":{"@id":"https:\/\/grotta.is\/handknattleiksdeild\/ludvik-afram-i-grottu-2\/#primaryimage"},"thumbnailUrl":"https:\/\/grotta.is\/wp-content\/uploads\/2023\/08\/1DX21355.jpg","datePublished":"2023-08-03T16:22:12+00:00","dateModified":"2023-08-03T16:22:15+00:00","breadcrumb":{"@id":"https:\/\/grotta.is\/handknattleiksdeild\/ludvik-afram-i-grottu-2\/#breadcrumb"},"inLanguage":"en-US","potentialAction":[{"@type":"ReadAction","target":["https:\/\/grotta.is\/handknattleiksdeild\/ludvik-afram-i-grottu-2\/"]}]},{"@type":"ImageObject","inLanguage":"en-US","@id":"https:\/\/grotta.is\/handknattleiksdeild\/ludvik-afram-i-grottu-2\/#primaryimage","url":"https:\/\/grotta.is\/wp-content\/uploads\/2023\/08\/1DX21355.jpg","contentUrl":"https:\/\/grotta.is\/wp-content\/uploads\/2023\/08\/1DX21355.jpg","width":2400,"height":1601},{"@type":"BreadcrumbList","@id":"https:\/\/grotta.is\/handknattleiksdeild\/ludvik-afram-i-grottu-2\/#breadcrumb","itemListElement":[{"@type":"ListItem","position":1,"name":"Home","item":"https:\/\/grotta.is\/"},{"@type":"ListItem","position":2,"name":"L\u00fa\u00f0v\u00edk \u00e1fram \u00ed Gr\u00f3ttu"}]},{"@type":"WebSite","@id":"https:\/\/grotta.is\/#website","url":"https:\/\/grotta.is\/","name":"\u00cd\u00fer\u00f3ttaf\u00e9lagi\u00f0 Gr\u00f3tta","description":"\u00e1 Seltjarnarnesi","publisher":{"@id":"https:\/\/grotta.is\/#organization"},"potentialAction":[{"@type":"SearchAction","target":{"@type":"EntryPoint","urlTemplate":"https:\/\/grotta.is\/?s={search_term_string}"},"query-input":{"@type":"PropertyValueSpecification","valueRequired":true,"valueName":"search_term_string"}}],"inLanguage":"en-US"},{"@type":"Organization","@id":"https:\/\/grotta.is\/#organization","name":"\u00cd\u00fer\u00f3ttaf\u00e9lagi\u00f0 Gr\u00f3tta","url":"https:\/\/grotta.is\/","logo":{"@type":"ImageObject","inLanguage":"en-US","@id":"https:\/\/grotta.is\/#\/schema\/logo\/image\/","url":"https:\/\/grotta.is\/wp-content\/uploads\/2020\/02\/ithrottafelagidgrotta_logo_512x512_transparent.png","contentUrl":"https:\/\/grotta.is\/wp-content\/uploads\/2020\/02\/ithrottafelagidgrotta_logo_512x512_transparent.png","width":512,"height":512,"caption":"\u00cd\u00fer\u00f3ttaf\u00e9lagi\u00f0 Gr\u00f3tta"},"image":{"@id":"https:\/\/grotta.is\/#\/schema\/logo\/image\/"},"sameAs":["https:\/\/www.facebook.com\/grottasport"]},{"@type":"Person","@id":"https:\/\/grotta.is\/#\/schema\/person\/b21e9d5dfd92c90211e343e8d7252b1c","name":"Andri Sigf\u00fasson","url":"https:\/\/grotta.is\/en\/author\/andri\/"}]}},"_links":{"self":[{"href":"https:\/\/grotta.is\/en\/wp-json\/wp\/v2\/posts\/431878","targetHints":{"allow":["GET"]}}],"collection":[{"href":"https:\/\/grotta.is\/en\/wp-json\/wp\/v2\/posts"}],"about":[{"href":"https:\/\/grotta.is\/en\/wp-json\/wp\/v2\/types\/post"}],"author":[{"embeddable":true,"href":"https:\/\/grotta.is\/en\/wp-json\/wp\/v2\/users\/10"}],"replies":[{"embeddable":true,"href":"https:\/\/grotta.is\/en\/wp-json\/wp\/v2\/comments?post=431878"}],"version-history":[{"count":1,"href":"https:\/\/grotta.is\/en\/wp-json\/wp\/v2\/posts\/431878\/revisions"}],"predecessor-version":[{"id":431880,"href":"https:\/\/grotta.is\/en\/wp-json\/wp\/v2\/posts\/431878\/revisions\/431880"}],"wp:featuredmedia":[{"embeddable":true,"href":"https:\/\/grotta.is\/en\/wp-json\/wp\/v2\/media\/431879"}],"wp:attachment":[{"href":"https:\/\/grotta.is\/en\/wp-json\/wp\/v2\/media?parent=431878"}],"wp:term":[{"taxonomy":"category","embeddable":true,"href":"https:\/\/grotta.is\/en\/wp-json\/wp\/v2\/categories?post=431878"},{"taxonomy":"post_tag","embeddable":true,"href":"https:\/\/grotta.is\/en\/wp-json\/wp\/v2\/tags?post=431878"}],"curies":[{"name":"wp","href":"https:\/\/api.w.org\/{rel}","templated":true}]}}