{"id":431539,"date":"2023-07-31T13:38:44","date_gmt":"2023-07-31T13:38:44","guid":{"rendered":"https:\/\/grotta.is\/?p=431539"},"modified":"2023-07-31T13:41:47","modified_gmt":"2023-07-31T13:41:47","slug":"thjonustukonnun-grottu-2023","status":"publish","type":"post","link":"https:\/\/grotta.is\/en\/almennt\/thjonustukonnun-grottu-2023\/","title":{"rendered":"\u00dej\u00f3nustuk\u00f6nnun Gr\u00f3ttu 2023"},"content":{"rendered":"<p>\u00deetta er sj\u00f6tta \u00e1ri\u00f0 \u00ed r\u00f6\u00f0 sem \u00ed\u00fer\u00f3ttaf\u00e9lagi\u00f0 Gr\u00f3tta gerir \u00fej\u00f3nustuk\u00f6nnun me\u00f0al foreldra og forr\u00e1\u00f0amanna i\u00f0kenda sinna.<\/p><p>Framkv\u00e6md og efnist\u00f6k voru \u00feau s\u00f6mu og \u00ed fyrri k\u00f6nnunum, \u00fe\u00f3 voru spurningar um forriti\u00f0 Sportabler og a\u00f0st\u00f6\u00f0una fyrir hverja \u00ed\u00fer\u00f3ttagrein teknar \u00fat. Spurningum um skrifstofuna var b\u00e6tt vi\u00f0 \u00feetta \u00e1ri\u00f0 til a\u00f0 meta \u00e1n\u00e6gju foreldra me\u00f0 \u00fej\u00f3nustu hennar og vi\u00f0horf til verkaskiptingar innan hennar. \u00de\u00e1 voru almennar opnar spurningar haf\u00f0ar fyrir hverja \u00ed\u00fer\u00f3ttagrein \u00fear sem \u00fea\u00f0 s\u00fdndi sig s\u00ed\u00f0ustu \u00e1r a\u00f0 f\u00f3lk vill gjarnan koma \u00fdmis konar \u00e1bendingum \u00e1 framf\u00e6ri.<\/p><p>K\u00f6nnunin var ger\u00f0 dagana 22. ma\u00ed til 11. j\u00fan\u00ed 2023. H\u00fan var framkv\u00e6md \u00e1 netinu og var send til allra foreldra\/forr\u00e1\u00f0amanna barna 18 \u00e1ra og yngri sem i\u00f0ka fimleika, handknattleik og knattspyrnu hj\u00e1 Gr\u00f3ttu.<\/p><p><strong>Heildarni\u00f0urst\u00f6\u00f0ur<\/strong><br>Almennt m\u00e1 segja a\u00f0 \u00e1n\u00e6gja foreldra og forr\u00e1\u00f0amanna heilt yfir me\u00f0 starfi\u00f0 sem fram fer \u00ed Gr\u00f3ttu s\u00e9 nokku\u00f0 h\u00e1, eins og s\u00ed\u00f0ustu \u00e1r. Allir yfir\u00fe\u00e6ttir hafa h\u00e6kka\u00f0 \u00f6rl\u00edti\u00f0 fr\u00e1 fyrra \u00e1ri, sem og hvatning \u00fej\u00e1lfara. Mat \u00e1 framf\u00f6rum \u00ed samr\u00e6mi vi\u00f0 v\u00e6ntingar hefur dala\u00f0 \u00f6rl\u00edti\u00f0.<\/p><h4 class=\"wp-block-heading\"><strong>Ni\u00f0urst\u00f6\u00f0ur \u00fej\u00f3nustuk\u00f6nnunarinnar fyrir Gr\u00f3ttu \u00ed heild og einstaka deildir m\u00e1 sj\u00e1 me\u00f0 \u00fev\u00ed a\u00f0 smella <a href=\"https:\/\/grotta.is\/wp-content\/uploads\/2023\/07\/THjonustukonnun-Grottu-2023.pdf\" target=\"_blank\" rel=\"noreferrer noopener\">h\u00e9r<\/a>.<\/strong><\/h4>","protected":false},"excerpt":{"rendered":"<p>\u00deetta er sj\u00f6tta \u00e1ri\u00f0 \u00ed r\u00f6\u00f0 sem \u00ed\u00fer\u00f3ttaf\u00e9lagi\u00f0 Gr\u00f3tta gerir \u00fej\u00f3nustuk\u00f6nnun me\u00f0al foreldra og forr\u00e1\u00f0amanna i\u00f0kenda sinna.<\/p>","protected":false},"author":2,"featured_media":431555,"comment_status":"closed","ping_status":"closed","sticky":false,"template":"","format":"standard","meta":{"footnotes":""},"categories":[4],"tags":[],"class_list":["post-431539","post","type-post","status-publish","format-standard","has-post-thumbnail","hentry","category-almennt"],"yoast_head":"<!-- This site is optimized with the Yoast SEO plugin v24.3 - https:\/\/yoast.com\/wordpress\/plugins\/seo\/ -->\n<title>\u00dej\u00f3nustuk\u00f6nnun Gr\u00f3ttu 2023 - \u00cd\u00fer\u00f3ttaf\u00e9lagi\u00f0 Gr\u00f3tta<\/title>\n<meta name=\"robots\" content=\"index, follow, max-snippet:-1, max-image-preview:large, max-video-preview:-1\" \/>\n<link rel=\"canonical\" href=\"https:\/\/grotta.is\/en\/almennt\/thjonustukonnun-grottu-2023\/\" \/>\n<meta property=\"og:locale\" content=\"en_US\" \/>\n<meta property=\"og:type\" content=\"article\" \/>\n<meta property=\"og:title\" content=\"\u00dej\u00f3nustuk\u00f6nnun Gr\u00f3ttu 2023 - \u00cd\u00fer\u00f3ttaf\u00e9lagi\u00f0 Gr\u00f3tta\" \/>\n<meta property=\"og:description\" content=\"\u00deetta er sj\u00f6tta \u00e1ri\u00f0 \u00ed r\u00f6\u00f0 sem \u00ed\u00fer\u00f3ttaf\u00e9lagi\u00f0 Gr\u00f3tta gerir \u00fej\u00f3nustuk\u00f6nnun me\u00f0al foreldra og forr\u00e1\u00f0amanna i\u00f0kenda sinna.\" \/>\n<meta property=\"og:url\" content=\"https:\/\/grotta.is\/en\/almennt\/thjonustukonnun-grottu-2023\/\" \/>\n<meta property=\"og:site_name\" content=\"\u00cd\u00fer\u00f3ttaf\u00e9lagi\u00f0 Gr\u00f3tta\" \/>\n<meta property=\"article:publisher\" content=\"https:\/\/www.facebook.com\/grottasport\" \/>\n<meta property=\"article:published_time\" content=\"2023-07-31T13:38:44+00:00\" \/>\n<meta property=\"article:modified_time\" content=\"2023-07-31T13:41:47+00:00\" \/>\n<meta property=\"og:image\" content=\"https:\/\/grotta.is\/wp-content\/uploads\/2023\/07\/THjonustukonnun-Grottu-2023-1-banner-1024x576.png\" \/>\n\t<meta property=\"og:image:width\" content=\"1024\" \/>\n\t<meta property=\"og:image:height\" content=\"576\" \/>\n\t<meta property=\"og:image:type\" content=\"image\/png\" \/>\n<meta name=\"author\" content=\"Grotta\" \/>\n<meta name=\"twitter:card\" content=\"summary_large_image\" \/>\n<meta name=\"twitter:label1\" content=\"Written by\" \/>\n\t<meta name=\"twitter:data1\" content=\"Grotta\" \/>\n\t<meta name=\"twitter:label2\" content=\"Est. reading time\" \/>\n\t<meta name=\"twitter:data2\" content=\"2 minutes\" \/>\n<script type=\"application\/ld+json\" class=\"yoast-schema-graph\">{\"@context\":\"https:\/\/schema.org\",\"@graph\":[{\"@type\":\"Article\",\"@id\":\"https:\/\/grotta.is\/almennt\/thjonustukonnun-grottu-2023\/#article\",\"isPartOf\":{\"@id\":\"https:\/\/grotta.is\/almennt\/thjonustukonnun-grottu-2023\/\"},\"author\":{\"name\":\"Grotta\",\"@id\":\"https:\/\/grotta.is\/#\/schema\/person\/08ec57bf09ee925f1b6a01540c14a5ce\"},\"headline\":\"\u00dej\u00f3nustuk\u00f6nnun Gr\u00f3ttu 2023\",\"datePublished\":\"2023-07-31T13:38:44+00:00\",\"dateModified\":\"2023-07-31T13:41:47+00:00\",\"mainEntityOfPage\":{\"@id\":\"https:\/\/grotta.is\/almennt\/thjonustukonnun-grottu-2023\/\"},\"wordCount\":230,\"publisher\":{\"@id\":\"https:\/\/grotta.is\/#organization\"},\"image\":{\"@id\":\"https:\/\/grotta.is\/almennt\/thjonustukonnun-grottu-2023\/#primaryimage\"},\"thumbnailUrl\":\"https:\/\/grotta.is\/wp-content\/uploads\/2023\/07\/THjonustukonnun-Grottu-2023-1-banner.png\",\"articleSection\":[\"Almennt\"],\"inLanguage\":\"en-US\"},{\"@type\":\"WebPage\",\"@id\":\"https:\/\/grotta.is\/almennt\/thjonustukonnun-grottu-2023\/\",\"url\":\"https:\/\/grotta.is\/almennt\/thjonustukonnun-grottu-2023\/\",\"name\":\"\u00dej\u00f3nustuk\u00f6nnun Gr\u00f3ttu 2023 - \u00cd\u00fer\u00f3ttaf\u00e9lagi\u00f0 Gr\u00f3tta\",\"isPartOf\":{\"@id\":\"https:\/\/grotta.is\/#website\"},\"primaryImageOfPage\":{\"@id\":\"https:\/\/grotta.is\/almennt\/thjonustukonnun-grottu-2023\/#primaryimage\"},\"image\":{\"@id\":\"https:\/\/grotta.is\/almennt\/thjonustukonnun-grottu-2023\/#primaryimage\"},\"thumbnailUrl\":\"https:\/\/grotta.is\/wp-content\/uploads\/2023\/07\/THjonustukonnun-Grottu-2023-1-banner.png\",\"datePublished\":\"2023-07-31T13:38:44+00:00\",\"dateModified\":\"2023-07-31T13:41:47+00:00\",\"breadcrumb\":{\"@id\":\"https:\/\/grotta.is\/almennt\/thjonustukonnun-grottu-2023\/#breadcrumb\"},\"inLanguage\":\"en-US\",\"potentialAction\":[{\"@type\":\"ReadAction\",\"target\":[\"https:\/\/grotta.is\/almennt\/thjonustukonnun-grottu-2023\/\"]}]},{\"@type\":\"ImageObject\",\"inLanguage\":\"en-US\",\"@id\":\"https:\/\/grotta.is\/almennt\/thjonustukonnun-grottu-2023\/#primaryimage\",\"url\":\"https:\/\/grotta.is\/wp-content\/uploads\/2023\/07\/THjonustukonnun-Grottu-2023-1-banner.png\",\"contentUrl\":\"https:\/\/grotta.is\/wp-content\/uploads\/2023\/07\/THjonustukonnun-Grottu-2023-1-banner.png\",\"width\":4000,\"height\":2250},{\"@type\":\"BreadcrumbList\",\"@id\":\"https:\/\/grotta.is\/almennt\/thjonustukonnun-grottu-2023\/#breadcrumb\",\"itemListElement\":[{\"@type\":\"ListItem\",\"position\":1,\"name\":\"Home\",\"item\":\"https:\/\/grotta.is\/\"},{\"@type\":\"ListItem\",\"position\":2,\"name\":\"\u00dej\u00f3nustuk\u00f6nnun Gr\u00f3ttu 2023\"}]},{\"@type\":\"WebSite\",\"@id\":\"https:\/\/grotta.is\/#website\",\"url\":\"https:\/\/grotta.is\/\",\"name\":\"\u00cd\u00fer\u00f3ttaf\u00e9lagi\u00f0 Gr\u00f3tta\",\"description\":\"\u00e1 Seltjarnarnesi\",\"publisher\":{\"@id\":\"https:\/\/grotta.is\/#organization\"},\"potentialAction\":[{\"@type\":\"SearchAction\",\"target\":{\"@type\":\"EntryPoint\",\"urlTemplate\":\"https:\/\/grotta.is\/?s={search_term_string}\"},\"query-input\":{\"@type\":\"PropertyValueSpecification\",\"valueRequired\":true,\"valueName\":\"search_term_string\"}}],\"inLanguage\":\"en-US\"},{\"@type\":\"Organization\",\"@id\":\"https:\/\/grotta.is\/#organization\",\"name\":\"\u00cd\u00fer\u00f3ttaf\u00e9lagi\u00f0 Gr\u00f3tta\",\"url\":\"https:\/\/grotta.is\/\",\"logo\":{\"@type\":\"ImageObject\",\"inLanguage\":\"en-US\",\"@id\":\"https:\/\/grotta.is\/#\/schema\/logo\/image\/\",\"url\":\"https:\/\/grotta.is\/wp-content\/uploads\/2020\/02\/ithrottafelagidgrotta_logo_512x512_transparent.png\",\"contentUrl\":\"https:\/\/grotta.is\/wp-content\/uploads\/2020\/02\/ithrottafelagidgrotta_logo_512x512_transparent.png\",\"width\":512,\"height\":512,\"caption\":\"\u00cd\u00fer\u00f3ttaf\u00e9lagi\u00f0 Gr\u00f3tta\"},\"image\":{\"@id\":\"https:\/\/grotta.is\/#\/schema\/logo\/image\/\"},\"sameAs\":[\"https:\/\/www.facebook.com\/grottasport\"]},{\"@type\":\"Person\",\"@id\":\"https:\/\/grotta.is\/#\/schema\/person\/08ec57bf09ee925f1b6a01540c14a5ce\",\"name\":\"Grotta\",\"url\":\"https:\/\/grotta.is\/en\/author\/inga\/\"}]}<\/script>\n<!-- \/ Yoast SEO plugin. -->","yoast_head_json":{"title":"\u00dej\u00f3nustuk\u00f6nnun Gr\u00f3ttu 2023 - \u00cd\u00fer\u00f3ttaf\u00e9lagi\u00f0 Gr\u00f3tta","robots":{"index":"index","follow":"follow","max-snippet":"max-snippet:-1","max-image-preview":"max-image-preview:large","max-video-preview":"max-video-preview:-1"},"canonical":"https:\/\/grotta.is\/en\/almennt\/thjonustukonnun-grottu-2023\/","og_locale":"en_US","og_type":"article","og_title":"\u00dej\u00f3nustuk\u00f6nnun Gr\u00f3ttu 2023 - \u00cd\u00fer\u00f3ttaf\u00e9lagi\u00f0 Gr\u00f3tta","og_description":"\u00deetta er sj\u00f6tta \u00e1ri\u00f0 \u00ed r\u00f6\u00f0 sem \u00ed\u00fer\u00f3ttaf\u00e9lagi\u00f0 Gr\u00f3tta gerir \u00fej\u00f3nustuk\u00f6nnun me\u00f0al foreldra og forr\u00e1\u00f0amanna i\u00f0kenda sinna.","og_url":"https:\/\/grotta.is\/en\/almennt\/thjonustukonnun-grottu-2023\/","og_site_name":"\u00cd\u00fer\u00f3ttaf\u00e9lagi\u00f0 Gr\u00f3tta","article_publisher":"https:\/\/www.facebook.com\/grottasport","article_published_time":"2023-07-31T13:38:44+00:00","article_modified_time":"2023-07-31T13:41:47+00:00","og_image":[{"width":1024,"height":576,"url":"https:\/\/grotta.is\/wp-content\/uploads\/2023\/07\/THjonustukonnun-Grottu-2023-1-banner-1024x576.png","type":"image\/png"}],"author":"Grotta","twitter_card":"summary_large_image","twitter_misc":{"Written by":"Grotta","Est. reading time":"2 minutes"},"schema":{"@context":"https:\/\/schema.org","@graph":[{"@type":"Article","@id":"https:\/\/grotta.is\/almennt\/thjonustukonnun-grottu-2023\/#article","isPartOf":{"@id":"https:\/\/grotta.is\/almennt\/thjonustukonnun-grottu-2023\/"},"author":{"name":"Grotta","@id":"https:\/\/grotta.is\/#\/schema\/person\/08ec57bf09ee925f1b6a01540c14a5ce"},"headline":"\u00dej\u00f3nustuk\u00f6nnun Gr\u00f3ttu 2023","datePublished":"2023-07-31T13:38:44+00:00","dateModified":"2023-07-31T13:41:47+00:00","mainEntityOfPage":{"@id":"https:\/\/grotta.is\/almennt\/thjonustukonnun-grottu-2023\/"},"wordCount":230,"publisher":{"@id":"https:\/\/grotta.is\/#organization"},"image":{"@id":"https:\/\/grotta.is\/almennt\/thjonustukonnun-grottu-2023\/#primaryimage"},"thumbnailUrl":"https:\/\/grotta.is\/wp-content\/uploads\/2023\/07\/THjonustukonnun-Grottu-2023-1-banner.png","articleSection":["Almennt"],"inLanguage":"en-US"},{"@type":"WebPage","@id":"https:\/\/grotta.is\/almennt\/thjonustukonnun-grottu-2023\/","url":"https:\/\/grotta.is\/almennt\/thjonustukonnun-grottu-2023\/","name":"\u00dej\u00f3nustuk\u00f6nnun Gr\u00f3ttu 2023 - \u00cd\u00fer\u00f3ttaf\u00e9lagi\u00f0 Gr\u00f3tta","isPartOf":{"@id":"https:\/\/grotta.is\/#website"},"primaryImageOfPage":{"@id":"https:\/\/grotta.is\/almennt\/thjonustukonnun-grottu-2023\/#primaryimage"},"image":{"@id":"https:\/\/grotta.is\/almennt\/thjonustukonnun-grottu-2023\/#primaryimage"},"thumbnailUrl":"https:\/\/grotta.is\/wp-content\/uploads\/2023\/07\/THjonustukonnun-Grottu-2023-1-banner.png","datePublished":"2023-07-31T13:38:44+00:00","dateModified":"2023-07-31T13:41:47+00:00","breadcrumb":{"@id":"https:\/\/grotta.is\/almennt\/thjonustukonnun-grottu-2023\/#breadcrumb"},"inLanguage":"en-US","potentialAction":[{"@type":"ReadAction","target":["https:\/\/grotta.is\/almennt\/thjonustukonnun-grottu-2023\/"]}]},{"@type":"ImageObject","inLanguage":"en-US","@id":"https:\/\/grotta.is\/almennt\/thjonustukonnun-grottu-2023\/#primaryimage","url":"https:\/\/grotta.is\/wp-content\/uploads\/2023\/07\/THjonustukonnun-Grottu-2023-1-banner.png","contentUrl":"https:\/\/grotta.is\/wp-content\/uploads\/2023\/07\/THjonustukonnun-Grottu-2023-1-banner.png","width":4000,"height":2250},{"@type":"BreadcrumbList","@id":"https:\/\/grotta.is\/almennt\/thjonustukonnun-grottu-2023\/#breadcrumb","itemListElement":[{"@type":"ListItem","position":1,"name":"Home","item":"https:\/\/grotta.is\/"},{"@type":"ListItem","position":2,"name":"\u00dej\u00f3nustuk\u00f6nnun Gr\u00f3ttu 2023"}]},{"@type":"WebSite","@id":"https:\/\/grotta.is\/#website","url":"https:\/\/grotta.is\/","name":"\u00cd\u00fer\u00f3ttaf\u00e9lagi\u00f0 Gr\u00f3tta","description":"\u00e1 Seltjarnarnesi","publisher":{"@id":"https:\/\/grotta.is\/#organization"},"potentialAction":[{"@type":"SearchAction","target":{"@type":"EntryPoint","urlTemplate":"https:\/\/grotta.is\/?s={search_term_string}"},"query-input":{"@type":"PropertyValueSpecification","valueRequired":true,"valueName":"search_term_string"}}],"inLanguage":"en-US"},{"@type":"Organization","@id":"https:\/\/grotta.is\/#organization","name":"\u00cd\u00fer\u00f3ttaf\u00e9lagi\u00f0 Gr\u00f3tta","url":"https:\/\/grotta.is\/","logo":{"@type":"ImageObject","inLanguage":"en-US","@id":"https:\/\/grotta.is\/#\/schema\/logo\/image\/","url":"https:\/\/grotta.is\/wp-content\/uploads\/2020\/02\/ithrottafelagidgrotta_logo_512x512_transparent.png","contentUrl":"https:\/\/grotta.is\/wp-content\/uploads\/2020\/02\/ithrottafelagidgrotta_logo_512x512_transparent.png","width":512,"height":512,"caption":"\u00cd\u00fer\u00f3ttaf\u00e9lagi\u00f0 Gr\u00f3tta"},"image":{"@id":"https:\/\/grotta.is\/#\/schema\/logo\/image\/"},"sameAs":["https:\/\/www.facebook.com\/grottasport"]},{"@type":"Person","@id":"https:\/\/grotta.is\/#\/schema\/person\/08ec57bf09ee925f1b6a01540c14a5ce","name":"Grotta","url":"https:\/\/grotta.is\/en\/author\/inga\/"}]}},"_links":{"self":[{"href":"https:\/\/grotta.is\/en\/wp-json\/wp\/v2\/posts\/431539","targetHints":{"allow":["GET"]}}],"collection":[{"href":"https:\/\/grotta.is\/en\/wp-json\/wp\/v2\/posts"}],"about":[{"href":"https:\/\/grotta.is\/en\/wp-json\/wp\/v2\/types\/post"}],"author":[{"embeddable":true,"href":"https:\/\/grotta.is\/en\/wp-json\/wp\/v2\/users\/2"}],"replies":[{"embeddable":true,"href":"https:\/\/grotta.is\/en\/wp-json\/wp\/v2\/comments?post=431539"}],"version-history":[{"count":4,"href":"https:\/\/grotta.is\/en\/wp-json\/wp\/v2\/posts\/431539\/revisions"}],"predecessor-version":[{"id":431596,"href":"https:\/\/grotta.is\/en\/wp-json\/wp\/v2\/posts\/431539\/revisions\/431596"}],"wp:featuredmedia":[{"embeddable":true,"href":"https:\/\/grotta.is\/en\/wp-json\/wp\/v2\/media\/431555"}],"wp:attachment":[{"href":"https:\/\/grotta.is\/en\/wp-json\/wp\/v2\/media?parent=431539"}],"wp:term":[{"taxonomy":"category","embeddable":true,"href":"https:\/\/grotta.is\/en\/wp-json\/wp\/v2\/categories?post=431539"},{"taxonomy":"post_tag","embeddable":true,"href":"https:\/\/grotta.is\/en\/wp-json\/wp\/v2\/tags?post=431539"}],"curies":[{"name":"wp","href":"https:\/\/api.w.org\/{rel}","templated":true}]}}