{"id":431490,"date":"2023-07-28T12:41:43","date_gmt":"2023-07-28T12:41:43","guid":{"rendered":"https:\/\/grotta.is\/?p=431490"},"modified":"2023-07-28T12:41:46","modified_gmt":"2023-07-28T12:41:46","slug":"olafur-brim-i-grottu","status":"publish","type":"post","link":"https:\/\/grotta.is\/en\/handknattleiksdeild\/olafur-brim-i-grottu\/","title":{"rendered":"\u00d3lafur Brim \u00ed Gr\u00f3ttu"},"content":{"rendered":"<p>\u00d3lafur Brim Stef\u00e1nsson er kominn aftur \u00ed Gr\u00f3ttu. Hann hefur skrifa\u00f0 undir tveggja \u00e1ra samning vi\u00f0 f\u00e9lagi\u00f0. \u00d3li er 22 \u00e1ra g\u00f6mul skytta og l\u00e9k me\u00f0 Gr\u00f3ttu t\u00edmabilin 2020-2021 og 2021-2022. Seinna t\u00edmabili\u00f0 me\u00f0 Gr\u00f3ttu skora\u00f0i hann 92 m\u00f6rk og var einn besti leikma\u00f0ur li\u00f0sins. Hann staldra\u00f0i stutt vi\u00f0 \u00ed Fram \u00e1 seinasta t\u00edmabili en \u00fear l\u00e9k hann st\u00f3rt hlutverk \u00ed varnarleik li\u00f0sins.<\/p><p>\u201e\u00dea\u00f0 eru fr\u00e1b\u00e6rar fr\u00e9ttir a\u00f0 \u00d3li s\u00e9 kominn aftur \u00ed Gr\u00f3ttu. \u00d3li er \u00f6flugur \u00e1 b\u00e1\u00f0um endum vallarins. Hann er fr\u00e1b\u00e6r varnarma\u00f0ur og mun kl\u00e1rlega hj\u00e1lpa okkur \u00ed \u00feeirri bar\u00e1ttu sem framundan er \u00ed Ol\u00edsdeildinni. Vi\u00f0 hl\u00f6kkum miki\u00f0 a\u00f0 vinna me\u00f0 honum n\u00e6stu \u00e1rin\u201c, sag\u00f0i R\u00f3bert Gunnarsson \u00fej\u00e1lfari meistaraflokks karla \u00feegar undirritunin var kl\u00e1r.<\/p>","protected":false},"excerpt":{"rendered":"<p>\u00d3lafur Brim Stef\u00e1nsson er kominn aftur \u00ed Gr\u00f3ttu. Hann hefur skrifa\u00f0 undir tveggja \u00e1ra samning vi\u00f0 f\u00e9lagi\u00f0. \u00d3li er 22 \u00e1ra g\u00f6mul skytta og l\u00e9k me\u00f0 Gr\u00f3ttu t\u00edmabilin 2020-2021 og [&hellip;]<\/p>","protected":false},"author":10,"featured_media":431491,"comment_status":"closed","ping_status":"closed","sticky":false,"template":"","format":"standard","meta":{"footnotes":""},"categories":[12],"tags":[],"class_list":["post-431490","post","type-post","status-publish","format-standard","has-post-thumbnail","hentry","category-handknattleiksdeild"],"yoast_head":"<!-- This site is optimized with the Yoast SEO plugin v24.3 - https:\/\/yoast.com\/wordpress\/plugins\/seo\/ -->\n<title>\u00d3lafur Brim \u00ed Gr\u00f3ttu - \u00cd\u00fer\u00f3ttaf\u00e9lagi\u00f0 Gr\u00f3tta<\/title>\n<meta name=\"robots\" content=\"index, follow, max-snippet:-1, max-image-preview:large, max-video-preview:-1\" \/>\n<link rel=\"canonical\" href=\"https:\/\/grotta.is\/en\/handknattleiksdeild\/olafur-brim-i-grottu\/\" \/>\n<meta property=\"og:locale\" content=\"en_US\" \/>\n<meta property=\"og:type\" content=\"article\" \/>\n<meta property=\"og:title\" content=\"\u00d3lafur Brim \u00ed Gr\u00f3ttu - \u00cd\u00fer\u00f3ttaf\u00e9lagi\u00f0 Gr\u00f3tta\" \/>\n<meta property=\"og:description\" content=\"\u00d3lafur Brim Stef\u00e1nsson er kominn aftur \u00ed Gr\u00f3ttu. Hann hefur skrifa\u00f0 undir tveggja \u00e1ra samning vi\u00f0 f\u00e9lagi\u00f0. \u00d3li er 22 \u00e1ra g\u00f6mul skytta og l\u00e9k me\u00f0 Gr\u00f3ttu t\u00edmabilin 2020-2021 og [&hellip;]\" \/>\n<meta property=\"og:url\" content=\"https:\/\/grotta.is\/en\/handknattleiksdeild\/olafur-brim-i-grottu\/\" \/>\n<meta property=\"og:site_name\" content=\"\u00cd\u00fer\u00f3ttaf\u00e9lagi\u00f0 Gr\u00f3tta\" \/>\n<meta property=\"article:publisher\" content=\"https:\/\/www.facebook.com\/grottasport\" \/>\n<meta property=\"article:published_time\" content=\"2023-07-28T12:41:43+00:00\" \/>\n<meta property=\"article:modified_time\" content=\"2023-07-28T12:41:46+00:00\" \/>\n<meta property=\"og:image\" content=\"https:\/\/grotta.is\/wp-content\/uploads\/2023\/07\/20230728_120227-scaled.jpg\" \/>\n\t<meta property=\"og:image:width\" content=\"2560\" \/>\n\t<meta property=\"og:image:height\" content=\"2033\" \/>\n\t<meta property=\"og:image:type\" content=\"image\/jpeg\" \/>\n<meta name=\"author\" content=\"Andri Sigf\u00fasson\" \/>\n<meta name=\"twitter:card\" content=\"summary_large_image\" \/>\n<meta name=\"twitter:label1\" content=\"Written by\" \/>\n\t<meta name=\"twitter:data1\" content=\"Andri Sigf\u00fasson\" \/>\n\t<meta name=\"twitter:label2\" content=\"Est. reading time\" \/>\n\t<meta name=\"twitter:data2\" content=\"1 minute\" \/>\n<script type=\"application\/ld+json\" class=\"yoast-schema-graph\">{\"@context\":\"https:\/\/schema.org\",\"@graph\":[{\"@type\":\"Article\",\"@id\":\"https:\/\/grotta.is\/handknattleiksdeild\/olafur-brim-i-grottu\/#article\",\"isPartOf\":{\"@id\":\"https:\/\/grotta.is\/handknattleiksdeild\/olafur-brim-i-grottu\/\"},\"author\":{\"name\":\"Andri Sigf\u00fasson\",\"@id\":\"https:\/\/grotta.is\/#\/schema\/person\/b21e9d5dfd92c90211e343e8d7252b1c\"},\"headline\":\"\u00d3lafur Brim \u00ed Gr\u00f3ttu\",\"datePublished\":\"2023-07-28T12:41:43+00:00\",\"dateModified\":\"2023-07-28T12:41:46+00:00\",\"mainEntityOfPage\":{\"@id\":\"https:\/\/grotta.is\/handknattleiksdeild\/olafur-brim-i-grottu\/\"},\"wordCount\":147,\"publisher\":{\"@id\":\"https:\/\/grotta.is\/#organization\"},\"image\":{\"@id\":\"https:\/\/grotta.is\/handknattleiksdeild\/olafur-brim-i-grottu\/#primaryimage\"},\"thumbnailUrl\":\"https:\/\/grotta.is\/wp-content\/uploads\/2023\/07\/20230728_120227-scaled.jpg\",\"articleSection\":[\"Handknattleiksdeild\"],\"inLanguage\":\"en-US\"},{\"@type\":\"WebPage\",\"@id\":\"https:\/\/grotta.is\/handknattleiksdeild\/olafur-brim-i-grottu\/\",\"url\":\"https:\/\/grotta.is\/handknattleiksdeild\/olafur-brim-i-grottu\/\",\"name\":\"\u00d3lafur Brim \u00ed Gr\u00f3ttu - \u00cd\u00fer\u00f3ttaf\u00e9lagi\u00f0 Gr\u00f3tta\",\"isPartOf\":{\"@id\":\"https:\/\/grotta.is\/#website\"},\"primaryImageOfPage\":{\"@id\":\"https:\/\/grotta.is\/handknattleiksdeild\/olafur-brim-i-grottu\/#primaryimage\"},\"image\":{\"@id\":\"https:\/\/grotta.is\/handknattleiksdeild\/olafur-brim-i-grottu\/#primaryimage\"},\"thumbnailUrl\":\"https:\/\/grotta.is\/wp-content\/uploads\/2023\/07\/20230728_120227-scaled.jpg\",\"datePublished\":\"2023-07-28T12:41:43+00:00\",\"dateModified\":\"2023-07-28T12:41:46+00:00\",\"breadcrumb\":{\"@id\":\"https:\/\/grotta.is\/handknattleiksdeild\/olafur-brim-i-grottu\/#breadcrumb\"},\"inLanguage\":\"en-US\",\"potentialAction\":[{\"@type\":\"ReadAction\",\"target\":[\"https:\/\/grotta.is\/handknattleiksdeild\/olafur-brim-i-grottu\/\"]}]},{\"@type\":\"ImageObject\",\"inLanguage\":\"en-US\",\"@id\":\"https:\/\/grotta.is\/handknattleiksdeild\/olafur-brim-i-grottu\/#primaryimage\",\"url\":\"https:\/\/grotta.is\/wp-content\/uploads\/2023\/07\/20230728_120227-scaled.jpg\",\"contentUrl\":\"https:\/\/grotta.is\/wp-content\/uploads\/2023\/07\/20230728_120227-scaled.jpg\",\"width\":2560,\"height\":2033},{\"@type\":\"BreadcrumbList\",\"@id\":\"https:\/\/grotta.is\/handknattleiksdeild\/olafur-brim-i-grottu\/#breadcrumb\",\"itemListElement\":[{\"@type\":\"ListItem\",\"position\":1,\"name\":\"Home\",\"item\":\"https:\/\/grotta.is\/\"},{\"@type\":\"ListItem\",\"position\":2,\"name\":\"\u00d3lafur Brim \u00ed Gr\u00f3ttu\"}]},{\"@type\":\"WebSite\",\"@id\":\"https:\/\/grotta.is\/#website\",\"url\":\"https:\/\/grotta.is\/\",\"name\":\"\u00cd\u00fer\u00f3ttaf\u00e9lagi\u00f0 Gr\u00f3tta\",\"description\":\"\u00e1 Seltjarnarnesi\",\"publisher\":{\"@id\":\"https:\/\/grotta.is\/#organization\"},\"potentialAction\":[{\"@type\":\"SearchAction\",\"target\":{\"@type\":\"EntryPoint\",\"urlTemplate\":\"https:\/\/grotta.is\/?s={search_term_string}\"},\"query-input\":{\"@type\":\"PropertyValueSpecification\",\"valueRequired\":true,\"valueName\":\"search_term_string\"}}],\"inLanguage\":\"en-US\"},{\"@type\":\"Organization\",\"@id\":\"https:\/\/grotta.is\/#organization\",\"name\":\"\u00cd\u00fer\u00f3ttaf\u00e9lagi\u00f0 Gr\u00f3tta\",\"url\":\"https:\/\/grotta.is\/\",\"logo\":{\"@type\":\"ImageObject\",\"inLanguage\":\"en-US\",\"@id\":\"https:\/\/grotta.is\/#\/schema\/logo\/image\/\",\"url\":\"https:\/\/grotta.is\/wp-content\/uploads\/2020\/02\/ithrottafelagidgrotta_logo_512x512_transparent.png\",\"contentUrl\":\"https:\/\/grotta.is\/wp-content\/uploads\/2020\/02\/ithrottafelagidgrotta_logo_512x512_transparent.png\",\"width\":512,\"height\":512,\"caption\":\"\u00cd\u00fer\u00f3ttaf\u00e9lagi\u00f0 Gr\u00f3tta\"},\"image\":{\"@id\":\"https:\/\/grotta.is\/#\/schema\/logo\/image\/\"},\"sameAs\":[\"https:\/\/www.facebook.com\/grottasport\"]},{\"@type\":\"Person\",\"@id\":\"https:\/\/grotta.is\/#\/schema\/person\/b21e9d5dfd92c90211e343e8d7252b1c\",\"name\":\"Andri Sigf\u00fasson\",\"url\":\"https:\/\/grotta.is\/en\/author\/andri\/\"}]}<\/script>\n<!-- \/ Yoast SEO plugin. -->","yoast_head_json":{"title":"\u00d3lafur Brim \u00ed Gr\u00f3ttu - \u00cd\u00fer\u00f3ttaf\u00e9lagi\u00f0 Gr\u00f3tta","robots":{"index":"index","follow":"follow","max-snippet":"max-snippet:-1","max-image-preview":"max-image-preview:large","max-video-preview":"max-video-preview:-1"},"canonical":"https:\/\/grotta.is\/en\/handknattleiksdeild\/olafur-brim-i-grottu\/","og_locale":"en_US","og_type":"article","og_title":"\u00d3lafur Brim \u00ed Gr\u00f3ttu - \u00cd\u00fer\u00f3ttaf\u00e9lagi\u00f0 Gr\u00f3tta","og_description":"\u00d3lafur Brim Stef\u00e1nsson er kominn aftur \u00ed Gr\u00f3ttu. Hann hefur skrifa\u00f0 undir tveggja \u00e1ra samning vi\u00f0 f\u00e9lagi\u00f0. \u00d3li er 22 \u00e1ra g\u00f6mul skytta og l\u00e9k me\u00f0 Gr\u00f3ttu t\u00edmabilin 2020-2021 og [&hellip;]","og_url":"https:\/\/grotta.is\/en\/handknattleiksdeild\/olafur-brim-i-grottu\/","og_site_name":"\u00cd\u00fer\u00f3ttaf\u00e9lagi\u00f0 Gr\u00f3tta","article_publisher":"https:\/\/www.facebook.com\/grottasport","article_published_time":"2023-07-28T12:41:43+00:00","article_modified_time":"2023-07-28T12:41:46+00:00","og_image":[{"width":2560,"height":2033,"url":"https:\/\/grotta.is\/wp-content\/uploads\/2023\/07\/20230728_120227-scaled.jpg","type":"image\/jpeg"}],"author":"Andri Sigf\u00fasson","twitter_card":"summary_large_image","twitter_misc":{"Written by":"Andri Sigf\u00fasson","Est. reading time":"1 minute"},"schema":{"@context":"https:\/\/schema.org","@graph":[{"@type":"Article","@id":"https:\/\/grotta.is\/handknattleiksdeild\/olafur-brim-i-grottu\/#article","isPartOf":{"@id":"https:\/\/grotta.is\/handknattleiksdeild\/olafur-brim-i-grottu\/"},"author":{"name":"Andri Sigf\u00fasson","@id":"https:\/\/grotta.is\/#\/schema\/person\/b21e9d5dfd92c90211e343e8d7252b1c"},"headline":"\u00d3lafur Brim \u00ed Gr\u00f3ttu","datePublished":"2023-07-28T12:41:43+00:00","dateModified":"2023-07-28T12:41:46+00:00","mainEntityOfPage":{"@id":"https:\/\/grotta.is\/handknattleiksdeild\/olafur-brim-i-grottu\/"},"wordCount":147,"publisher":{"@id":"https:\/\/grotta.is\/#organization"},"image":{"@id":"https:\/\/grotta.is\/handknattleiksdeild\/olafur-brim-i-grottu\/#primaryimage"},"thumbnailUrl":"https:\/\/grotta.is\/wp-content\/uploads\/2023\/07\/20230728_120227-scaled.jpg","articleSection":["Handknattleiksdeild"],"inLanguage":"en-US"},{"@type":"WebPage","@id":"https:\/\/grotta.is\/handknattleiksdeild\/olafur-brim-i-grottu\/","url":"https:\/\/grotta.is\/handknattleiksdeild\/olafur-brim-i-grottu\/","name":"\u00d3lafur Brim \u00ed Gr\u00f3ttu - \u00cd\u00fer\u00f3ttaf\u00e9lagi\u00f0 Gr\u00f3tta","isPartOf":{"@id":"https:\/\/grotta.is\/#website"},"primaryImageOfPage":{"@id":"https:\/\/grotta.is\/handknattleiksdeild\/olafur-brim-i-grottu\/#primaryimage"},"image":{"@id":"https:\/\/grotta.is\/handknattleiksdeild\/olafur-brim-i-grottu\/#primaryimage"},"thumbnailUrl":"https:\/\/grotta.is\/wp-content\/uploads\/2023\/07\/20230728_120227-scaled.jpg","datePublished":"2023-07-28T12:41:43+00:00","dateModified":"2023-07-28T12:41:46+00:00","breadcrumb":{"@id":"https:\/\/grotta.is\/handknattleiksdeild\/olafur-brim-i-grottu\/#breadcrumb"},"inLanguage":"en-US","potentialAction":[{"@type":"ReadAction","target":["https:\/\/grotta.is\/handknattleiksdeild\/olafur-brim-i-grottu\/"]}]},{"@type":"ImageObject","inLanguage":"en-US","@id":"https:\/\/grotta.is\/handknattleiksdeild\/olafur-brim-i-grottu\/#primaryimage","url":"https:\/\/grotta.is\/wp-content\/uploads\/2023\/07\/20230728_120227-scaled.jpg","contentUrl":"https:\/\/grotta.is\/wp-content\/uploads\/2023\/07\/20230728_120227-scaled.jpg","width":2560,"height":2033},{"@type":"BreadcrumbList","@id":"https:\/\/grotta.is\/handknattleiksdeild\/olafur-brim-i-grottu\/#breadcrumb","itemListElement":[{"@type":"ListItem","position":1,"name":"Home","item":"https:\/\/grotta.is\/"},{"@type":"ListItem","position":2,"name":"\u00d3lafur Brim \u00ed Gr\u00f3ttu"}]},{"@type":"WebSite","@id":"https:\/\/grotta.is\/#website","url":"https:\/\/grotta.is\/","name":"\u00cd\u00fer\u00f3ttaf\u00e9lagi\u00f0 Gr\u00f3tta","description":"\u00e1 Seltjarnarnesi","publisher":{"@id":"https:\/\/grotta.is\/#organization"},"potentialAction":[{"@type":"SearchAction","target":{"@type":"EntryPoint","urlTemplate":"https:\/\/grotta.is\/?s={search_term_string}"},"query-input":{"@type":"PropertyValueSpecification","valueRequired":true,"valueName":"search_term_string"}}],"inLanguage":"en-US"},{"@type":"Organization","@id":"https:\/\/grotta.is\/#organization","name":"\u00cd\u00fer\u00f3ttaf\u00e9lagi\u00f0 Gr\u00f3tta","url":"https:\/\/grotta.is\/","logo":{"@type":"ImageObject","inLanguage":"en-US","@id":"https:\/\/grotta.is\/#\/schema\/logo\/image\/","url":"https:\/\/grotta.is\/wp-content\/uploads\/2020\/02\/ithrottafelagidgrotta_logo_512x512_transparent.png","contentUrl":"https:\/\/grotta.is\/wp-content\/uploads\/2020\/02\/ithrottafelagidgrotta_logo_512x512_transparent.png","width":512,"height":512,"caption":"\u00cd\u00fer\u00f3ttaf\u00e9lagi\u00f0 Gr\u00f3tta"},"image":{"@id":"https:\/\/grotta.is\/#\/schema\/logo\/image\/"},"sameAs":["https:\/\/www.facebook.com\/grottasport"]},{"@type":"Person","@id":"https:\/\/grotta.is\/#\/schema\/person\/b21e9d5dfd92c90211e343e8d7252b1c","name":"Andri Sigf\u00fasson","url":"https:\/\/grotta.is\/en\/author\/andri\/"}]}},"_links":{"self":[{"href":"https:\/\/grotta.is\/en\/wp-json\/wp\/v2\/posts\/431490","targetHints":{"allow":["GET"]}}],"collection":[{"href":"https:\/\/grotta.is\/en\/wp-json\/wp\/v2\/posts"}],"about":[{"href":"https:\/\/grotta.is\/en\/wp-json\/wp\/v2\/types\/post"}],"author":[{"embeddable":true,"href":"https:\/\/grotta.is\/en\/wp-json\/wp\/v2\/users\/10"}],"replies":[{"embeddable":true,"href":"https:\/\/grotta.is\/en\/wp-json\/wp\/v2\/comments?post=431490"}],"version-history":[{"count":1,"href":"https:\/\/grotta.is\/en\/wp-json\/wp\/v2\/posts\/431490\/revisions"}],"predecessor-version":[{"id":431492,"href":"https:\/\/grotta.is\/en\/wp-json\/wp\/v2\/posts\/431490\/revisions\/431492"}],"wp:featuredmedia":[{"embeddable":true,"href":"https:\/\/grotta.is\/en\/wp-json\/wp\/v2\/media\/431491"}],"wp:attachment":[{"href":"https:\/\/grotta.is\/en\/wp-json\/wp\/v2\/media?parent=431490"}],"wp:term":[{"taxonomy":"category","embeddable":true,"href":"https:\/\/grotta.is\/en\/wp-json\/wp\/v2\/categories?post=431490"},{"taxonomy":"post_tag","embeddable":true,"href":"https:\/\/grotta.is\/en\/wp-json\/wp\/v2\/tags?post=431490"}],"curies":[{"name":"wp","href":"https:\/\/api.w.org\/{rel}","templated":true}]}}