{"id":431465,"date":"2023-07-27T16:10:53","date_gmt":"2023-07-27T16:10:53","guid":{"rendered":"https:\/\/grotta.is\/?p=431465"},"modified":"2023-07-27T16:10:56","modified_gmt":"2023-07-27T16:10:56","slug":"handboltaskoli-grottu","status":"publish","type":"post","link":"https:\/\/grotta.is\/en\/handknattleiksdeild\/handboltaskoli-grottu\/","title":{"rendered":"Handboltask\u00f3li Gr\u00f3ttu"},"content":{"rendered":"<p>Handboltask\u00f3li Gr\u00f3ttu hefur g\u00f6ngu s\u00edna \u00ed n\u00e6stu viku. Sk\u00f3linn markar upphaf handboltat\u00edmabilsins og \u00fev\u00ed fr\u00e1b\u00e6rt forskot \u00e1 s\u00e6luna \u00e1\u00f0ur en hef\u00f0bundnar \u00e6fingar hefjast samhli\u00f0a sk\u00f3labyrjun.<\/p><p>Sk\u00f3linn er fyrir krakka f. 2012-2017 en kr\u00f6kkunum ver\u00f0ur skipt upp eftir aldri \u00feannig a\u00f0 \u00f6ll nj\u00f3ti s\u00edn sem best. Byrjendur jafnt sem lengra komin eru velkomin. Krakkarnir eru be\u00f0nir um a\u00f0 taka me\u00f0 s\u00e9r nesti.<\/p><p>Sk\u00f3lastj\u00f3ri sk\u00f3lans er Patrekur P\u00e9tursson Sanko en auk hans munu okkar allra bestu <a><\/a>\u00fej\u00e1lfarar \u00fej\u00e1lfa og lei\u00f0beina kr\u00f6kkunum.<\/p><p>Bo\u00f0i\u00f0 er upp \u00e1 g\u00e6slu fr\u00e1 kl. 08:00-09:00 og s\u00ed\u00f0an aftur fr\u00e1 kl. 12:00-13:00 a\u00f0 kostna\u00f0arlausu.<\/p><p>N\u00e1nari uppl\u00fdsingar: <a href=\"https:\/\/l.facebook.com\/l.php?u=https%3A%2F%2Fgrotta.is%2Fsumar-2023%2F%3Ffbclid%3DIwAR3cXnqRfojCZyDdcdvClSfzWFHYSCZHlamxQHgk5B8yEqzQjKGEOHRenik&amp;h=AT20mtQDzGmSssJ3-8uQnk6jbvlGA51jEPChrQ_cDR3L3Z2HhvJ6KSGMPj2-I2RKXKoeE5kWPVCbSfTMu59-BZCtpgGO0eFjuIhkyv9g93xt97IgoA-q2zlpv8wU-DKlrw&amp;__tn__=-UK-R&amp;c[0]=AT0Ew64RU3lFx45a7r5yPPZLUwXK-gaDMqRMFfgaS3kTS-VnTCcZf69SKIsqvFDKLRHdtQbYd-yeMJju_pyp2PyANJLfJG1G7C4A4heQz7cHrMhBZcpj6EWKRhFYGIztZ7oszUoMMgVfZL71jwPwK6Gq1BwdIX7Dw5C-a6_zYwzHlwh7bGRkc_iCb5YQof4IBypLBLTiwrZk\" rel=\"noreferrer noopener\" target=\"_blank\">https:\/\/grotta.is\/sumar-2023\/<\/a><\/p><p>Skr\u00e1ning h\u00e9rna: <a href=\"https:\/\/www.sportabler.com\/shop\/grotta\/handbolti?fbclid=IwAR1dtuSIRTPM2U7L4cS7ifut5KLPOhBqsb-PzT_v8xdMwYn-nlwPicrshWc\" rel=\"noreferrer noopener\" target=\"_blank\">https:\/\/www.sportabler.com\/shop\/grotta\/handbolti<\/a><\/p>","protected":false},"excerpt":{"rendered":"<p>Handboltask\u00f3li Gr\u00f3ttu hefur g\u00f6ngu s\u00edna \u00ed n\u00e6stu viku. Sk\u00f3linn markar upphaf handboltat\u00edmabilsins og \u00fev\u00ed fr\u00e1b\u00e6rt forskot \u00e1 s\u00e6luna \u00e1\u00f0ur en hef\u00f0bundnar \u00e6fingar hefjast samhli\u00f0a sk\u00f3labyrjun. Sk\u00f3linn er fyrir krakka f. [&hellip;]<\/p>","protected":false},"author":10,"featured_media":431466,"comment_status":"closed","ping_status":"closed","sticky":false,"template":"","format":"standard","meta":{"footnotes":""},"categories":[12],"tags":[],"class_list":["post-431465","post","type-post","status-publish","format-standard","has-post-thumbnail","hentry","category-handknattleiksdeild"],"yoast_head":"<!-- This site is optimized with the Yoast SEO plugin v24.3 - https:\/\/yoast.com\/wordpress\/plugins\/seo\/ -->\n<title>Handboltask\u00f3li Gr\u00f3ttu - \u00cd\u00fer\u00f3ttaf\u00e9lagi\u00f0 Gr\u00f3tta<\/title>\n<meta name=\"robots\" content=\"index, follow, max-snippet:-1, max-image-preview:large, max-video-preview:-1\" \/>\n<link rel=\"canonical\" href=\"https:\/\/grotta.is\/en\/handknattleiksdeild\/handboltaskoli-grottu\/\" \/>\n<meta property=\"og:locale\" content=\"en_US\" \/>\n<meta property=\"og:type\" content=\"article\" \/>\n<meta property=\"og:title\" content=\"Handboltask\u00f3li Gr\u00f3ttu - \u00cd\u00fer\u00f3ttaf\u00e9lagi\u00f0 Gr\u00f3tta\" \/>\n<meta property=\"og:description\" content=\"Handboltask\u00f3li Gr\u00f3ttu hefur g\u00f6ngu s\u00edna \u00ed n\u00e6stu viku. Sk\u00f3linn markar upphaf handboltat\u00edmabilsins og \u00fev\u00ed fr\u00e1b\u00e6rt forskot \u00e1 s\u00e6luna \u00e1\u00f0ur en hef\u00f0bundnar \u00e6fingar hefjast samhli\u00f0a sk\u00f3labyrjun. Sk\u00f3linn er fyrir krakka f. [&hellip;]\" \/>\n<meta property=\"og:url\" content=\"https:\/\/grotta.is\/en\/handknattleiksdeild\/handboltaskoli-grottu\/\" \/>\n<meta property=\"og:site_name\" content=\"\u00cd\u00fer\u00f3ttaf\u00e9lagi\u00f0 Gr\u00f3tta\" \/>\n<meta property=\"article:publisher\" content=\"https:\/\/www.facebook.com\/grottasport\" \/>\n<meta property=\"article:published_time\" content=\"2023-07-27T16:10:53+00:00\" \/>\n<meta property=\"article:modified_time\" content=\"2023-07-27T16:10:56+00:00\" \/>\n<meta property=\"og:image\" content=\"https:\/\/grotta.is\/wp-content\/uploads\/2023\/07\/Handboltaskoli-Grottu-2023-1.png\" \/>\n\t<meta property=\"og:image:width\" content=\"1080\" \/>\n\t<meta property=\"og:image:height\" content=\"1080\" \/>\n\t<meta property=\"og:image:type\" content=\"image\/png\" \/>\n<meta name=\"author\" content=\"Andri Sigf\u00fasson\" \/>\n<meta name=\"twitter:card\" content=\"summary_large_image\" \/>\n<meta name=\"twitter:label1\" content=\"Written by\" \/>\n\t<meta name=\"twitter:data1\" content=\"Andri Sigf\u00fasson\" \/>\n\t<meta name=\"twitter:label2\" content=\"Est. reading time\" \/>\n\t<meta name=\"twitter:data2\" content=\"1 minute\" \/>\n<script type=\"application\/ld+json\" class=\"yoast-schema-graph\">{\"@context\":\"https:\/\/schema.org\",\"@graph\":[{\"@type\":\"Article\",\"@id\":\"https:\/\/grotta.is\/handknattleiksdeild\/handboltaskoli-grottu\/#article\",\"isPartOf\":{\"@id\":\"https:\/\/grotta.is\/handknattleiksdeild\/handboltaskoli-grottu\/\"},\"author\":{\"name\":\"Andri Sigf\u00fasson\",\"@id\":\"https:\/\/grotta.is\/#\/schema\/person\/b21e9d5dfd92c90211e343e8d7252b1c\"},\"headline\":\"Handboltask\u00f3li Gr\u00f3ttu\",\"datePublished\":\"2023-07-27T16:10:53+00:00\",\"dateModified\":\"2023-07-27T16:10:56+00:00\",\"mainEntityOfPage\":{\"@id\":\"https:\/\/grotta.is\/handknattleiksdeild\/handboltaskoli-grottu\/\"},\"wordCount\":147,\"publisher\":{\"@id\":\"https:\/\/grotta.is\/#organization\"},\"image\":{\"@id\":\"https:\/\/grotta.is\/handknattleiksdeild\/handboltaskoli-grottu\/#primaryimage\"},\"thumbnailUrl\":\"https:\/\/grotta.is\/wp-content\/uploads\/2023\/07\/Handboltaskoli-Grottu-2023-1.png\",\"articleSection\":[\"Handknattleiksdeild\"],\"inLanguage\":\"en-US\"},{\"@type\":\"WebPage\",\"@id\":\"https:\/\/grotta.is\/handknattleiksdeild\/handboltaskoli-grottu\/\",\"url\":\"https:\/\/grotta.is\/handknattleiksdeild\/handboltaskoli-grottu\/\",\"name\":\"Handboltask\u00f3li Gr\u00f3ttu - \u00cd\u00fer\u00f3ttaf\u00e9lagi\u00f0 Gr\u00f3tta\",\"isPartOf\":{\"@id\":\"https:\/\/grotta.is\/#website\"},\"primaryImageOfPage\":{\"@id\":\"https:\/\/grotta.is\/handknattleiksdeild\/handboltaskoli-grottu\/#primaryimage\"},\"image\":{\"@id\":\"https:\/\/grotta.is\/handknattleiksdeild\/handboltaskoli-grottu\/#primaryimage\"},\"thumbnailUrl\":\"https:\/\/grotta.is\/wp-content\/uploads\/2023\/07\/Handboltaskoli-Grottu-2023-1.png\",\"datePublished\":\"2023-07-27T16:10:53+00:00\",\"dateModified\":\"2023-07-27T16:10:56+00:00\",\"breadcrumb\":{\"@id\":\"https:\/\/grotta.is\/handknattleiksdeild\/handboltaskoli-grottu\/#breadcrumb\"},\"inLanguage\":\"en-US\",\"potentialAction\":[{\"@type\":\"ReadAction\",\"target\":[\"https:\/\/grotta.is\/handknattleiksdeild\/handboltaskoli-grottu\/\"]}]},{\"@type\":\"ImageObject\",\"inLanguage\":\"en-US\",\"@id\":\"https:\/\/grotta.is\/handknattleiksdeild\/handboltaskoli-grottu\/#primaryimage\",\"url\":\"https:\/\/grotta.is\/wp-content\/uploads\/2023\/07\/Handboltaskoli-Grottu-2023-1.png\",\"contentUrl\":\"https:\/\/grotta.is\/wp-content\/uploads\/2023\/07\/Handboltaskoli-Grottu-2023-1.png\",\"width\":1080,\"height\":1080},{\"@type\":\"BreadcrumbList\",\"@id\":\"https:\/\/grotta.is\/handknattleiksdeild\/handboltaskoli-grottu\/#breadcrumb\",\"itemListElement\":[{\"@type\":\"ListItem\",\"position\":1,\"name\":\"Home\",\"item\":\"https:\/\/grotta.is\/\"},{\"@type\":\"ListItem\",\"position\":2,\"name\":\"Handboltask\u00f3li Gr\u00f3ttu\"}]},{\"@type\":\"WebSite\",\"@id\":\"https:\/\/grotta.is\/#website\",\"url\":\"https:\/\/grotta.is\/\",\"name\":\"\u00cd\u00fer\u00f3ttaf\u00e9lagi\u00f0 Gr\u00f3tta\",\"description\":\"\u00e1 Seltjarnarnesi\",\"publisher\":{\"@id\":\"https:\/\/grotta.is\/#organization\"},\"potentialAction\":[{\"@type\":\"SearchAction\",\"target\":{\"@type\":\"EntryPoint\",\"urlTemplate\":\"https:\/\/grotta.is\/?s={search_term_string}\"},\"query-input\":{\"@type\":\"PropertyValueSpecification\",\"valueRequired\":true,\"valueName\":\"search_term_string\"}}],\"inLanguage\":\"en-US\"},{\"@type\":\"Organization\",\"@id\":\"https:\/\/grotta.is\/#organization\",\"name\":\"\u00cd\u00fer\u00f3ttaf\u00e9lagi\u00f0 Gr\u00f3tta\",\"url\":\"https:\/\/grotta.is\/\",\"logo\":{\"@type\":\"ImageObject\",\"inLanguage\":\"en-US\",\"@id\":\"https:\/\/grotta.is\/#\/schema\/logo\/image\/\",\"url\":\"https:\/\/grotta.is\/wp-content\/uploads\/2020\/02\/ithrottafelagidgrotta_logo_512x512_transparent.png\",\"contentUrl\":\"https:\/\/grotta.is\/wp-content\/uploads\/2020\/02\/ithrottafelagidgrotta_logo_512x512_transparent.png\",\"width\":512,\"height\":512,\"caption\":\"\u00cd\u00fer\u00f3ttaf\u00e9lagi\u00f0 Gr\u00f3tta\"},\"image\":{\"@id\":\"https:\/\/grotta.is\/#\/schema\/logo\/image\/\"},\"sameAs\":[\"https:\/\/www.facebook.com\/grottasport\"]},{\"@type\":\"Person\",\"@id\":\"https:\/\/grotta.is\/#\/schema\/person\/b21e9d5dfd92c90211e343e8d7252b1c\",\"name\":\"Andri Sigf\u00fasson\",\"url\":\"https:\/\/grotta.is\/en\/author\/andri\/\"}]}<\/script>\n<!-- \/ Yoast SEO plugin. -->","yoast_head_json":{"title":"Handboltask\u00f3li Gr\u00f3ttu - \u00cd\u00fer\u00f3ttaf\u00e9lagi\u00f0 Gr\u00f3tta","robots":{"index":"index","follow":"follow","max-snippet":"max-snippet:-1","max-image-preview":"max-image-preview:large","max-video-preview":"max-video-preview:-1"},"canonical":"https:\/\/grotta.is\/en\/handknattleiksdeild\/handboltaskoli-grottu\/","og_locale":"en_US","og_type":"article","og_title":"Handboltask\u00f3li Gr\u00f3ttu - \u00cd\u00fer\u00f3ttaf\u00e9lagi\u00f0 Gr\u00f3tta","og_description":"Handboltask\u00f3li Gr\u00f3ttu hefur g\u00f6ngu s\u00edna \u00ed n\u00e6stu viku. Sk\u00f3linn markar upphaf handboltat\u00edmabilsins og \u00fev\u00ed fr\u00e1b\u00e6rt forskot \u00e1 s\u00e6luna \u00e1\u00f0ur en hef\u00f0bundnar \u00e6fingar hefjast samhli\u00f0a sk\u00f3labyrjun. Sk\u00f3linn er fyrir krakka f. [&hellip;]","og_url":"https:\/\/grotta.is\/en\/handknattleiksdeild\/handboltaskoli-grottu\/","og_site_name":"\u00cd\u00fer\u00f3ttaf\u00e9lagi\u00f0 Gr\u00f3tta","article_publisher":"https:\/\/www.facebook.com\/grottasport","article_published_time":"2023-07-27T16:10:53+00:00","article_modified_time":"2023-07-27T16:10:56+00:00","og_image":[{"width":1080,"height":1080,"url":"https:\/\/grotta.is\/wp-content\/uploads\/2023\/07\/Handboltaskoli-Grottu-2023-1.png","type":"image\/png"}],"author":"Andri Sigf\u00fasson","twitter_card":"summary_large_image","twitter_misc":{"Written by":"Andri Sigf\u00fasson","Est. reading time":"1 minute"},"schema":{"@context":"https:\/\/schema.org","@graph":[{"@type":"Article","@id":"https:\/\/grotta.is\/handknattleiksdeild\/handboltaskoli-grottu\/#article","isPartOf":{"@id":"https:\/\/grotta.is\/handknattleiksdeild\/handboltaskoli-grottu\/"},"author":{"name":"Andri Sigf\u00fasson","@id":"https:\/\/grotta.is\/#\/schema\/person\/b21e9d5dfd92c90211e343e8d7252b1c"},"headline":"Handboltask\u00f3li Gr\u00f3ttu","datePublished":"2023-07-27T16:10:53+00:00","dateModified":"2023-07-27T16:10:56+00:00","mainEntityOfPage":{"@id":"https:\/\/grotta.is\/handknattleiksdeild\/handboltaskoli-grottu\/"},"wordCount":147,"publisher":{"@id":"https:\/\/grotta.is\/#organization"},"image":{"@id":"https:\/\/grotta.is\/handknattleiksdeild\/handboltaskoli-grottu\/#primaryimage"},"thumbnailUrl":"https:\/\/grotta.is\/wp-content\/uploads\/2023\/07\/Handboltaskoli-Grottu-2023-1.png","articleSection":["Handknattleiksdeild"],"inLanguage":"en-US"},{"@type":"WebPage","@id":"https:\/\/grotta.is\/handknattleiksdeild\/handboltaskoli-grottu\/","url":"https:\/\/grotta.is\/handknattleiksdeild\/handboltaskoli-grottu\/","name":"Handboltask\u00f3li Gr\u00f3ttu - \u00cd\u00fer\u00f3ttaf\u00e9lagi\u00f0 Gr\u00f3tta","isPartOf":{"@id":"https:\/\/grotta.is\/#website"},"primaryImageOfPage":{"@id":"https:\/\/grotta.is\/handknattleiksdeild\/handboltaskoli-grottu\/#primaryimage"},"image":{"@id":"https:\/\/grotta.is\/handknattleiksdeild\/handboltaskoli-grottu\/#primaryimage"},"thumbnailUrl":"https:\/\/grotta.is\/wp-content\/uploads\/2023\/07\/Handboltaskoli-Grottu-2023-1.png","datePublished":"2023-07-27T16:10:53+00:00","dateModified":"2023-07-27T16:10:56+00:00","breadcrumb":{"@id":"https:\/\/grotta.is\/handknattleiksdeild\/handboltaskoli-grottu\/#breadcrumb"},"inLanguage":"en-US","potentialAction":[{"@type":"ReadAction","target":["https:\/\/grotta.is\/handknattleiksdeild\/handboltaskoli-grottu\/"]}]},{"@type":"ImageObject","inLanguage":"en-US","@id":"https:\/\/grotta.is\/handknattleiksdeild\/handboltaskoli-grottu\/#primaryimage","url":"https:\/\/grotta.is\/wp-content\/uploads\/2023\/07\/Handboltaskoli-Grottu-2023-1.png","contentUrl":"https:\/\/grotta.is\/wp-content\/uploads\/2023\/07\/Handboltaskoli-Grottu-2023-1.png","width":1080,"height":1080},{"@type":"BreadcrumbList","@id":"https:\/\/grotta.is\/handknattleiksdeild\/handboltaskoli-grottu\/#breadcrumb","itemListElement":[{"@type":"ListItem","position":1,"name":"Home","item":"https:\/\/grotta.is\/"},{"@type":"ListItem","position":2,"name":"Handboltask\u00f3li Gr\u00f3ttu"}]},{"@type":"WebSite","@id":"https:\/\/grotta.is\/#website","url":"https:\/\/grotta.is\/","name":"\u00cd\u00fer\u00f3ttaf\u00e9lagi\u00f0 Gr\u00f3tta","description":"\u00e1 Seltjarnarnesi","publisher":{"@id":"https:\/\/grotta.is\/#organization"},"potentialAction":[{"@type":"SearchAction","target":{"@type":"EntryPoint","urlTemplate":"https:\/\/grotta.is\/?s={search_term_string}"},"query-input":{"@type":"PropertyValueSpecification","valueRequired":true,"valueName":"search_term_string"}}],"inLanguage":"en-US"},{"@type":"Organization","@id":"https:\/\/grotta.is\/#organization","name":"\u00cd\u00fer\u00f3ttaf\u00e9lagi\u00f0 Gr\u00f3tta","url":"https:\/\/grotta.is\/","logo":{"@type":"ImageObject","inLanguage":"en-US","@id":"https:\/\/grotta.is\/#\/schema\/logo\/image\/","url":"https:\/\/grotta.is\/wp-content\/uploads\/2020\/02\/ithrottafelagidgrotta_logo_512x512_transparent.png","contentUrl":"https:\/\/grotta.is\/wp-content\/uploads\/2020\/02\/ithrottafelagidgrotta_logo_512x512_transparent.png","width":512,"height":512,"caption":"\u00cd\u00fer\u00f3ttaf\u00e9lagi\u00f0 Gr\u00f3tta"},"image":{"@id":"https:\/\/grotta.is\/#\/schema\/logo\/image\/"},"sameAs":["https:\/\/www.facebook.com\/grottasport"]},{"@type":"Person","@id":"https:\/\/grotta.is\/#\/schema\/person\/b21e9d5dfd92c90211e343e8d7252b1c","name":"Andri Sigf\u00fasson","url":"https:\/\/grotta.is\/en\/author\/andri\/"}]}},"_links":{"self":[{"href":"https:\/\/grotta.is\/en\/wp-json\/wp\/v2\/posts\/431465","targetHints":{"allow":["GET"]}}],"collection":[{"href":"https:\/\/grotta.is\/en\/wp-json\/wp\/v2\/posts"}],"about":[{"href":"https:\/\/grotta.is\/en\/wp-json\/wp\/v2\/types\/post"}],"author":[{"embeddable":true,"href":"https:\/\/grotta.is\/en\/wp-json\/wp\/v2\/users\/10"}],"replies":[{"embeddable":true,"href":"https:\/\/grotta.is\/en\/wp-json\/wp\/v2\/comments?post=431465"}],"version-history":[{"count":1,"href":"https:\/\/grotta.is\/en\/wp-json\/wp\/v2\/posts\/431465\/revisions"}],"predecessor-version":[{"id":431467,"href":"https:\/\/grotta.is\/en\/wp-json\/wp\/v2\/posts\/431465\/revisions\/431467"}],"wp:featuredmedia":[{"embeddable":true,"href":"https:\/\/grotta.is\/en\/wp-json\/wp\/v2\/media\/431466"}],"wp:attachment":[{"href":"https:\/\/grotta.is\/en\/wp-json\/wp\/v2\/media?parent=431465"}],"wp:term":[{"taxonomy":"category","embeddable":true,"href":"https:\/\/grotta.is\/en\/wp-json\/wp\/v2\/categories?post=431465"},{"taxonomy":"post_tag","embeddable":true,"href":"https:\/\/grotta.is\/en\/wp-json\/wp\/v2\/tags?post=431465"}],"curies":[{"name":"wp","href":"https:\/\/api.w.org\/{rel}","templated":true}]}}