{"id":430560,"date":"2023-07-21T21:50:03","date_gmt":"2023-07-21T21:50:03","guid":{"rendered":"https:\/\/grotta.is\/?p=430560"},"modified":"2023-07-21T21:52:56","modified_gmt":"2023-07-21T21:52:56","slug":"handknattleiksdeild-grottu-faer-tvo-fra-haukum","status":"publish","type":"post","link":"https:\/\/grotta.is\/en\/handknattleiksdeild\/handknattleiksdeild-grottu-faer-tvo-fra-haukum\/","title":{"rendered":"Handknattleiksdeild Gr\u00f3ttu f\u00e6r tvo fr\u00e1 Haukum"},"content":{"rendered":"<p>Hand\u00adknatt\u00adleiksdeild Gr\u00f3ttu hef\u00adur fengi\u00f0 til s\u00edn tvo leik\u00admenn fr\u00e1 Hauk\u00adum og sami\u00f0 vi\u00f0 \u00fe\u00e1 fyr\u00adir n\u00e6sta keppn\u00adis\u00adt\u00edma\u00adbil.<\/p><p>Andri Fann\u00adar El\u00eds\u00adson er 19 \u00e1ra hornama\u00f0ur og leikma\u00f0ur me\u00f0 U18 \u00e1ra landsli\u00f0inu sem er \u00e1 lei\u00f0 \u00e1 heims\u00admeist\u00adara\u00adm\u00f3ti\u00f0 \u00ed Kr\u00f3a\u00adt\u00edu. Hann l\u00e9k 20 leiki me\u00f0 Hauk\u00adum \u00ed \u00far\u00advals\u00addeild\u00adinni s\u00ed\u00f0asta vet\u00adur og skora\u00f0i 5 m\u00f6rk, og \u00fe\u00e1 ger\u00f0i hann 29 m\u00f6rk \u00ed 10 leikj\u00adum ung\u00admennali\u00f0s f\u00e9\u00adlags\u00adins \u00ed 1. deild\u00adinni.<\/p><p>\u00c1g\u00fast Ingi \u00d3skars\u00adson er 22 \u00e1ra gam\u00adall, r\u00e9tt\u00adhent skytta, sem skora\u00f0i 111 m\u00f6rk fyr\u00adir ung\u00admennali\u00f0 Hauka \u00ed 18 leikj\u00adum \u00ed 1. deild\u00adinni \u00e1 s\u00ed\u00f0asta t\u00edma\u00adbili. Hann t\u00f3k jafn\u00adframt \u00fe\u00e1tt \u00ed 16 leikj\u00adum me\u00f0 Hauk\u00adum \u00ed \u00far\u00advals\u00addeild\u00adinni og skora\u00f0i tv\u00f6 m\u00f6rk.<\/p><p>*\u00e1 myndinni eru: Andri Fannar El\u00edsson, Arnkell Bergmann Arnkelsson forma\u00f0ur handknattleiksdeildar Gr\u00f3ttu og \u00c1g\u00fast Ingi \u00d3skarsson.<\/p>","protected":false},"excerpt":{"rendered":"<p>Hand\u00adknatt\u00adleiksdeild Gr\u00f3ttu hef\u00adur fengi\u00f0 til s\u00edn tvo leik\u00admenn fr\u00e1 Hauk\u00adum og sami\u00f0 vi\u00f0 \u00fe\u00e1 fyr\u00adir n\u00e6sta keppn\u00adis\u00adt\u00edma\u00adbil.<\/p>","protected":false},"author":2,"featured_media":430585,"comment_status":"closed","ping_status":"closed","sticky":false,"template":"","format":"standard","meta":{"footnotes":""},"categories":[12],"tags":[13,17,20],"class_list":["post-430560","post","type-post","status-publish","format-standard","has-post-thumbnail","hentry","category-handknattleiksdeild","tag-handbolti","tag-leikmenn","tag-mfl-kk"],"yoast_head":"<!-- This site is optimized with the Yoast SEO plugin v24.3 - https:\/\/yoast.com\/wordpress\/plugins\/seo\/ -->\n<title>Handknattleiksdeild Gr\u00f3ttu f\u00e6r tvo fr\u00e1 Haukum - \u00cd\u00fer\u00f3ttaf\u00e9lagi\u00f0 Gr\u00f3tta<\/title>\n<meta name=\"robots\" content=\"index, follow, max-snippet:-1, max-image-preview:large, max-video-preview:-1\" \/>\n<link rel=\"canonical\" href=\"https:\/\/grotta.is\/en\/handknattleiksdeild\/handknattleiksdeild-grottu-faer-tvo-fra-haukum\/\" \/>\n<meta property=\"og:locale\" content=\"en_US\" \/>\n<meta property=\"og:type\" content=\"article\" \/>\n<meta property=\"og:title\" content=\"Handknattleiksdeild Gr\u00f3ttu f\u00e6r tvo fr\u00e1 Haukum - \u00cd\u00fer\u00f3ttaf\u00e9lagi\u00f0 Gr\u00f3tta\" \/>\n<meta property=\"og:description\" content=\"Hand\u00adknatt\u00adleiksdeild Gr\u00f3ttu hef\u00adur fengi\u00f0 til s\u00edn tvo leik\u00admenn fr\u00e1 Hauk\u00adum og sami\u00f0 vi\u00f0 \u00fe\u00e1 fyr\u00adir n\u00e6sta keppn\u00adis\u00adt\u00edma\u00adbil.\" \/>\n<meta property=\"og:url\" content=\"https:\/\/grotta.is\/en\/handknattleiksdeild\/handknattleiksdeild-grottu-faer-tvo-fra-haukum\/\" \/>\n<meta property=\"og:site_name\" content=\"\u00cd\u00fer\u00f3ttaf\u00e9lagi\u00f0 Gr\u00f3tta\" \/>\n<meta property=\"article:publisher\" content=\"https:\/\/www.facebook.com\/grottasport\" \/>\n<meta property=\"article:published_time\" content=\"2023-07-21T21:50:03+00:00\" \/>\n<meta property=\"article:modified_time\" content=\"2023-07-21T21:52:56+00:00\" \/>\n<meta property=\"og:image\" content=\"https:\/\/grotta.is\/wp-content\/uploads\/2023\/07\/1428449.jpg\" \/>\n\t<meta property=\"og:image:width\" content=\"1640\" \/>\n\t<meta property=\"og:image:height\" content=\"1093\" \/>\n\t<meta property=\"og:image:type\" content=\"image\/jpeg\" \/>\n<meta name=\"author\" content=\"Grotta\" \/>\n<meta name=\"twitter:card\" content=\"summary_large_image\" \/>\n<meta name=\"twitter:label1\" content=\"Written by\" \/>\n\t<meta name=\"twitter:data1\" content=\"Grotta\" \/>\n\t<meta name=\"twitter:label2\" content=\"Est. reading time\" \/>\n\t<meta name=\"twitter:data2\" content=\"1 minute\" \/>\n<script type=\"application\/ld+json\" class=\"yoast-schema-graph\">{\"@context\":\"https:\/\/schema.org\",\"@graph\":[{\"@type\":\"Article\",\"@id\":\"https:\/\/grotta.is\/handknattleiksdeild\/handknattleiksdeild-grottu-faer-tvo-fra-haukum\/#article\",\"isPartOf\":{\"@id\":\"https:\/\/grotta.is\/handknattleiksdeild\/handknattleiksdeild-grottu-faer-tvo-fra-haukum\/\"},\"author\":{\"name\":\"Grotta\",\"@id\":\"https:\/\/grotta.is\/#\/schema\/person\/08ec57bf09ee925f1b6a01540c14a5ce\"},\"headline\":\"Handknattleiksdeild Gr\u00f3ttu f\u00e6r tvo fr\u00e1 Haukum\",\"datePublished\":\"2023-07-21T21:50:03+00:00\",\"dateModified\":\"2023-07-21T21:52:56+00:00\",\"mainEntityOfPage\":{\"@id\":\"https:\/\/grotta.is\/handknattleiksdeild\/handknattleiksdeild-grottu-faer-tvo-fra-haukum\/\"},\"wordCount\":175,\"publisher\":{\"@id\":\"https:\/\/grotta.is\/#organization\"},\"image\":{\"@id\":\"https:\/\/grotta.is\/handknattleiksdeild\/handknattleiksdeild-grottu-faer-tvo-fra-haukum\/#primaryimage\"},\"thumbnailUrl\":\"https:\/\/grotta.is\/wp-content\/uploads\/2023\/07\/1428449.jpg\",\"keywords\":[\"Handbolti\",\"Leikmenn\",\"Mfl.kk\"],\"articleSection\":[\"Handknattleiksdeild\"],\"inLanguage\":\"en-US\"},{\"@type\":\"WebPage\",\"@id\":\"https:\/\/grotta.is\/handknattleiksdeild\/handknattleiksdeild-grottu-faer-tvo-fra-haukum\/\",\"url\":\"https:\/\/grotta.is\/handknattleiksdeild\/handknattleiksdeild-grottu-faer-tvo-fra-haukum\/\",\"name\":\"Handknattleiksdeild Gr\u00f3ttu f\u00e6r tvo fr\u00e1 Haukum - \u00cd\u00fer\u00f3ttaf\u00e9lagi\u00f0 Gr\u00f3tta\",\"isPartOf\":{\"@id\":\"https:\/\/grotta.is\/#website\"},\"primaryImageOfPage\":{\"@id\":\"https:\/\/grotta.is\/handknattleiksdeild\/handknattleiksdeild-grottu-faer-tvo-fra-haukum\/#primaryimage\"},\"image\":{\"@id\":\"https:\/\/grotta.is\/handknattleiksdeild\/handknattleiksdeild-grottu-faer-tvo-fra-haukum\/#primaryimage\"},\"thumbnailUrl\":\"https:\/\/grotta.is\/wp-content\/uploads\/2023\/07\/1428449.jpg\",\"datePublished\":\"2023-07-21T21:50:03+00:00\",\"dateModified\":\"2023-07-21T21:52:56+00:00\",\"breadcrumb\":{\"@id\":\"https:\/\/grotta.is\/handknattleiksdeild\/handknattleiksdeild-grottu-faer-tvo-fra-haukum\/#breadcrumb\"},\"inLanguage\":\"en-US\",\"potentialAction\":[{\"@type\":\"ReadAction\",\"target\":[\"https:\/\/grotta.is\/handknattleiksdeild\/handknattleiksdeild-grottu-faer-tvo-fra-haukum\/\"]}]},{\"@type\":\"ImageObject\",\"inLanguage\":\"en-US\",\"@id\":\"https:\/\/grotta.is\/handknattleiksdeild\/handknattleiksdeild-grottu-faer-tvo-fra-haukum\/#primaryimage\",\"url\":\"https:\/\/grotta.is\/wp-content\/uploads\/2023\/07\/1428449.jpg\",\"contentUrl\":\"https:\/\/grotta.is\/wp-content\/uploads\/2023\/07\/1428449.jpg\",\"width\":1640,\"height\":1093},{\"@type\":\"BreadcrumbList\",\"@id\":\"https:\/\/grotta.is\/handknattleiksdeild\/handknattleiksdeild-grottu-faer-tvo-fra-haukum\/#breadcrumb\",\"itemListElement\":[{\"@type\":\"ListItem\",\"position\":1,\"name\":\"Home\",\"item\":\"https:\/\/grotta.is\/\"},{\"@type\":\"ListItem\",\"position\":2,\"name\":\"Handknattleiksdeild Gr\u00f3ttu f\u00e6r tvo fr\u00e1 Haukum\"}]},{\"@type\":\"WebSite\",\"@id\":\"https:\/\/grotta.is\/#website\",\"url\":\"https:\/\/grotta.is\/\",\"name\":\"\u00cd\u00fer\u00f3ttaf\u00e9lagi\u00f0 Gr\u00f3tta\",\"description\":\"\u00e1 Seltjarnarnesi\",\"publisher\":{\"@id\":\"https:\/\/grotta.is\/#organization\"},\"potentialAction\":[{\"@type\":\"SearchAction\",\"target\":{\"@type\":\"EntryPoint\",\"urlTemplate\":\"https:\/\/grotta.is\/?s={search_term_string}\"},\"query-input\":{\"@type\":\"PropertyValueSpecification\",\"valueRequired\":true,\"valueName\":\"search_term_string\"}}],\"inLanguage\":\"en-US\"},{\"@type\":\"Organization\",\"@id\":\"https:\/\/grotta.is\/#organization\",\"name\":\"\u00cd\u00fer\u00f3ttaf\u00e9lagi\u00f0 Gr\u00f3tta\",\"url\":\"https:\/\/grotta.is\/\",\"logo\":{\"@type\":\"ImageObject\",\"inLanguage\":\"en-US\",\"@id\":\"https:\/\/grotta.is\/#\/schema\/logo\/image\/\",\"url\":\"https:\/\/grotta.is\/wp-content\/uploads\/2020\/02\/ithrottafelagidgrotta_logo_512x512_transparent.png\",\"contentUrl\":\"https:\/\/grotta.is\/wp-content\/uploads\/2020\/02\/ithrottafelagidgrotta_logo_512x512_transparent.png\",\"width\":512,\"height\":512,\"caption\":\"\u00cd\u00fer\u00f3ttaf\u00e9lagi\u00f0 Gr\u00f3tta\"},\"image\":{\"@id\":\"https:\/\/grotta.is\/#\/schema\/logo\/image\/\"},\"sameAs\":[\"https:\/\/www.facebook.com\/grottasport\"]},{\"@type\":\"Person\",\"@id\":\"https:\/\/grotta.is\/#\/schema\/person\/08ec57bf09ee925f1b6a01540c14a5ce\",\"name\":\"Grotta\",\"url\":\"https:\/\/grotta.is\/en\/author\/inga\/\"}]}<\/script>\n<!-- \/ Yoast SEO plugin. -->","yoast_head_json":{"title":"Handknattleiksdeild Gr\u00f3ttu f\u00e6r tvo fr\u00e1 Haukum - \u00cd\u00fer\u00f3ttaf\u00e9lagi\u00f0 Gr\u00f3tta","robots":{"index":"index","follow":"follow","max-snippet":"max-snippet:-1","max-image-preview":"max-image-preview:large","max-video-preview":"max-video-preview:-1"},"canonical":"https:\/\/grotta.is\/en\/handknattleiksdeild\/handknattleiksdeild-grottu-faer-tvo-fra-haukum\/","og_locale":"en_US","og_type":"article","og_title":"Handknattleiksdeild Gr\u00f3ttu f\u00e6r tvo fr\u00e1 Haukum - \u00cd\u00fer\u00f3ttaf\u00e9lagi\u00f0 Gr\u00f3tta","og_description":"Hand\u00adknatt\u00adleiksdeild Gr\u00f3ttu hef\u00adur fengi\u00f0 til s\u00edn tvo leik\u00admenn fr\u00e1 Hauk\u00adum og sami\u00f0 vi\u00f0 \u00fe\u00e1 fyr\u00adir n\u00e6sta keppn\u00adis\u00adt\u00edma\u00adbil.","og_url":"https:\/\/grotta.is\/en\/handknattleiksdeild\/handknattleiksdeild-grottu-faer-tvo-fra-haukum\/","og_site_name":"\u00cd\u00fer\u00f3ttaf\u00e9lagi\u00f0 Gr\u00f3tta","article_publisher":"https:\/\/www.facebook.com\/grottasport","article_published_time":"2023-07-21T21:50:03+00:00","article_modified_time":"2023-07-21T21:52:56+00:00","og_image":[{"width":1640,"height":1093,"url":"https:\/\/grotta.is\/wp-content\/uploads\/2023\/07\/1428449.jpg","type":"image\/jpeg"}],"author":"Grotta","twitter_card":"summary_large_image","twitter_misc":{"Written by":"Grotta","Est. reading time":"1 minute"},"schema":{"@context":"https:\/\/schema.org","@graph":[{"@type":"Article","@id":"https:\/\/grotta.is\/handknattleiksdeild\/handknattleiksdeild-grottu-faer-tvo-fra-haukum\/#article","isPartOf":{"@id":"https:\/\/grotta.is\/handknattleiksdeild\/handknattleiksdeild-grottu-faer-tvo-fra-haukum\/"},"author":{"name":"Grotta","@id":"https:\/\/grotta.is\/#\/schema\/person\/08ec57bf09ee925f1b6a01540c14a5ce"},"headline":"Handknattleiksdeild Gr\u00f3ttu f\u00e6r tvo fr\u00e1 Haukum","datePublished":"2023-07-21T21:50:03+00:00","dateModified":"2023-07-21T21:52:56+00:00","mainEntityOfPage":{"@id":"https:\/\/grotta.is\/handknattleiksdeild\/handknattleiksdeild-grottu-faer-tvo-fra-haukum\/"},"wordCount":175,"publisher":{"@id":"https:\/\/grotta.is\/#organization"},"image":{"@id":"https:\/\/grotta.is\/handknattleiksdeild\/handknattleiksdeild-grottu-faer-tvo-fra-haukum\/#primaryimage"},"thumbnailUrl":"https:\/\/grotta.is\/wp-content\/uploads\/2023\/07\/1428449.jpg","keywords":["Handbolti","Leikmenn","Mfl.kk"],"articleSection":["Handknattleiksdeild"],"inLanguage":"en-US"},{"@type":"WebPage","@id":"https:\/\/grotta.is\/handknattleiksdeild\/handknattleiksdeild-grottu-faer-tvo-fra-haukum\/","url":"https:\/\/grotta.is\/handknattleiksdeild\/handknattleiksdeild-grottu-faer-tvo-fra-haukum\/","name":"Handknattleiksdeild Gr\u00f3ttu f\u00e6r tvo fr\u00e1 Haukum - \u00cd\u00fer\u00f3ttaf\u00e9lagi\u00f0 Gr\u00f3tta","isPartOf":{"@id":"https:\/\/grotta.is\/#website"},"primaryImageOfPage":{"@id":"https:\/\/grotta.is\/handknattleiksdeild\/handknattleiksdeild-grottu-faer-tvo-fra-haukum\/#primaryimage"},"image":{"@id":"https:\/\/grotta.is\/handknattleiksdeild\/handknattleiksdeild-grottu-faer-tvo-fra-haukum\/#primaryimage"},"thumbnailUrl":"https:\/\/grotta.is\/wp-content\/uploads\/2023\/07\/1428449.jpg","datePublished":"2023-07-21T21:50:03+00:00","dateModified":"2023-07-21T21:52:56+00:00","breadcrumb":{"@id":"https:\/\/grotta.is\/handknattleiksdeild\/handknattleiksdeild-grottu-faer-tvo-fra-haukum\/#breadcrumb"},"inLanguage":"en-US","potentialAction":[{"@type":"ReadAction","target":["https:\/\/grotta.is\/handknattleiksdeild\/handknattleiksdeild-grottu-faer-tvo-fra-haukum\/"]}]},{"@type":"ImageObject","inLanguage":"en-US","@id":"https:\/\/grotta.is\/handknattleiksdeild\/handknattleiksdeild-grottu-faer-tvo-fra-haukum\/#primaryimage","url":"https:\/\/grotta.is\/wp-content\/uploads\/2023\/07\/1428449.jpg","contentUrl":"https:\/\/grotta.is\/wp-content\/uploads\/2023\/07\/1428449.jpg","width":1640,"height":1093},{"@type":"BreadcrumbList","@id":"https:\/\/grotta.is\/handknattleiksdeild\/handknattleiksdeild-grottu-faer-tvo-fra-haukum\/#breadcrumb","itemListElement":[{"@type":"ListItem","position":1,"name":"Home","item":"https:\/\/grotta.is\/"},{"@type":"ListItem","position":2,"name":"Handknattleiksdeild Gr\u00f3ttu f\u00e6r tvo fr\u00e1 Haukum"}]},{"@type":"WebSite","@id":"https:\/\/grotta.is\/#website","url":"https:\/\/grotta.is\/","name":"\u00cd\u00fer\u00f3ttaf\u00e9lagi\u00f0 Gr\u00f3tta","description":"\u00e1 Seltjarnarnesi","publisher":{"@id":"https:\/\/grotta.is\/#organization"},"potentialAction":[{"@type":"SearchAction","target":{"@type":"EntryPoint","urlTemplate":"https:\/\/grotta.is\/?s={search_term_string}"},"query-input":{"@type":"PropertyValueSpecification","valueRequired":true,"valueName":"search_term_string"}}],"inLanguage":"en-US"},{"@type":"Organization","@id":"https:\/\/grotta.is\/#organization","name":"\u00cd\u00fer\u00f3ttaf\u00e9lagi\u00f0 Gr\u00f3tta","url":"https:\/\/grotta.is\/","logo":{"@type":"ImageObject","inLanguage":"en-US","@id":"https:\/\/grotta.is\/#\/schema\/logo\/image\/","url":"https:\/\/grotta.is\/wp-content\/uploads\/2020\/02\/ithrottafelagidgrotta_logo_512x512_transparent.png","contentUrl":"https:\/\/grotta.is\/wp-content\/uploads\/2020\/02\/ithrottafelagidgrotta_logo_512x512_transparent.png","width":512,"height":512,"caption":"\u00cd\u00fer\u00f3ttaf\u00e9lagi\u00f0 Gr\u00f3tta"},"image":{"@id":"https:\/\/grotta.is\/#\/schema\/logo\/image\/"},"sameAs":["https:\/\/www.facebook.com\/grottasport"]},{"@type":"Person","@id":"https:\/\/grotta.is\/#\/schema\/person\/08ec57bf09ee925f1b6a01540c14a5ce","name":"Grotta","url":"https:\/\/grotta.is\/en\/author\/inga\/"}]}},"_links":{"self":[{"href":"https:\/\/grotta.is\/en\/wp-json\/wp\/v2\/posts\/430560","targetHints":{"allow":["GET"]}}],"collection":[{"href":"https:\/\/grotta.is\/en\/wp-json\/wp\/v2\/posts"}],"about":[{"href":"https:\/\/grotta.is\/en\/wp-json\/wp\/v2\/types\/post"}],"author":[{"embeddable":true,"href":"https:\/\/grotta.is\/en\/wp-json\/wp\/v2\/users\/2"}],"replies":[{"embeddable":true,"href":"https:\/\/grotta.is\/en\/wp-json\/wp\/v2\/comments?post=430560"}],"version-history":[{"count":2,"href":"https:\/\/grotta.is\/en\/wp-json\/wp\/v2\/posts\/430560\/revisions"}],"predecessor-version":[{"id":430602,"href":"https:\/\/grotta.is\/en\/wp-json\/wp\/v2\/posts\/430560\/revisions\/430602"}],"wp:featuredmedia":[{"embeddable":true,"href":"https:\/\/grotta.is\/en\/wp-json\/wp\/v2\/media\/430585"}],"wp:attachment":[{"href":"https:\/\/grotta.is\/en\/wp-json\/wp\/v2\/media?parent=430560"}],"wp:term":[{"taxonomy":"category","embeddable":true,"href":"https:\/\/grotta.is\/en\/wp-json\/wp\/v2\/categories?post=430560"},{"taxonomy":"post_tag","embeddable":true,"href":"https:\/\/grotta.is\/en\/wp-json\/wp\/v2\/tags?post=430560"}],"curies":[{"name":"wp","href":"https:\/\/api.w.org\/{rel}","templated":true}]}}