{"id":429480,"date":"2023-07-06T19:36:46","date_gmt":"2023-07-06T19:36:46","guid":{"rendered":"https:\/\/grotta.is\/?p=429480"},"modified":"2023-07-06T19:36:49","modified_gmt":"2023-07-06T19:36:49","slug":"javerk-og-grotta-gera-med-ser-samstarfssamning","status":"publish","type":"post","link":"https:\/\/grotta.is\/en\/almennt\/javerk-og-grotta-gera-med-ser-samstarfssamning\/","title":{"rendered":"J\u00c1VERK og Gr\u00f3tta gera me\u00f0 s\u00e9r samstarfssamning!"},"content":{"rendered":"<p>\u00cd\u00fer\u00f3ttaf\u00e9lagi\u00f0 Gr\u00f3tta og <a href=\"https:\/\/javerk.is\/\" target=\"_blank\" rel=\"noreferrer noopener\">J\u00c1VERK<\/a> hafa gert me\u00f0 s\u00e9r samstarfssamning \u00fear sem J\u00c1VERK ver\u00f0ur einn af a\u00f0albakhj\u00f6rlum f\u00e9lagsins til \u00e1rsins 2026. J\u00c1VERK er \u00f6flugt verktakafyrirt\u00e6ki sem einbl\u00ednir \u00e1 traustan og \u00e1byrgan rekstur. J\u00c1VERK vinnur n\u00fa a\u00f0 uppbyggingu Gr\u00f3ttubygg\u00f0ar, n\u00fdrrar \u00edb\u00faabygg\u00f0ar vestast \u00e1 Seltjarnarnesi, \u00fear sem \u00e1\u00f0ur var i\u00f0na\u00f0arhverfi vi\u00f0 Bygggar\u00f0a. \u00cd fyrri hluta verkefnisins, sem n\u00fa \u00feegar er hafin uppbygging \u00e1, ver\u00f0a um 130 \u00edb\u00fa\u00f0aeiningar af \u00f6llum st\u00e6r\u00f0um og ger\u00f0um sem afhentar ver\u00f0a n\u00fdjum eigendum \u00e1 komandi misserum, me\u00f0 tilheyrandi fj\u00f6lgun \u00edb\u00faa Seltjarnarness.<\/p><p>\u00cd\u00fer\u00f3ttaf\u00e9lagi\u00f0 Gr\u00f3tta fagnar \u00fev\u00ed a\u00f0 hafa n\u00e1\u00f0 samkomulagi vi\u00f0 J\u00c1VERK um komandi samstarf sem mun koma s\u00e9r mj\u00f6g vel f\u00e9lagi\u00f0. Samningurinn er vi\u00f0 \u00ed\u00fer\u00f3ttaf\u00e9lagi\u00f0 Gr\u00f3ttu \u00ed heild sinni og munu allar deildir f\u00e9lagsins nj\u00f3ta g\u00f3\u00f0s af stu\u00f0ningi J\u00c1VERKS. Gr\u00f3tta treystir \u00e1 stu\u00f0ning \u00f6flugra bakhjarla eins og J\u00c1VERKS til a\u00f0 geta haldi\u00f0 \u00fati svo metna\u00f0arfullu \u00ed\u00fer\u00f3ttastarfi \u00e1 Seltjarnarnesi sem raun ber vitni.<\/p><p>\u00dea\u00f0 voru \u00der\u00f6stur \u00de\u00f3r, forma\u00f0ur a\u00f0alstj\u00f3rnar Gr\u00f3ttu, og Gylfi G\u00edslason, framkv\u00e6mdastj\u00f3ri J\u00c1VERKS, sem undirritu\u00f0u samninginn.<\/p><figure class=\"wp-block-image size-large\"><img fetchpriority=\"high\" decoding=\"async\" width=\"1024\" height=\"634\" src=\"https:\/\/grotta.is\/wp-content\/uploads\/2023\/07\/grotta-javerk-3-1024x634.jpg\" alt=\"\" class=\"wp-image-429484\" srcset=\"https:\/\/grotta.is\/wp-content\/uploads\/2023\/07\/grotta-javerk-3-1024x634.jpg 1024w, https:\/\/grotta.is\/wp-content\/uploads\/2023\/07\/grotta-javerk-3-300x186.jpg 300w, https:\/\/grotta.is\/wp-content\/uploads\/2023\/07\/grotta-javerk-3-768x476.jpg 768w, https:\/\/grotta.is\/wp-content\/uploads\/2023\/07\/grotta-javerk-3-18x12.jpg 18w, https:\/\/grotta.is\/wp-content\/uploads\/2023\/07\/grotta-javerk-3-600x372.jpg 600w, https:\/\/grotta.is\/wp-content\/uploads\/2023\/07\/grotta-javerk-3.jpg 1440w\" sizes=\"(max-width: 1024px) 100vw, 1024px\" \/><\/figure><blockquote class=\"wp-block-quote is-layout-flow wp-block-quote-is-layout-flow\"><p><br>\u00der\u00f6stur fagnar \u00fev\u00ed a\u00f0 J\u00c1VERK hafi b\u00e6st vi\u00f0 \u00ed h\u00f3p styrktara\u00f0il f\u00e9lagsins: \u201e\u00dea\u00f0 er fr\u00e1b\u00e6rt a\u00f0 f\u00e1 J\u00c1VERK \u00ed h\u00f3p styrktara\u00f0ila Gr\u00f3ttu. Styrkurinn kemur til me\u00f0 a\u00f0 n\u00fdtast vel vi\u00f0 a\u00f0 styrkja enn frekar \u00f6flugt \u00ed\u00fer\u00f3ttastarf okkar h\u00e9r \u00e1 Seltjarnarnesi.\u201c<\/p><\/blockquote><p><br>Myndir: Eyj\u00f3lfur Gar\u00f0arsson ?<\/p>","protected":false},"excerpt":{"rendered":"<p>\u00cd\u00fer\u00f3ttaf\u00e9lagi\u00f0 Gr\u00f3tta og J\u00c1VERK hafa gert me\u00f0 s\u00e9r samstarfssamning \u00fear sem J\u00c1VERK ver\u00f0ur einn af a\u00f0albakhj\u00f6rlum f\u00e9lagsins til \u00e1rsins 2026. J\u00c1VERK er \u00f6flugt verktakafyrirt\u00e6ki sem einbl\u00ednir \u00e1 traustan og \u00e1byrgan rekstur. <\/p>","protected":false},"author":2,"featured_media":429482,"comment_status":"closed","ping_status":"closed","sticky":false,"template":"","format":"standard","meta":{"footnotes":""},"categories":[4],"tags":[],"class_list":["post-429480","post","type-post","status-publish","format-standard","has-post-thumbnail","hentry","category-almennt"],"yoast_head":"<!-- This site is optimized with the Yoast SEO plugin v24.3 - https:\/\/yoast.com\/wordpress\/plugins\/seo\/ -->\n<title>J\u00c1VERK og Gr\u00f3tta gera me\u00f0 s\u00e9r samstarfssamning! - \u00cd\u00fer\u00f3ttaf\u00e9lagi\u00f0 Gr\u00f3tta<\/title>\n<meta name=\"robots\" content=\"index, follow, max-snippet:-1, max-image-preview:large, max-video-preview:-1\" \/>\n<link rel=\"canonical\" href=\"https:\/\/grotta.is\/en\/almennt\/javerk-og-grotta-gera-med-ser-samstarfssamning\/\" \/>\n<meta property=\"og:locale\" content=\"en_US\" \/>\n<meta property=\"og:type\" content=\"article\" \/>\n<meta property=\"og:title\" content=\"J\u00c1VERK og Gr\u00f3tta gera me\u00f0 s\u00e9r samstarfssamning! - \u00cd\u00fer\u00f3ttaf\u00e9lagi\u00f0 Gr\u00f3tta\" \/>\n<meta property=\"og:description\" content=\"\u00cd\u00fer\u00f3ttaf\u00e9lagi\u00f0 Gr\u00f3tta og J\u00c1VERK hafa gert me\u00f0 s\u00e9r samstarfssamning \u00fear sem J\u00c1VERK ver\u00f0ur einn af a\u00f0albakhj\u00f6rlum f\u00e9lagsins til \u00e1rsins 2026. J\u00c1VERK er \u00f6flugt verktakafyrirt\u00e6ki sem einbl\u00ednir \u00e1 traustan og \u00e1byrgan rekstur.\" \/>\n<meta property=\"og:url\" content=\"https:\/\/grotta.is\/en\/almennt\/javerk-og-grotta-gera-med-ser-samstarfssamning\/\" \/>\n<meta property=\"og:site_name\" content=\"\u00cd\u00fer\u00f3ttaf\u00e9lagi\u00f0 Gr\u00f3tta\" \/>\n<meta property=\"article:publisher\" content=\"https:\/\/www.facebook.com\/grottasport\" \/>\n<meta property=\"article:published_time\" content=\"2023-07-06T19:36:46+00:00\" \/>\n<meta property=\"article:modified_time\" content=\"2023-07-06T19:36:49+00:00\" \/>\n<meta property=\"og:image\" content=\"https:\/\/grotta.is\/wp-content\/uploads\/2023\/07\/grotta-javerk-1.jpg\" \/>\n\t<meta property=\"og:image:width\" content=\"1440\" \/>\n\t<meta property=\"og:image:height\" content=\"892\" \/>\n\t<meta property=\"og:image:type\" content=\"image\/jpeg\" \/>\n<meta name=\"author\" content=\"Grotta\" \/>\n<meta name=\"twitter:card\" content=\"summary_large_image\" \/>\n<meta name=\"twitter:label1\" content=\"Written by\" \/>\n\t<meta name=\"twitter:data1\" content=\"Grotta\" \/>\n\t<meta name=\"twitter:label2\" content=\"Est. reading time\" \/>\n\t<meta name=\"twitter:data2\" content=\"2 minutes\" \/>\n<script type=\"application\/ld+json\" class=\"yoast-schema-graph\">{\"@context\":\"https:\/\/schema.org\",\"@graph\":[{\"@type\":\"Article\",\"@id\":\"https:\/\/grotta.is\/almennt\/javerk-og-grotta-gera-med-ser-samstarfssamning\/#article\",\"isPartOf\":{\"@id\":\"https:\/\/grotta.is\/almennt\/javerk-og-grotta-gera-med-ser-samstarfssamning\/\"},\"author\":{\"name\":\"Grotta\",\"@id\":\"https:\/\/grotta.is\/#\/schema\/person\/08ec57bf09ee925f1b6a01540c14a5ce\"},\"headline\":\"J\u00c1VERK og Gr\u00f3tta gera me\u00f0 s\u00e9r samstarfssamning!\",\"datePublished\":\"2023-07-06T19:36:46+00:00\",\"dateModified\":\"2023-07-06T19:36:49+00:00\",\"mainEntityOfPage\":{\"@id\":\"https:\/\/grotta.is\/almennt\/javerk-og-grotta-gera-med-ser-samstarfssamning\/\"},\"wordCount\":276,\"publisher\":{\"@id\":\"https:\/\/grotta.is\/#organization\"},\"image\":{\"@id\":\"https:\/\/grotta.is\/almennt\/javerk-og-grotta-gera-med-ser-samstarfssamning\/#primaryimage\"},\"thumbnailUrl\":\"https:\/\/grotta.is\/wp-content\/uploads\/2023\/07\/grotta-javerk-1.jpg\",\"articleSection\":[\"Almennt\"],\"inLanguage\":\"en-US\"},{\"@type\":\"WebPage\",\"@id\":\"https:\/\/grotta.is\/almennt\/javerk-og-grotta-gera-med-ser-samstarfssamning\/\",\"url\":\"https:\/\/grotta.is\/almennt\/javerk-og-grotta-gera-med-ser-samstarfssamning\/\",\"name\":\"J\u00c1VERK og Gr\u00f3tta gera me\u00f0 s\u00e9r samstarfssamning! - \u00cd\u00fer\u00f3ttaf\u00e9lagi\u00f0 Gr\u00f3tta\",\"isPartOf\":{\"@id\":\"https:\/\/grotta.is\/#website\"},\"primaryImageOfPage\":{\"@id\":\"https:\/\/grotta.is\/almennt\/javerk-og-grotta-gera-med-ser-samstarfssamning\/#primaryimage\"},\"image\":{\"@id\":\"https:\/\/grotta.is\/almennt\/javerk-og-grotta-gera-med-ser-samstarfssamning\/#primaryimage\"},\"thumbnailUrl\":\"https:\/\/grotta.is\/wp-content\/uploads\/2023\/07\/grotta-javerk-1.jpg\",\"datePublished\":\"2023-07-06T19:36:46+00:00\",\"dateModified\":\"2023-07-06T19:36:49+00:00\",\"breadcrumb\":{\"@id\":\"https:\/\/grotta.is\/almennt\/javerk-og-grotta-gera-med-ser-samstarfssamning\/#breadcrumb\"},\"inLanguage\":\"en-US\",\"potentialAction\":[{\"@type\":\"ReadAction\",\"target\":[\"https:\/\/grotta.is\/almennt\/javerk-og-grotta-gera-med-ser-samstarfssamning\/\"]}]},{\"@type\":\"ImageObject\",\"inLanguage\":\"en-US\",\"@id\":\"https:\/\/grotta.is\/almennt\/javerk-og-grotta-gera-med-ser-samstarfssamning\/#primaryimage\",\"url\":\"https:\/\/grotta.is\/wp-content\/uploads\/2023\/07\/grotta-javerk-1.jpg\",\"contentUrl\":\"https:\/\/grotta.is\/wp-content\/uploads\/2023\/07\/grotta-javerk-1.jpg\",\"width\":1440,\"height\":892},{\"@type\":\"BreadcrumbList\",\"@id\":\"https:\/\/grotta.is\/almennt\/javerk-og-grotta-gera-med-ser-samstarfssamning\/#breadcrumb\",\"itemListElement\":[{\"@type\":\"ListItem\",\"position\":1,\"name\":\"Home\",\"item\":\"https:\/\/grotta.is\/\"},{\"@type\":\"ListItem\",\"position\":2,\"name\":\"J\u00c1VERK og Gr\u00f3tta gera me\u00f0 s\u00e9r samstarfssamning!\"}]},{\"@type\":\"WebSite\",\"@id\":\"https:\/\/grotta.is\/#website\",\"url\":\"https:\/\/grotta.is\/\",\"name\":\"\u00cd\u00fer\u00f3ttaf\u00e9lagi\u00f0 Gr\u00f3tta\",\"description\":\"\u00e1 Seltjarnarnesi\",\"publisher\":{\"@id\":\"https:\/\/grotta.is\/#organization\"},\"potentialAction\":[{\"@type\":\"SearchAction\",\"target\":{\"@type\":\"EntryPoint\",\"urlTemplate\":\"https:\/\/grotta.is\/?s={search_term_string}\"},\"query-input\":{\"@type\":\"PropertyValueSpecification\",\"valueRequired\":true,\"valueName\":\"search_term_string\"}}],\"inLanguage\":\"en-US\"},{\"@type\":\"Organization\",\"@id\":\"https:\/\/grotta.is\/#organization\",\"name\":\"\u00cd\u00fer\u00f3ttaf\u00e9lagi\u00f0 Gr\u00f3tta\",\"url\":\"https:\/\/grotta.is\/\",\"logo\":{\"@type\":\"ImageObject\",\"inLanguage\":\"en-US\",\"@id\":\"https:\/\/grotta.is\/#\/schema\/logo\/image\/\",\"url\":\"https:\/\/grotta.is\/wp-content\/uploads\/2020\/02\/ithrottafelagidgrotta_logo_512x512_transparent.png\",\"contentUrl\":\"https:\/\/grotta.is\/wp-content\/uploads\/2020\/02\/ithrottafelagidgrotta_logo_512x512_transparent.png\",\"width\":512,\"height\":512,\"caption\":\"\u00cd\u00fer\u00f3ttaf\u00e9lagi\u00f0 Gr\u00f3tta\"},\"image\":{\"@id\":\"https:\/\/grotta.is\/#\/schema\/logo\/image\/\"},\"sameAs\":[\"https:\/\/www.facebook.com\/grottasport\"]},{\"@type\":\"Person\",\"@id\":\"https:\/\/grotta.is\/#\/schema\/person\/08ec57bf09ee925f1b6a01540c14a5ce\",\"name\":\"Grotta\",\"url\":\"https:\/\/grotta.is\/en\/author\/inga\/\"}]}<\/script>\n<!-- \/ Yoast SEO plugin. -->","yoast_head_json":{"title":"J\u00c1VERK og Gr\u00f3tta gera me\u00f0 s\u00e9r samstarfssamning! - \u00cd\u00fer\u00f3ttaf\u00e9lagi\u00f0 Gr\u00f3tta","robots":{"index":"index","follow":"follow","max-snippet":"max-snippet:-1","max-image-preview":"max-image-preview:large","max-video-preview":"max-video-preview:-1"},"canonical":"https:\/\/grotta.is\/en\/almennt\/javerk-og-grotta-gera-med-ser-samstarfssamning\/","og_locale":"en_US","og_type":"article","og_title":"J\u00c1VERK og Gr\u00f3tta gera me\u00f0 s\u00e9r samstarfssamning! - \u00cd\u00fer\u00f3ttaf\u00e9lagi\u00f0 Gr\u00f3tta","og_description":"\u00cd\u00fer\u00f3ttaf\u00e9lagi\u00f0 Gr\u00f3tta og J\u00c1VERK hafa gert me\u00f0 s\u00e9r samstarfssamning \u00fear sem J\u00c1VERK ver\u00f0ur einn af a\u00f0albakhj\u00f6rlum f\u00e9lagsins til \u00e1rsins 2026. J\u00c1VERK er \u00f6flugt verktakafyrirt\u00e6ki sem einbl\u00ednir \u00e1 traustan og \u00e1byrgan rekstur.","og_url":"https:\/\/grotta.is\/en\/almennt\/javerk-og-grotta-gera-med-ser-samstarfssamning\/","og_site_name":"\u00cd\u00fer\u00f3ttaf\u00e9lagi\u00f0 Gr\u00f3tta","article_publisher":"https:\/\/www.facebook.com\/grottasport","article_published_time":"2023-07-06T19:36:46+00:00","article_modified_time":"2023-07-06T19:36:49+00:00","og_image":[{"width":1440,"height":892,"url":"https:\/\/grotta.is\/wp-content\/uploads\/2023\/07\/grotta-javerk-1.jpg","type":"image\/jpeg"}],"author":"Grotta","twitter_card":"summary_large_image","twitter_misc":{"Written by":"Grotta","Est. reading time":"2 minutes"},"schema":{"@context":"https:\/\/schema.org","@graph":[{"@type":"Article","@id":"https:\/\/grotta.is\/almennt\/javerk-og-grotta-gera-med-ser-samstarfssamning\/#article","isPartOf":{"@id":"https:\/\/grotta.is\/almennt\/javerk-og-grotta-gera-med-ser-samstarfssamning\/"},"author":{"name":"Grotta","@id":"https:\/\/grotta.is\/#\/schema\/person\/08ec57bf09ee925f1b6a01540c14a5ce"},"headline":"J\u00c1VERK og Gr\u00f3tta gera me\u00f0 s\u00e9r samstarfssamning!","datePublished":"2023-07-06T19:36:46+00:00","dateModified":"2023-07-06T19:36:49+00:00","mainEntityOfPage":{"@id":"https:\/\/grotta.is\/almennt\/javerk-og-grotta-gera-med-ser-samstarfssamning\/"},"wordCount":276,"publisher":{"@id":"https:\/\/grotta.is\/#organization"},"image":{"@id":"https:\/\/grotta.is\/almennt\/javerk-og-grotta-gera-med-ser-samstarfssamning\/#primaryimage"},"thumbnailUrl":"https:\/\/grotta.is\/wp-content\/uploads\/2023\/07\/grotta-javerk-1.jpg","articleSection":["Almennt"],"inLanguage":"en-US"},{"@type":"WebPage","@id":"https:\/\/grotta.is\/almennt\/javerk-og-grotta-gera-med-ser-samstarfssamning\/","url":"https:\/\/grotta.is\/almennt\/javerk-og-grotta-gera-med-ser-samstarfssamning\/","name":"J\u00c1VERK og Gr\u00f3tta gera me\u00f0 s\u00e9r samstarfssamning! - \u00cd\u00fer\u00f3ttaf\u00e9lagi\u00f0 Gr\u00f3tta","isPartOf":{"@id":"https:\/\/grotta.is\/#website"},"primaryImageOfPage":{"@id":"https:\/\/grotta.is\/almennt\/javerk-og-grotta-gera-med-ser-samstarfssamning\/#primaryimage"},"image":{"@id":"https:\/\/grotta.is\/almennt\/javerk-og-grotta-gera-med-ser-samstarfssamning\/#primaryimage"},"thumbnailUrl":"https:\/\/grotta.is\/wp-content\/uploads\/2023\/07\/grotta-javerk-1.jpg","datePublished":"2023-07-06T19:36:46+00:00","dateModified":"2023-07-06T19:36:49+00:00","breadcrumb":{"@id":"https:\/\/grotta.is\/almennt\/javerk-og-grotta-gera-med-ser-samstarfssamning\/#breadcrumb"},"inLanguage":"en-US","potentialAction":[{"@type":"ReadAction","target":["https:\/\/grotta.is\/almennt\/javerk-og-grotta-gera-med-ser-samstarfssamning\/"]}]},{"@type":"ImageObject","inLanguage":"en-US","@id":"https:\/\/grotta.is\/almennt\/javerk-og-grotta-gera-med-ser-samstarfssamning\/#primaryimage","url":"https:\/\/grotta.is\/wp-content\/uploads\/2023\/07\/grotta-javerk-1.jpg","contentUrl":"https:\/\/grotta.is\/wp-content\/uploads\/2023\/07\/grotta-javerk-1.jpg","width":1440,"height":892},{"@type":"BreadcrumbList","@id":"https:\/\/grotta.is\/almennt\/javerk-og-grotta-gera-med-ser-samstarfssamning\/#breadcrumb","itemListElement":[{"@type":"ListItem","position":1,"name":"Home","item":"https:\/\/grotta.is\/"},{"@type":"ListItem","position":2,"name":"J\u00c1VERK og Gr\u00f3tta gera me\u00f0 s\u00e9r samstarfssamning!"}]},{"@type":"WebSite","@id":"https:\/\/grotta.is\/#website","url":"https:\/\/grotta.is\/","name":"\u00cd\u00fer\u00f3ttaf\u00e9lagi\u00f0 Gr\u00f3tta","description":"\u00e1 Seltjarnarnesi","publisher":{"@id":"https:\/\/grotta.is\/#organization"},"potentialAction":[{"@type":"SearchAction","target":{"@type":"EntryPoint","urlTemplate":"https:\/\/grotta.is\/?s={search_term_string}"},"query-input":{"@type":"PropertyValueSpecification","valueRequired":true,"valueName":"search_term_string"}}],"inLanguage":"en-US"},{"@type":"Organization","@id":"https:\/\/grotta.is\/#organization","name":"\u00cd\u00fer\u00f3ttaf\u00e9lagi\u00f0 Gr\u00f3tta","url":"https:\/\/grotta.is\/","logo":{"@type":"ImageObject","inLanguage":"en-US","@id":"https:\/\/grotta.is\/#\/schema\/logo\/image\/","url":"https:\/\/grotta.is\/wp-content\/uploads\/2020\/02\/ithrottafelagidgrotta_logo_512x512_transparent.png","contentUrl":"https:\/\/grotta.is\/wp-content\/uploads\/2020\/02\/ithrottafelagidgrotta_logo_512x512_transparent.png","width":512,"height":512,"caption":"\u00cd\u00fer\u00f3ttaf\u00e9lagi\u00f0 Gr\u00f3tta"},"image":{"@id":"https:\/\/grotta.is\/#\/schema\/logo\/image\/"},"sameAs":["https:\/\/www.facebook.com\/grottasport"]},{"@type":"Person","@id":"https:\/\/grotta.is\/#\/schema\/person\/08ec57bf09ee925f1b6a01540c14a5ce","name":"Grotta","url":"https:\/\/grotta.is\/en\/author\/inga\/"}]}},"_links":{"self":[{"href":"https:\/\/grotta.is\/en\/wp-json\/wp\/v2\/posts\/429480","targetHints":{"allow":["GET"]}}],"collection":[{"href":"https:\/\/grotta.is\/en\/wp-json\/wp\/v2\/posts"}],"about":[{"href":"https:\/\/grotta.is\/en\/wp-json\/wp\/v2\/types\/post"}],"author":[{"embeddable":true,"href":"https:\/\/grotta.is\/en\/wp-json\/wp\/v2\/users\/2"}],"replies":[{"embeddable":true,"href":"https:\/\/grotta.is\/en\/wp-json\/wp\/v2\/comments?post=429480"}],"version-history":[{"count":2,"href":"https:\/\/grotta.is\/en\/wp-json\/wp\/v2\/posts\/429480\/revisions"}],"predecessor-version":[{"id":429485,"href":"https:\/\/grotta.is\/en\/wp-json\/wp\/v2\/posts\/429480\/revisions\/429485"}],"wp:featuredmedia":[{"embeddable":true,"href":"https:\/\/grotta.is\/en\/wp-json\/wp\/v2\/media\/429482"}],"wp:attachment":[{"href":"https:\/\/grotta.is\/en\/wp-json\/wp\/v2\/media?parent=429480"}],"wp:term":[{"taxonomy":"category","embeddable":true,"href":"https:\/\/grotta.is\/en\/wp-json\/wp\/v2\/categories?post=429480"},{"taxonomy":"post_tag","embeddable":true,"href":"https:\/\/grotta.is\/en\/wp-json\/wp\/v2\/tags?post=429480"}],"curies":[{"name":"wp","href":"https:\/\/api.w.org\/{rel}","templated":true}]}}