{"id":427196,"date":"2023-06-19T08:29:00","date_gmt":"2023-06-19T08:29:00","guid":{"rendered":"https:\/\/grotta.is\/?p=427196"},"modified":"2023-06-16T09:00:40","modified_gmt":"2023-06-16T09:00:40","slug":"gulli-ithrottastjori-kvedur-grottu-og-snyr-ser-ad-odrum-verkefnum","status":"publish","type":"post","link":"https:\/\/grotta.is\/en\/almennt\/gulli-ithrottastjori-kvedur-grottu-og-snyr-ser-ad-odrum-verkefnum\/","title":{"rendered":"Gulli \u00ed\u00fer\u00f3ttastj\u00f3ri kve\u00f0ur Gr\u00f3ttu og sn\u00fdr s\u00e9r a\u00f0 \u00f6\u00f0rum verkefnum"},"content":{"rendered":"<p>Gunnlaugur J\u00f3nsson e\u00f0a Gulli eins og hann er jafnan kalla\u00f0ur l\u00e9t af st\u00f6rfum hj\u00e1 \u00cd\u00fer\u00f3ttaf\u00e9laginu Gr\u00f3ttu \u00ed lok s\u00ed\u00f0ustu viku. Gulli kom til starfa sem \u00ed\u00fer\u00f3tta- og verkefnastj\u00f3ri f\u00e9lagsins hausti\u00f0 2019. \u00c1 t\u00edma s\u00ednum hefur Gulli gert \u00fdmislegt til a\u00f0 efla starf Gr\u00f3ttu. M\u00e1 \u00fear nefna myndarlega a\u00f0komu a\u00f0 undirb\u00faningi knattspyrnudeildar fyrir Pepsi deildina sumari\u00f0 2020, umsj\u00f3n og undirb\u00faning st\u00f3rra vi\u00f0bur\u00f0a s.s. Verb\u00fa\u00f0arballs, \u00feorrabl\u00f3ts, herra- og kvennakv\u00f6lds auk annarra minni vi\u00f0bur\u00f0a.<\/p><p>Gulli hefur einnig haft umsj\u00f3n me\u00f0 heimas\u00ed\u00f0u og samf\u00e9lagsmi\u00f0lum, st\u00f3rum b\u00faningasamningum, almennri \u00fej\u00f3nustu s.s. \u00ed gegnum Sportabler auk \u00feess sem hann haf\u00f0i veg og vanda a\u00f0 \u00fev\u00ed a\u00f0 styrktar\u00fej\u00e1lfari f\u00e9lagsins er h\u00e9r \u00ed fullu starfi. Hann hefur einnig komi\u00f0 a\u00f0 samstarfsverkefnum vi\u00f0 hina \u00fdmsu a\u00f0ila en m\u00e1 \u00fear nefna UMSK, Seltjarnarnesb\u00e6, f\u00e9lag eldri borgara, sk\u00e1ksambandi\u00f0, raf\u00ed\u00fer\u00f3ttaf\u00e9l\u00f6g og svo m\u00e6tti lengi telja. Er \u00fear \u00f3tali\u00f0 \u00fdmis samstarfsverkefni innan f\u00e9lags.<\/p><p>Um mi\u00f0jan ma\u00edm\u00e1nu\u00f0 augl\u00fdsti Gr\u00f3tta eftir verkefnastj\u00f3ra \u00e1 skrifstofu f\u00e9lagsins.T\u00e6plega fimmt\u00edu ums\u00f3knir b\u00e1rust um st\u00f6\u00f0una og er r\u00e1\u00f0ningarferli \u00ed fullum gangi. Gert er r\u00e1\u00f0 fyrir a\u00f0 n\u00fdr a\u00f0ili taki til starfa \u00e1 skrifstofu f\u00e9lagsins \u00ed haust.<\/p>","protected":false},"excerpt":{"rendered":"<p>Gunnlaugur J\u00f3nsson e\u00f0a Gulli eins og hann er jafnan kalla\u00f0ur l\u00e9t af st\u00f6rfum hj\u00e1 \u00cd\u00fer\u00f3ttaf\u00e9laginu Gr\u00f3ttu \u00ed lok s\u00ed\u00f0ustu viku. Gulli kom til starfa sem \u00ed\u00fer\u00f3tta- og verkefnastj\u00f3ri f\u00e9lagsins hausti\u00f0 2019. <\/p>","protected":false},"author":2,"featured_media":427237,"comment_status":"closed","ping_status":"closed","sticky":false,"template":"","format":"standard","meta":{"footnotes":""},"categories":[4],"tags":[],"class_list":["post-427196","post","type-post","status-publish","format-standard","has-post-thumbnail","hentry","category-almennt"],"yoast_head":"<!-- This site is optimized with the Yoast SEO plugin v24.3 - https:\/\/yoast.com\/wordpress\/plugins\/seo\/ -->\n<title>Gulli \u00ed\u00fer\u00f3ttastj\u00f3ri kve\u00f0ur Gr\u00f3ttu og sn\u00fdr s\u00e9r a\u00f0 \u00f6\u00f0rum verkefnum - \u00cd\u00fer\u00f3ttaf\u00e9lagi\u00f0 Gr\u00f3tta<\/title>\n<meta name=\"robots\" content=\"index, follow, max-snippet:-1, max-image-preview:large, max-video-preview:-1\" \/>\n<link rel=\"canonical\" href=\"https:\/\/grotta.is\/en\/almennt\/gulli-ithrottastjori-kvedur-grottu-og-snyr-ser-ad-odrum-verkefnum\/\" \/>\n<meta property=\"og:locale\" content=\"en_US\" \/>\n<meta property=\"og:type\" content=\"article\" \/>\n<meta property=\"og:title\" content=\"Gulli \u00ed\u00fer\u00f3ttastj\u00f3ri kve\u00f0ur Gr\u00f3ttu og sn\u00fdr s\u00e9r a\u00f0 \u00f6\u00f0rum verkefnum - \u00cd\u00fer\u00f3ttaf\u00e9lagi\u00f0 Gr\u00f3tta\" \/>\n<meta property=\"og:description\" content=\"Gunnlaugur J\u00f3nsson e\u00f0a Gulli eins og hann er jafnan kalla\u00f0ur l\u00e9t af st\u00f6rfum hj\u00e1 \u00cd\u00fer\u00f3ttaf\u00e9laginu Gr\u00f3ttu \u00ed lok s\u00ed\u00f0ustu viku. Gulli kom til starfa sem \u00ed\u00fer\u00f3tta- og verkefnastj\u00f3ri f\u00e9lagsins hausti\u00f0 2019.\" \/>\n<meta property=\"og:url\" content=\"https:\/\/grotta.is\/en\/almennt\/gulli-ithrottastjori-kvedur-grottu-og-snyr-ser-ad-odrum-verkefnum\/\" \/>\n<meta property=\"og:site_name\" content=\"\u00cd\u00fer\u00f3ttaf\u00e9lagi\u00f0 Gr\u00f3tta\" \/>\n<meta property=\"article:publisher\" content=\"https:\/\/www.facebook.com\/grottasport\" \/>\n<meta property=\"article:published_time\" content=\"2023-06-19T08:29:00+00:00\" \/>\n<meta property=\"article:modified_time\" content=\"2023-06-16T09:00:40+00:00\" \/>\n<meta property=\"og:image\" content=\"https:\/\/grotta.is\/wp-content\/uploads\/2023\/06\/gulli-banner.png\" \/>\n\t<meta property=\"og:image:width\" content=\"1400\" \/>\n\t<meta property=\"og:image:height\" content=\"787\" \/>\n\t<meta property=\"og:image:type\" content=\"image\/png\" \/>\n<meta name=\"author\" content=\"Grotta\" \/>\n<meta name=\"twitter:card\" content=\"summary_large_image\" \/>\n<meta name=\"twitter:label1\" content=\"Written by\" \/>\n\t<meta name=\"twitter:data1\" content=\"Grotta\" \/>\n\t<meta name=\"twitter:label2\" content=\"Est. reading time\" \/>\n\t<meta name=\"twitter:data2\" content=\"1 minute\" \/>\n<script type=\"application\/ld+json\" class=\"yoast-schema-graph\">{\"@context\":\"https:\/\/schema.org\",\"@graph\":[{\"@type\":\"Article\",\"@id\":\"https:\/\/grotta.is\/almennt\/gulli-ithrottastjori-kvedur-grottu-og-snyr-ser-ad-odrum-verkefnum\/#article\",\"isPartOf\":{\"@id\":\"https:\/\/grotta.is\/almennt\/gulli-ithrottastjori-kvedur-grottu-og-snyr-ser-ad-odrum-verkefnum\/\"},\"author\":{\"name\":\"Grotta\",\"@id\":\"https:\/\/grotta.is\/#\/schema\/person\/08ec57bf09ee925f1b6a01540c14a5ce\"},\"headline\":\"Gulli \u00ed\u00fer\u00f3ttastj\u00f3ri kve\u00f0ur Gr\u00f3ttu og sn\u00fdr s\u00e9r a\u00f0 \u00f6\u00f0rum verkefnum\",\"datePublished\":\"2023-06-19T08:29:00+00:00\",\"dateModified\":\"2023-06-16T09:00:40+00:00\",\"mainEntityOfPage\":{\"@id\":\"https:\/\/grotta.is\/almennt\/gulli-ithrottastjori-kvedur-grottu-og-snyr-ser-ad-odrum-verkefnum\/\"},\"wordCount\":248,\"publisher\":{\"@id\":\"https:\/\/grotta.is\/#organization\"},\"image\":{\"@id\":\"https:\/\/grotta.is\/almennt\/gulli-ithrottastjori-kvedur-grottu-og-snyr-ser-ad-odrum-verkefnum\/#primaryimage\"},\"thumbnailUrl\":\"https:\/\/grotta.is\/wp-content\/uploads\/2023\/06\/gulli-banner.png\",\"articleSection\":[\"Almennt\"],\"inLanguage\":\"en-US\"},{\"@type\":\"WebPage\",\"@id\":\"https:\/\/grotta.is\/almennt\/gulli-ithrottastjori-kvedur-grottu-og-snyr-ser-ad-odrum-verkefnum\/\",\"url\":\"https:\/\/grotta.is\/almennt\/gulli-ithrottastjori-kvedur-grottu-og-snyr-ser-ad-odrum-verkefnum\/\",\"name\":\"Gulli \u00ed\u00fer\u00f3ttastj\u00f3ri kve\u00f0ur Gr\u00f3ttu og sn\u00fdr s\u00e9r a\u00f0 \u00f6\u00f0rum verkefnum - \u00cd\u00fer\u00f3ttaf\u00e9lagi\u00f0 Gr\u00f3tta\",\"isPartOf\":{\"@id\":\"https:\/\/grotta.is\/#website\"},\"primaryImageOfPage\":{\"@id\":\"https:\/\/grotta.is\/almennt\/gulli-ithrottastjori-kvedur-grottu-og-snyr-ser-ad-odrum-verkefnum\/#primaryimage\"},\"image\":{\"@id\":\"https:\/\/grotta.is\/almennt\/gulli-ithrottastjori-kvedur-grottu-og-snyr-ser-ad-odrum-verkefnum\/#primaryimage\"},\"thumbnailUrl\":\"https:\/\/grotta.is\/wp-content\/uploads\/2023\/06\/gulli-banner.png\",\"datePublished\":\"2023-06-19T08:29:00+00:00\",\"dateModified\":\"2023-06-16T09:00:40+00:00\",\"breadcrumb\":{\"@id\":\"https:\/\/grotta.is\/almennt\/gulli-ithrottastjori-kvedur-grottu-og-snyr-ser-ad-odrum-verkefnum\/#breadcrumb\"},\"inLanguage\":\"en-US\",\"potentialAction\":[{\"@type\":\"ReadAction\",\"target\":[\"https:\/\/grotta.is\/almennt\/gulli-ithrottastjori-kvedur-grottu-og-snyr-ser-ad-odrum-verkefnum\/\"]}]},{\"@type\":\"ImageObject\",\"inLanguage\":\"en-US\",\"@id\":\"https:\/\/grotta.is\/almennt\/gulli-ithrottastjori-kvedur-grottu-og-snyr-ser-ad-odrum-verkefnum\/#primaryimage\",\"url\":\"https:\/\/grotta.is\/wp-content\/uploads\/2023\/06\/gulli-banner.png\",\"contentUrl\":\"https:\/\/grotta.is\/wp-content\/uploads\/2023\/06\/gulli-banner.png\",\"width\":1400,\"height\":787},{\"@type\":\"BreadcrumbList\",\"@id\":\"https:\/\/grotta.is\/almennt\/gulli-ithrottastjori-kvedur-grottu-og-snyr-ser-ad-odrum-verkefnum\/#breadcrumb\",\"itemListElement\":[{\"@type\":\"ListItem\",\"position\":1,\"name\":\"Home\",\"item\":\"https:\/\/grotta.is\/\"},{\"@type\":\"ListItem\",\"position\":2,\"name\":\"Gulli \u00ed\u00fer\u00f3ttastj\u00f3ri kve\u00f0ur Gr\u00f3ttu og sn\u00fdr s\u00e9r a\u00f0 \u00f6\u00f0rum verkefnum\"}]},{\"@type\":\"WebSite\",\"@id\":\"https:\/\/grotta.is\/#website\",\"url\":\"https:\/\/grotta.is\/\",\"name\":\"\u00cd\u00fer\u00f3ttaf\u00e9lagi\u00f0 Gr\u00f3tta\",\"description\":\"\u00e1 Seltjarnarnesi\",\"publisher\":{\"@id\":\"https:\/\/grotta.is\/#organization\"},\"potentialAction\":[{\"@type\":\"SearchAction\",\"target\":{\"@type\":\"EntryPoint\",\"urlTemplate\":\"https:\/\/grotta.is\/?s={search_term_string}\"},\"query-input\":{\"@type\":\"PropertyValueSpecification\",\"valueRequired\":true,\"valueName\":\"search_term_string\"}}],\"inLanguage\":\"en-US\"},{\"@type\":\"Organization\",\"@id\":\"https:\/\/grotta.is\/#organization\",\"name\":\"\u00cd\u00fer\u00f3ttaf\u00e9lagi\u00f0 Gr\u00f3tta\",\"url\":\"https:\/\/grotta.is\/\",\"logo\":{\"@type\":\"ImageObject\",\"inLanguage\":\"en-US\",\"@id\":\"https:\/\/grotta.is\/#\/schema\/logo\/image\/\",\"url\":\"https:\/\/grotta.is\/wp-content\/uploads\/2020\/02\/ithrottafelagidgrotta_logo_512x512_transparent.png\",\"contentUrl\":\"https:\/\/grotta.is\/wp-content\/uploads\/2020\/02\/ithrottafelagidgrotta_logo_512x512_transparent.png\",\"width\":512,\"height\":512,\"caption\":\"\u00cd\u00fer\u00f3ttaf\u00e9lagi\u00f0 Gr\u00f3tta\"},\"image\":{\"@id\":\"https:\/\/grotta.is\/#\/schema\/logo\/image\/\"},\"sameAs\":[\"https:\/\/www.facebook.com\/grottasport\"]},{\"@type\":\"Person\",\"@id\":\"https:\/\/grotta.is\/#\/schema\/person\/08ec57bf09ee925f1b6a01540c14a5ce\",\"name\":\"Grotta\",\"url\":\"https:\/\/grotta.is\/en\/author\/inga\/\"}]}<\/script>\n<!-- \/ Yoast SEO plugin. -->","yoast_head_json":{"title":"Gulli \u00ed\u00fer\u00f3ttastj\u00f3ri kve\u00f0ur Gr\u00f3ttu og sn\u00fdr s\u00e9r a\u00f0 \u00f6\u00f0rum verkefnum - \u00cd\u00fer\u00f3ttaf\u00e9lagi\u00f0 Gr\u00f3tta","robots":{"index":"index","follow":"follow","max-snippet":"max-snippet:-1","max-image-preview":"max-image-preview:large","max-video-preview":"max-video-preview:-1"},"canonical":"https:\/\/grotta.is\/en\/almennt\/gulli-ithrottastjori-kvedur-grottu-og-snyr-ser-ad-odrum-verkefnum\/","og_locale":"en_US","og_type":"article","og_title":"Gulli \u00ed\u00fer\u00f3ttastj\u00f3ri kve\u00f0ur Gr\u00f3ttu og sn\u00fdr s\u00e9r a\u00f0 \u00f6\u00f0rum verkefnum - \u00cd\u00fer\u00f3ttaf\u00e9lagi\u00f0 Gr\u00f3tta","og_description":"Gunnlaugur J\u00f3nsson e\u00f0a Gulli eins og hann er jafnan kalla\u00f0ur l\u00e9t af st\u00f6rfum hj\u00e1 \u00cd\u00fer\u00f3ttaf\u00e9laginu Gr\u00f3ttu \u00ed lok s\u00ed\u00f0ustu viku. Gulli kom til starfa sem \u00ed\u00fer\u00f3tta- og verkefnastj\u00f3ri f\u00e9lagsins hausti\u00f0 2019.","og_url":"https:\/\/grotta.is\/en\/almennt\/gulli-ithrottastjori-kvedur-grottu-og-snyr-ser-ad-odrum-verkefnum\/","og_site_name":"\u00cd\u00fer\u00f3ttaf\u00e9lagi\u00f0 Gr\u00f3tta","article_publisher":"https:\/\/www.facebook.com\/grottasport","article_published_time":"2023-06-19T08:29:00+00:00","article_modified_time":"2023-06-16T09:00:40+00:00","og_image":[{"width":1400,"height":787,"url":"https:\/\/grotta.is\/wp-content\/uploads\/2023\/06\/gulli-banner.png","type":"image\/png"}],"author":"Grotta","twitter_card":"summary_large_image","twitter_misc":{"Written by":"Grotta","Est. reading time":"1 minute"},"schema":{"@context":"https:\/\/schema.org","@graph":[{"@type":"Article","@id":"https:\/\/grotta.is\/almennt\/gulli-ithrottastjori-kvedur-grottu-og-snyr-ser-ad-odrum-verkefnum\/#article","isPartOf":{"@id":"https:\/\/grotta.is\/almennt\/gulli-ithrottastjori-kvedur-grottu-og-snyr-ser-ad-odrum-verkefnum\/"},"author":{"name":"Grotta","@id":"https:\/\/grotta.is\/#\/schema\/person\/08ec57bf09ee925f1b6a01540c14a5ce"},"headline":"Gulli \u00ed\u00fer\u00f3ttastj\u00f3ri kve\u00f0ur Gr\u00f3ttu og sn\u00fdr s\u00e9r a\u00f0 \u00f6\u00f0rum verkefnum","datePublished":"2023-06-19T08:29:00+00:00","dateModified":"2023-06-16T09:00:40+00:00","mainEntityOfPage":{"@id":"https:\/\/grotta.is\/almennt\/gulli-ithrottastjori-kvedur-grottu-og-snyr-ser-ad-odrum-verkefnum\/"},"wordCount":248,"publisher":{"@id":"https:\/\/grotta.is\/#organization"},"image":{"@id":"https:\/\/grotta.is\/almennt\/gulli-ithrottastjori-kvedur-grottu-og-snyr-ser-ad-odrum-verkefnum\/#primaryimage"},"thumbnailUrl":"https:\/\/grotta.is\/wp-content\/uploads\/2023\/06\/gulli-banner.png","articleSection":["Almennt"],"inLanguage":"en-US"},{"@type":"WebPage","@id":"https:\/\/grotta.is\/almennt\/gulli-ithrottastjori-kvedur-grottu-og-snyr-ser-ad-odrum-verkefnum\/","url":"https:\/\/grotta.is\/almennt\/gulli-ithrottastjori-kvedur-grottu-og-snyr-ser-ad-odrum-verkefnum\/","name":"Gulli \u00ed\u00fer\u00f3ttastj\u00f3ri kve\u00f0ur Gr\u00f3ttu og sn\u00fdr s\u00e9r a\u00f0 \u00f6\u00f0rum verkefnum - \u00cd\u00fer\u00f3ttaf\u00e9lagi\u00f0 Gr\u00f3tta","isPartOf":{"@id":"https:\/\/grotta.is\/#website"},"primaryImageOfPage":{"@id":"https:\/\/grotta.is\/almennt\/gulli-ithrottastjori-kvedur-grottu-og-snyr-ser-ad-odrum-verkefnum\/#primaryimage"},"image":{"@id":"https:\/\/grotta.is\/almennt\/gulli-ithrottastjori-kvedur-grottu-og-snyr-ser-ad-odrum-verkefnum\/#primaryimage"},"thumbnailUrl":"https:\/\/grotta.is\/wp-content\/uploads\/2023\/06\/gulli-banner.png","datePublished":"2023-06-19T08:29:00+00:00","dateModified":"2023-06-16T09:00:40+00:00","breadcrumb":{"@id":"https:\/\/grotta.is\/almennt\/gulli-ithrottastjori-kvedur-grottu-og-snyr-ser-ad-odrum-verkefnum\/#breadcrumb"},"inLanguage":"en-US","potentialAction":[{"@type":"ReadAction","target":["https:\/\/grotta.is\/almennt\/gulli-ithrottastjori-kvedur-grottu-og-snyr-ser-ad-odrum-verkefnum\/"]}]},{"@type":"ImageObject","inLanguage":"en-US","@id":"https:\/\/grotta.is\/almennt\/gulli-ithrottastjori-kvedur-grottu-og-snyr-ser-ad-odrum-verkefnum\/#primaryimage","url":"https:\/\/grotta.is\/wp-content\/uploads\/2023\/06\/gulli-banner.png","contentUrl":"https:\/\/grotta.is\/wp-content\/uploads\/2023\/06\/gulli-banner.png","width":1400,"height":787},{"@type":"BreadcrumbList","@id":"https:\/\/grotta.is\/almennt\/gulli-ithrottastjori-kvedur-grottu-og-snyr-ser-ad-odrum-verkefnum\/#breadcrumb","itemListElement":[{"@type":"ListItem","position":1,"name":"Home","item":"https:\/\/grotta.is\/"},{"@type":"ListItem","position":2,"name":"Gulli \u00ed\u00fer\u00f3ttastj\u00f3ri kve\u00f0ur Gr\u00f3ttu og sn\u00fdr s\u00e9r a\u00f0 \u00f6\u00f0rum verkefnum"}]},{"@type":"WebSite","@id":"https:\/\/grotta.is\/#website","url":"https:\/\/grotta.is\/","name":"\u00cd\u00fer\u00f3ttaf\u00e9lagi\u00f0 Gr\u00f3tta","description":"\u00e1 Seltjarnarnesi","publisher":{"@id":"https:\/\/grotta.is\/#organization"},"potentialAction":[{"@type":"SearchAction","target":{"@type":"EntryPoint","urlTemplate":"https:\/\/grotta.is\/?s={search_term_string}"},"query-input":{"@type":"PropertyValueSpecification","valueRequired":true,"valueName":"search_term_string"}}],"inLanguage":"en-US"},{"@type":"Organization","@id":"https:\/\/grotta.is\/#organization","name":"\u00cd\u00fer\u00f3ttaf\u00e9lagi\u00f0 Gr\u00f3tta","url":"https:\/\/grotta.is\/","logo":{"@type":"ImageObject","inLanguage":"en-US","@id":"https:\/\/grotta.is\/#\/schema\/logo\/image\/","url":"https:\/\/grotta.is\/wp-content\/uploads\/2020\/02\/ithrottafelagidgrotta_logo_512x512_transparent.png","contentUrl":"https:\/\/grotta.is\/wp-content\/uploads\/2020\/02\/ithrottafelagidgrotta_logo_512x512_transparent.png","width":512,"height":512,"caption":"\u00cd\u00fer\u00f3ttaf\u00e9lagi\u00f0 Gr\u00f3tta"},"image":{"@id":"https:\/\/grotta.is\/#\/schema\/logo\/image\/"},"sameAs":["https:\/\/www.facebook.com\/grottasport"]},{"@type":"Person","@id":"https:\/\/grotta.is\/#\/schema\/person\/08ec57bf09ee925f1b6a01540c14a5ce","name":"Grotta","url":"https:\/\/grotta.is\/en\/author\/inga\/"}]}},"_links":{"self":[{"href":"https:\/\/grotta.is\/en\/wp-json\/wp\/v2\/posts\/427196","targetHints":{"allow":["GET"]}}],"collection":[{"href":"https:\/\/grotta.is\/en\/wp-json\/wp\/v2\/posts"}],"about":[{"href":"https:\/\/grotta.is\/en\/wp-json\/wp\/v2\/types\/post"}],"author":[{"embeddable":true,"href":"https:\/\/grotta.is\/en\/wp-json\/wp\/v2\/users\/2"}],"replies":[{"embeddable":true,"href":"https:\/\/grotta.is\/en\/wp-json\/wp\/v2\/comments?post=427196"}],"version-history":[{"count":3,"href":"https:\/\/grotta.is\/en\/wp-json\/wp\/v2\/posts\/427196\/revisions"}],"predecessor-version":[{"id":427955,"href":"https:\/\/grotta.is\/en\/wp-json\/wp\/v2\/posts\/427196\/revisions\/427955"}],"wp:featuredmedia":[{"embeddable":true,"href":"https:\/\/grotta.is\/en\/wp-json\/wp\/v2\/media\/427237"}],"wp:attachment":[{"href":"https:\/\/grotta.is\/en\/wp-json\/wp\/v2\/media?parent=427196"}],"wp:term":[{"taxonomy":"category","embeddable":true,"href":"https:\/\/grotta.is\/en\/wp-json\/wp\/v2\/categories?post=427196"},{"taxonomy":"post_tag","embeddable":true,"href":"https:\/\/grotta.is\/en\/wp-json\/wp\/v2\/tags?post=427196"}],"curies":[{"name":"wp","href":"https:\/\/api.w.org\/{rel}","templated":true}]}}