{"id":426724,"date":"2023-06-08T16:57:08","date_gmt":"2023-06-08T16:57:08","guid":{"rendered":"https:\/\/grotta.is\/?p=426724"},"modified":"2023-06-08T17:09:11","modified_gmt":"2023-06-08T17:09:11","slug":"sumarnamskeidin-hefjast-naesta-manudag","status":"publish","type":"post","link":"https:\/\/grotta.is\/en\/almennt\/sumarnamskeidin-hefjast-naesta-manudag\/","title":{"rendered":"Sumarn\u00e1mskei\u00f0in hefjast n\u00e6sta m\u00e1nudag"},"content":{"rendered":"<p>Sumarn\u00e1mskei\u00f0 Gr\u00f3ttu hefjast n\u00e6sta m\u00e1nudag (12. j\u00fan\u00ed) og n\u00fa \u00ed \u00feessari viku er undirb\u00faningsvika fyrir alla lei\u00f0beinendur. Hluti af undirb\u00faningum var skyndihj\u00e1lparn\u00e1mskei\u00f0 sem var haldi\u00f0 \u00ed g\u00e6r en \u00fear m\u00e6ttu einnig h\u00fasver\u00f0ir \u00ed\u00fer\u00f3ttamannvirkjanna. Gu\u00f0j\u00f3n Einar Gu\u00f0mundsson var lei\u00f0beinandi en hann hefur 17 \u00e1ra reynslu \u00ed sj\u00fakraflutningum og sl\u00f6kkvili\u00f0s starfi auk \u00feess hafa a\u00f0 vera virkur fimleikum \u00e1 \u00e1rum \u00e1\u00f0ur.<\/p><p>N\u00e1mskei\u00f0i\u00f0 gekk vel og n\u00fa getum vi\u00f0 <a><\/a>ekki be\u00f0i\u00f0 eftir a\u00f0 sumarn\u00e1mskei\u00f0in hefjist.<\/p><p><strong>VERKfALLI\u00d0 HEFUR ENGIN \u00c1HRIF \u00c1 SUMARN\u00c1MSKEI\u00d0IN !<\/strong><\/p><p>\u00dea\u00f0 hafa borist fyrirspurnir \u00e1 skrifstofuna hvort verkfalli\u00f0 hafi \u00e1hrif \u00e1 sumarn\u00e1mskei\u00f0in og svari\u00f0 er nei &#8211; \u00feau hafa engin \u00e1hrif \u00e1 n\u00e1mskei\u00f0in.<\/p><p><strong>S\u00cd\u00d0ASTI SKR\u00c1NINGARDAGUR \u00c1 MORGUN<\/strong><\/p><p>S\u00ed\u00f0asti skr\u00e1ningardagur fyrir n\u00e1mskei\u00f0in sem hefjast n\u00e6sta m\u00e1nudag er \u00e1 morgun f\u00f6studag (9.j\u00fan\u00ed)<br>Allar uppl\u00fdsingar um n\u00e1mskei\u00f0 og skr\u00e1ningu er h\u00e9r:<\/p><figure class=\"wp-block-embed is-type-wp-embed is-provider-iacute-thorn-r-oacute-ttaf-eacute-lagi-eth-gr-oacute-tta wp-block-embed-iacute-thorn-r-oacute-ttaf-eacute-lagi-eth-gr-oacute-tta\"><div class=\"wp-block-embed__wrapper\">\n<blockquote class=\"wp-embedded-content\" data-secret=\"aI1yAOopbH\"><a href=\"https:\/\/grotta.is\/en\/sumar-2023\/\">Sumar 2023<\/a><\/blockquote><iframe class=\"wp-embedded-content lazyload\" sandbox=\"allow-scripts\" security=\"restricted\" style=\"position: absolute; clip: rect(1px, 1px, 1px, 1px);\" title=\"&#8220;Sumar 2023&#8221; &#8212; &Iacute;&thorn;r&oacute;ttaf&eacute;lagi&eth; Gr&oacute;tta\" data-src=\"https:\/\/grotta.is\/sumar-2023\/embed\/#?secret=RBZpLzk3tn#?secret=aI1yAOopbH\" data-secret=\"aI1yAOopbH\" width=\"500\" height=\"282\" frameborder=\"0\" marginwidth=\"0\" marginheight=\"0\" scrolling=\"no\" src=\"data:image\/gif;base64,R0lGODlhAQABAAAAACH5BAEKAAEALAAAAAABAAEAAAICTAEAOw==\" data-load-mode=\"1\"><\/iframe>\n<\/div><\/figure><figure class=\"wp-block-image size-full\"><img fetchpriority=\"high\" decoding=\"async\" width=\"713\" height=\"893\" src=\"https:\/\/grotta.is\/wp-content\/uploads\/2023\/06\/Gudjon-Einar-skyndihjalp-2.jpg\" alt=\"\" class=\"wp-image-426721\" srcset=\"https:\/\/grotta.is\/wp-content\/uploads\/2023\/06\/Gudjon-Einar-skyndihjalp-2.jpg 713w, https:\/\/grotta.is\/wp-content\/uploads\/2023\/06\/Gudjon-Einar-skyndihjalp-2-240x300.jpg 240w, https:\/\/grotta.is\/wp-content\/uploads\/2023\/06\/Gudjon-Einar-skyndihjalp-2-10x12.jpg 10w, https:\/\/grotta.is\/wp-content\/uploads\/2023\/06\/Gudjon-Einar-skyndihjalp-2-600x751.jpg 600w\" sizes=\"(max-width: 713px) 100vw, 713px\" \/><\/figure><p>Gu\u00f0j\u00f3n Einar Gu\u00f0mundsson<\/p>","protected":false},"excerpt":{"rendered":"<p>Sumarn\u00e1mskei\u00f0 Gr\u00f3ttu hefjast n\u00e6sta m\u00e1nudag (12. j\u00fan\u00ed) og n\u00fa \u00ed \u00feessari viku er undirb\u00faningsvika fyrir alla lei\u00f0beinendur. Hluti af undirb\u00faningum var skyndihj\u00e1lparn\u00e1mskei\u00f0 sem var haldi\u00f0 \u00ed g\u00e6r en \u00fear m\u00e6ttu [&hellip;]<\/p>","protected":false},"author":2,"featured_media":426722,"comment_status":"closed","ping_status":"closed","sticky":false,"template":"","format":"standard","meta":{"footnotes":""},"categories":[4],"tags":[],"class_list":["post-426724","post","type-post","status-publish","format-standard","has-post-thumbnail","hentry","category-almennt"],"yoast_head":"<!-- This site is optimized with the Yoast SEO plugin v24.3 - https:\/\/yoast.com\/wordpress\/plugins\/seo\/ -->\n<title>Sumarn\u00e1mskei\u00f0in hefjast n\u00e6sta m\u00e1nudag - \u00cd\u00fer\u00f3ttaf\u00e9lagi\u00f0 Gr\u00f3tta<\/title>\n<meta name=\"robots\" content=\"index, follow, max-snippet:-1, max-image-preview:large, max-video-preview:-1\" \/>\n<link rel=\"canonical\" href=\"https:\/\/grotta.is\/en\/almennt\/sumarnamskeidin-hefjast-naesta-manudag\/\" \/>\n<meta property=\"og:locale\" content=\"en_US\" \/>\n<meta property=\"og:type\" content=\"article\" \/>\n<meta property=\"og:title\" content=\"Sumarn\u00e1mskei\u00f0in hefjast n\u00e6sta m\u00e1nudag - \u00cd\u00fer\u00f3ttaf\u00e9lagi\u00f0 Gr\u00f3tta\" \/>\n<meta property=\"og:description\" content=\"Sumarn\u00e1mskei\u00f0 Gr\u00f3ttu hefjast n\u00e6sta m\u00e1nudag (12. j\u00fan\u00ed) og n\u00fa \u00ed \u00feessari viku er undirb\u00faningsvika fyrir alla lei\u00f0beinendur. Hluti af undirb\u00faningum var skyndihj\u00e1lparn\u00e1mskei\u00f0 sem var haldi\u00f0 \u00ed g\u00e6r en \u00fear m\u00e6ttu [&hellip;]\" \/>\n<meta property=\"og:url\" content=\"https:\/\/grotta.is\/en\/almennt\/sumarnamskeidin-hefjast-naesta-manudag\/\" \/>\n<meta property=\"og:site_name\" content=\"\u00cd\u00fer\u00f3ttaf\u00e9lagi\u00f0 Gr\u00f3tta\" \/>\n<meta property=\"article:publisher\" content=\"https:\/\/www.facebook.com\/grottasport\" \/>\n<meta property=\"article:published_time\" content=\"2023-06-08T16:57:08+00:00\" \/>\n<meta property=\"article:modified_time\" content=\"2023-06-08T17:09:11+00:00\" \/>\n<meta property=\"og:image\" content=\"https:\/\/grotta.is\/wp-content\/uploads\/2023\/06\/hopur-2-scaled.jpg\" \/>\n\t<meta property=\"og:image:width\" content=\"2560\" \/>\n\t<meta property=\"og:image:height\" content=\"1920\" \/>\n\t<meta property=\"og:image:type\" content=\"image\/jpeg\" \/>\n<meta name=\"author\" content=\"Grotta\" \/>\n<meta name=\"twitter:card\" content=\"summary_large_image\" \/>\n<meta name=\"twitter:label1\" content=\"Written by\" \/>\n\t<meta name=\"twitter:data1\" content=\"Grotta\" \/>\n\t<meta name=\"twitter:label2\" content=\"Est. reading time\" \/>\n\t<meta name=\"twitter:data2\" content=\"1 minute\" \/>\n<script type=\"application\/ld+json\" class=\"yoast-schema-graph\">{\"@context\":\"https:\/\/schema.org\",\"@graph\":[{\"@type\":\"Article\",\"@id\":\"https:\/\/grotta.is\/almennt\/sumarnamskeidin-hefjast-naesta-manudag\/#article\",\"isPartOf\":{\"@id\":\"https:\/\/grotta.is\/almennt\/sumarnamskeidin-hefjast-naesta-manudag\/\"},\"author\":{\"name\":\"Grotta\",\"@id\":\"https:\/\/grotta.is\/#\/schema\/person\/08ec57bf09ee925f1b6a01540c14a5ce\"},\"headline\":\"Sumarn\u00e1mskei\u00f0in hefjast n\u00e6sta m\u00e1nudag\",\"datePublished\":\"2023-06-08T16:57:08+00:00\",\"dateModified\":\"2023-06-08T17:09:11+00:00\",\"mainEntityOfPage\":{\"@id\":\"https:\/\/grotta.is\/almennt\/sumarnamskeidin-hefjast-naesta-manudag\/\"},\"wordCount\":179,\"publisher\":{\"@id\":\"https:\/\/grotta.is\/#organization\"},\"image\":{\"@id\":\"https:\/\/grotta.is\/almennt\/sumarnamskeidin-hefjast-naesta-manudag\/#primaryimage\"},\"thumbnailUrl\":\"https:\/\/grotta.is\/wp-content\/uploads\/2023\/06\/hopur-2-scaled.jpg\",\"articleSection\":[\"Almennt\"],\"inLanguage\":\"en-US\"},{\"@type\":\"WebPage\",\"@id\":\"https:\/\/grotta.is\/almennt\/sumarnamskeidin-hefjast-naesta-manudag\/\",\"url\":\"https:\/\/grotta.is\/almennt\/sumarnamskeidin-hefjast-naesta-manudag\/\",\"name\":\"Sumarn\u00e1mskei\u00f0in hefjast n\u00e6sta m\u00e1nudag - \u00cd\u00fer\u00f3ttaf\u00e9lagi\u00f0 Gr\u00f3tta\",\"isPartOf\":{\"@id\":\"https:\/\/grotta.is\/#website\"},\"primaryImageOfPage\":{\"@id\":\"https:\/\/grotta.is\/almennt\/sumarnamskeidin-hefjast-naesta-manudag\/#primaryimage\"},\"image\":{\"@id\":\"https:\/\/grotta.is\/almennt\/sumarnamskeidin-hefjast-naesta-manudag\/#primaryimage\"},\"thumbnailUrl\":\"https:\/\/grotta.is\/wp-content\/uploads\/2023\/06\/hopur-2-scaled.jpg\",\"datePublished\":\"2023-06-08T16:57:08+00:00\",\"dateModified\":\"2023-06-08T17:09:11+00:00\",\"breadcrumb\":{\"@id\":\"https:\/\/grotta.is\/almennt\/sumarnamskeidin-hefjast-naesta-manudag\/#breadcrumb\"},\"inLanguage\":\"en-US\",\"potentialAction\":[{\"@type\":\"ReadAction\",\"target\":[\"https:\/\/grotta.is\/almennt\/sumarnamskeidin-hefjast-naesta-manudag\/\"]}]},{\"@type\":\"ImageObject\",\"inLanguage\":\"en-US\",\"@id\":\"https:\/\/grotta.is\/almennt\/sumarnamskeidin-hefjast-naesta-manudag\/#primaryimage\",\"url\":\"https:\/\/grotta.is\/wp-content\/uploads\/2023\/06\/hopur-2-scaled.jpg\",\"contentUrl\":\"https:\/\/grotta.is\/wp-content\/uploads\/2023\/06\/hopur-2-scaled.jpg\",\"width\":2560,\"height\":1920},{\"@type\":\"BreadcrumbList\",\"@id\":\"https:\/\/grotta.is\/almennt\/sumarnamskeidin-hefjast-naesta-manudag\/#breadcrumb\",\"itemListElement\":[{\"@type\":\"ListItem\",\"position\":1,\"name\":\"Home\",\"item\":\"https:\/\/grotta.is\/\"},{\"@type\":\"ListItem\",\"position\":2,\"name\":\"Sumarn\u00e1mskei\u00f0in hefjast n\u00e6sta m\u00e1nudag\"}]},{\"@type\":\"WebSite\",\"@id\":\"https:\/\/grotta.is\/#website\",\"url\":\"https:\/\/grotta.is\/\",\"name\":\"\u00cd\u00fer\u00f3ttaf\u00e9lagi\u00f0 Gr\u00f3tta\",\"description\":\"\u00e1 Seltjarnarnesi\",\"publisher\":{\"@id\":\"https:\/\/grotta.is\/#organization\"},\"potentialAction\":[{\"@type\":\"SearchAction\",\"target\":{\"@type\":\"EntryPoint\",\"urlTemplate\":\"https:\/\/grotta.is\/?s={search_term_string}\"},\"query-input\":{\"@type\":\"PropertyValueSpecification\",\"valueRequired\":true,\"valueName\":\"search_term_string\"}}],\"inLanguage\":\"en-US\"},{\"@type\":\"Organization\",\"@id\":\"https:\/\/grotta.is\/#organization\",\"name\":\"\u00cd\u00fer\u00f3ttaf\u00e9lagi\u00f0 Gr\u00f3tta\",\"url\":\"https:\/\/grotta.is\/\",\"logo\":{\"@type\":\"ImageObject\",\"inLanguage\":\"en-US\",\"@id\":\"https:\/\/grotta.is\/#\/schema\/logo\/image\/\",\"url\":\"https:\/\/grotta.is\/wp-content\/uploads\/2020\/02\/ithrottafelagidgrotta_logo_512x512_transparent.png\",\"contentUrl\":\"https:\/\/grotta.is\/wp-content\/uploads\/2020\/02\/ithrottafelagidgrotta_logo_512x512_transparent.png\",\"width\":512,\"height\":512,\"caption\":\"\u00cd\u00fer\u00f3ttaf\u00e9lagi\u00f0 Gr\u00f3tta\"},\"image\":{\"@id\":\"https:\/\/grotta.is\/#\/schema\/logo\/image\/\"},\"sameAs\":[\"https:\/\/www.facebook.com\/grottasport\"]},{\"@type\":\"Person\",\"@id\":\"https:\/\/grotta.is\/#\/schema\/person\/08ec57bf09ee925f1b6a01540c14a5ce\",\"name\":\"Grotta\",\"url\":\"https:\/\/grotta.is\/en\/author\/inga\/\"}]}<\/script>\n<!-- \/ Yoast SEO plugin. -->","yoast_head_json":{"title":"Sumarn\u00e1mskei\u00f0in hefjast n\u00e6sta m\u00e1nudag - \u00cd\u00fer\u00f3ttaf\u00e9lagi\u00f0 Gr\u00f3tta","robots":{"index":"index","follow":"follow","max-snippet":"max-snippet:-1","max-image-preview":"max-image-preview:large","max-video-preview":"max-video-preview:-1"},"canonical":"https:\/\/grotta.is\/en\/almennt\/sumarnamskeidin-hefjast-naesta-manudag\/","og_locale":"en_US","og_type":"article","og_title":"Sumarn\u00e1mskei\u00f0in hefjast n\u00e6sta m\u00e1nudag - \u00cd\u00fer\u00f3ttaf\u00e9lagi\u00f0 Gr\u00f3tta","og_description":"Sumarn\u00e1mskei\u00f0 Gr\u00f3ttu hefjast n\u00e6sta m\u00e1nudag (12. j\u00fan\u00ed) og n\u00fa \u00ed \u00feessari viku er undirb\u00faningsvika fyrir alla lei\u00f0beinendur. Hluti af undirb\u00faningum var skyndihj\u00e1lparn\u00e1mskei\u00f0 sem var haldi\u00f0 \u00ed g\u00e6r en \u00fear m\u00e6ttu [&hellip;]","og_url":"https:\/\/grotta.is\/en\/almennt\/sumarnamskeidin-hefjast-naesta-manudag\/","og_site_name":"\u00cd\u00fer\u00f3ttaf\u00e9lagi\u00f0 Gr\u00f3tta","article_publisher":"https:\/\/www.facebook.com\/grottasport","article_published_time":"2023-06-08T16:57:08+00:00","article_modified_time":"2023-06-08T17:09:11+00:00","og_image":[{"width":2560,"height":1920,"url":"https:\/\/grotta.is\/wp-content\/uploads\/2023\/06\/hopur-2-scaled.jpg","type":"image\/jpeg"}],"author":"Grotta","twitter_card":"summary_large_image","twitter_misc":{"Written by":"Grotta","Est. reading time":"1 minute"},"schema":{"@context":"https:\/\/schema.org","@graph":[{"@type":"Article","@id":"https:\/\/grotta.is\/almennt\/sumarnamskeidin-hefjast-naesta-manudag\/#article","isPartOf":{"@id":"https:\/\/grotta.is\/almennt\/sumarnamskeidin-hefjast-naesta-manudag\/"},"author":{"name":"Grotta","@id":"https:\/\/grotta.is\/#\/schema\/person\/08ec57bf09ee925f1b6a01540c14a5ce"},"headline":"Sumarn\u00e1mskei\u00f0in hefjast n\u00e6sta m\u00e1nudag","datePublished":"2023-06-08T16:57:08+00:00","dateModified":"2023-06-08T17:09:11+00:00","mainEntityOfPage":{"@id":"https:\/\/grotta.is\/almennt\/sumarnamskeidin-hefjast-naesta-manudag\/"},"wordCount":179,"publisher":{"@id":"https:\/\/grotta.is\/#organization"},"image":{"@id":"https:\/\/grotta.is\/almennt\/sumarnamskeidin-hefjast-naesta-manudag\/#primaryimage"},"thumbnailUrl":"https:\/\/grotta.is\/wp-content\/uploads\/2023\/06\/hopur-2-scaled.jpg","articleSection":["Almennt"],"inLanguage":"en-US"},{"@type":"WebPage","@id":"https:\/\/grotta.is\/almennt\/sumarnamskeidin-hefjast-naesta-manudag\/","url":"https:\/\/grotta.is\/almennt\/sumarnamskeidin-hefjast-naesta-manudag\/","name":"Sumarn\u00e1mskei\u00f0in hefjast n\u00e6sta m\u00e1nudag - \u00cd\u00fer\u00f3ttaf\u00e9lagi\u00f0 Gr\u00f3tta","isPartOf":{"@id":"https:\/\/grotta.is\/#website"},"primaryImageOfPage":{"@id":"https:\/\/grotta.is\/almennt\/sumarnamskeidin-hefjast-naesta-manudag\/#primaryimage"},"image":{"@id":"https:\/\/grotta.is\/almennt\/sumarnamskeidin-hefjast-naesta-manudag\/#primaryimage"},"thumbnailUrl":"https:\/\/grotta.is\/wp-content\/uploads\/2023\/06\/hopur-2-scaled.jpg","datePublished":"2023-06-08T16:57:08+00:00","dateModified":"2023-06-08T17:09:11+00:00","breadcrumb":{"@id":"https:\/\/grotta.is\/almennt\/sumarnamskeidin-hefjast-naesta-manudag\/#breadcrumb"},"inLanguage":"en-US","potentialAction":[{"@type":"ReadAction","target":["https:\/\/grotta.is\/almennt\/sumarnamskeidin-hefjast-naesta-manudag\/"]}]},{"@type":"ImageObject","inLanguage":"en-US","@id":"https:\/\/grotta.is\/almennt\/sumarnamskeidin-hefjast-naesta-manudag\/#primaryimage","url":"https:\/\/grotta.is\/wp-content\/uploads\/2023\/06\/hopur-2-scaled.jpg","contentUrl":"https:\/\/grotta.is\/wp-content\/uploads\/2023\/06\/hopur-2-scaled.jpg","width":2560,"height":1920},{"@type":"BreadcrumbList","@id":"https:\/\/grotta.is\/almennt\/sumarnamskeidin-hefjast-naesta-manudag\/#breadcrumb","itemListElement":[{"@type":"ListItem","position":1,"name":"Home","item":"https:\/\/grotta.is\/"},{"@type":"ListItem","position":2,"name":"Sumarn\u00e1mskei\u00f0in hefjast n\u00e6sta m\u00e1nudag"}]},{"@type":"WebSite","@id":"https:\/\/grotta.is\/#website","url":"https:\/\/grotta.is\/","name":"\u00cd\u00fer\u00f3ttaf\u00e9lagi\u00f0 Gr\u00f3tta","description":"\u00e1 Seltjarnarnesi","publisher":{"@id":"https:\/\/grotta.is\/#organization"},"potentialAction":[{"@type":"SearchAction","target":{"@type":"EntryPoint","urlTemplate":"https:\/\/grotta.is\/?s={search_term_string}"},"query-input":{"@type":"PropertyValueSpecification","valueRequired":true,"valueName":"search_term_string"}}],"inLanguage":"en-US"},{"@type":"Organization","@id":"https:\/\/grotta.is\/#organization","name":"\u00cd\u00fer\u00f3ttaf\u00e9lagi\u00f0 Gr\u00f3tta","url":"https:\/\/grotta.is\/","logo":{"@type":"ImageObject","inLanguage":"en-US","@id":"https:\/\/grotta.is\/#\/schema\/logo\/image\/","url":"https:\/\/grotta.is\/wp-content\/uploads\/2020\/02\/ithrottafelagidgrotta_logo_512x512_transparent.png","contentUrl":"https:\/\/grotta.is\/wp-content\/uploads\/2020\/02\/ithrottafelagidgrotta_logo_512x512_transparent.png","width":512,"height":512,"caption":"\u00cd\u00fer\u00f3ttaf\u00e9lagi\u00f0 Gr\u00f3tta"},"image":{"@id":"https:\/\/grotta.is\/#\/schema\/logo\/image\/"},"sameAs":["https:\/\/www.facebook.com\/grottasport"]},{"@type":"Person","@id":"https:\/\/grotta.is\/#\/schema\/person\/08ec57bf09ee925f1b6a01540c14a5ce","name":"Grotta","url":"https:\/\/grotta.is\/en\/author\/inga\/"}]}},"_links":{"self":[{"href":"https:\/\/grotta.is\/en\/wp-json\/wp\/v2\/posts\/426724","targetHints":{"allow":["GET"]}}],"collection":[{"href":"https:\/\/grotta.is\/en\/wp-json\/wp\/v2\/posts"}],"about":[{"href":"https:\/\/grotta.is\/en\/wp-json\/wp\/v2\/types\/post"}],"author":[{"embeddable":true,"href":"https:\/\/grotta.is\/en\/wp-json\/wp\/v2\/users\/2"}],"replies":[{"embeddable":true,"href":"https:\/\/grotta.is\/en\/wp-json\/wp\/v2\/comments?post=426724"}],"version-history":[{"count":3,"href":"https:\/\/grotta.is\/en\/wp-json\/wp\/v2\/posts\/426724\/revisions"}],"predecessor-version":[{"id":426729,"href":"https:\/\/grotta.is\/en\/wp-json\/wp\/v2\/posts\/426724\/revisions\/426729"}],"wp:featuredmedia":[{"embeddable":true,"href":"https:\/\/grotta.is\/en\/wp-json\/wp\/v2\/media\/426722"}],"wp:attachment":[{"href":"https:\/\/grotta.is\/en\/wp-json\/wp\/v2\/media?parent=426724"}],"wp:term":[{"taxonomy":"category","embeddable":true,"href":"https:\/\/grotta.is\/en\/wp-json\/wp\/v2\/categories?post=426724"},{"taxonomy":"post_tag","embeddable":true,"href":"https:\/\/grotta.is\/en\/wp-json\/wp\/v2\/tags?post=426724"}],"curies":[{"name":"wp","href":"https:\/\/api.w.org\/{rel}","templated":true}]}}