{"id":425399,"date":"2023-05-24T16:27:12","date_gmt":"2023-05-24T16:27:12","guid":{"rendered":"https:\/\/grotta.is\/?p=425399"},"modified":"2023-05-24T16:34:48","modified_gmt":"2023-05-24T16:34:48","slug":"grotta-leitar-ad-verkefnastjora","status":"publish","type":"post","link":"https:\/\/grotta.is\/en\/almennt\/grotta-leitar-ad-verkefnastjora\/","title":{"rendered":"Gr\u00f3tta leitar a\u00f0 verkefnastj\u00f3ra"},"content":{"rendered":"<p>\u00cd\u00fer\u00f3ttaf\u00e9lagi\u00f0 Gr\u00f3tta \u00f3skar eftir \u00fev\u00ed a\u00f0 r\u00e1\u00f0a \u00f6flugan verkefnastj\u00f3ra \u00e1 skrifstofu<br>a\u00f0alstj\u00f3rnar f\u00e9lagsins \u00ed 100% starf. Um er a\u00f0 r\u00e6\u00f0a fj\u00f6lbreytt, krefjandi og lifandi starf.<br>Gert er r\u00e1\u00f0 fyrir a\u00f0 r\u00e1\u00f0i\u00f0 s\u00e9 \u00ed starfi\u00f0 fr\u00e1 1. \u00e1g\u00fast.<\/p><p><strong>Helstu verkefni og \u00e1byrg\u00f0:<\/strong><\/p><ul class=\"wp-block-list\"><li>Hefur umsj\u00f3n me\u00f0 vi\u00f0bur\u00f0um f\u00e9lagsins og hefur a\u00f0komu a\u00f0 m\u00f3tahaldi<\/li>\n\n<li>Lei\u00f0ir umb\u00f3tavinnu vi\u00f0 ger\u00f0 verkferla<\/li>\n\n<li>Lei\u00f0ir samstarf innan sem utan f\u00e9lags<\/li>\n\n<li>Ritstj\u00f3rn mi\u00f0la, samr\u00e6ming kynningarefnis og innlei\u00f0ing sk\u00fdjalausna<\/li>\n\n<li>Almenn \u00fej\u00f3nusta vi\u00f0 f\u00e9lagsmenn og samskipti vi\u00f0 hagsmunaa\u00f0ila<\/li><\/ul><p><strong>Kr\u00f6fur um h\u00e6fni (\u00feekking, f\u00e6rni, eiginleikar):<\/strong><\/p><ul class=\"wp-block-list\"><li>H\u00e1sk\u00f3lagr\u00e1\u00f0a sem n\u00fdtist \u00ed starfi<\/li>\n\n<li>G\u00f3\u00f0 samstarfs- og samskiptah\u00e6fni<\/li>\n\n<li>Frumkv\u00e6\u00f0i, sj\u00e1lfst\u00e6\u00f0i, skipulagsh\u00e6fni og \u00f6gun \u00ed vinnubr\u00f6g\u00f0um<\/li>\n\n<li>G\u00f3\u00f0 t\u00f6lvuf\u00e6rni og h\u00e6fni til a\u00f0 tj\u00e1 sig \u00ed r\u00e6\u00f0u og riti<\/li>\n\n<li>Hreint sakavottor\u00f0<\/li><\/ul><p>Ums\u00f3knarfrestur er til og me\u00f0 31. ma\u00ed 2023.<br>S\u00f3tt er um starfi\u00f0 \u00e1 ums\u00f3knarvef Alfre\u00f0s: <a href=\"https:\/\/alfred.is\/starf\/verkefnastjori-ithrottafelagsins-grottu\" target=\"_blank\" rel=\"noreferrer noopener\">\u00cd\u00fer\u00f3ttaf\u00e9lagi\u00f0 Gr\u00f3tta (alfred.is)<\/a><br>N\u00e1nari uppl\u00fdsingar m\u00e1 n\u00e1lgast me\u00f0 \u00fev\u00ed a\u00f0 senda t\u00f6lvup\u00f3st \u00e1 grotta@grotta.is<\/p><figure class=\"wp-block-image size-large\"><img fetchpriority=\"high\" decoding=\"async\" width=\"1024\" height=\"981\" src=\"https:\/\/grotta.is\/wp-content\/uploads\/2023\/05\/verkefnastjori.Grottu-1024x981.jpg\" alt=\"\" class=\"wp-image-425397\" srcset=\"https:\/\/grotta.is\/wp-content\/uploads\/2023\/05\/verkefnastjori.Grottu-1024x981.jpg 1024w, https:\/\/grotta.is\/wp-content\/uploads\/2023\/05\/verkefnastjori.Grottu-300x287.jpg 300w, https:\/\/grotta.is\/wp-content\/uploads\/2023\/05\/verkefnastjori.Grottu-768x736.jpg 768w, https:\/\/grotta.is\/wp-content\/uploads\/2023\/05\/verkefnastjori.Grottu-13x12.jpg 13w, https:\/\/grotta.is\/wp-content\/uploads\/2023\/05\/verkefnastjori.Grottu-600x575.jpg 600w, https:\/\/grotta.is\/wp-content\/uploads\/2023\/05\/verkefnastjori.Grottu.jpg 1315w\" sizes=\"(max-width: 1024px) 100vw, 1024px\" \/><\/figure>","protected":false},"excerpt":{"rendered":"<p>\u00cd\u00fer\u00f3ttaf\u00e9lagi\u00f0 Gr\u00f3tta \u00f3skar eftir \u00fev\u00ed a\u00f0 r\u00e1\u00f0a \u00f6flugan verkefnastj\u00f3ra \u00e1 skrifstofua\u00f0alstj\u00f3rnar f\u00e9lagsins \u00ed 100% starf. Um er a\u00f0 r\u00e6\u00f0a fj\u00f6lbreytt, krefjandi og lifandi starf.Gert er r\u00e1\u00f0 fyrir a\u00f0 r\u00e1\u00f0i\u00f0 s\u00e9 [&hellip;]<\/p>","protected":false},"author":2,"featured_media":425398,"comment_status":"closed","ping_status":"closed","sticky":false,"template":"","format":"standard","meta":{"footnotes":""},"categories":[4,9,12,7],"tags":[],"class_list":["post-425399","post","type-post","status-publish","format-standard","has-post-thumbnail","hentry","category-almennt","category-fimleikadeild","category-handknattleiksdeild","category-knattspyrnudeild"],"yoast_head":"<!-- This site is optimized with the Yoast SEO plugin v24.3 - https:\/\/yoast.com\/wordpress\/plugins\/seo\/ -->\n<title>Gr\u00f3tta leitar a\u00f0 verkefnastj\u00f3ra - \u00cd\u00fer\u00f3ttaf\u00e9lagi\u00f0 Gr\u00f3tta<\/title>\n<meta name=\"robots\" content=\"index, follow, max-snippet:-1, max-image-preview:large, max-video-preview:-1\" \/>\n<link rel=\"canonical\" href=\"https:\/\/grotta.is\/en\/almennt\/grotta-leitar-ad-verkefnastjora\/\" \/>\n<meta property=\"og:locale\" content=\"en_US\" \/>\n<meta property=\"og:type\" content=\"article\" \/>\n<meta property=\"og:title\" content=\"Gr\u00f3tta leitar a\u00f0 verkefnastj\u00f3ra - \u00cd\u00fer\u00f3ttaf\u00e9lagi\u00f0 Gr\u00f3tta\" \/>\n<meta property=\"og:description\" content=\"\u00cd\u00fer\u00f3ttaf\u00e9lagi\u00f0 Gr\u00f3tta \u00f3skar eftir \u00fev\u00ed a\u00f0 r\u00e1\u00f0a \u00f6flugan verkefnastj\u00f3ra \u00e1 skrifstofua\u00f0alstj\u00f3rnar f\u00e9lagsins \u00ed 100% starf. Um er a\u00f0 r\u00e6\u00f0a fj\u00f6lbreytt, krefjandi og lifandi starf.Gert er r\u00e1\u00f0 fyrir a\u00f0 r\u00e1\u00f0i\u00f0 s\u00e9 [&hellip;]\" \/>\n<meta property=\"og:url\" content=\"https:\/\/grotta.is\/en\/almennt\/grotta-leitar-ad-verkefnastjora\/\" \/>\n<meta property=\"og:site_name\" content=\"\u00cd\u00fer\u00f3ttaf\u00e9lagi\u00f0 Gr\u00f3tta\" \/>\n<meta property=\"article:publisher\" content=\"https:\/\/www.facebook.com\/grottasport\" \/>\n<meta property=\"article:published_time\" content=\"2023-05-24T16:27:12+00:00\" \/>\n<meta property=\"article:modified_time\" content=\"2023-05-24T16:34:48+00:00\" \/>\n<meta property=\"og:image\" content=\"https:\/\/grotta.is\/wp-content\/uploads\/2023\/05\/Skjamynd-2023-05-24-162557.jpg\" \/>\n\t<meta property=\"og:image:width\" content=\"1058\" \/>\n\t<meta property=\"og:image:height\" content=\"425\" \/>\n\t<meta property=\"og:image:type\" content=\"image\/jpeg\" \/>\n<meta name=\"author\" content=\"Grotta\" \/>\n<meta name=\"twitter:card\" content=\"summary_large_image\" \/>\n<meta name=\"twitter:label1\" content=\"Written by\" \/>\n\t<meta name=\"twitter:data1\" content=\"Grotta\" \/>\n\t<meta name=\"twitter:label2\" content=\"Est. reading time\" \/>\n\t<meta name=\"twitter:data2\" content=\"1 minute\" \/>\n<script type=\"application\/ld+json\" class=\"yoast-schema-graph\">{\"@context\":\"https:\/\/schema.org\",\"@graph\":[{\"@type\":\"Article\",\"@id\":\"https:\/\/grotta.is\/almennt\/grotta-leitar-ad-verkefnastjora\/#article\",\"isPartOf\":{\"@id\":\"https:\/\/grotta.is\/almennt\/grotta-leitar-ad-verkefnastjora\/\"},\"author\":{\"name\":\"Grotta\",\"@id\":\"https:\/\/grotta.is\/#\/schema\/person\/08ec57bf09ee925f1b6a01540c14a5ce\"},\"headline\":\"Gr\u00f3tta leitar a\u00f0 verkefnastj\u00f3ra\",\"datePublished\":\"2023-05-24T16:27:12+00:00\",\"dateModified\":\"2023-05-24T16:34:48+00:00\",\"mainEntityOfPage\":{\"@id\":\"https:\/\/grotta.is\/almennt\/grotta-leitar-ad-verkefnastjora\/\"},\"wordCount\":198,\"publisher\":{\"@id\":\"https:\/\/grotta.is\/#organization\"},\"image\":{\"@id\":\"https:\/\/grotta.is\/almennt\/grotta-leitar-ad-verkefnastjora\/#primaryimage\"},\"thumbnailUrl\":\"https:\/\/grotta.is\/wp-content\/uploads\/2023\/05\/Skjamynd-2023-05-24-162557.jpg\",\"articleSection\":[\"Almennt\",\"Fimleikadeild\",\"Handknattleiksdeild\",\"Knattspyrnudeild\"],\"inLanguage\":\"en-US\"},{\"@type\":\"WebPage\",\"@id\":\"https:\/\/grotta.is\/almennt\/grotta-leitar-ad-verkefnastjora\/\",\"url\":\"https:\/\/grotta.is\/almennt\/grotta-leitar-ad-verkefnastjora\/\",\"name\":\"Gr\u00f3tta leitar a\u00f0 verkefnastj\u00f3ra - \u00cd\u00fer\u00f3ttaf\u00e9lagi\u00f0 Gr\u00f3tta\",\"isPartOf\":{\"@id\":\"https:\/\/grotta.is\/#website\"},\"primaryImageOfPage\":{\"@id\":\"https:\/\/grotta.is\/almennt\/grotta-leitar-ad-verkefnastjora\/#primaryimage\"},\"image\":{\"@id\":\"https:\/\/grotta.is\/almennt\/grotta-leitar-ad-verkefnastjora\/#primaryimage\"},\"thumbnailUrl\":\"https:\/\/grotta.is\/wp-content\/uploads\/2023\/05\/Skjamynd-2023-05-24-162557.jpg\",\"datePublished\":\"2023-05-24T16:27:12+00:00\",\"dateModified\":\"2023-05-24T16:34:48+00:00\",\"breadcrumb\":{\"@id\":\"https:\/\/grotta.is\/almennt\/grotta-leitar-ad-verkefnastjora\/#breadcrumb\"},\"inLanguage\":\"en-US\",\"potentialAction\":[{\"@type\":\"ReadAction\",\"target\":[\"https:\/\/grotta.is\/almennt\/grotta-leitar-ad-verkefnastjora\/\"]}]},{\"@type\":\"ImageObject\",\"inLanguage\":\"en-US\",\"@id\":\"https:\/\/grotta.is\/almennt\/grotta-leitar-ad-verkefnastjora\/#primaryimage\",\"url\":\"https:\/\/grotta.is\/wp-content\/uploads\/2023\/05\/Skjamynd-2023-05-24-162557.jpg\",\"contentUrl\":\"https:\/\/grotta.is\/wp-content\/uploads\/2023\/05\/Skjamynd-2023-05-24-162557.jpg\",\"width\":1058,\"height\":425},{\"@type\":\"BreadcrumbList\",\"@id\":\"https:\/\/grotta.is\/almennt\/grotta-leitar-ad-verkefnastjora\/#breadcrumb\",\"itemListElement\":[{\"@type\":\"ListItem\",\"position\":1,\"name\":\"Home\",\"item\":\"https:\/\/grotta.is\/\"},{\"@type\":\"ListItem\",\"position\":2,\"name\":\"Gr\u00f3tta leitar a\u00f0 verkefnastj\u00f3ra\"}]},{\"@type\":\"WebSite\",\"@id\":\"https:\/\/grotta.is\/#website\",\"url\":\"https:\/\/grotta.is\/\",\"name\":\"\u00cd\u00fer\u00f3ttaf\u00e9lagi\u00f0 Gr\u00f3tta\",\"description\":\"\u00e1 Seltjarnarnesi\",\"publisher\":{\"@id\":\"https:\/\/grotta.is\/#organization\"},\"potentialAction\":[{\"@type\":\"SearchAction\",\"target\":{\"@type\":\"EntryPoint\",\"urlTemplate\":\"https:\/\/grotta.is\/?s={search_term_string}\"},\"query-input\":{\"@type\":\"PropertyValueSpecification\",\"valueRequired\":true,\"valueName\":\"search_term_string\"}}],\"inLanguage\":\"en-US\"},{\"@type\":\"Organization\",\"@id\":\"https:\/\/grotta.is\/#organization\",\"name\":\"\u00cd\u00fer\u00f3ttaf\u00e9lagi\u00f0 Gr\u00f3tta\",\"url\":\"https:\/\/grotta.is\/\",\"logo\":{\"@type\":\"ImageObject\",\"inLanguage\":\"en-US\",\"@id\":\"https:\/\/grotta.is\/#\/schema\/logo\/image\/\",\"url\":\"https:\/\/grotta.is\/wp-content\/uploads\/2020\/02\/ithrottafelagidgrotta_logo_512x512_transparent.png\",\"contentUrl\":\"https:\/\/grotta.is\/wp-content\/uploads\/2020\/02\/ithrottafelagidgrotta_logo_512x512_transparent.png\",\"width\":512,\"height\":512,\"caption\":\"\u00cd\u00fer\u00f3ttaf\u00e9lagi\u00f0 Gr\u00f3tta\"},\"image\":{\"@id\":\"https:\/\/grotta.is\/#\/schema\/logo\/image\/\"},\"sameAs\":[\"https:\/\/www.facebook.com\/grottasport\"]},{\"@type\":\"Person\",\"@id\":\"https:\/\/grotta.is\/#\/schema\/person\/08ec57bf09ee925f1b6a01540c14a5ce\",\"name\":\"Grotta\",\"url\":\"https:\/\/grotta.is\/en\/author\/inga\/\"}]}<\/script>\n<!-- \/ Yoast SEO plugin. -->","yoast_head_json":{"title":"Gr\u00f3tta leitar a\u00f0 verkefnastj\u00f3ra - \u00cd\u00fer\u00f3ttaf\u00e9lagi\u00f0 Gr\u00f3tta","robots":{"index":"index","follow":"follow","max-snippet":"max-snippet:-1","max-image-preview":"max-image-preview:large","max-video-preview":"max-video-preview:-1"},"canonical":"https:\/\/grotta.is\/en\/almennt\/grotta-leitar-ad-verkefnastjora\/","og_locale":"en_US","og_type":"article","og_title":"Gr\u00f3tta leitar a\u00f0 verkefnastj\u00f3ra - \u00cd\u00fer\u00f3ttaf\u00e9lagi\u00f0 Gr\u00f3tta","og_description":"\u00cd\u00fer\u00f3ttaf\u00e9lagi\u00f0 Gr\u00f3tta \u00f3skar eftir \u00fev\u00ed a\u00f0 r\u00e1\u00f0a \u00f6flugan verkefnastj\u00f3ra \u00e1 skrifstofua\u00f0alstj\u00f3rnar f\u00e9lagsins \u00ed 100% starf. Um er a\u00f0 r\u00e6\u00f0a fj\u00f6lbreytt, krefjandi og lifandi starf.Gert er r\u00e1\u00f0 fyrir a\u00f0 r\u00e1\u00f0i\u00f0 s\u00e9 [&hellip;]","og_url":"https:\/\/grotta.is\/en\/almennt\/grotta-leitar-ad-verkefnastjora\/","og_site_name":"\u00cd\u00fer\u00f3ttaf\u00e9lagi\u00f0 Gr\u00f3tta","article_publisher":"https:\/\/www.facebook.com\/grottasport","article_published_time":"2023-05-24T16:27:12+00:00","article_modified_time":"2023-05-24T16:34:48+00:00","og_image":[{"width":1058,"height":425,"url":"https:\/\/grotta.is\/wp-content\/uploads\/2023\/05\/Skjamynd-2023-05-24-162557.jpg","type":"image\/jpeg"}],"author":"Grotta","twitter_card":"summary_large_image","twitter_misc":{"Written by":"Grotta","Est. reading time":"1 minute"},"schema":{"@context":"https:\/\/schema.org","@graph":[{"@type":"Article","@id":"https:\/\/grotta.is\/almennt\/grotta-leitar-ad-verkefnastjora\/#article","isPartOf":{"@id":"https:\/\/grotta.is\/almennt\/grotta-leitar-ad-verkefnastjora\/"},"author":{"name":"Grotta","@id":"https:\/\/grotta.is\/#\/schema\/person\/08ec57bf09ee925f1b6a01540c14a5ce"},"headline":"Gr\u00f3tta leitar a\u00f0 verkefnastj\u00f3ra","datePublished":"2023-05-24T16:27:12+00:00","dateModified":"2023-05-24T16:34:48+00:00","mainEntityOfPage":{"@id":"https:\/\/grotta.is\/almennt\/grotta-leitar-ad-verkefnastjora\/"},"wordCount":198,"publisher":{"@id":"https:\/\/grotta.is\/#organization"},"image":{"@id":"https:\/\/grotta.is\/almennt\/grotta-leitar-ad-verkefnastjora\/#primaryimage"},"thumbnailUrl":"https:\/\/grotta.is\/wp-content\/uploads\/2023\/05\/Skjamynd-2023-05-24-162557.jpg","articleSection":["Almennt","Fimleikadeild","Handknattleiksdeild","Knattspyrnudeild"],"inLanguage":"en-US"},{"@type":"WebPage","@id":"https:\/\/grotta.is\/almennt\/grotta-leitar-ad-verkefnastjora\/","url":"https:\/\/grotta.is\/almennt\/grotta-leitar-ad-verkefnastjora\/","name":"Gr\u00f3tta leitar a\u00f0 verkefnastj\u00f3ra - \u00cd\u00fer\u00f3ttaf\u00e9lagi\u00f0 Gr\u00f3tta","isPartOf":{"@id":"https:\/\/grotta.is\/#website"},"primaryImageOfPage":{"@id":"https:\/\/grotta.is\/almennt\/grotta-leitar-ad-verkefnastjora\/#primaryimage"},"image":{"@id":"https:\/\/grotta.is\/almennt\/grotta-leitar-ad-verkefnastjora\/#primaryimage"},"thumbnailUrl":"https:\/\/grotta.is\/wp-content\/uploads\/2023\/05\/Skjamynd-2023-05-24-162557.jpg","datePublished":"2023-05-24T16:27:12+00:00","dateModified":"2023-05-24T16:34:48+00:00","breadcrumb":{"@id":"https:\/\/grotta.is\/almennt\/grotta-leitar-ad-verkefnastjora\/#breadcrumb"},"inLanguage":"en-US","potentialAction":[{"@type":"ReadAction","target":["https:\/\/grotta.is\/almennt\/grotta-leitar-ad-verkefnastjora\/"]}]},{"@type":"ImageObject","inLanguage":"en-US","@id":"https:\/\/grotta.is\/almennt\/grotta-leitar-ad-verkefnastjora\/#primaryimage","url":"https:\/\/grotta.is\/wp-content\/uploads\/2023\/05\/Skjamynd-2023-05-24-162557.jpg","contentUrl":"https:\/\/grotta.is\/wp-content\/uploads\/2023\/05\/Skjamynd-2023-05-24-162557.jpg","width":1058,"height":425},{"@type":"BreadcrumbList","@id":"https:\/\/grotta.is\/almennt\/grotta-leitar-ad-verkefnastjora\/#breadcrumb","itemListElement":[{"@type":"ListItem","position":1,"name":"Home","item":"https:\/\/grotta.is\/"},{"@type":"ListItem","position":2,"name":"Gr\u00f3tta leitar a\u00f0 verkefnastj\u00f3ra"}]},{"@type":"WebSite","@id":"https:\/\/grotta.is\/#website","url":"https:\/\/grotta.is\/","name":"\u00cd\u00fer\u00f3ttaf\u00e9lagi\u00f0 Gr\u00f3tta","description":"\u00e1 Seltjarnarnesi","publisher":{"@id":"https:\/\/grotta.is\/#organization"},"potentialAction":[{"@type":"SearchAction","target":{"@type":"EntryPoint","urlTemplate":"https:\/\/grotta.is\/?s={search_term_string}"},"query-input":{"@type":"PropertyValueSpecification","valueRequired":true,"valueName":"search_term_string"}}],"inLanguage":"en-US"},{"@type":"Organization","@id":"https:\/\/grotta.is\/#organization","name":"\u00cd\u00fer\u00f3ttaf\u00e9lagi\u00f0 Gr\u00f3tta","url":"https:\/\/grotta.is\/","logo":{"@type":"ImageObject","inLanguage":"en-US","@id":"https:\/\/grotta.is\/#\/schema\/logo\/image\/","url":"https:\/\/grotta.is\/wp-content\/uploads\/2020\/02\/ithrottafelagidgrotta_logo_512x512_transparent.png","contentUrl":"https:\/\/grotta.is\/wp-content\/uploads\/2020\/02\/ithrottafelagidgrotta_logo_512x512_transparent.png","width":512,"height":512,"caption":"\u00cd\u00fer\u00f3ttaf\u00e9lagi\u00f0 Gr\u00f3tta"},"image":{"@id":"https:\/\/grotta.is\/#\/schema\/logo\/image\/"},"sameAs":["https:\/\/www.facebook.com\/grottasport"]},{"@type":"Person","@id":"https:\/\/grotta.is\/#\/schema\/person\/08ec57bf09ee925f1b6a01540c14a5ce","name":"Grotta","url":"https:\/\/grotta.is\/en\/author\/inga\/"}]}},"_links":{"self":[{"href":"https:\/\/grotta.is\/en\/wp-json\/wp\/v2\/posts\/425399","targetHints":{"allow":["GET"]}}],"collection":[{"href":"https:\/\/grotta.is\/en\/wp-json\/wp\/v2\/posts"}],"about":[{"href":"https:\/\/grotta.is\/en\/wp-json\/wp\/v2\/types\/post"}],"author":[{"embeddable":true,"href":"https:\/\/grotta.is\/en\/wp-json\/wp\/v2\/users\/2"}],"replies":[{"embeddable":true,"href":"https:\/\/grotta.is\/en\/wp-json\/wp\/v2\/comments?post=425399"}],"version-history":[{"count":1,"href":"https:\/\/grotta.is\/en\/wp-json\/wp\/v2\/posts\/425399\/revisions"}],"predecessor-version":[{"id":425400,"href":"https:\/\/grotta.is\/en\/wp-json\/wp\/v2\/posts\/425399\/revisions\/425400"}],"wp:featuredmedia":[{"embeddable":true,"href":"https:\/\/grotta.is\/en\/wp-json\/wp\/v2\/media\/425398"}],"wp:attachment":[{"href":"https:\/\/grotta.is\/en\/wp-json\/wp\/v2\/media?parent=425399"}],"wp:term":[{"taxonomy":"category","embeddable":true,"href":"https:\/\/grotta.is\/en\/wp-json\/wp\/v2\/categories?post=425399"},{"taxonomy":"post_tag","embeddable":true,"href":"https:\/\/grotta.is\/en\/wp-json\/wp\/v2\/tags?post=425399"}],"curies":[{"name":"wp","href":"https:\/\/api.w.org\/{rel}","templated":true}]}}