{"id":425362,"date":"2023-05-22T11:05:32","date_gmt":"2023-05-22T11:05:32","guid":{"rendered":"https:\/\/grotta.is\/?p=425362"},"modified":"2023-05-22T11:06:09","modified_gmt":"2023-05-22T11:06:09","slug":"soffia-semur-vid-grottu","status":"publish","type":"post","link":"https:\/\/grotta.is\/en\/handknattleiksdeild\/soffia-semur-vid-grottu\/","title":{"rendered":"Soff\u00eda semur vi\u00f0 Gr\u00f3ttu"},"content":{"rendered":"<p>Markv\u00f6r\u00f0urinn Soff\u00eda Steingr\u00edmsd\u00f3ttir hefur sami\u00f0 vi\u00f0 Gr\u00f3ttu til n\u00e6stu \u00feriggja \u00e1ra. Soff\u00edu \u00feekkir allt Gr\u00f3ttuf\u00f3lk enda uppalin \u00ed f\u00e9laginu og leiki\u00f0 me\u00f0 Gr\u00f3ttu til fj\u00f6lda \u00e1ra. Seinasta haust skipti Soff\u00eda yfir \u00ed Fram en kom til baka \u00e1 l\u00e1ni seinni hluta t\u00edmabilsins og st\u00f3\u00f0 sig fr\u00e1b\u00e6rlega.<\/p><p>Soff\u00eda er f\u00e6dd \u00e1ri\u00f0 2000 og \u00fer\u00e1tt fyrir ungan aldur hefur h\u00fan leiki\u00f0 123 leiki fyrir Gr\u00f3ttu.<\/p><p>\u201e\u00dea\u00f0 <a><\/a>eru fr\u00e1b\u00e6rar fr\u00e9ttir a\u00f0 Soff\u00eda ver\u00f0i hj\u00e1 okkur n\u00e6stu \u00ferj\u00fa \u00e1rin enda fr\u00e1b\u00e6r markv\u00f6r\u00f0ur me\u00f0 mikla reynslu. Soff\u00eda er auk \u00feess mikill karakter sem vi\u00f0 bindum miklar vonir vi\u00f0 a\u00f0 ver\u00f0i \u00ed lykilhlutverki vi\u00f0 atl\u00f6guna a\u00f0 Ol\u00edsdeildars\u00e6ti \u00e1 n\u00e6sta t\u00edmabili\u201c, sag\u00f0i Sigurj\u00f3n Fri\u00f0bj\u00f6rn Bj\u00f6rnsson \u00feegar samningar voru \u00ed h\u00f6fn.<\/p>","protected":false},"excerpt":{"rendered":"<p>Markv\u00f6r\u00f0urinn Soff\u00eda Steingr\u00edmsd\u00f3ttir hefur sami\u00f0 vi\u00f0 Gr\u00f3ttu til n\u00e6stu \u00feriggja \u00e1ra. Soff\u00edu \u00feekkir allt Gr\u00f3ttuf\u00f3lk enda uppalin \u00ed f\u00e9laginu og leiki\u00f0 me\u00f0 Gr\u00f3ttu til fj\u00f6lda \u00e1ra. Seinasta haust skipti Soff\u00eda [&hellip;]<\/p>","protected":false},"author":10,"featured_media":425363,"comment_status":"closed","ping_status":"closed","sticky":false,"template":"","format":"standard","meta":{"footnotes":""},"categories":[12],"tags":[],"class_list":["post-425362","post","type-post","status-publish","format-standard","has-post-thumbnail","hentry","category-handknattleiksdeild"],"yoast_head":"<!-- This site is optimized with the Yoast SEO plugin v24.3 - https:\/\/yoast.com\/wordpress\/plugins\/seo\/ -->\n<title>Soff\u00eda semur vi\u00f0 Gr\u00f3ttu - \u00cd\u00fer\u00f3ttaf\u00e9lagi\u00f0 Gr\u00f3tta<\/title>\n<meta name=\"robots\" content=\"index, follow, max-snippet:-1, max-image-preview:large, max-video-preview:-1\" \/>\n<link rel=\"canonical\" href=\"https:\/\/grotta.is\/en\/handknattleiksdeild\/soffia-semur-vid-grottu\/\" \/>\n<meta property=\"og:locale\" content=\"en_US\" \/>\n<meta property=\"og:type\" content=\"article\" \/>\n<meta property=\"og:title\" content=\"Soff\u00eda semur vi\u00f0 Gr\u00f3ttu - \u00cd\u00fer\u00f3ttaf\u00e9lagi\u00f0 Gr\u00f3tta\" \/>\n<meta property=\"og:description\" content=\"Markv\u00f6r\u00f0urinn Soff\u00eda Steingr\u00edmsd\u00f3ttir hefur sami\u00f0 vi\u00f0 Gr\u00f3ttu til n\u00e6stu \u00feriggja \u00e1ra. Soff\u00edu \u00feekkir allt Gr\u00f3ttuf\u00f3lk enda uppalin \u00ed f\u00e9laginu og leiki\u00f0 me\u00f0 Gr\u00f3ttu til fj\u00f6lda \u00e1ra. Seinasta haust skipti Soff\u00eda [&hellip;]\" \/>\n<meta property=\"og:url\" content=\"https:\/\/grotta.is\/en\/handknattleiksdeild\/soffia-semur-vid-grottu\/\" \/>\n<meta property=\"og:site_name\" content=\"\u00cd\u00fer\u00f3ttaf\u00e9lagi\u00f0 Gr\u00f3tta\" \/>\n<meta property=\"article:publisher\" content=\"https:\/\/www.facebook.com\/grottasport\" \/>\n<meta property=\"article:published_time\" content=\"2023-05-22T11:05:32+00:00\" \/>\n<meta property=\"article:modified_time\" content=\"2023-05-22T11:06:09+00:00\" \/>\n<meta property=\"og:image\" content=\"https:\/\/grotta.is\/wp-content\/uploads\/2023\/05\/347224770_252687027261623_7379197503353352911_n.jpg\" \/>\n\t<meta property=\"og:image:width\" content=\"2048\" \/>\n\t<meta property=\"og:image:height\" content=\"1365\" \/>\n\t<meta property=\"og:image:type\" content=\"image\/jpeg\" \/>\n<meta name=\"author\" content=\"Andri Sigf\u00fasson\" \/>\n<meta name=\"twitter:card\" content=\"summary_large_image\" \/>\n<meta name=\"twitter:label1\" content=\"Written by\" \/>\n\t<meta name=\"twitter:data1\" content=\"Andri Sigf\u00fasson\" \/>\n\t<meta name=\"twitter:label2\" content=\"Est. reading time\" \/>\n\t<meta name=\"twitter:data2\" content=\"1 minute\" \/>\n<script type=\"application\/ld+json\" class=\"yoast-schema-graph\">{\"@context\":\"https:\/\/schema.org\",\"@graph\":[{\"@type\":\"Article\",\"@id\":\"https:\/\/grotta.is\/handknattleiksdeild\/soffia-semur-vid-grottu\/#article\",\"isPartOf\":{\"@id\":\"https:\/\/grotta.is\/handknattleiksdeild\/soffia-semur-vid-grottu\/\"},\"author\":{\"name\":\"Andri Sigf\u00fasson\",\"@id\":\"https:\/\/grotta.is\/#\/schema\/person\/b21e9d5dfd92c90211e343e8d7252b1c\"},\"headline\":\"Soff\u00eda semur vi\u00f0 Gr\u00f3ttu\",\"datePublished\":\"2023-05-22T11:05:32+00:00\",\"dateModified\":\"2023-05-22T11:06:09+00:00\",\"mainEntityOfPage\":{\"@id\":\"https:\/\/grotta.is\/handknattleiksdeild\/soffia-semur-vid-grottu\/\"},\"wordCount\":157,\"publisher\":{\"@id\":\"https:\/\/grotta.is\/#organization\"},\"image\":{\"@id\":\"https:\/\/grotta.is\/handknattleiksdeild\/soffia-semur-vid-grottu\/#primaryimage\"},\"thumbnailUrl\":\"https:\/\/grotta.is\/wp-content\/uploads\/2023\/05\/347224770_252687027261623_7379197503353352911_n.jpg\",\"articleSection\":[\"Handknattleiksdeild\"],\"inLanguage\":\"en-US\"},{\"@type\":\"WebPage\",\"@id\":\"https:\/\/grotta.is\/handknattleiksdeild\/soffia-semur-vid-grottu\/\",\"url\":\"https:\/\/grotta.is\/handknattleiksdeild\/soffia-semur-vid-grottu\/\",\"name\":\"Soff\u00eda semur vi\u00f0 Gr\u00f3ttu - \u00cd\u00fer\u00f3ttaf\u00e9lagi\u00f0 Gr\u00f3tta\",\"isPartOf\":{\"@id\":\"https:\/\/grotta.is\/#website\"},\"primaryImageOfPage\":{\"@id\":\"https:\/\/grotta.is\/handknattleiksdeild\/soffia-semur-vid-grottu\/#primaryimage\"},\"image\":{\"@id\":\"https:\/\/grotta.is\/handknattleiksdeild\/soffia-semur-vid-grottu\/#primaryimage\"},\"thumbnailUrl\":\"https:\/\/grotta.is\/wp-content\/uploads\/2023\/05\/347224770_252687027261623_7379197503353352911_n.jpg\",\"datePublished\":\"2023-05-22T11:05:32+00:00\",\"dateModified\":\"2023-05-22T11:06:09+00:00\",\"breadcrumb\":{\"@id\":\"https:\/\/grotta.is\/handknattleiksdeild\/soffia-semur-vid-grottu\/#breadcrumb\"},\"inLanguage\":\"en-US\",\"potentialAction\":[{\"@type\":\"ReadAction\",\"target\":[\"https:\/\/grotta.is\/handknattleiksdeild\/soffia-semur-vid-grottu\/\"]}]},{\"@type\":\"ImageObject\",\"inLanguage\":\"en-US\",\"@id\":\"https:\/\/grotta.is\/handknattleiksdeild\/soffia-semur-vid-grottu\/#primaryimage\",\"url\":\"https:\/\/grotta.is\/wp-content\/uploads\/2023\/05\/347224770_252687027261623_7379197503353352911_n.jpg\",\"contentUrl\":\"https:\/\/grotta.is\/wp-content\/uploads\/2023\/05\/347224770_252687027261623_7379197503353352911_n.jpg\",\"width\":2048,\"height\":1365},{\"@type\":\"BreadcrumbList\",\"@id\":\"https:\/\/grotta.is\/handknattleiksdeild\/soffia-semur-vid-grottu\/#breadcrumb\",\"itemListElement\":[{\"@type\":\"ListItem\",\"position\":1,\"name\":\"Home\",\"item\":\"https:\/\/grotta.is\/\"},{\"@type\":\"ListItem\",\"position\":2,\"name\":\"Soff\u00eda semur vi\u00f0 Gr\u00f3ttu\"}]},{\"@type\":\"WebSite\",\"@id\":\"https:\/\/grotta.is\/#website\",\"url\":\"https:\/\/grotta.is\/\",\"name\":\"\u00cd\u00fer\u00f3ttaf\u00e9lagi\u00f0 Gr\u00f3tta\",\"description\":\"\u00e1 Seltjarnarnesi\",\"publisher\":{\"@id\":\"https:\/\/grotta.is\/#organization\"},\"potentialAction\":[{\"@type\":\"SearchAction\",\"target\":{\"@type\":\"EntryPoint\",\"urlTemplate\":\"https:\/\/grotta.is\/?s={search_term_string}\"},\"query-input\":{\"@type\":\"PropertyValueSpecification\",\"valueRequired\":true,\"valueName\":\"search_term_string\"}}],\"inLanguage\":\"en-US\"},{\"@type\":\"Organization\",\"@id\":\"https:\/\/grotta.is\/#organization\",\"name\":\"\u00cd\u00fer\u00f3ttaf\u00e9lagi\u00f0 Gr\u00f3tta\",\"url\":\"https:\/\/grotta.is\/\",\"logo\":{\"@type\":\"ImageObject\",\"inLanguage\":\"en-US\",\"@id\":\"https:\/\/grotta.is\/#\/schema\/logo\/image\/\",\"url\":\"https:\/\/grotta.is\/wp-content\/uploads\/2020\/02\/ithrottafelagidgrotta_logo_512x512_transparent.png\",\"contentUrl\":\"https:\/\/grotta.is\/wp-content\/uploads\/2020\/02\/ithrottafelagidgrotta_logo_512x512_transparent.png\",\"width\":512,\"height\":512,\"caption\":\"\u00cd\u00fer\u00f3ttaf\u00e9lagi\u00f0 Gr\u00f3tta\"},\"image\":{\"@id\":\"https:\/\/grotta.is\/#\/schema\/logo\/image\/\"},\"sameAs\":[\"https:\/\/www.facebook.com\/grottasport\"]},{\"@type\":\"Person\",\"@id\":\"https:\/\/grotta.is\/#\/schema\/person\/b21e9d5dfd92c90211e343e8d7252b1c\",\"name\":\"Andri Sigf\u00fasson\",\"url\":\"https:\/\/grotta.is\/en\/author\/andri\/\"}]}<\/script>\n<!-- \/ Yoast SEO plugin. -->","yoast_head_json":{"title":"Soff\u00eda semur vi\u00f0 Gr\u00f3ttu - \u00cd\u00fer\u00f3ttaf\u00e9lagi\u00f0 Gr\u00f3tta","robots":{"index":"index","follow":"follow","max-snippet":"max-snippet:-1","max-image-preview":"max-image-preview:large","max-video-preview":"max-video-preview:-1"},"canonical":"https:\/\/grotta.is\/en\/handknattleiksdeild\/soffia-semur-vid-grottu\/","og_locale":"en_US","og_type":"article","og_title":"Soff\u00eda semur vi\u00f0 Gr\u00f3ttu - \u00cd\u00fer\u00f3ttaf\u00e9lagi\u00f0 Gr\u00f3tta","og_description":"Markv\u00f6r\u00f0urinn Soff\u00eda Steingr\u00edmsd\u00f3ttir hefur sami\u00f0 vi\u00f0 Gr\u00f3ttu til n\u00e6stu \u00feriggja \u00e1ra. Soff\u00edu \u00feekkir allt Gr\u00f3ttuf\u00f3lk enda uppalin \u00ed f\u00e9laginu og leiki\u00f0 me\u00f0 Gr\u00f3ttu til fj\u00f6lda \u00e1ra. Seinasta haust skipti Soff\u00eda [&hellip;]","og_url":"https:\/\/grotta.is\/en\/handknattleiksdeild\/soffia-semur-vid-grottu\/","og_site_name":"\u00cd\u00fer\u00f3ttaf\u00e9lagi\u00f0 Gr\u00f3tta","article_publisher":"https:\/\/www.facebook.com\/grottasport","article_published_time":"2023-05-22T11:05:32+00:00","article_modified_time":"2023-05-22T11:06:09+00:00","og_image":[{"width":2048,"height":1365,"url":"https:\/\/grotta.is\/wp-content\/uploads\/2023\/05\/347224770_252687027261623_7379197503353352911_n.jpg","type":"image\/jpeg"}],"author":"Andri Sigf\u00fasson","twitter_card":"summary_large_image","twitter_misc":{"Written by":"Andri Sigf\u00fasson","Est. reading time":"1 minute"},"schema":{"@context":"https:\/\/schema.org","@graph":[{"@type":"Article","@id":"https:\/\/grotta.is\/handknattleiksdeild\/soffia-semur-vid-grottu\/#article","isPartOf":{"@id":"https:\/\/grotta.is\/handknattleiksdeild\/soffia-semur-vid-grottu\/"},"author":{"name":"Andri Sigf\u00fasson","@id":"https:\/\/grotta.is\/#\/schema\/person\/b21e9d5dfd92c90211e343e8d7252b1c"},"headline":"Soff\u00eda semur vi\u00f0 Gr\u00f3ttu","datePublished":"2023-05-22T11:05:32+00:00","dateModified":"2023-05-22T11:06:09+00:00","mainEntityOfPage":{"@id":"https:\/\/grotta.is\/handknattleiksdeild\/soffia-semur-vid-grottu\/"},"wordCount":157,"publisher":{"@id":"https:\/\/grotta.is\/#organization"},"image":{"@id":"https:\/\/grotta.is\/handknattleiksdeild\/soffia-semur-vid-grottu\/#primaryimage"},"thumbnailUrl":"https:\/\/grotta.is\/wp-content\/uploads\/2023\/05\/347224770_252687027261623_7379197503353352911_n.jpg","articleSection":["Handknattleiksdeild"],"inLanguage":"en-US"},{"@type":"WebPage","@id":"https:\/\/grotta.is\/handknattleiksdeild\/soffia-semur-vid-grottu\/","url":"https:\/\/grotta.is\/handknattleiksdeild\/soffia-semur-vid-grottu\/","name":"Soff\u00eda semur vi\u00f0 Gr\u00f3ttu - \u00cd\u00fer\u00f3ttaf\u00e9lagi\u00f0 Gr\u00f3tta","isPartOf":{"@id":"https:\/\/grotta.is\/#website"},"primaryImageOfPage":{"@id":"https:\/\/grotta.is\/handknattleiksdeild\/soffia-semur-vid-grottu\/#primaryimage"},"image":{"@id":"https:\/\/grotta.is\/handknattleiksdeild\/soffia-semur-vid-grottu\/#primaryimage"},"thumbnailUrl":"https:\/\/grotta.is\/wp-content\/uploads\/2023\/05\/347224770_252687027261623_7379197503353352911_n.jpg","datePublished":"2023-05-22T11:05:32+00:00","dateModified":"2023-05-22T11:06:09+00:00","breadcrumb":{"@id":"https:\/\/grotta.is\/handknattleiksdeild\/soffia-semur-vid-grottu\/#breadcrumb"},"inLanguage":"en-US","potentialAction":[{"@type":"ReadAction","target":["https:\/\/grotta.is\/handknattleiksdeild\/soffia-semur-vid-grottu\/"]}]},{"@type":"ImageObject","inLanguage":"en-US","@id":"https:\/\/grotta.is\/handknattleiksdeild\/soffia-semur-vid-grottu\/#primaryimage","url":"https:\/\/grotta.is\/wp-content\/uploads\/2023\/05\/347224770_252687027261623_7379197503353352911_n.jpg","contentUrl":"https:\/\/grotta.is\/wp-content\/uploads\/2023\/05\/347224770_252687027261623_7379197503353352911_n.jpg","width":2048,"height":1365},{"@type":"BreadcrumbList","@id":"https:\/\/grotta.is\/handknattleiksdeild\/soffia-semur-vid-grottu\/#breadcrumb","itemListElement":[{"@type":"ListItem","position":1,"name":"Home","item":"https:\/\/grotta.is\/"},{"@type":"ListItem","position":2,"name":"Soff\u00eda semur vi\u00f0 Gr\u00f3ttu"}]},{"@type":"WebSite","@id":"https:\/\/grotta.is\/#website","url":"https:\/\/grotta.is\/","name":"\u00cd\u00fer\u00f3ttaf\u00e9lagi\u00f0 Gr\u00f3tta","description":"\u00e1 Seltjarnarnesi","publisher":{"@id":"https:\/\/grotta.is\/#organization"},"potentialAction":[{"@type":"SearchAction","target":{"@type":"EntryPoint","urlTemplate":"https:\/\/grotta.is\/?s={search_term_string}"},"query-input":{"@type":"PropertyValueSpecification","valueRequired":true,"valueName":"search_term_string"}}],"inLanguage":"en-US"},{"@type":"Organization","@id":"https:\/\/grotta.is\/#organization","name":"\u00cd\u00fer\u00f3ttaf\u00e9lagi\u00f0 Gr\u00f3tta","url":"https:\/\/grotta.is\/","logo":{"@type":"ImageObject","inLanguage":"en-US","@id":"https:\/\/grotta.is\/#\/schema\/logo\/image\/","url":"https:\/\/grotta.is\/wp-content\/uploads\/2020\/02\/ithrottafelagidgrotta_logo_512x512_transparent.png","contentUrl":"https:\/\/grotta.is\/wp-content\/uploads\/2020\/02\/ithrottafelagidgrotta_logo_512x512_transparent.png","width":512,"height":512,"caption":"\u00cd\u00fer\u00f3ttaf\u00e9lagi\u00f0 Gr\u00f3tta"},"image":{"@id":"https:\/\/grotta.is\/#\/schema\/logo\/image\/"},"sameAs":["https:\/\/www.facebook.com\/grottasport"]},{"@type":"Person","@id":"https:\/\/grotta.is\/#\/schema\/person\/b21e9d5dfd92c90211e343e8d7252b1c","name":"Andri Sigf\u00fasson","url":"https:\/\/grotta.is\/en\/author\/andri\/"}]}},"_links":{"self":[{"href":"https:\/\/grotta.is\/en\/wp-json\/wp\/v2\/posts\/425362","targetHints":{"allow":["GET"]}}],"collection":[{"href":"https:\/\/grotta.is\/en\/wp-json\/wp\/v2\/posts"}],"about":[{"href":"https:\/\/grotta.is\/en\/wp-json\/wp\/v2\/types\/post"}],"author":[{"embeddable":true,"href":"https:\/\/grotta.is\/en\/wp-json\/wp\/v2\/users\/10"}],"replies":[{"embeddable":true,"href":"https:\/\/grotta.is\/en\/wp-json\/wp\/v2\/comments?post=425362"}],"version-history":[{"count":1,"href":"https:\/\/grotta.is\/en\/wp-json\/wp\/v2\/posts\/425362\/revisions"}],"predecessor-version":[{"id":425364,"href":"https:\/\/grotta.is\/en\/wp-json\/wp\/v2\/posts\/425362\/revisions\/425364"}],"wp:featuredmedia":[{"embeddable":true,"href":"https:\/\/grotta.is\/en\/wp-json\/wp\/v2\/media\/425363"}],"wp:attachment":[{"href":"https:\/\/grotta.is\/en\/wp-json\/wp\/v2\/media?parent=425362"}],"wp:term":[{"taxonomy":"category","embeddable":true,"href":"https:\/\/grotta.is\/en\/wp-json\/wp\/v2\/categories?post=425362"},{"taxonomy":"post_tag","embeddable":true,"href":"https:\/\/grotta.is\/en\/wp-json\/wp\/v2\/tags?post=425362"}],"curies":[{"name":"wp","href":"https:\/\/api.w.org\/{rel}","templated":true}]}}