{"id":424380,"date":"2023-05-15T16:54:31","date_gmt":"2023-05-15T16:54:31","guid":{"rendered":"https:\/\/grotta.is\/?p=424380"},"modified":"2023-05-15T17:08:36","modified_gmt":"2023-05-15T17:08:36","slug":"adalfundur-grottu-2023","status":"publish","type":"post","link":"https:\/\/grotta.is\/en\/almennt\/adalfundur-grottu-2023\/","title":{"rendered":"A\u00f0alfundur Gr\u00f3ttu 2023"},"content":{"rendered":"<p>A\u00f0alfundir deilda og r\u00e1\u00f0a \u00cd\u00fer\u00f3ttaf\u00e9lagsins Gr\u00f3ttu f\u00f3ru fram 27. apr\u00edl og f\u00f3ru \u00feeir fram \u00ed h\u00e1t\u00ed\u00f0arsal f\u00e9lagsins.\u00a0 Fundurinn h\u00f3fst \u00e1 t\u00f3nlistaratri\u00f0i J\u00f3n Gu\u00f0mundsson fr\u00e1 t\u00f3nlistarsk\u00f3la Seltjarnanesb\u00e6jar kynnti inn 3 st\u00falkur sem einnig eru i\u00f0kendur \u00ed f\u00e9laginu. \u00deetta eru \u00fe\u00e6r Arney Mar\u00eda Arnarsd\u00f3ttir sem spila\u00f0i \u00e1 \u00feverflautu, S\u00f3lveig \u00de\u00f3rhallsd\u00f3ttir einnig \u00e1 \u00feverflautu og Eyr\u00fan \u00de\u00f3rhallsd\u00f3ttir \u00e1 sax\u00f3f\u00f3n.<\/p><p>\u00d3lafur \u00d6rn Svansson h\u00e9lt um fundarstj\u00f3rnina en fundurinn h\u00f3fst me\u00f0 sk\u00fdrslu \u00derastar Gu\u00f0mundssonar, formanns a\u00f0alstj\u00f3rnar og \u00ed kj\u00f6lfari\u00f0 komu formenn og gjaldkerar deilda og r\u00e1\u00f0a \u00ed pontu og f\u00f3ru yfir starfi\u00f0 \u00e1 \u00e1rinu og rekstrarni\u00f0urst\u00f6\u00f0ur.&nbsp;<\/p><p>\u00der\u00f6stur var a\u00f0 kl\u00e1ra sitt fyrsta \u00e1r sem forma\u00f0ur en a\u00f0rir a\u00f0alstj\u00f3rnarme\u00f0limir g\u00e1fu \u00f6ll kost \u00e1 s\u00e9r til endurkj\u00f6rs og er stj\u00f3rnin \u00fev\u00ed \u00f3breytt.\u00a0<\/p><p>G\u00edsli \u00d6rn Gar\u00f0arsson h\u00e6tti \u00ed stj\u00f3rn fimleikadeildar og Fanney Magn\u00fasd\u00f3ttur kemur inn \u00ed hans sta\u00f0. Gylfi Magn\u00fasson h\u00e6tti \u00ed stj\u00f3rn handknattleiksdeildar og P\u00e1ll G\u00edslason \u00ed stj\u00f3rn unglingar\u00e1\u00f0s handknattleiksdeildar.&nbsp;<\/p><p>\u00de\u00e1 h\u00e6ttu \u00feeir Alexander Jensen og R\u00f6gnvaldur Dofri P\u00e9tursson \u00ed stj\u00f3rn knattspyrnudeildar en \u00fea\u00f0 var f\u00e6kka\u00f0 \u00ed stj\u00f3rninni sem er n\u00fana skipu\u00f0 \u00feeim \u00deorsteinn Ingasyni formanni, H\u00f6rpu Fr\u00edmansd\u00f3ttur, Krist\u00ednu Huld \u00deorvaldsd\u00f3ttur, Stef\u00e1ni Bjarnasyni, Helga H\u00e9\u00f0inssyni og Hildi \u00d3lafsd\u00f3ttir.&nbsp;<\/p><p>Gefin var \u00fat gl\u00e6sileg \u00e1rsk\u00fdrsla fyrir s\u00ed\u00f0asta \u00e1r:<br><a href=\"https:\/\/grotta.is\/wp-content\/uploads\/2023\/05\/A%CC%81rssky%CC%81rsla-Gro%CC%81ttu-2022-web.pdf\">https:\/\/grotta.is\/wp-content\/uploads\/2023\/05\/A%CC%81rssky%CC%81rsla-Gro%CC%81ttu-2022-web.pdf<\/a><\/p><p>Eyj\u00f3lfur Gar\u00f0arsson lj\u00f3smyndari f\u00e9lagsins m\u00e6tti sv\u00e6\u00f0i\u00f0 og t\u00f3k fr\u00e1b\u00e6rar myndir sem l\u00fdsa vel heppnu\u00f0um a\u00f0alfundi.&nbsp;<\/p><figure class=\"wp-block-image size-large\"><img fetchpriority=\"high\" decoding=\"async\" width=\"1024\" height=\"683\" src=\"https:\/\/grotta.is\/wp-content\/uploads\/2023\/05\/Grotta-adalfundir2023-017-1024x683.jpg\" alt=\"\" class=\"wp-image-424377\" srcset=\"https:\/\/grotta.is\/wp-content\/uploads\/2023\/05\/Grotta-adalfundir2023-017-1024x683.jpg 1024w, https:\/\/grotta.is\/wp-content\/uploads\/2023\/05\/Grotta-adalfundir2023-017-300x200.jpg 300w, https:\/\/grotta.is\/wp-content\/uploads\/2023\/05\/Grotta-adalfundir2023-017-768x512.jpg 768w, https:\/\/grotta.is\/wp-content\/uploads\/2023\/05\/Grotta-adalfundir2023-017-1536x1024.jpg 1536w, https:\/\/grotta.is\/wp-content\/uploads\/2023\/05\/Grotta-adalfundir2023-017-2048x1365.jpg 2048w, https:\/\/grotta.is\/wp-content\/uploads\/2023\/05\/Grotta-adalfundir2023-017-18x12.jpg 18w, https:\/\/grotta.is\/wp-content\/uploads\/2023\/05\/Grotta-adalfundir2023-017-600x400.jpg 600w\" sizes=\"(max-width: 1024px) 100vw, 1024px\" \/><\/figure><figure class=\"wp-block-image size-large\"><img decoding=\"async\" width=\"1024\" height=\"683\" data-src=\"https:\/\/grotta.is\/wp-content\/uploads\/2023\/05\/Grotta-adalfundir2023-067-1024x683.jpg\" alt=\"\" class=\"wp-image-424379 lazyload\" data-srcset=\"https:\/\/grotta.is\/wp-content\/uploads\/2023\/05\/Grotta-adalfundir2023-067-1024x683.jpg 1024w, https:\/\/grotta.is\/wp-content\/uploads\/2023\/05\/Grotta-adalfundir2023-067-300x200.jpg 300w, https:\/\/grotta.is\/wp-content\/uploads\/2023\/05\/Grotta-adalfundir2023-067-768x512.jpg 768w, https:\/\/grotta.is\/wp-content\/uploads\/2023\/05\/Grotta-adalfundir2023-067-1536x1024.jpg 1536w, https:\/\/grotta.is\/wp-content\/uploads\/2023\/05\/Grotta-adalfundir2023-067-2048x1365.jpg 2048w, https:\/\/grotta.is\/wp-content\/uploads\/2023\/05\/Grotta-adalfundir2023-067-18x12.jpg 18w, https:\/\/grotta.is\/wp-content\/uploads\/2023\/05\/Grotta-adalfundir2023-067-600x400.jpg 600w\" data-sizes=\"(max-width: 1024px) 100vw, 1024px\" src=\"data:image\/gif;base64,R0lGODlhAQABAAAAACH5BAEKAAEALAAAAAABAAEAAAICTAEAOw==\" style=\"--smush-placeholder-width: 1024px; --smush-placeholder-aspect-ratio: 1024\/683;\" \/><\/figure><figure class=\"wp-block-image size-large\"><img decoding=\"async\" width=\"1024\" height=\"683\" data-src=\"https:\/\/grotta.is\/wp-content\/uploads\/2023\/05\/Grotta-adalfundir2023-001-1024x683.jpg\" alt=\"\" class=\"wp-image-424376 lazyload\" data-srcset=\"https:\/\/grotta.is\/wp-content\/uploads\/2023\/05\/Grotta-adalfundir2023-001-1024x683.jpg 1024w, https:\/\/grotta.is\/wp-content\/uploads\/2023\/05\/Grotta-adalfundir2023-001-300x200.jpg 300w, https:\/\/grotta.is\/wp-content\/uploads\/2023\/05\/Grotta-adalfundir2023-001-768x512.jpg 768w, https:\/\/grotta.is\/wp-content\/uploads\/2023\/05\/Grotta-adalfundir2023-001-1536x1024.jpg 1536w, https:\/\/grotta.is\/wp-content\/uploads\/2023\/05\/Grotta-adalfundir2023-001-2048x1365.jpg 2048w, https:\/\/grotta.is\/wp-content\/uploads\/2023\/05\/Grotta-adalfundir2023-001-18x12.jpg 18w, https:\/\/grotta.is\/wp-content\/uploads\/2023\/05\/Grotta-adalfundir2023-001-600x400.jpg 600w\" data-sizes=\"(max-width: 1024px) 100vw, 1024px\" src=\"data:image\/gif;base64,R0lGODlhAQABAAAAACH5BAEKAAEALAAAAAABAAEAAAICTAEAOw==\" style=\"--smush-placeholder-width: 1024px; --smush-placeholder-aspect-ratio: 1024\/683;\" \/><\/figure>","protected":false},"excerpt":{"rendered":"<p>A\u00f0alfundir deilda og r\u00e1\u00f0a \u00cd\u00fer\u00f3ttaf\u00e9lagsins Gr\u00f3ttu f\u00f3ru fram 27. apr\u00edl og f\u00f3ru \u00feeir fram \u00ed h\u00e1t\u00ed\u00f0arsal f\u00e9lagsins.\u00a0 Fundurinn h\u00f3fst \u00e1 t\u00f3nlistaratri\u00f0i J\u00f3n Gu\u00f0mundsson fr\u00e1 t\u00f3nlistarsk\u00f3la Seltjarnanesb\u00e6jar kynnti inn 3 st\u00falkur [&hellip;]<\/p>","protected":false},"author":2,"featured_media":424378,"comment_status":"closed","ping_status":"closed","sticky":false,"template":"","format":"standard","meta":{"footnotes":""},"categories":[4,9,12,7],"tags":[],"class_list":["post-424380","post","type-post","status-publish","format-standard","has-post-thumbnail","hentry","category-almennt","category-fimleikadeild","category-handknattleiksdeild","category-knattspyrnudeild"],"yoast_head":"<!-- This site is optimized with the Yoast SEO plugin v24.3 - https:\/\/yoast.com\/wordpress\/plugins\/seo\/ -->\n<title>A\u00f0alfundur Gr\u00f3ttu 2023 - \u00cd\u00fer\u00f3ttaf\u00e9lagi\u00f0 Gr\u00f3tta<\/title>\n<meta name=\"robots\" content=\"index, follow, max-snippet:-1, max-image-preview:large, max-video-preview:-1\" \/>\n<link rel=\"canonical\" href=\"https:\/\/grotta.is\/en\/almennt\/adalfundur-grottu-2023\/\" \/>\n<meta property=\"og:locale\" content=\"en_US\" \/>\n<meta property=\"og:type\" content=\"article\" \/>\n<meta property=\"og:title\" content=\"A\u00f0alfundur Gr\u00f3ttu 2023 - \u00cd\u00fer\u00f3ttaf\u00e9lagi\u00f0 Gr\u00f3tta\" \/>\n<meta property=\"og:description\" content=\"A\u00f0alfundir deilda og r\u00e1\u00f0a \u00cd\u00fer\u00f3ttaf\u00e9lagsins Gr\u00f3ttu f\u00f3ru fram 27. apr\u00edl og f\u00f3ru \u00feeir fram \u00ed h\u00e1t\u00ed\u00f0arsal f\u00e9lagsins.\u00a0 Fundurinn h\u00f3fst \u00e1 t\u00f3nlistaratri\u00f0i J\u00f3n Gu\u00f0mundsson fr\u00e1 t\u00f3nlistarsk\u00f3la Seltjarnanesb\u00e6jar kynnti inn 3 st\u00falkur [&hellip;]\" \/>\n<meta property=\"og:url\" content=\"https:\/\/grotta.is\/en\/almennt\/adalfundur-grottu-2023\/\" \/>\n<meta property=\"og:site_name\" content=\"\u00cd\u00fer\u00f3ttaf\u00e9lagi\u00f0 Gr\u00f3tta\" \/>\n<meta property=\"article:publisher\" content=\"https:\/\/www.facebook.com\/grottasport\" \/>\n<meta property=\"article:published_time\" content=\"2023-05-15T16:54:31+00:00\" \/>\n<meta property=\"article:modified_time\" content=\"2023-05-15T17:08:36+00:00\" \/>\n<meta property=\"og:image\" content=\"https:\/\/grotta.is\/wp-content\/uploads\/2023\/05\/Grotta-adalfundir2023-065-scaled.jpg\" \/>\n\t<meta property=\"og:image:width\" content=\"2560\" \/>\n\t<meta property=\"og:image:height\" content=\"1707\" \/>\n\t<meta property=\"og:image:type\" content=\"image\/jpeg\" \/>\n<meta name=\"author\" content=\"Grotta\" \/>\n<meta name=\"twitter:card\" content=\"summary_large_image\" \/>\n<meta name=\"twitter:label1\" content=\"Written by\" \/>\n\t<meta name=\"twitter:data1\" content=\"Grotta\" \/>\n\t<meta name=\"twitter:label2\" content=\"Est. reading time\" \/>\n\t<meta name=\"twitter:data2\" content=\"2 minutes\" \/>\n<script type=\"application\/ld+json\" class=\"yoast-schema-graph\">{\"@context\":\"https:\/\/schema.org\",\"@graph\":[{\"@type\":\"Article\",\"@id\":\"https:\/\/grotta.is\/almennt\/adalfundur-grottu-2023\/#article\",\"isPartOf\":{\"@id\":\"https:\/\/grotta.is\/almennt\/adalfundur-grottu-2023\/\"},\"author\":{\"name\":\"Grotta\",\"@id\":\"https:\/\/grotta.is\/#\/schema\/person\/08ec57bf09ee925f1b6a01540c14a5ce\"},\"headline\":\"A\u00f0alfundur Gr\u00f3ttu 2023\",\"datePublished\":\"2023-05-15T16:54:31+00:00\",\"dateModified\":\"2023-05-15T17:08:36+00:00\",\"mainEntityOfPage\":{\"@id\":\"https:\/\/grotta.is\/almennt\/adalfundur-grottu-2023\/\"},\"wordCount\":304,\"publisher\":{\"@id\":\"https:\/\/grotta.is\/#organization\"},\"image\":{\"@id\":\"https:\/\/grotta.is\/almennt\/adalfundur-grottu-2023\/#primaryimage\"},\"thumbnailUrl\":\"https:\/\/grotta.is\/wp-content\/uploads\/2023\/05\/Grotta-adalfundir2023-065-scaled.jpg\",\"articleSection\":[\"Almennt\",\"Fimleikadeild\",\"Handknattleiksdeild\",\"Knattspyrnudeild\"],\"inLanguage\":\"en-US\"},{\"@type\":\"WebPage\",\"@id\":\"https:\/\/grotta.is\/almennt\/adalfundur-grottu-2023\/\",\"url\":\"https:\/\/grotta.is\/almennt\/adalfundur-grottu-2023\/\",\"name\":\"A\u00f0alfundur Gr\u00f3ttu 2023 - \u00cd\u00fer\u00f3ttaf\u00e9lagi\u00f0 Gr\u00f3tta\",\"isPartOf\":{\"@id\":\"https:\/\/grotta.is\/#website\"},\"primaryImageOfPage\":{\"@id\":\"https:\/\/grotta.is\/almennt\/adalfundur-grottu-2023\/#primaryimage\"},\"image\":{\"@id\":\"https:\/\/grotta.is\/almennt\/adalfundur-grottu-2023\/#primaryimage\"},\"thumbnailUrl\":\"https:\/\/grotta.is\/wp-content\/uploads\/2023\/05\/Grotta-adalfundir2023-065-scaled.jpg\",\"datePublished\":\"2023-05-15T16:54:31+00:00\",\"dateModified\":\"2023-05-15T17:08:36+00:00\",\"breadcrumb\":{\"@id\":\"https:\/\/grotta.is\/almennt\/adalfundur-grottu-2023\/#breadcrumb\"},\"inLanguage\":\"en-US\",\"potentialAction\":[{\"@type\":\"ReadAction\",\"target\":[\"https:\/\/grotta.is\/almennt\/adalfundur-grottu-2023\/\"]}]},{\"@type\":\"ImageObject\",\"inLanguage\":\"en-US\",\"@id\":\"https:\/\/grotta.is\/almennt\/adalfundur-grottu-2023\/#primaryimage\",\"url\":\"https:\/\/grotta.is\/wp-content\/uploads\/2023\/05\/Grotta-adalfundir2023-065-scaled.jpg\",\"contentUrl\":\"https:\/\/grotta.is\/wp-content\/uploads\/2023\/05\/Grotta-adalfundir2023-065-scaled.jpg\",\"width\":2560,\"height\":1707},{\"@type\":\"BreadcrumbList\",\"@id\":\"https:\/\/grotta.is\/almennt\/adalfundur-grottu-2023\/#breadcrumb\",\"itemListElement\":[{\"@type\":\"ListItem\",\"position\":1,\"name\":\"Home\",\"item\":\"https:\/\/grotta.is\/\"},{\"@type\":\"ListItem\",\"position\":2,\"name\":\"A\u00f0alfundur Gr\u00f3ttu 2023\"}]},{\"@type\":\"WebSite\",\"@id\":\"https:\/\/grotta.is\/#website\",\"url\":\"https:\/\/grotta.is\/\",\"name\":\"\u00cd\u00fer\u00f3ttaf\u00e9lagi\u00f0 Gr\u00f3tta\",\"description\":\"\u00e1 Seltjarnarnesi\",\"publisher\":{\"@id\":\"https:\/\/grotta.is\/#organization\"},\"potentialAction\":[{\"@type\":\"SearchAction\",\"target\":{\"@type\":\"EntryPoint\",\"urlTemplate\":\"https:\/\/grotta.is\/?s={search_term_string}\"},\"query-input\":{\"@type\":\"PropertyValueSpecification\",\"valueRequired\":true,\"valueName\":\"search_term_string\"}}],\"inLanguage\":\"en-US\"},{\"@type\":\"Organization\",\"@id\":\"https:\/\/grotta.is\/#organization\",\"name\":\"\u00cd\u00fer\u00f3ttaf\u00e9lagi\u00f0 Gr\u00f3tta\",\"url\":\"https:\/\/grotta.is\/\",\"logo\":{\"@type\":\"ImageObject\",\"inLanguage\":\"en-US\",\"@id\":\"https:\/\/grotta.is\/#\/schema\/logo\/image\/\",\"url\":\"https:\/\/grotta.is\/wp-content\/uploads\/2020\/02\/ithrottafelagidgrotta_logo_512x512_transparent.png\",\"contentUrl\":\"https:\/\/grotta.is\/wp-content\/uploads\/2020\/02\/ithrottafelagidgrotta_logo_512x512_transparent.png\",\"width\":512,\"height\":512,\"caption\":\"\u00cd\u00fer\u00f3ttaf\u00e9lagi\u00f0 Gr\u00f3tta\"},\"image\":{\"@id\":\"https:\/\/grotta.is\/#\/schema\/logo\/image\/\"},\"sameAs\":[\"https:\/\/www.facebook.com\/grottasport\"]},{\"@type\":\"Person\",\"@id\":\"https:\/\/grotta.is\/#\/schema\/person\/08ec57bf09ee925f1b6a01540c14a5ce\",\"name\":\"Grotta\",\"url\":\"https:\/\/grotta.is\/en\/author\/inga\/\"}]}<\/script>\n<!-- \/ Yoast SEO plugin. -->","yoast_head_json":{"title":"A\u00f0alfundur Gr\u00f3ttu 2023 - \u00cd\u00fer\u00f3ttaf\u00e9lagi\u00f0 Gr\u00f3tta","robots":{"index":"index","follow":"follow","max-snippet":"max-snippet:-1","max-image-preview":"max-image-preview:large","max-video-preview":"max-video-preview:-1"},"canonical":"https:\/\/grotta.is\/en\/almennt\/adalfundur-grottu-2023\/","og_locale":"en_US","og_type":"article","og_title":"A\u00f0alfundur Gr\u00f3ttu 2023 - \u00cd\u00fer\u00f3ttaf\u00e9lagi\u00f0 Gr\u00f3tta","og_description":"A\u00f0alfundir deilda og r\u00e1\u00f0a \u00cd\u00fer\u00f3ttaf\u00e9lagsins Gr\u00f3ttu f\u00f3ru fram 27. apr\u00edl og f\u00f3ru \u00feeir fram \u00ed h\u00e1t\u00ed\u00f0arsal f\u00e9lagsins.\u00a0 Fundurinn h\u00f3fst \u00e1 t\u00f3nlistaratri\u00f0i J\u00f3n Gu\u00f0mundsson fr\u00e1 t\u00f3nlistarsk\u00f3la Seltjarnanesb\u00e6jar kynnti inn 3 st\u00falkur [&hellip;]","og_url":"https:\/\/grotta.is\/en\/almennt\/adalfundur-grottu-2023\/","og_site_name":"\u00cd\u00fer\u00f3ttaf\u00e9lagi\u00f0 Gr\u00f3tta","article_publisher":"https:\/\/www.facebook.com\/grottasport","article_published_time":"2023-05-15T16:54:31+00:00","article_modified_time":"2023-05-15T17:08:36+00:00","og_image":[{"width":2560,"height":1707,"url":"https:\/\/grotta.is\/wp-content\/uploads\/2023\/05\/Grotta-adalfundir2023-065-scaled.jpg","type":"image\/jpeg"}],"author":"Grotta","twitter_card":"summary_large_image","twitter_misc":{"Written by":"Grotta","Est. reading time":"2 minutes"},"schema":{"@context":"https:\/\/schema.org","@graph":[{"@type":"Article","@id":"https:\/\/grotta.is\/almennt\/adalfundur-grottu-2023\/#article","isPartOf":{"@id":"https:\/\/grotta.is\/almennt\/adalfundur-grottu-2023\/"},"author":{"name":"Grotta","@id":"https:\/\/grotta.is\/#\/schema\/person\/08ec57bf09ee925f1b6a01540c14a5ce"},"headline":"A\u00f0alfundur Gr\u00f3ttu 2023","datePublished":"2023-05-15T16:54:31+00:00","dateModified":"2023-05-15T17:08:36+00:00","mainEntityOfPage":{"@id":"https:\/\/grotta.is\/almennt\/adalfundur-grottu-2023\/"},"wordCount":304,"publisher":{"@id":"https:\/\/grotta.is\/#organization"},"image":{"@id":"https:\/\/grotta.is\/almennt\/adalfundur-grottu-2023\/#primaryimage"},"thumbnailUrl":"https:\/\/grotta.is\/wp-content\/uploads\/2023\/05\/Grotta-adalfundir2023-065-scaled.jpg","articleSection":["Almennt","Fimleikadeild","Handknattleiksdeild","Knattspyrnudeild"],"inLanguage":"en-US"},{"@type":"WebPage","@id":"https:\/\/grotta.is\/almennt\/adalfundur-grottu-2023\/","url":"https:\/\/grotta.is\/almennt\/adalfundur-grottu-2023\/","name":"A\u00f0alfundur Gr\u00f3ttu 2023 - \u00cd\u00fer\u00f3ttaf\u00e9lagi\u00f0 Gr\u00f3tta","isPartOf":{"@id":"https:\/\/grotta.is\/#website"},"primaryImageOfPage":{"@id":"https:\/\/grotta.is\/almennt\/adalfundur-grottu-2023\/#primaryimage"},"image":{"@id":"https:\/\/grotta.is\/almennt\/adalfundur-grottu-2023\/#primaryimage"},"thumbnailUrl":"https:\/\/grotta.is\/wp-content\/uploads\/2023\/05\/Grotta-adalfundir2023-065-scaled.jpg","datePublished":"2023-05-15T16:54:31+00:00","dateModified":"2023-05-15T17:08:36+00:00","breadcrumb":{"@id":"https:\/\/grotta.is\/almennt\/adalfundur-grottu-2023\/#breadcrumb"},"inLanguage":"en-US","potentialAction":[{"@type":"ReadAction","target":["https:\/\/grotta.is\/almennt\/adalfundur-grottu-2023\/"]}]},{"@type":"ImageObject","inLanguage":"en-US","@id":"https:\/\/grotta.is\/almennt\/adalfundur-grottu-2023\/#primaryimage","url":"https:\/\/grotta.is\/wp-content\/uploads\/2023\/05\/Grotta-adalfundir2023-065-scaled.jpg","contentUrl":"https:\/\/grotta.is\/wp-content\/uploads\/2023\/05\/Grotta-adalfundir2023-065-scaled.jpg","width":2560,"height":1707},{"@type":"BreadcrumbList","@id":"https:\/\/grotta.is\/almennt\/adalfundur-grottu-2023\/#breadcrumb","itemListElement":[{"@type":"ListItem","position":1,"name":"Home","item":"https:\/\/grotta.is\/"},{"@type":"ListItem","position":2,"name":"A\u00f0alfundur Gr\u00f3ttu 2023"}]},{"@type":"WebSite","@id":"https:\/\/grotta.is\/#website","url":"https:\/\/grotta.is\/","name":"\u00cd\u00fer\u00f3ttaf\u00e9lagi\u00f0 Gr\u00f3tta","description":"\u00e1 Seltjarnarnesi","publisher":{"@id":"https:\/\/grotta.is\/#organization"},"potentialAction":[{"@type":"SearchAction","target":{"@type":"EntryPoint","urlTemplate":"https:\/\/grotta.is\/?s={search_term_string}"},"query-input":{"@type":"PropertyValueSpecification","valueRequired":true,"valueName":"search_term_string"}}],"inLanguage":"en-US"},{"@type":"Organization","@id":"https:\/\/grotta.is\/#organization","name":"\u00cd\u00fer\u00f3ttaf\u00e9lagi\u00f0 Gr\u00f3tta","url":"https:\/\/grotta.is\/","logo":{"@type":"ImageObject","inLanguage":"en-US","@id":"https:\/\/grotta.is\/#\/schema\/logo\/image\/","url":"https:\/\/grotta.is\/wp-content\/uploads\/2020\/02\/ithrottafelagidgrotta_logo_512x512_transparent.png","contentUrl":"https:\/\/grotta.is\/wp-content\/uploads\/2020\/02\/ithrottafelagidgrotta_logo_512x512_transparent.png","width":512,"height":512,"caption":"\u00cd\u00fer\u00f3ttaf\u00e9lagi\u00f0 Gr\u00f3tta"},"image":{"@id":"https:\/\/grotta.is\/#\/schema\/logo\/image\/"},"sameAs":["https:\/\/www.facebook.com\/grottasport"]},{"@type":"Person","@id":"https:\/\/grotta.is\/#\/schema\/person\/08ec57bf09ee925f1b6a01540c14a5ce","name":"Grotta","url":"https:\/\/grotta.is\/en\/author\/inga\/"}]}},"_links":{"self":[{"href":"https:\/\/grotta.is\/en\/wp-json\/wp\/v2\/posts\/424380","targetHints":{"allow":["GET"]}}],"collection":[{"href":"https:\/\/grotta.is\/en\/wp-json\/wp\/v2\/posts"}],"about":[{"href":"https:\/\/grotta.is\/en\/wp-json\/wp\/v2\/types\/post"}],"author":[{"embeddable":true,"href":"https:\/\/grotta.is\/en\/wp-json\/wp\/v2\/users\/2"}],"replies":[{"embeddable":true,"href":"https:\/\/grotta.is\/en\/wp-json\/wp\/v2\/comments?post=424380"}],"version-history":[{"count":2,"href":"https:\/\/grotta.is\/en\/wp-json\/wp\/v2\/posts\/424380\/revisions"}],"predecessor-version":[{"id":424382,"href":"https:\/\/grotta.is\/en\/wp-json\/wp\/v2\/posts\/424380\/revisions\/424382"}],"wp:featuredmedia":[{"embeddable":true,"href":"https:\/\/grotta.is\/en\/wp-json\/wp\/v2\/media\/424378"}],"wp:attachment":[{"href":"https:\/\/grotta.is\/en\/wp-json\/wp\/v2\/media?parent=424380"}],"wp:term":[{"taxonomy":"category","embeddable":true,"href":"https:\/\/grotta.is\/en\/wp-json\/wp\/v2\/categories?post=424380"},{"taxonomy":"post_tag","embeddable":true,"href":"https:\/\/grotta.is\/en\/wp-json\/wp\/v2\/tags?post=424380"}],"curies":[{"name":"wp","href":"https:\/\/api.w.org\/{rel}","templated":true}]}}