{"id":424347,"date":"2023-05-12T13:36:26","date_gmt":"2023-05-12T13:36:26","guid":{"rendered":"https:\/\/grotta.is\/?p=424347"},"modified":"2023-05-12T13:37:13","modified_gmt":"2023-05-12T13:37:13","slug":"dadey-og-tinna-i-grottu","status":"publish","type":"post","link":"https:\/\/grotta.is\/en\/handknattleiksdeild\/dadey-og-tinna-i-grottu\/","title":{"rendered":"Da\u00f0ey og Tinna \u00ed Gr\u00f3ttu"},"content":{"rendered":"<p>Handknattleiksdeild Gr\u00f3ttu hefur gert samninga vi\u00f0 Da\u00f0eyju \u00c1stu H\u00e1lfd\u00e1nsd\u00f3ttur og Tinnu Valger\u00f0i G\u00edslad\u00f3ttur um a\u00f0 \u00fe\u00e6r leiki me\u00f0 f\u00e9laginu n\u00e6stu tv\u00f6 \u00e1rin.<\/p><p>Tinna Valger\u00f0ur kemur aftur \u00e1 Nesi\u00f0 eftir tveggja \u00e1ra dv\u00f6l \u00ed Fram. Tinna er f\u00e6dd \u00e1ri\u00f0 2000 og er uppalin \u00ed Gr\u00f3ttu. H\u00fan er \u00f6rvhent og leikur sem skytta og hornama\u00f0ur. Tinna skora\u00f0i 38 m\u00f6rk me\u00f0 Ol\u00edsdeildarli\u00f0i Fram s\u00ed\u00f0astli\u00f0inn vetur.<\/p><p><a><\/a>Da\u00f0ey \u00c1sta kemur einnig \u00far Fram \u00fear sem h\u00fan er uppalin. Da\u00f0ey \u00c1sta er f\u00e6dd \u00e1ri\u00f0 2002 og er fj\u00f6lh\u00e6fur leikma\u00f0ur. Auk \u00feess er h\u00fan afbrag\u00f0s varnarma\u00f0ur. Da\u00f0ey l\u00e9k b\u00e6\u00f0i me\u00f0 Ol\u00edsdeildarli\u00f0i Fram s\u00ed\u00f0astli\u00f0inn vetur \u00fear sem h\u00fan ger\u00f0i 8 m\u00f6rk en einnig umgmennali\u00f0i Fram \u00ed Grill 66-deildinni \u00fear sem h\u00fan skora\u00f0i 46 m\u00f6rk.<\/p><p>\u00dea\u00f0 er mikill hvalreki fyrir Gr\u00f3ttu a\u00f0 \u00feessir leikmenn komi til f\u00e9lagsins. &#8222;\u00c9g er himinlifandi me\u00f0 a\u00f0 Tinna komi til baka til f\u00e9lagsins og a\u00f0 Da\u00f0ey s\u00f6\u00f0li um og skipti yfir \u00ed Gr\u00f3ttu. B\u00e1\u00f0ir leikmennirnir styrkja Gr\u00f3ttuli\u00f0i\u00f0 miki\u00f0 og eru miklir karakterar. \u00de\u00e6r smellpassa \u00ed li\u00f0i\u00f0 og \u00fea\u00f0 ver\u00f0ur gaman a\u00f0 sj\u00e1 \u00fe\u00e6r \u00ed Gr\u00f3ttub\u00faningnum \u00ed haust&#8220;, sag\u00f0i Sigurj\u00f3n Fri\u00f0bj\u00f6rn Bj\u00f6rnsson vi\u00f0 undirritun samninganna.<\/p><p>Mynd: Eyj\u00f3lfur Gar\u00f0arsson<\/p>","protected":false},"excerpt":{"rendered":"<p>Handknattleiksdeild Gr\u00f3ttu hefur gert samninga vi\u00f0 Da\u00f0eyju \u00c1stu H\u00e1lfd\u00e1nsd\u00f3ttur og Tinnu Valger\u00f0i G\u00edslad\u00f3ttur um a\u00f0 \u00fe\u00e6r leiki me\u00f0 f\u00e9laginu n\u00e6stu tv\u00f6 \u00e1rin. Tinna Valger\u00f0ur kemur aftur \u00e1 Nesi\u00f0 eftir tveggja [&hellip;]<\/p>","protected":false},"author":10,"featured_media":424348,"comment_status":"closed","ping_status":"closed","sticky":false,"template":"","format":"standard","meta":{"footnotes":""},"categories":[12],"tags":[],"class_list":["post-424347","post","type-post","status-publish","format-standard","has-post-thumbnail","hentry","category-handknattleiksdeild"],"yoast_head":"<!-- This site is optimized with the Yoast SEO plugin v24.3 - https:\/\/yoast.com\/wordpress\/plugins\/seo\/ -->\n<title>Da\u00f0ey og Tinna \u00ed Gr\u00f3ttu - \u00cd\u00fer\u00f3ttaf\u00e9lagi\u00f0 Gr\u00f3tta<\/title>\n<meta name=\"robots\" content=\"index, follow, max-snippet:-1, max-image-preview:large, max-video-preview:-1\" \/>\n<link rel=\"canonical\" href=\"https:\/\/grotta.is\/en\/handknattleiksdeild\/dadey-og-tinna-i-grottu\/\" \/>\n<meta property=\"og:locale\" content=\"en_US\" \/>\n<meta property=\"og:type\" content=\"article\" \/>\n<meta property=\"og:title\" content=\"Da\u00f0ey og Tinna \u00ed Gr\u00f3ttu - \u00cd\u00fer\u00f3ttaf\u00e9lagi\u00f0 Gr\u00f3tta\" \/>\n<meta property=\"og:description\" content=\"Handknattleiksdeild Gr\u00f3ttu hefur gert samninga vi\u00f0 Da\u00f0eyju \u00c1stu H\u00e1lfd\u00e1nsd\u00f3ttur og Tinnu Valger\u00f0i G\u00edslad\u00f3ttur um a\u00f0 \u00fe\u00e6r leiki me\u00f0 f\u00e9laginu n\u00e6stu tv\u00f6 \u00e1rin. Tinna Valger\u00f0ur kemur aftur \u00e1 Nesi\u00f0 eftir tveggja [&hellip;]\" \/>\n<meta property=\"og:url\" content=\"https:\/\/grotta.is\/en\/handknattleiksdeild\/dadey-og-tinna-i-grottu\/\" \/>\n<meta property=\"og:site_name\" content=\"\u00cd\u00fer\u00f3ttaf\u00e9lagi\u00f0 Gr\u00f3tta\" \/>\n<meta property=\"article:publisher\" content=\"https:\/\/www.facebook.com\/grottasport\" \/>\n<meta property=\"article:published_time\" content=\"2023-05-12T13:36:26+00:00\" \/>\n<meta property=\"article:modified_time\" content=\"2023-05-12T13:37:13+00:00\" \/>\n<meta property=\"og:image\" content=\"https:\/\/grotta.is\/wp-content\/uploads\/2023\/05\/Dadey-og-Tinna-scaled.jpg\" \/>\n\t<meta property=\"og:image:width\" content=\"2560\" \/>\n\t<meta property=\"og:image:height\" content=\"1707\" \/>\n\t<meta property=\"og:image:type\" content=\"image\/jpeg\" \/>\n<meta name=\"author\" content=\"Andri Sigf\u00fasson\" \/>\n<meta name=\"twitter:card\" content=\"summary_large_image\" \/>\n<meta name=\"twitter:label1\" content=\"Written by\" \/>\n\t<meta name=\"twitter:data1\" content=\"Andri Sigf\u00fasson\" \/>\n\t<meta name=\"twitter:label2\" content=\"Est. reading time\" \/>\n\t<meta name=\"twitter:data2\" content=\"1 minute\" \/>\n<script type=\"application\/ld+json\" class=\"yoast-schema-graph\">{\"@context\":\"https:\/\/schema.org\",\"@graph\":[{\"@type\":\"Article\",\"@id\":\"https:\/\/grotta.is\/handknattleiksdeild\/dadey-og-tinna-i-grottu\/#article\",\"isPartOf\":{\"@id\":\"https:\/\/grotta.is\/handknattleiksdeild\/dadey-og-tinna-i-grottu\/\"},\"author\":{\"name\":\"Andri Sigf\u00fasson\",\"@id\":\"https:\/\/grotta.is\/#\/schema\/person\/b21e9d5dfd92c90211e343e8d7252b1c\"},\"headline\":\"Da\u00f0ey og Tinna \u00ed Gr\u00f3ttu\",\"datePublished\":\"2023-05-12T13:36:26+00:00\",\"dateModified\":\"2023-05-12T13:37:13+00:00\",\"mainEntityOfPage\":{\"@id\":\"https:\/\/grotta.is\/handknattleiksdeild\/dadey-og-tinna-i-grottu\/\"},\"wordCount\":242,\"publisher\":{\"@id\":\"https:\/\/grotta.is\/#organization\"},\"image\":{\"@id\":\"https:\/\/grotta.is\/handknattleiksdeild\/dadey-og-tinna-i-grottu\/#primaryimage\"},\"thumbnailUrl\":\"https:\/\/grotta.is\/wp-content\/uploads\/2023\/05\/Dadey-og-Tinna-scaled.jpg\",\"articleSection\":[\"Handknattleiksdeild\"],\"inLanguage\":\"en-US\"},{\"@type\":\"WebPage\",\"@id\":\"https:\/\/grotta.is\/handknattleiksdeild\/dadey-og-tinna-i-grottu\/\",\"url\":\"https:\/\/grotta.is\/handknattleiksdeild\/dadey-og-tinna-i-grottu\/\",\"name\":\"Da\u00f0ey og Tinna \u00ed Gr\u00f3ttu - \u00cd\u00fer\u00f3ttaf\u00e9lagi\u00f0 Gr\u00f3tta\",\"isPartOf\":{\"@id\":\"https:\/\/grotta.is\/#website\"},\"primaryImageOfPage\":{\"@id\":\"https:\/\/grotta.is\/handknattleiksdeild\/dadey-og-tinna-i-grottu\/#primaryimage\"},\"image\":{\"@id\":\"https:\/\/grotta.is\/handknattleiksdeild\/dadey-og-tinna-i-grottu\/#primaryimage\"},\"thumbnailUrl\":\"https:\/\/grotta.is\/wp-content\/uploads\/2023\/05\/Dadey-og-Tinna-scaled.jpg\",\"datePublished\":\"2023-05-12T13:36:26+00:00\",\"dateModified\":\"2023-05-12T13:37:13+00:00\",\"breadcrumb\":{\"@id\":\"https:\/\/grotta.is\/handknattleiksdeild\/dadey-og-tinna-i-grottu\/#breadcrumb\"},\"inLanguage\":\"en-US\",\"potentialAction\":[{\"@type\":\"ReadAction\",\"target\":[\"https:\/\/grotta.is\/handknattleiksdeild\/dadey-og-tinna-i-grottu\/\"]}]},{\"@type\":\"ImageObject\",\"inLanguage\":\"en-US\",\"@id\":\"https:\/\/grotta.is\/handknattleiksdeild\/dadey-og-tinna-i-grottu\/#primaryimage\",\"url\":\"https:\/\/grotta.is\/wp-content\/uploads\/2023\/05\/Dadey-og-Tinna-scaled.jpg\",\"contentUrl\":\"https:\/\/grotta.is\/wp-content\/uploads\/2023\/05\/Dadey-og-Tinna-scaled.jpg\",\"width\":2560,\"height\":1707},{\"@type\":\"BreadcrumbList\",\"@id\":\"https:\/\/grotta.is\/handknattleiksdeild\/dadey-og-tinna-i-grottu\/#breadcrumb\",\"itemListElement\":[{\"@type\":\"ListItem\",\"position\":1,\"name\":\"Home\",\"item\":\"https:\/\/grotta.is\/\"},{\"@type\":\"ListItem\",\"position\":2,\"name\":\"Da\u00f0ey og Tinna \u00ed Gr\u00f3ttu\"}]},{\"@type\":\"WebSite\",\"@id\":\"https:\/\/grotta.is\/#website\",\"url\":\"https:\/\/grotta.is\/\",\"name\":\"\u00cd\u00fer\u00f3ttaf\u00e9lagi\u00f0 Gr\u00f3tta\",\"description\":\"\u00e1 Seltjarnarnesi\",\"publisher\":{\"@id\":\"https:\/\/grotta.is\/#organization\"},\"potentialAction\":[{\"@type\":\"SearchAction\",\"target\":{\"@type\":\"EntryPoint\",\"urlTemplate\":\"https:\/\/grotta.is\/?s={search_term_string}\"},\"query-input\":{\"@type\":\"PropertyValueSpecification\",\"valueRequired\":true,\"valueName\":\"search_term_string\"}}],\"inLanguage\":\"en-US\"},{\"@type\":\"Organization\",\"@id\":\"https:\/\/grotta.is\/#organization\",\"name\":\"\u00cd\u00fer\u00f3ttaf\u00e9lagi\u00f0 Gr\u00f3tta\",\"url\":\"https:\/\/grotta.is\/\",\"logo\":{\"@type\":\"ImageObject\",\"inLanguage\":\"en-US\",\"@id\":\"https:\/\/grotta.is\/#\/schema\/logo\/image\/\",\"url\":\"https:\/\/grotta.is\/wp-content\/uploads\/2020\/02\/ithrottafelagidgrotta_logo_512x512_transparent.png\",\"contentUrl\":\"https:\/\/grotta.is\/wp-content\/uploads\/2020\/02\/ithrottafelagidgrotta_logo_512x512_transparent.png\",\"width\":512,\"height\":512,\"caption\":\"\u00cd\u00fer\u00f3ttaf\u00e9lagi\u00f0 Gr\u00f3tta\"},\"image\":{\"@id\":\"https:\/\/grotta.is\/#\/schema\/logo\/image\/\"},\"sameAs\":[\"https:\/\/www.facebook.com\/grottasport\"]},{\"@type\":\"Person\",\"@id\":\"https:\/\/grotta.is\/#\/schema\/person\/b21e9d5dfd92c90211e343e8d7252b1c\",\"name\":\"Andri Sigf\u00fasson\",\"url\":\"https:\/\/grotta.is\/en\/author\/andri\/\"}]}<\/script>\n<!-- \/ Yoast SEO plugin. -->","yoast_head_json":{"title":"Da\u00f0ey og Tinna \u00ed Gr\u00f3ttu - \u00cd\u00fer\u00f3ttaf\u00e9lagi\u00f0 Gr\u00f3tta","robots":{"index":"index","follow":"follow","max-snippet":"max-snippet:-1","max-image-preview":"max-image-preview:large","max-video-preview":"max-video-preview:-1"},"canonical":"https:\/\/grotta.is\/en\/handknattleiksdeild\/dadey-og-tinna-i-grottu\/","og_locale":"en_US","og_type":"article","og_title":"Da\u00f0ey og Tinna \u00ed Gr\u00f3ttu - \u00cd\u00fer\u00f3ttaf\u00e9lagi\u00f0 Gr\u00f3tta","og_description":"Handknattleiksdeild Gr\u00f3ttu hefur gert samninga vi\u00f0 Da\u00f0eyju \u00c1stu H\u00e1lfd\u00e1nsd\u00f3ttur og Tinnu Valger\u00f0i G\u00edslad\u00f3ttur um a\u00f0 \u00fe\u00e6r leiki me\u00f0 f\u00e9laginu n\u00e6stu tv\u00f6 \u00e1rin. Tinna Valger\u00f0ur kemur aftur \u00e1 Nesi\u00f0 eftir tveggja [&hellip;]","og_url":"https:\/\/grotta.is\/en\/handknattleiksdeild\/dadey-og-tinna-i-grottu\/","og_site_name":"\u00cd\u00fer\u00f3ttaf\u00e9lagi\u00f0 Gr\u00f3tta","article_publisher":"https:\/\/www.facebook.com\/grottasport","article_published_time":"2023-05-12T13:36:26+00:00","article_modified_time":"2023-05-12T13:37:13+00:00","og_image":[{"width":2560,"height":1707,"url":"https:\/\/grotta.is\/wp-content\/uploads\/2023\/05\/Dadey-og-Tinna-scaled.jpg","type":"image\/jpeg"}],"author":"Andri Sigf\u00fasson","twitter_card":"summary_large_image","twitter_misc":{"Written by":"Andri Sigf\u00fasson","Est. reading time":"1 minute"},"schema":{"@context":"https:\/\/schema.org","@graph":[{"@type":"Article","@id":"https:\/\/grotta.is\/handknattleiksdeild\/dadey-og-tinna-i-grottu\/#article","isPartOf":{"@id":"https:\/\/grotta.is\/handknattleiksdeild\/dadey-og-tinna-i-grottu\/"},"author":{"name":"Andri Sigf\u00fasson","@id":"https:\/\/grotta.is\/#\/schema\/person\/b21e9d5dfd92c90211e343e8d7252b1c"},"headline":"Da\u00f0ey og Tinna \u00ed Gr\u00f3ttu","datePublished":"2023-05-12T13:36:26+00:00","dateModified":"2023-05-12T13:37:13+00:00","mainEntityOfPage":{"@id":"https:\/\/grotta.is\/handknattleiksdeild\/dadey-og-tinna-i-grottu\/"},"wordCount":242,"publisher":{"@id":"https:\/\/grotta.is\/#organization"},"image":{"@id":"https:\/\/grotta.is\/handknattleiksdeild\/dadey-og-tinna-i-grottu\/#primaryimage"},"thumbnailUrl":"https:\/\/grotta.is\/wp-content\/uploads\/2023\/05\/Dadey-og-Tinna-scaled.jpg","articleSection":["Handknattleiksdeild"],"inLanguage":"en-US"},{"@type":"WebPage","@id":"https:\/\/grotta.is\/handknattleiksdeild\/dadey-og-tinna-i-grottu\/","url":"https:\/\/grotta.is\/handknattleiksdeild\/dadey-og-tinna-i-grottu\/","name":"Da\u00f0ey og Tinna \u00ed Gr\u00f3ttu - \u00cd\u00fer\u00f3ttaf\u00e9lagi\u00f0 Gr\u00f3tta","isPartOf":{"@id":"https:\/\/grotta.is\/#website"},"primaryImageOfPage":{"@id":"https:\/\/grotta.is\/handknattleiksdeild\/dadey-og-tinna-i-grottu\/#primaryimage"},"image":{"@id":"https:\/\/grotta.is\/handknattleiksdeild\/dadey-og-tinna-i-grottu\/#primaryimage"},"thumbnailUrl":"https:\/\/grotta.is\/wp-content\/uploads\/2023\/05\/Dadey-og-Tinna-scaled.jpg","datePublished":"2023-05-12T13:36:26+00:00","dateModified":"2023-05-12T13:37:13+00:00","breadcrumb":{"@id":"https:\/\/grotta.is\/handknattleiksdeild\/dadey-og-tinna-i-grottu\/#breadcrumb"},"inLanguage":"en-US","potentialAction":[{"@type":"ReadAction","target":["https:\/\/grotta.is\/handknattleiksdeild\/dadey-og-tinna-i-grottu\/"]}]},{"@type":"ImageObject","inLanguage":"en-US","@id":"https:\/\/grotta.is\/handknattleiksdeild\/dadey-og-tinna-i-grottu\/#primaryimage","url":"https:\/\/grotta.is\/wp-content\/uploads\/2023\/05\/Dadey-og-Tinna-scaled.jpg","contentUrl":"https:\/\/grotta.is\/wp-content\/uploads\/2023\/05\/Dadey-og-Tinna-scaled.jpg","width":2560,"height":1707},{"@type":"BreadcrumbList","@id":"https:\/\/grotta.is\/handknattleiksdeild\/dadey-og-tinna-i-grottu\/#breadcrumb","itemListElement":[{"@type":"ListItem","position":1,"name":"Home","item":"https:\/\/grotta.is\/"},{"@type":"ListItem","position":2,"name":"Da\u00f0ey og Tinna \u00ed Gr\u00f3ttu"}]},{"@type":"WebSite","@id":"https:\/\/grotta.is\/#website","url":"https:\/\/grotta.is\/","name":"\u00cd\u00fer\u00f3ttaf\u00e9lagi\u00f0 Gr\u00f3tta","description":"\u00e1 Seltjarnarnesi","publisher":{"@id":"https:\/\/grotta.is\/#organization"},"potentialAction":[{"@type":"SearchAction","target":{"@type":"EntryPoint","urlTemplate":"https:\/\/grotta.is\/?s={search_term_string}"},"query-input":{"@type":"PropertyValueSpecification","valueRequired":true,"valueName":"search_term_string"}}],"inLanguage":"en-US"},{"@type":"Organization","@id":"https:\/\/grotta.is\/#organization","name":"\u00cd\u00fer\u00f3ttaf\u00e9lagi\u00f0 Gr\u00f3tta","url":"https:\/\/grotta.is\/","logo":{"@type":"ImageObject","inLanguage":"en-US","@id":"https:\/\/grotta.is\/#\/schema\/logo\/image\/","url":"https:\/\/grotta.is\/wp-content\/uploads\/2020\/02\/ithrottafelagidgrotta_logo_512x512_transparent.png","contentUrl":"https:\/\/grotta.is\/wp-content\/uploads\/2020\/02\/ithrottafelagidgrotta_logo_512x512_transparent.png","width":512,"height":512,"caption":"\u00cd\u00fer\u00f3ttaf\u00e9lagi\u00f0 Gr\u00f3tta"},"image":{"@id":"https:\/\/grotta.is\/#\/schema\/logo\/image\/"},"sameAs":["https:\/\/www.facebook.com\/grottasport"]},{"@type":"Person","@id":"https:\/\/grotta.is\/#\/schema\/person\/b21e9d5dfd92c90211e343e8d7252b1c","name":"Andri Sigf\u00fasson","url":"https:\/\/grotta.is\/en\/author\/andri\/"}]}},"_links":{"self":[{"href":"https:\/\/grotta.is\/en\/wp-json\/wp\/v2\/posts\/424347","targetHints":{"allow":["GET"]}}],"collection":[{"href":"https:\/\/grotta.is\/en\/wp-json\/wp\/v2\/posts"}],"about":[{"href":"https:\/\/grotta.is\/en\/wp-json\/wp\/v2\/types\/post"}],"author":[{"embeddable":true,"href":"https:\/\/grotta.is\/en\/wp-json\/wp\/v2\/users\/10"}],"replies":[{"embeddable":true,"href":"https:\/\/grotta.is\/en\/wp-json\/wp\/v2\/comments?post=424347"}],"version-history":[{"count":1,"href":"https:\/\/grotta.is\/en\/wp-json\/wp\/v2\/posts\/424347\/revisions"}],"predecessor-version":[{"id":424349,"href":"https:\/\/grotta.is\/en\/wp-json\/wp\/v2\/posts\/424347\/revisions\/424349"}],"wp:featuredmedia":[{"embeddable":true,"href":"https:\/\/grotta.is\/en\/wp-json\/wp\/v2\/media\/424348"}],"wp:attachment":[{"href":"https:\/\/grotta.is\/en\/wp-json\/wp\/v2\/media?parent=424347"}],"wp:term":[{"taxonomy":"category","embeddable":true,"href":"https:\/\/grotta.is\/en\/wp-json\/wp\/v2\/categories?post=424347"},{"taxonomy":"post_tag","embeddable":true,"href":"https:\/\/grotta.is\/en\/wp-json\/wp\/v2\/tags?post=424347"}],"curies":[{"name":"wp","href":"https:\/\/api.w.org\/{rel}","templated":true}]}}