{"id":424328,"date":"2023-05-09T08:28:57","date_gmt":"2023-05-09T08:28:57","guid":{"rendered":"https:\/\/grotta.is\/?p=424328"},"modified":"2023-05-09T08:30:32","modified_gmt":"2023-05-09T08:30:32","slug":"eldri-borgara-ganga-a-hverjum-fostudegi","status":"publish","type":"post","link":"https:\/\/grotta.is\/en\/almennt\/eldri-borgara-ganga-a-hverjum-fostudegi\/","title":{"rendered":"Eldri borgara ganga \u00e1 hverjum f\u00f6studegi"},"content":{"rendered":"<p>Fyrsta eldri borgara ganga Gr\u00f3ttu og <a href=\"https:\/\/www.facebook.com\/groups\/501669469875326\/user\/100064390075796\/?__cft__[0]=AZUJeHLG0jc8k7wLr0lGo9YUFhkHBBOl2ncQpsxzujv024Wj1DaRg0g6LVvOB4RJ67DPeurOPfiRra1fc30CiGj8Bi7esbjTGZXLlEoUzKkAvvh8fmr3SoWyjUDvLjzfmJbAq49S_w5axN7ywV_MYfErwV-E0ca8M8M_L8I98HfbwhRyEdO9Rdl5hYtNFEfOqKc&amp;__tn__=-]K-R\">F\u00e9lag eldri borgara \u00e1 Seltjarnarnesi<\/a> f\u00f3r fram \u00ed morgun.<\/p><p>Gengi\u00f0 var fr\u00e1 \u00ed\u00fer\u00f3ttah\u00fasi Gr\u00f3ttu \u00ed h\u00e1lft\u00edma og \u00feegar komi\u00f0 var tilbaka bau\u00f0 Gr\u00f3tta upp \u00e1 kaffi og Bj\u00f6rnsbakar\u00ed upp \u00e1 bakkelsi.<\/p><p>\u00deetta er bara byrjunin og n\u00e6sta ganga ver\u00f0ur f\u00f6studaginn 12. ma\u00ed kl. 10:30.<\/p><p><a href=\"https:\/\/www.facebook.com\/groups\/501669469875326\/user\/695939677\/?__cft__[0]=AZUJeHLG0jc8k7wLr0lGo9YUFhkHBBOl2ncQpsxzujv024Wj1DaRg0g6LVvOB4RJ67DPeurOPfiRra1fc30CiGj8Bi7esbjTGZXLlEoUzKkAvvh8fmr3SoWyjUDvLjzfmJbAq49S_w5axN7ywV_MYfErwV-E0ca8M8M_L8I98HfbwhRyEdO9Rdl5hYtNFEfOqKc&amp;__tn__=-]K-R\">Eyj\u00f3lfur Gar\u00f0arsson<\/a> m\u00e6tti og mynda\u00f0i \u00feennan g\u00f3\u00f0a h\u00f3p.<\/p><figure class=\"wp-block-image size-large is-resized\"><img fetchpriority=\"high\" decoding=\"async\" src=\"https:\/\/grotta.is\/wp-content\/uploads\/2023\/05\/R62_3638-1024x683.jpg\" alt=\"\" class=\"wp-image-424326\" width=\"845\" height=\"563\" srcset=\"https:\/\/grotta.is\/wp-content\/uploads\/2023\/05\/R62_3638-1024x683.jpg 1024w, https:\/\/grotta.is\/wp-content\/uploads\/2023\/05\/R62_3638-300x200.jpg 300w, https:\/\/grotta.is\/wp-content\/uploads\/2023\/05\/R62_3638-768x512.jpg 768w, https:\/\/grotta.is\/wp-content\/uploads\/2023\/05\/R62_3638-1536x1024.jpg 1536w, https:\/\/grotta.is\/wp-content\/uploads\/2023\/05\/R62_3638-2048x1365.jpg 2048w, https:\/\/grotta.is\/wp-content\/uploads\/2023\/05\/R62_3638-18x12.jpg 18w, https:\/\/grotta.is\/wp-content\/uploads\/2023\/05\/R62_3638-600x400.jpg 600w\" sizes=\"(max-width: 845px) 100vw, 845px\" \/><\/figure><figure class=\"wp-block-image size-large\"><img decoding=\"async\" width=\"1024\" height=\"1024\" data-src=\"https:\/\/grotta.is\/wp-content\/uploads\/2023\/05\/R62_3645-1024x1024.jpg\" alt=\"\" class=\"wp-image-424325 lazyload\" data-srcset=\"https:\/\/grotta.is\/wp-content\/uploads\/2023\/05\/R62_3645-1024x1024.jpg 1024w, https:\/\/grotta.is\/wp-content\/uploads\/2023\/05\/R62_3645-300x300.jpg 300w, https:\/\/grotta.is\/wp-content\/uploads\/2023\/05\/R62_3645-150x150.jpg 150w, https:\/\/grotta.is\/wp-content\/uploads\/2023\/05\/R62_3645-768x768.jpg 768w, https:\/\/grotta.is\/wp-content\/uploads\/2023\/05\/R62_3645-1536x1536.jpg 1536w, https:\/\/grotta.is\/wp-content\/uploads\/2023\/05\/R62_3645-2048x2048.jpg 2048w, https:\/\/grotta.is\/wp-content\/uploads\/2023\/05\/R62_3645-12x12.jpg 12w, https:\/\/grotta.is\/wp-content\/uploads\/2023\/05\/R62_3645-500x500.jpg 500w, https:\/\/grotta.is\/wp-content\/uploads\/2023\/05\/R62_3645-600x600.jpg 600w, https:\/\/grotta.is\/wp-content\/uploads\/2023\/05\/R62_3645-100x100.jpg 100w\" data-sizes=\"(max-width: 1024px) 100vw, 1024px\" src=\"data:image\/gif;base64,R0lGODlhAQABAAAAACH5BAEKAAEALAAAAAABAAEAAAICTAEAOw==\" style=\"--smush-placeholder-width: 1024px; --smush-placeholder-aspect-ratio: 1024\/1024;\" \/><\/figure>","protected":false},"excerpt":{"rendered":"<p>Fyrsta eldri borgara ganga Gr\u00f3ttu og F\u00e9lag eldri borgara \u00e1 Seltjarnarnesi f\u00f3r fram \u00ed morgun. Gengi\u00f0 var fr\u00e1 \u00ed\u00fer\u00f3ttah\u00fasi Gr\u00f3ttu \u00ed h\u00e1lft\u00edma og \u00feegar komi\u00f0 var tilbaka bau\u00f0 Gr\u00f3tta upp [&hellip;]<\/p>","protected":false},"author":2,"featured_media":424324,"comment_status":"closed","ping_status":"closed","sticky":false,"template":"","format":"standard","meta":{"footnotes":""},"categories":[4],"tags":[],"class_list":["post-424328","post","type-post","status-publish","format-standard","has-post-thumbnail","hentry","category-almennt"],"yoast_head":"<!-- This site is optimized with the Yoast SEO plugin v24.3 - https:\/\/yoast.com\/wordpress\/plugins\/seo\/ -->\n<title>Eldri borgara ganga \u00e1 hverjum f\u00f6studegi - \u00cd\u00fer\u00f3ttaf\u00e9lagi\u00f0 Gr\u00f3tta<\/title>\n<meta name=\"robots\" content=\"index, follow, max-snippet:-1, max-image-preview:large, max-video-preview:-1\" \/>\n<link rel=\"canonical\" href=\"https:\/\/grotta.is\/en\/almennt\/eldri-borgara-ganga-a-hverjum-fostudegi\/\" \/>\n<meta property=\"og:locale\" content=\"en_US\" \/>\n<meta property=\"og:type\" content=\"article\" \/>\n<meta property=\"og:title\" content=\"Eldri borgara ganga \u00e1 hverjum f\u00f6studegi - \u00cd\u00fer\u00f3ttaf\u00e9lagi\u00f0 Gr\u00f3tta\" \/>\n<meta property=\"og:description\" content=\"Fyrsta eldri borgara ganga Gr\u00f3ttu og F\u00e9lag eldri borgara \u00e1 Seltjarnarnesi f\u00f3r fram \u00ed morgun. Gengi\u00f0 var fr\u00e1 \u00ed\u00fer\u00f3ttah\u00fasi Gr\u00f3ttu \u00ed h\u00e1lft\u00edma og \u00feegar komi\u00f0 var tilbaka bau\u00f0 Gr\u00f3tta upp [&hellip;]\" \/>\n<meta property=\"og:url\" content=\"https:\/\/grotta.is\/en\/almennt\/eldri-borgara-ganga-a-hverjum-fostudegi\/\" \/>\n<meta property=\"og:site_name\" content=\"\u00cd\u00fer\u00f3ttaf\u00e9lagi\u00f0 Gr\u00f3tta\" \/>\n<meta property=\"article:publisher\" content=\"https:\/\/www.facebook.com\/grottasport\" \/>\n<meta property=\"article:published_time\" content=\"2023-05-09T08:28:57+00:00\" \/>\n<meta property=\"article:modified_time\" content=\"2023-05-09T08:30:32+00:00\" \/>\n<meta property=\"og:image\" content=\"https:\/\/grotta.is\/wp-content\/uploads\/2023\/05\/R62_3622-scaled.jpg\" \/>\n\t<meta property=\"og:image:width\" content=\"2560\" \/>\n\t<meta property=\"og:image:height\" content=\"1707\" \/>\n\t<meta property=\"og:image:type\" content=\"image\/jpeg\" \/>\n<meta name=\"author\" content=\"Grotta\" \/>\n<meta name=\"twitter:card\" content=\"summary_large_image\" \/>\n<meta name=\"twitter:label1\" content=\"Written by\" \/>\n\t<meta name=\"twitter:data1\" content=\"Grotta\" \/>\n\t<meta name=\"twitter:label2\" content=\"Est. reading time\" \/>\n\t<meta name=\"twitter:data2\" content=\"1 minute\" \/>\n<script type=\"application\/ld+json\" class=\"yoast-schema-graph\">{\"@context\":\"https:\/\/schema.org\",\"@graph\":[{\"@type\":\"Article\",\"@id\":\"https:\/\/grotta.is\/almennt\/eldri-borgara-ganga-a-hverjum-fostudegi\/#article\",\"isPartOf\":{\"@id\":\"https:\/\/grotta.is\/almennt\/eldri-borgara-ganga-a-hverjum-fostudegi\/\"},\"author\":{\"name\":\"Grotta\",\"@id\":\"https:\/\/grotta.is\/#\/schema\/person\/08ec57bf09ee925f1b6a01540c14a5ce\"},\"headline\":\"Eldri borgara ganga \u00e1 hverjum f\u00f6studegi\",\"datePublished\":\"2023-05-09T08:28:57+00:00\",\"dateModified\":\"2023-05-09T08:30:32+00:00\",\"mainEntityOfPage\":{\"@id\":\"https:\/\/grotta.is\/almennt\/eldri-borgara-ganga-a-hverjum-fostudegi\/\"},\"wordCount\":76,\"publisher\":{\"@id\":\"https:\/\/grotta.is\/#organization\"},\"image\":{\"@id\":\"https:\/\/grotta.is\/almennt\/eldri-borgara-ganga-a-hverjum-fostudegi\/#primaryimage\"},\"thumbnailUrl\":\"https:\/\/grotta.is\/wp-content\/uploads\/2023\/05\/R62_3622-scaled.jpg\",\"articleSection\":[\"Almennt\"],\"inLanguage\":\"en-US\"},{\"@type\":\"WebPage\",\"@id\":\"https:\/\/grotta.is\/almennt\/eldri-borgara-ganga-a-hverjum-fostudegi\/\",\"url\":\"https:\/\/grotta.is\/almennt\/eldri-borgara-ganga-a-hverjum-fostudegi\/\",\"name\":\"Eldri borgara ganga \u00e1 hverjum f\u00f6studegi - \u00cd\u00fer\u00f3ttaf\u00e9lagi\u00f0 Gr\u00f3tta\",\"isPartOf\":{\"@id\":\"https:\/\/grotta.is\/#website\"},\"primaryImageOfPage\":{\"@id\":\"https:\/\/grotta.is\/almennt\/eldri-borgara-ganga-a-hverjum-fostudegi\/#primaryimage\"},\"image\":{\"@id\":\"https:\/\/grotta.is\/almennt\/eldri-borgara-ganga-a-hverjum-fostudegi\/#primaryimage\"},\"thumbnailUrl\":\"https:\/\/grotta.is\/wp-content\/uploads\/2023\/05\/R62_3622-scaled.jpg\",\"datePublished\":\"2023-05-09T08:28:57+00:00\",\"dateModified\":\"2023-05-09T08:30:32+00:00\",\"breadcrumb\":{\"@id\":\"https:\/\/grotta.is\/almennt\/eldri-borgara-ganga-a-hverjum-fostudegi\/#breadcrumb\"},\"inLanguage\":\"en-US\",\"potentialAction\":[{\"@type\":\"ReadAction\",\"target\":[\"https:\/\/grotta.is\/almennt\/eldri-borgara-ganga-a-hverjum-fostudegi\/\"]}]},{\"@type\":\"ImageObject\",\"inLanguage\":\"en-US\",\"@id\":\"https:\/\/grotta.is\/almennt\/eldri-borgara-ganga-a-hverjum-fostudegi\/#primaryimage\",\"url\":\"https:\/\/grotta.is\/wp-content\/uploads\/2023\/05\/R62_3622-scaled.jpg\",\"contentUrl\":\"https:\/\/grotta.is\/wp-content\/uploads\/2023\/05\/R62_3622-scaled.jpg\",\"width\":2560,\"height\":1707},{\"@type\":\"BreadcrumbList\",\"@id\":\"https:\/\/grotta.is\/almennt\/eldri-borgara-ganga-a-hverjum-fostudegi\/#breadcrumb\",\"itemListElement\":[{\"@type\":\"ListItem\",\"position\":1,\"name\":\"Home\",\"item\":\"https:\/\/grotta.is\/\"},{\"@type\":\"ListItem\",\"position\":2,\"name\":\"Eldri borgara ganga \u00e1 hverjum f\u00f6studegi\"}]},{\"@type\":\"WebSite\",\"@id\":\"https:\/\/grotta.is\/#website\",\"url\":\"https:\/\/grotta.is\/\",\"name\":\"\u00cd\u00fer\u00f3ttaf\u00e9lagi\u00f0 Gr\u00f3tta\",\"description\":\"\u00e1 Seltjarnarnesi\",\"publisher\":{\"@id\":\"https:\/\/grotta.is\/#organization\"},\"potentialAction\":[{\"@type\":\"SearchAction\",\"target\":{\"@type\":\"EntryPoint\",\"urlTemplate\":\"https:\/\/grotta.is\/?s={search_term_string}\"},\"query-input\":{\"@type\":\"PropertyValueSpecification\",\"valueRequired\":true,\"valueName\":\"search_term_string\"}}],\"inLanguage\":\"en-US\"},{\"@type\":\"Organization\",\"@id\":\"https:\/\/grotta.is\/#organization\",\"name\":\"\u00cd\u00fer\u00f3ttaf\u00e9lagi\u00f0 Gr\u00f3tta\",\"url\":\"https:\/\/grotta.is\/\",\"logo\":{\"@type\":\"ImageObject\",\"inLanguage\":\"en-US\",\"@id\":\"https:\/\/grotta.is\/#\/schema\/logo\/image\/\",\"url\":\"https:\/\/grotta.is\/wp-content\/uploads\/2020\/02\/ithrottafelagidgrotta_logo_512x512_transparent.png\",\"contentUrl\":\"https:\/\/grotta.is\/wp-content\/uploads\/2020\/02\/ithrottafelagidgrotta_logo_512x512_transparent.png\",\"width\":512,\"height\":512,\"caption\":\"\u00cd\u00fer\u00f3ttaf\u00e9lagi\u00f0 Gr\u00f3tta\"},\"image\":{\"@id\":\"https:\/\/grotta.is\/#\/schema\/logo\/image\/\"},\"sameAs\":[\"https:\/\/www.facebook.com\/grottasport\"]},{\"@type\":\"Person\",\"@id\":\"https:\/\/grotta.is\/#\/schema\/person\/08ec57bf09ee925f1b6a01540c14a5ce\",\"name\":\"Grotta\",\"url\":\"https:\/\/grotta.is\/en\/author\/inga\/\"}]}<\/script>\n<!-- \/ Yoast SEO plugin. -->","yoast_head_json":{"title":"Eldri borgara ganga \u00e1 hverjum f\u00f6studegi - \u00cd\u00fer\u00f3ttaf\u00e9lagi\u00f0 Gr\u00f3tta","robots":{"index":"index","follow":"follow","max-snippet":"max-snippet:-1","max-image-preview":"max-image-preview:large","max-video-preview":"max-video-preview:-1"},"canonical":"https:\/\/grotta.is\/en\/almennt\/eldri-borgara-ganga-a-hverjum-fostudegi\/","og_locale":"en_US","og_type":"article","og_title":"Eldri borgara ganga \u00e1 hverjum f\u00f6studegi - \u00cd\u00fer\u00f3ttaf\u00e9lagi\u00f0 Gr\u00f3tta","og_description":"Fyrsta eldri borgara ganga Gr\u00f3ttu og F\u00e9lag eldri borgara \u00e1 Seltjarnarnesi f\u00f3r fram \u00ed morgun. Gengi\u00f0 var fr\u00e1 \u00ed\u00fer\u00f3ttah\u00fasi Gr\u00f3ttu \u00ed h\u00e1lft\u00edma og \u00feegar komi\u00f0 var tilbaka bau\u00f0 Gr\u00f3tta upp [&hellip;]","og_url":"https:\/\/grotta.is\/en\/almennt\/eldri-borgara-ganga-a-hverjum-fostudegi\/","og_site_name":"\u00cd\u00fer\u00f3ttaf\u00e9lagi\u00f0 Gr\u00f3tta","article_publisher":"https:\/\/www.facebook.com\/grottasport","article_published_time":"2023-05-09T08:28:57+00:00","article_modified_time":"2023-05-09T08:30:32+00:00","og_image":[{"width":2560,"height":1707,"url":"https:\/\/grotta.is\/wp-content\/uploads\/2023\/05\/R62_3622-scaled.jpg","type":"image\/jpeg"}],"author":"Grotta","twitter_card":"summary_large_image","twitter_misc":{"Written by":"Grotta","Est. reading time":"1 minute"},"schema":{"@context":"https:\/\/schema.org","@graph":[{"@type":"Article","@id":"https:\/\/grotta.is\/almennt\/eldri-borgara-ganga-a-hverjum-fostudegi\/#article","isPartOf":{"@id":"https:\/\/grotta.is\/almennt\/eldri-borgara-ganga-a-hverjum-fostudegi\/"},"author":{"name":"Grotta","@id":"https:\/\/grotta.is\/#\/schema\/person\/08ec57bf09ee925f1b6a01540c14a5ce"},"headline":"Eldri borgara ganga \u00e1 hverjum f\u00f6studegi","datePublished":"2023-05-09T08:28:57+00:00","dateModified":"2023-05-09T08:30:32+00:00","mainEntityOfPage":{"@id":"https:\/\/grotta.is\/almennt\/eldri-borgara-ganga-a-hverjum-fostudegi\/"},"wordCount":76,"publisher":{"@id":"https:\/\/grotta.is\/#organization"},"image":{"@id":"https:\/\/grotta.is\/almennt\/eldri-borgara-ganga-a-hverjum-fostudegi\/#primaryimage"},"thumbnailUrl":"https:\/\/grotta.is\/wp-content\/uploads\/2023\/05\/R62_3622-scaled.jpg","articleSection":["Almennt"],"inLanguage":"en-US"},{"@type":"WebPage","@id":"https:\/\/grotta.is\/almennt\/eldri-borgara-ganga-a-hverjum-fostudegi\/","url":"https:\/\/grotta.is\/almennt\/eldri-borgara-ganga-a-hverjum-fostudegi\/","name":"Eldri borgara ganga \u00e1 hverjum f\u00f6studegi - \u00cd\u00fer\u00f3ttaf\u00e9lagi\u00f0 Gr\u00f3tta","isPartOf":{"@id":"https:\/\/grotta.is\/#website"},"primaryImageOfPage":{"@id":"https:\/\/grotta.is\/almennt\/eldri-borgara-ganga-a-hverjum-fostudegi\/#primaryimage"},"image":{"@id":"https:\/\/grotta.is\/almennt\/eldri-borgara-ganga-a-hverjum-fostudegi\/#primaryimage"},"thumbnailUrl":"https:\/\/grotta.is\/wp-content\/uploads\/2023\/05\/R62_3622-scaled.jpg","datePublished":"2023-05-09T08:28:57+00:00","dateModified":"2023-05-09T08:30:32+00:00","breadcrumb":{"@id":"https:\/\/grotta.is\/almennt\/eldri-borgara-ganga-a-hverjum-fostudegi\/#breadcrumb"},"inLanguage":"en-US","potentialAction":[{"@type":"ReadAction","target":["https:\/\/grotta.is\/almennt\/eldri-borgara-ganga-a-hverjum-fostudegi\/"]}]},{"@type":"ImageObject","inLanguage":"en-US","@id":"https:\/\/grotta.is\/almennt\/eldri-borgara-ganga-a-hverjum-fostudegi\/#primaryimage","url":"https:\/\/grotta.is\/wp-content\/uploads\/2023\/05\/R62_3622-scaled.jpg","contentUrl":"https:\/\/grotta.is\/wp-content\/uploads\/2023\/05\/R62_3622-scaled.jpg","width":2560,"height":1707},{"@type":"BreadcrumbList","@id":"https:\/\/grotta.is\/almennt\/eldri-borgara-ganga-a-hverjum-fostudegi\/#breadcrumb","itemListElement":[{"@type":"ListItem","position":1,"name":"Home","item":"https:\/\/grotta.is\/"},{"@type":"ListItem","position":2,"name":"Eldri borgara ganga \u00e1 hverjum f\u00f6studegi"}]},{"@type":"WebSite","@id":"https:\/\/grotta.is\/#website","url":"https:\/\/grotta.is\/","name":"\u00cd\u00fer\u00f3ttaf\u00e9lagi\u00f0 Gr\u00f3tta","description":"\u00e1 Seltjarnarnesi","publisher":{"@id":"https:\/\/grotta.is\/#organization"},"potentialAction":[{"@type":"SearchAction","target":{"@type":"EntryPoint","urlTemplate":"https:\/\/grotta.is\/?s={search_term_string}"},"query-input":{"@type":"PropertyValueSpecification","valueRequired":true,"valueName":"search_term_string"}}],"inLanguage":"en-US"},{"@type":"Organization","@id":"https:\/\/grotta.is\/#organization","name":"\u00cd\u00fer\u00f3ttaf\u00e9lagi\u00f0 Gr\u00f3tta","url":"https:\/\/grotta.is\/","logo":{"@type":"ImageObject","inLanguage":"en-US","@id":"https:\/\/grotta.is\/#\/schema\/logo\/image\/","url":"https:\/\/grotta.is\/wp-content\/uploads\/2020\/02\/ithrottafelagidgrotta_logo_512x512_transparent.png","contentUrl":"https:\/\/grotta.is\/wp-content\/uploads\/2020\/02\/ithrottafelagidgrotta_logo_512x512_transparent.png","width":512,"height":512,"caption":"\u00cd\u00fer\u00f3ttaf\u00e9lagi\u00f0 Gr\u00f3tta"},"image":{"@id":"https:\/\/grotta.is\/#\/schema\/logo\/image\/"},"sameAs":["https:\/\/www.facebook.com\/grottasport"]},{"@type":"Person","@id":"https:\/\/grotta.is\/#\/schema\/person\/08ec57bf09ee925f1b6a01540c14a5ce","name":"Grotta","url":"https:\/\/grotta.is\/en\/author\/inga\/"}]}},"_links":{"self":[{"href":"https:\/\/grotta.is\/en\/wp-json\/wp\/v2\/posts\/424328","targetHints":{"allow":["GET"]}}],"collection":[{"href":"https:\/\/grotta.is\/en\/wp-json\/wp\/v2\/posts"}],"about":[{"href":"https:\/\/grotta.is\/en\/wp-json\/wp\/v2\/types\/post"}],"author":[{"embeddable":true,"href":"https:\/\/grotta.is\/en\/wp-json\/wp\/v2\/users\/2"}],"replies":[{"embeddable":true,"href":"https:\/\/grotta.is\/en\/wp-json\/wp\/v2\/comments?post=424328"}],"version-history":[{"count":1,"href":"https:\/\/grotta.is\/en\/wp-json\/wp\/v2\/posts\/424328\/revisions"}],"predecessor-version":[{"id":424329,"href":"https:\/\/grotta.is\/en\/wp-json\/wp\/v2\/posts\/424328\/revisions\/424329"}],"wp:featuredmedia":[{"embeddable":true,"href":"https:\/\/grotta.is\/en\/wp-json\/wp\/v2\/media\/424324"}],"wp:attachment":[{"href":"https:\/\/grotta.is\/en\/wp-json\/wp\/v2\/media?parent=424328"}],"wp:term":[{"taxonomy":"category","embeddable":true,"href":"https:\/\/grotta.is\/en\/wp-json\/wp\/v2\/categories?post=424328"},{"taxonomy":"post_tag","embeddable":true,"href":"https:\/\/grotta.is\/en\/wp-json\/wp\/v2\/tags?post=424328"}],"curies":[{"name":"wp","href":"https:\/\/api.w.org\/{rel}","templated":true}]}}