{"id":422501,"date":"2023-04-28T13:13:45","date_gmt":"2023-04-28T13:13:45","guid":{"rendered":"https:\/\/grotta.is\/?p=422501"},"modified":"2023-04-28T13:16:13","modified_gmt":"2023-04-28T13:16:13","slug":"orlygur-laetur-af-storfum","status":"publish","type":"post","link":"https:\/\/grotta.is\/en\/almennt\/orlygur-laetur-af-storfum\/","title":{"rendered":"\u00d6rlygur l\u00e6tur af st\u00f6rfum"},"content":{"rendered":"<p>\u00d6rlygur \u00c1sgeirsson sem starfa\u00f0 hefur hj\u00e1 okkur sem starfsma\u00f0ur \u00ed\u00fer\u00f3ttamannvirkjanna fr\u00e1 \u00e1rinu 2016 vi\u00f0 afar g\u00f3\u00f0an or\u00f0st\u00edr l\u00e6tur af st\u00f6rfum \u00ed dag 28. apr\u00edl nk og fer \u00e1 eftirlaun. \u00d6rlygur hefur fr\u00e1 fyrstu t\u00ed\u00f0 komi\u00f0 af krafti og fagmennsku inn \u00ed starfi\u00f0 hj\u00e1 okkur. Hann er vinnusamur, samvinnu\u00fe\u00fd\u00f0ur og hefur h\u00famorinn \u00ed lagi sem er mikilv\u00e6gur eiginleiki til a\u00f0 gefa vinnusta\u00f0num.\u00a0Haldi\u00f0 var kve\u00f0juh\u00f3f honum til hei\u00f0urs \u00ed g\u00e6r en \u00fear var \u00d6rlygur leystur \u00fat me\u00f0 gj\u00f6fum auk \u00feess sem hann var s\u00e6mdur bronsmerki f\u00e9lagsins. \u00cd\u00fer\u00f3ttaf\u00e9lagi\u00f0 Gr\u00f3tta \u00feakkar \u00d6rlygi k\u00e6rlega fyrir samfylgdina og framlag hans til f\u00e9lagsins.<\/p><figure class=\"wp-block-image size-large\"><img fetchpriority=\"high\" decoding=\"async\" width=\"1024\" height=\"978\" src=\"https:\/\/grotta.is\/wp-content\/uploads\/2023\/04\/Orlygur-1024x978.jpg\" alt=\"\" class=\"wp-image-422499\" srcset=\"https:\/\/grotta.is\/wp-content\/uploads\/2023\/04\/Orlygur-1024x978.jpg 1024w, https:\/\/grotta.is\/wp-content\/uploads\/2023\/04\/Orlygur-300x286.jpg 300w, https:\/\/grotta.is\/wp-content\/uploads\/2023\/04\/Orlygur-768x733.jpg 768w, https:\/\/grotta.is\/wp-content\/uploads\/2023\/04\/Orlygur-13x12.jpg 13w, https:\/\/grotta.is\/wp-content\/uploads\/2023\/04\/Orlygur-600x573.jpg 600w, https:\/\/grotta.is\/wp-content\/uploads\/2023\/04\/Orlygur.jpg 1194w\" sizes=\"(max-width: 1024px) 100vw, 1024px\" \/><\/figure>","protected":false},"excerpt":{"rendered":"<p>\u00d6rlygur \u00c1sgeirsson sem starfa\u00f0 hefur hj\u00e1 okkur sem starfsma\u00f0ur \u00ed\u00fer\u00f3ttamannvirkjanna fr\u00e1 \u00e1rinu 2016 vi\u00f0 afar g\u00f3\u00f0an or\u00f0st\u00edr l\u00e6tur af st\u00f6rfum \u00ed dag 28. apr\u00edl nk og fer \u00e1 eftirlaun. \u00d6rlygur [&hellip;]<\/p>","protected":false},"author":2,"featured_media":422498,"comment_status":"closed","ping_status":"closed","sticky":false,"template":"","format":"standard","meta":{"footnotes":""},"categories":[4],"tags":[],"class_list":["post-422501","post","type-post","status-publish","format-standard","has-post-thumbnail","hentry","category-almennt"],"yoast_head":"<!-- This site is optimized with the Yoast SEO plugin v24.3 - https:\/\/yoast.com\/wordpress\/plugins\/seo\/ -->\n<title>\u00d6rlygur l\u00e6tur af st\u00f6rfum - \u00cd\u00fer\u00f3ttaf\u00e9lagi\u00f0 Gr\u00f3tta<\/title>\n<meta name=\"robots\" content=\"index, follow, max-snippet:-1, max-image-preview:large, max-video-preview:-1\" \/>\n<link rel=\"canonical\" href=\"https:\/\/grotta.is\/en\/almennt\/orlygur-laetur-af-storfum\/\" \/>\n<meta property=\"og:locale\" content=\"en_US\" \/>\n<meta property=\"og:type\" content=\"article\" \/>\n<meta property=\"og:title\" content=\"\u00d6rlygur l\u00e6tur af st\u00f6rfum - \u00cd\u00fer\u00f3ttaf\u00e9lagi\u00f0 Gr\u00f3tta\" \/>\n<meta property=\"og:description\" content=\"\u00d6rlygur \u00c1sgeirsson sem starfa\u00f0 hefur hj\u00e1 okkur sem starfsma\u00f0ur \u00ed\u00fer\u00f3ttamannvirkjanna fr\u00e1 \u00e1rinu 2016 vi\u00f0 afar g\u00f3\u00f0an or\u00f0st\u00edr l\u00e6tur af st\u00f6rfum \u00ed dag 28. apr\u00edl nk og fer \u00e1 eftirlaun. \u00d6rlygur [&hellip;]\" \/>\n<meta property=\"og:url\" content=\"https:\/\/grotta.is\/en\/almennt\/orlygur-laetur-af-storfum\/\" \/>\n<meta property=\"og:site_name\" content=\"\u00cd\u00fer\u00f3ttaf\u00e9lagi\u00f0 Gr\u00f3tta\" \/>\n<meta property=\"article:publisher\" content=\"https:\/\/www.facebook.com\/grottasport\" \/>\n<meta property=\"article:published_time\" content=\"2023-04-28T13:13:45+00:00\" \/>\n<meta property=\"article:modified_time\" content=\"2023-04-28T13:16:13+00:00\" \/>\n<meta property=\"og:image\" content=\"https:\/\/grotta.is\/wp-content\/uploads\/2023\/04\/Orlygur-brons-merki-scaled-e1682687612884.jpg\" \/>\n\t<meta property=\"og:image:width\" content=\"1920\" \/>\n\t<meta property=\"og:image:height\" content=\"1484\" \/>\n\t<meta property=\"og:image:type\" content=\"image\/jpeg\" \/>\n<meta name=\"author\" content=\"Grotta\" \/>\n<meta name=\"twitter:card\" content=\"summary_large_image\" \/>\n<meta name=\"twitter:label1\" content=\"Written by\" \/>\n\t<meta name=\"twitter:data1\" content=\"Grotta\" \/>\n\t<meta name=\"twitter:label2\" content=\"Est. reading time\" \/>\n\t<meta name=\"twitter:data2\" content=\"1 minute\" \/>\n<script type=\"application\/ld+json\" class=\"yoast-schema-graph\">{\"@context\":\"https:\/\/schema.org\",\"@graph\":[{\"@type\":\"Article\",\"@id\":\"https:\/\/grotta.is\/almennt\/orlygur-laetur-af-storfum\/#article\",\"isPartOf\":{\"@id\":\"https:\/\/grotta.is\/almennt\/orlygur-laetur-af-storfum\/\"},\"author\":{\"name\":\"Grotta\",\"@id\":\"https:\/\/grotta.is\/#\/schema\/person\/08ec57bf09ee925f1b6a01540c14a5ce\"},\"headline\":\"\u00d6rlygur l\u00e6tur af st\u00f6rfum\",\"datePublished\":\"2023-04-28T13:13:45+00:00\",\"dateModified\":\"2023-04-28T13:16:13+00:00\",\"mainEntityOfPage\":{\"@id\":\"https:\/\/grotta.is\/almennt\/orlygur-laetur-af-storfum\/\"},\"wordCount\":120,\"publisher\":{\"@id\":\"https:\/\/grotta.is\/#organization\"},\"image\":{\"@id\":\"https:\/\/grotta.is\/almennt\/orlygur-laetur-af-storfum\/#primaryimage\"},\"thumbnailUrl\":\"https:\/\/grotta.is\/wp-content\/uploads\/2023\/04\/Orlygur-brons-merki-scaled-e1682687612884.jpg\",\"articleSection\":[\"Almennt\"],\"inLanguage\":\"en-US\"},{\"@type\":\"WebPage\",\"@id\":\"https:\/\/grotta.is\/almennt\/orlygur-laetur-af-storfum\/\",\"url\":\"https:\/\/grotta.is\/almennt\/orlygur-laetur-af-storfum\/\",\"name\":\"\u00d6rlygur l\u00e6tur af st\u00f6rfum - \u00cd\u00fer\u00f3ttaf\u00e9lagi\u00f0 Gr\u00f3tta\",\"isPartOf\":{\"@id\":\"https:\/\/grotta.is\/#website\"},\"primaryImageOfPage\":{\"@id\":\"https:\/\/grotta.is\/almennt\/orlygur-laetur-af-storfum\/#primaryimage\"},\"image\":{\"@id\":\"https:\/\/grotta.is\/almennt\/orlygur-laetur-af-storfum\/#primaryimage\"},\"thumbnailUrl\":\"https:\/\/grotta.is\/wp-content\/uploads\/2023\/04\/Orlygur-brons-merki-scaled-e1682687612884.jpg\",\"datePublished\":\"2023-04-28T13:13:45+00:00\",\"dateModified\":\"2023-04-28T13:16:13+00:00\",\"breadcrumb\":{\"@id\":\"https:\/\/grotta.is\/almennt\/orlygur-laetur-af-storfum\/#breadcrumb\"},\"inLanguage\":\"en-US\",\"potentialAction\":[{\"@type\":\"ReadAction\",\"target\":[\"https:\/\/grotta.is\/almennt\/orlygur-laetur-af-storfum\/\"]}]},{\"@type\":\"ImageObject\",\"inLanguage\":\"en-US\",\"@id\":\"https:\/\/grotta.is\/almennt\/orlygur-laetur-af-storfum\/#primaryimage\",\"url\":\"https:\/\/grotta.is\/wp-content\/uploads\/2023\/04\/Orlygur-brons-merki-scaled-e1682687612884.jpg\",\"contentUrl\":\"https:\/\/grotta.is\/wp-content\/uploads\/2023\/04\/Orlygur-brons-merki-scaled-e1682687612884.jpg\",\"width\":1920,\"height\":1484},{\"@type\":\"BreadcrumbList\",\"@id\":\"https:\/\/grotta.is\/almennt\/orlygur-laetur-af-storfum\/#breadcrumb\",\"itemListElement\":[{\"@type\":\"ListItem\",\"position\":1,\"name\":\"Home\",\"item\":\"https:\/\/grotta.is\/\"},{\"@type\":\"ListItem\",\"position\":2,\"name\":\"\u00d6rlygur l\u00e6tur af st\u00f6rfum\"}]},{\"@type\":\"WebSite\",\"@id\":\"https:\/\/grotta.is\/#website\",\"url\":\"https:\/\/grotta.is\/\",\"name\":\"\u00cd\u00fer\u00f3ttaf\u00e9lagi\u00f0 Gr\u00f3tta\",\"description\":\"\u00e1 Seltjarnarnesi\",\"publisher\":{\"@id\":\"https:\/\/grotta.is\/#organization\"},\"potentialAction\":[{\"@type\":\"SearchAction\",\"target\":{\"@type\":\"EntryPoint\",\"urlTemplate\":\"https:\/\/grotta.is\/?s={search_term_string}\"},\"query-input\":{\"@type\":\"PropertyValueSpecification\",\"valueRequired\":true,\"valueName\":\"search_term_string\"}}],\"inLanguage\":\"en-US\"},{\"@type\":\"Organization\",\"@id\":\"https:\/\/grotta.is\/#organization\",\"name\":\"\u00cd\u00fer\u00f3ttaf\u00e9lagi\u00f0 Gr\u00f3tta\",\"url\":\"https:\/\/grotta.is\/\",\"logo\":{\"@type\":\"ImageObject\",\"inLanguage\":\"en-US\",\"@id\":\"https:\/\/grotta.is\/#\/schema\/logo\/image\/\",\"url\":\"https:\/\/grotta.is\/wp-content\/uploads\/2020\/02\/ithrottafelagidgrotta_logo_512x512_transparent.png\",\"contentUrl\":\"https:\/\/grotta.is\/wp-content\/uploads\/2020\/02\/ithrottafelagidgrotta_logo_512x512_transparent.png\",\"width\":512,\"height\":512,\"caption\":\"\u00cd\u00fer\u00f3ttaf\u00e9lagi\u00f0 Gr\u00f3tta\"},\"image\":{\"@id\":\"https:\/\/grotta.is\/#\/schema\/logo\/image\/\"},\"sameAs\":[\"https:\/\/www.facebook.com\/grottasport\"]},{\"@type\":\"Person\",\"@id\":\"https:\/\/grotta.is\/#\/schema\/person\/08ec57bf09ee925f1b6a01540c14a5ce\",\"name\":\"Grotta\",\"url\":\"https:\/\/grotta.is\/en\/author\/inga\/\"}]}<\/script>\n<!-- \/ Yoast SEO plugin. -->","yoast_head_json":{"title":"\u00d6rlygur l\u00e6tur af st\u00f6rfum - \u00cd\u00fer\u00f3ttaf\u00e9lagi\u00f0 Gr\u00f3tta","robots":{"index":"index","follow":"follow","max-snippet":"max-snippet:-1","max-image-preview":"max-image-preview:large","max-video-preview":"max-video-preview:-1"},"canonical":"https:\/\/grotta.is\/en\/almennt\/orlygur-laetur-af-storfum\/","og_locale":"en_US","og_type":"article","og_title":"\u00d6rlygur l\u00e6tur af st\u00f6rfum - \u00cd\u00fer\u00f3ttaf\u00e9lagi\u00f0 Gr\u00f3tta","og_description":"\u00d6rlygur \u00c1sgeirsson sem starfa\u00f0 hefur hj\u00e1 okkur sem starfsma\u00f0ur \u00ed\u00fer\u00f3ttamannvirkjanna fr\u00e1 \u00e1rinu 2016 vi\u00f0 afar g\u00f3\u00f0an or\u00f0st\u00edr l\u00e6tur af st\u00f6rfum \u00ed dag 28. apr\u00edl nk og fer \u00e1 eftirlaun. \u00d6rlygur [&hellip;]","og_url":"https:\/\/grotta.is\/en\/almennt\/orlygur-laetur-af-storfum\/","og_site_name":"\u00cd\u00fer\u00f3ttaf\u00e9lagi\u00f0 Gr\u00f3tta","article_publisher":"https:\/\/www.facebook.com\/grottasport","article_published_time":"2023-04-28T13:13:45+00:00","article_modified_time":"2023-04-28T13:16:13+00:00","og_image":[{"width":1920,"height":1484,"url":"https:\/\/grotta.is\/wp-content\/uploads\/2023\/04\/Orlygur-brons-merki-scaled-e1682687612884.jpg","type":"image\/jpeg"}],"author":"Grotta","twitter_card":"summary_large_image","twitter_misc":{"Written by":"Grotta","Est. reading time":"1 minute"},"schema":{"@context":"https:\/\/schema.org","@graph":[{"@type":"Article","@id":"https:\/\/grotta.is\/almennt\/orlygur-laetur-af-storfum\/#article","isPartOf":{"@id":"https:\/\/grotta.is\/almennt\/orlygur-laetur-af-storfum\/"},"author":{"name":"Grotta","@id":"https:\/\/grotta.is\/#\/schema\/person\/08ec57bf09ee925f1b6a01540c14a5ce"},"headline":"\u00d6rlygur l\u00e6tur af st\u00f6rfum","datePublished":"2023-04-28T13:13:45+00:00","dateModified":"2023-04-28T13:16:13+00:00","mainEntityOfPage":{"@id":"https:\/\/grotta.is\/almennt\/orlygur-laetur-af-storfum\/"},"wordCount":120,"publisher":{"@id":"https:\/\/grotta.is\/#organization"},"image":{"@id":"https:\/\/grotta.is\/almennt\/orlygur-laetur-af-storfum\/#primaryimage"},"thumbnailUrl":"https:\/\/grotta.is\/wp-content\/uploads\/2023\/04\/Orlygur-brons-merki-scaled-e1682687612884.jpg","articleSection":["Almennt"],"inLanguage":"en-US"},{"@type":"WebPage","@id":"https:\/\/grotta.is\/almennt\/orlygur-laetur-af-storfum\/","url":"https:\/\/grotta.is\/almennt\/orlygur-laetur-af-storfum\/","name":"\u00d6rlygur l\u00e6tur af st\u00f6rfum - \u00cd\u00fer\u00f3ttaf\u00e9lagi\u00f0 Gr\u00f3tta","isPartOf":{"@id":"https:\/\/grotta.is\/#website"},"primaryImageOfPage":{"@id":"https:\/\/grotta.is\/almennt\/orlygur-laetur-af-storfum\/#primaryimage"},"image":{"@id":"https:\/\/grotta.is\/almennt\/orlygur-laetur-af-storfum\/#primaryimage"},"thumbnailUrl":"https:\/\/grotta.is\/wp-content\/uploads\/2023\/04\/Orlygur-brons-merki-scaled-e1682687612884.jpg","datePublished":"2023-04-28T13:13:45+00:00","dateModified":"2023-04-28T13:16:13+00:00","breadcrumb":{"@id":"https:\/\/grotta.is\/almennt\/orlygur-laetur-af-storfum\/#breadcrumb"},"inLanguage":"en-US","potentialAction":[{"@type":"ReadAction","target":["https:\/\/grotta.is\/almennt\/orlygur-laetur-af-storfum\/"]}]},{"@type":"ImageObject","inLanguage":"en-US","@id":"https:\/\/grotta.is\/almennt\/orlygur-laetur-af-storfum\/#primaryimage","url":"https:\/\/grotta.is\/wp-content\/uploads\/2023\/04\/Orlygur-brons-merki-scaled-e1682687612884.jpg","contentUrl":"https:\/\/grotta.is\/wp-content\/uploads\/2023\/04\/Orlygur-brons-merki-scaled-e1682687612884.jpg","width":1920,"height":1484},{"@type":"BreadcrumbList","@id":"https:\/\/grotta.is\/almennt\/orlygur-laetur-af-storfum\/#breadcrumb","itemListElement":[{"@type":"ListItem","position":1,"name":"Home","item":"https:\/\/grotta.is\/"},{"@type":"ListItem","position":2,"name":"\u00d6rlygur l\u00e6tur af st\u00f6rfum"}]},{"@type":"WebSite","@id":"https:\/\/grotta.is\/#website","url":"https:\/\/grotta.is\/","name":"\u00cd\u00fer\u00f3ttaf\u00e9lagi\u00f0 Gr\u00f3tta","description":"\u00e1 Seltjarnarnesi","publisher":{"@id":"https:\/\/grotta.is\/#organization"},"potentialAction":[{"@type":"SearchAction","target":{"@type":"EntryPoint","urlTemplate":"https:\/\/grotta.is\/?s={search_term_string}"},"query-input":{"@type":"PropertyValueSpecification","valueRequired":true,"valueName":"search_term_string"}}],"inLanguage":"en-US"},{"@type":"Organization","@id":"https:\/\/grotta.is\/#organization","name":"\u00cd\u00fer\u00f3ttaf\u00e9lagi\u00f0 Gr\u00f3tta","url":"https:\/\/grotta.is\/","logo":{"@type":"ImageObject","inLanguage":"en-US","@id":"https:\/\/grotta.is\/#\/schema\/logo\/image\/","url":"https:\/\/grotta.is\/wp-content\/uploads\/2020\/02\/ithrottafelagidgrotta_logo_512x512_transparent.png","contentUrl":"https:\/\/grotta.is\/wp-content\/uploads\/2020\/02\/ithrottafelagidgrotta_logo_512x512_transparent.png","width":512,"height":512,"caption":"\u00cd\u00fer\u00f3ttaf\u00e9lagi\u00f0 Gr\u00f3tta"},"image":{"@id":"https:\/\/grotta.is\/#\/schema\/logo\/image\/"},"sameAs":["https:\/\/www.facebook.com\/grottasport"]},{"@type":"Person","@id":"https:\/\/grotta.is\/#\/schema\/person\/08ec57bf09ee925f1b6a01540c14a5ce","name":"Grotta","url":"https:\/\/grotta.is\/en\/author\/inga\/"}]}},"_links":{"self":[{"href":"https:\/\/grotta.is\/en\/wp-json\/wp\/v2\/posts\/422501","targetHints":{"allow":["GET"]}}],"collection":[{"href":"https:\/\/grotta.is\/en\/wp-json\/wp\/v2\/posts"}],"about":[{"href":"https:\/\/grotta.is\/en\/wp-json\/wp\/v2\/types\/post"}],"author":[{"embeddable":true,"href":"https:\/\/grotta.is\/en\/wp-json\/wp\/v2\/users\/2"}],"replies":[{"embeddable":true,"href":"https:\/\/grotta.is\/en\/wp-json\/wp\/v2\/comments?post=422501"}],"version-history":[{"count":1,"href":"https:\/\/grotta.is\/en\/wp-json\/wp\/v2\/posts\/422501\/revisions"}],"predecessor-version":[{"id":422503,"href":"https:\/\/grotta.is\/en\/wp-json\/wp\/v2\/posts\/422501\/revisions\/422503"}],"wp:featuredmedia":[{"embeddable":true,"href":"https:\/\/grotta.is\/en\/wp-json\/wp\/v2\/media\/422498"}],"wp:attachment":[{"href":"https:\/\/grotta.is\/en\/wp-json\/wp\/v2\/media?parent=422501"}],"wp:term":[{"taxonomy":"category","embeddable":true,"href":"https:\/\/grotta.is\/en\/wp-json\/wp\/v2\/categories?post=422501"},{"taxonomy":"post_tag","embeddable":true,"href":"https:\/\/grotta.is\/en\/wp-json\/wp\/v2\/tags?post=422501"}],"curies":[{"name":"wp","href":"https:\/\/api.w.org\/{rel}","templated":true}]}}