{"id":420231,"date":"2023-04-03T18:05:46","date_gmt":"2023-04-03T18:05:46","guid":{"rendered":"https:\/\/grotta.is\/?p=420231"},"modified":"2023-04-04T09:18:52","modified_gmt":"2023-04-04T09:18:52","slug":"fjogur-fa-vidurkenningar-a-arsthingi-umsk","status":"publish","type":"post","link":"https:\/\/grotta.is\/en\/almennt\/fjogur-fa-vidurkenningar-a-arsthingi-umsk\/","title":{"rendered":"<strong>Fj\u00f6gur f\u00e1 vi\u00f0urkenningar \u00e1 \u00e1rs\u00feingi UMSK<\/strong>"},"content":{"rendered":"<p>\u00c1 fimmtudaginn f\u00f3r fram \u00e1rs\u00feing UMSK \u00ed veislusal Golfkl\u00fabbsins Odds.\u00a0 \u00deingi\u00f0 var vel s\u00f3tt. J\u00f3hann Steinar Ingimundarson forma\u00f0ur UMF\u00cd veitti fj\u00f3rum sj\u00e1lfbo\u00f0ali\u00f0um sambandsins starfsmerki UMF\u00cd og tv\u00f6 af \u00feeim fengu Bjarni Torfi \u00c1lf\u00fe\u00f3rsson og Sesselja Hannele Jarvela. Bjarna Torfa \u00feekkja allir sem hafa komi\u00f0 n\u00e1l\u00e6gt Gr\u00f3ttu undanfarna \u00e1ratugi. Hann hefur me\u00f0al annars veri\u00f0 forma\u00f0ur Handknattleiksdeildar Gr\u00f3ttu, forma\u00f0ur f\u00e9lagsins \u00ed tv\u00edgang, leiki\u00f0 me\u00f0 f\u00e9laginu, veri\u00f0 \u00fej\u00e1lfari og sinnt \u00f3metanlegu sj\u00e1lfbo\u00f0ali\u00f0astarfi \u00ed f\u00e9laginu. Sesselja er reyndasti fimleika\u00fej\u00e1lfari landsins, byrja\u00f0i hj\u00e1 Gerplu \u00e1ri\u00f0 1987 en hefur \u00fej\u00e1lfa\u00f0 hj\u00e1 Gr\u00f3ttu \u00ed 2001 e\u00f0a samfellt \u00ed 22 \u00e1r. H\u00fan hefur einnig komi\u00f0 a\u00f0 \u00fej\u00e1lfun landsli\u00f0a fimleikasambandsins og hefur um \u00e1rabil seti\u00f0 \u00ed fr\u00e6\u00f0slunefnd sambandsins.\u00a0<\/p><p>\u00c1 \u00feinginu voru fj\u00f6lmargar hei\u00f0ranir \u00e1 vegum UMSK, svo sem \u00ed\u00fer\u00f3ttakarl og \u00ed\u00fer\u00f3ttakona \u00e1rsins og li\u00f0 \u00e1rsins en einnig merki sambandsins. Eitt af \u00feeim hlaut Kristj\u00e1n Gu\u00f0laugsson en hann hlaut silfurmerki \u00cdS\u00cd fyrir sj\u00e1lfbo\u00f0ali\u00f0astarf fyrir Gr\u00f3ttu undanfarna \u00e1ratugi. Kristj\u00e1n var forma\u00f0ur Handknattleiksdeildar Gr\u00f3ttu \u00ed fj\u00f6lm\u00f6rg \u00e1r, l\u00e9k me\u00f0 f\u00e9laginu og hefur sinnt \u00f3metanlegu sj\u00e1lfbo\u00f0ali\u00f0astarfi fyrir handboltann \u00ed Gr\u00f3ttu.<\/p><p>B\u00e6\u00f0i Bjarni Torfi og Kristj\u00e1n hafa hloti\u00f0 gullmerki Gr\u00f3ttu fyrir s\u00edn st\u00f6rf fyrir f\u00e9lagi\u00f0. Undanfarin \u00e1r hafa \u00feeir veri\u00f0 \u00e1 ritarabor\u00f0inu \u00e1 meistaraflokksleikjum Gr\u00f3ttu \u00ed handboltanum.<a href=\"https:\/\/www.facebook.com\/hashtag\/takkstr%C3%A1kar?__eep__=6&amp;__cft__[0]=AZW4RlOULWAp2zWABrcjf-qK7hAVzt1AuJujkyn7mPbud0xqzaPl4H1JqbZiA7Gpw696eczsWeYaicCwl43DSpeDYEuujvcXKeT2ufTdC_pPOEQdfLr9LcN2QmX_JHurYV_-cVoJUoc71Y3V2QMTFl9VtyDsKaejvqBIq-cf-AjNXUDt-w5zOmdtzk-5qkCp-HM&amp;__tn__=*NK-R\">&nbsp;<\/a><\/p><p>\u00c1 \u00e1rs\u00feinginu var einnig veitt gullmerki \u00cdS\u00cd en okkar ma\u00f0ur L\u00e1rus B. L\u00e1russon sem situr b\u00e6\u00f0i \u00ed stj\u00f3rn UMSK og UMF\u00cd hlaut \u00fea\u00f0. L\u00e1rus vann miki\u00f0 og \u00f3eigingjarnt starf fyrir handboltann \u00ed Gr\u00f3ttu \u00e1 s\u00ednum t\u00edma og var \u00ed stj\u00f3rn barna- og unglingar\u00e1\u00f0s handknattleiksdeildar Gr\u00f3ttu um \u00e1rabil.<\/p><p>Vi\u00f0 \u00f3skum okkar f\u00f3lki hjartanlega til hamingju me\u00f0 \u00feessar ver\u00f0skuldu\u00f0u vi\u00f0urkenningar.<\/p><figure class=\"wp-block-image size-large\"><img fetchpriority=\"high\" decoding=\"async\" width=\"1024\" height=\"683\" src=\"https:\/\/grotta.is\/wp-content\/uploads\/2023\/04\/MG_1876-1024x683.jpg\" alt=\"\" class=\"wp-image-420228\" srcset=\"https:\/\/grotta.is\/wp-content\/uploads\/2023\/04\/MG_1876-1024x683.jpg 1024w, https:\/\/grotta.is\/wp-content\/uploads\/2023\/04\/MG_1876-300x200.jpg 300w, https:\/\/grotta.is\/wp-content\/uploads\/2023\/04\/MG_1876-768x512.jpg 768w, https:\/\/grotta.is\/wp-content\/uploads\/2023\/04\/MG_1876-1536x1024.jpg 1536w, https:\/\/grotta.is\/wp-content\/uploads\/2023\/04\/MG_1876-2048x1365.jpg 2048w, https:\/\/grotta.is\/wp-content\/uploads\/2023\/04\/MG_1876-18x12.jpg 18w, https:\/\/grotta.is\/wp-content\/uploads\/2023\/04\/MG_1876-600x400.jpg 600w\" sizes=\"(max-width: 1024px) 100vw, 1024px\" \/><figcaption class=\"wp-element-caption\">kristj\u00e1n Gu\u00f0laugsson f\u00e9kk silfurmerki \u00cdS\u00cd<\/figcaption><\/figure><figure class=\"wp-block-image size-large\"><img decoding=\"async\" width=\"1024\" height=\"683\" data-src=\"https:\/\/grotta.is\/wp-content\/uploads\/2023\/04\/MG_1899-1024x683.jpg\" alt=\"\" class=\"wp-image-420230 lazyload\" data-srcset=\"https:\/\/grotta.is\/wp-content\/uploads\/2023\/04\/MG_1899-1024x683.jpg 1024w, https:\/\/grotta.is\/wp-content\/uploads\/2023\/04\/MG_1899-300x200.jpg 300w, https:\/\/grotta.is\/wp-content\/uploads\/2023\/04\/MG_1899-768x512.jpg 768w, https:\/\/grotta.is\/wp-content\/uploads\/2023\/04\/MG_1899-1536x1024.jpg 1536w, https:\/\/grotta.is\/wp-content\/uploads\/2023\/04\/MG_1899-2048x1365.jpg 2048w, https:\/\/grotta.is\/wp-content\/uploads\/2023\/04\/MG_1899-18x12.jpg 18w, https:\/\/grotta.is\/wp-content\/uploads\/2023\/04\/MG_1899-600x400.jpg 600w\" data-sizes=\"(max-width: 1024px) 100vw, 1024px\" src=\"data:image\/gif;base64,R0lGODlhAQABAAAAACH5BAEKAAEALAAAAAABAAEAAAICTAEAOw==\" style=\"--smush-placeholder-width: 1024px; --smush-placeholder-aspect-ratio: 1024\/683;\" \/><figcaption class=\"wp-element-caption\">L\u00e1rus B. L\u00e1russon \u00e1samt g\u00f3\u00f0u f\u00f3lki \u00e1 a\u00f0alfundi UMSK<\/figcaption><\/figure>","protected":false},"excerpt":{"rendered":"<p>\u00c1 fimmtudaginn f\u00f3r fram \u00e1rs\u00feing UMSK \u00ed veislusal Golfkl\u00fabbsins Odds.\u00a0 \u00deingi\u00f0 var vel s\u00f3tt. J\u00f3hann Steinar Ingimundarson forma\u00f0ur UMF\u00cd veitti fj\u00f3rum sj\u00e1lfbo\u00f0ali\u00f0um sambandsins starfsmerki UMF\u00cd og tv\u00f6 af \u00feeim fengu [&hellip;]<\/p>","protected":false},"author":2,"featured_media":420227,"comment_status":"closed","ping_status":"closed","sticky":false,"template":"","format":"standard","meta":{"footnotes":""},"categories":[4],"tags":[],"class_list":["post-420231","post","type-post","status-publish","format-standard","has-post-thumbnail","hentry","category-almennt"],"yoast_head":"<!-- This site is optimized with the Yoast SEO plugin v24.3 - https:\/\/yoast.com\/wordpress\/plugins\/seo\/ -->\n<title>Fj\u00f6gur f\u00e1 vi\u00f0urkenningar \u00e1 \u00e1rs\u00feingi UMSK - \u00cd\u00fer\u00f3ttaf\u00e9lagi\u00f0 Gr\u00f3tta<\/title>\n<meta name=\"robots\" content=\"index, follow, max-snippet:-1, max-image-preview:large, max-video-preview:-1\" \/>\n<link rel=\"canonical\" href=\"https:\/\/grotta.is\/en\/almennt\/fjogur-fa-vidurkenningar-a-arsthingi-umsk\/\" \/>\n<meta property=\"og:locale\" content=\"en_US\" \/>\n<meta property=\"og:type\" content=\"article\" \/>\n<meta property=\"og:title\" content=\"Fj\u00f6gur f\u00e1 vi\u00f0urkenningar \u00e1 \u00e1rs\u00feingi UMSK - \u00cd\u00fer\u00f3ttaf\u00e9lagi\u00f0 Gr\u00f3tta\" \/>\n<meta property=\"og:description\" content=\"\u00c1 fimmtudaginn f\u00f3r fram \u00e1rs\u00feing UMSK \u00ed veislusal Golfkl\u00fabbsins Odds.\u00a0 \u00deingi\u00f0 var vel s\u00f3tt. J\u00f3hann Steinar Ingimundarson forma\u00f0ur UMF\u00cd veitti fj\u00f3rum sj\u00e1lfbo\u00f0ali\u00f0um sambandsins starfsmerki UMF\u00cd og tv\u00f6 af \u00feeim fengu [&hellip;]\" \/>\n<meta property=\"og:url\" content=\"https:\/\/grotta.is\/en\/almennt\/fjogur-fa-vidurkenningar-a-arsthingi-umsk\/\" \/>\n<meta property=\"og:site_name\" content=\"\u00cd\u00fer\u00f3ttaf\u00e9lagi\u00f0 Gr\u00f3tta\" \/>\n<meta property=\"article:publisher\" content=\"https:\/\/www.facebook.com\/grottasport\" \/>\n<meta property=\"article:published_time\" content=\"2023-04-03T18:05:46+00:00\" \/>\n<meta property=\"article:modified_time\" content=\"2023-04-04T09:18:52+00:00\" \/>\n<meta property=\"og:image\" content=\"https:\/\/grotta.is\/wp-content\/uploads\/2023\/04\/MG_1822-scaled.jpg\" \/>\n\t<meta property=\"og:image:width\" content=\"2560\" \/>\n\t<meta property=\"og:image:height\" content=\"1707\" \/>\n\t<meta property=\"og:image:type\" content=\"image\/jpeg\" \/>\n<meta name=\"author\" content=\"Grotta\" \/>\n<meta name=\"twitter:card\" content=\"summary_large_image\" \/>\n<meta name=\"twitter:label1\" content=\"Written by\" \/>\n\t<meta name=\"twitter:data1\" content=\"Grotta\" \/>\n\t<meta name=\"twitter:label2\" content=\"Est. reading time\" \/>\n\t<meta name=\"twitter:data2\" content=\"2 minutes\" \/>\n<script type=\"application\/ld+json\" class=\"yoast-schema-graph\">{\"@context\":\"https:\/\/schema.org\",\"@graph\":[{\"@type\":\"Article\",\"@id\":\"https:\/\/grotta.is\/almennt\/fjogur-fa-vidurkenningar-a-arsthingi-umsk\/#article\",\"isPartOf\":{\"@id\":\"https:\/\/grotta.is\/almennt\/fjogur-fa-vidurkenningar-a-arsthingi-umsk\/\"},\"author\":{\"name\":\"Grotta\",\"@id\":\"https:\/\/grotta.is\/#\/schema\/person\/08ec57bf09ee925f1b6a01540c14a5ce\"},\"headline\":\"Fj\u00f6gur f\u00e1 vi\u00f0urkenningar \u00e1 \u00e1rs\u00feingi UMSK\",\"datePublished\":\"2023-04-03T18:05:46+00:00\",\"dateModified\":\"2023-04-04T09:18:52+00:00\",\"mainEntityOfPage\":{\"@id\":\"https:\/\/grotta.is\/almennt\/fjogur-fa-vidurkenningar-a-arsthingi-umsk\/\"},\"wordCount\":341,\"publisher\":{\"@id\":\"https:\/\/grotta.is\/#organization\"},\"image\":{\"@id\":\"https:\/\/grotta.is\/almennt\/fjogur-fa-vidurkenningar-a-arsthingi-umsk\/#primaryimage\"},\"thumbnailUrl\":\"https:\/\/grotta.is\/wp-content\/uploads\/2023\/04\/MG_1822-scaled.jpg\",\"articleSection\":[\"Almennt\"],\"inLanguage\":\"en-US\"},{\"@type\":\"WebPage\",\"@id\":\"https:\/\/grotta.is\/almennt\/fjogur-fa-vidurkenningar-a-arsthingi-umsk\/\",\"url\":\"https:\/\/grotta.is\/almennt\/fjogur-fa-vidurkenningar-a-arsthingi-umsk\/\",\"name\":\"Fj\u00f6gur f\u00e1 vi\u00f0urkenningar \u00e1 \u00e1rs\u00feingi UMSK - \u00cd\u00fer\u00f3ttaf\u00e9lagi\u00f0 Gr\u00f3tta\",\"isPartOf\":{\"@id\":\"https:\/\/grotta.is\/#website\"},\"primaryImageOfPage\":{\"@id\":\"https:\/\/grotta.is\/almennt\/fjogur-fa-vidurkenningar-a-arsthingi-umsk\/#primaryimage\"},\"image\":{\"@id\":\"https:\/\/grotta.is\/almennt\/fjogur-fa-vidurkenningar-a-arsthingi-umsk\/#primaryimage\"},\"thumbnailUrl\":\"https:\/\/grotta.is\/wp-content\/uploads\/2023\/04\/MG_1822-scaled.jpg\",\"datePublished\":\"2023-04-03T18:05:46+00:00\",\"dateModified\":\"2023-04-04T09:18:52+00:00\",\"breadcrumb\":{\"@id\":\"https:\/\/grotta.is\/almennt\/fjogur-fa-vidurkenningar-a-arsthingi-umsk\/#breadcrumb\"},\"inLanguage\":\"en-US\",\"potentialAction\":[{\"@type\":\"ReadAction\",\"target\":[\"https:\/\/grotta.is\/almennt\/fjogur-fa-vidurkenningar-a-arsthingi-umsk\/\"]}]},{\"@type\":\"ImageObject\",\"inLanguage\":\"en-US\",\"@id\":\"https:\/\/grotta.is\/almennt\/fjogur-fa-vidurkenningar-a-arsthingi-umsk\/#primaryimage\",\"url\":\"https:\/\/grotta.is\/wp-content\/uploads\/2023\/04\/MG_1822-scaled.jpg\",\"contentUrl\":\"https:\/\/grotta.is\/wp-content\/uploads\/2023\/04\/MG_1822-scaled.jpg\",\"width\":2560,\"height\":1707},{\"@type\":\"BreadcrumbList\",\"@id\":\"https:\/\/grotta.is\/almennt\/fjogur-fa-vidurkenningar-a-arsthingi-umsk\/#breadcrumb\",\"itemListElement\":[{\"@type\":\"ListItem\",\"position\":1,\"name\":\"Home\",\"item\":\"https:\/\/grotta.is\/\"},{\"@type\":\"ListItem\",\"position\":2,\"name\":\"Fj\u00f6gur f\u00e1 vi\u00f0urkenningar \u00e1 \u00e1rs\u00feingi UMSK\"}]},{\"@type\":\"WebSite\",\"@id\":\"https:\/\/grotta.is\/#website\",\"url\":\"https:\/\/grotta.is\/\",\"name\":\"\u00cd\u00fer\u00f3ttaf\u00e9lagi\u00f0 Gr\u00f3tta\",\"description\":\"\u00e1 Seltjarnarnesi\",\"publisher\":{\"@id\":\"https:\/\/grotta.is\/#organization\"},\"potentialAction\":[{\"@type\":\"SearchAction\",\"target\":{\"@type\":\"EntryPoint\",\"urlTemplate\":\"https:\/\/grotta.is\/?s={search_term_string}\"},\"query-input\":{\"@type\":\"PropertyValueSpecification\",\"valueRequired\":true,\"valueName\":\"search_term_string\"}}],\"inLanguage\":\"en-US\"},{\"@type\":\"Organization\",\"@id\":\"https:\/\/grotta.is\/#organization\",\"name\":\"\u00cd\u00fer\u00f3ttaf\u00e9lagi\u00f0 Gr\u00f3tta\",\"url\":\"https:\/\/grotta.is\/\",\"logo\":{\"@type\":\"ImageObject\",\"inLanguage\":\"en-US\",\"@id\":\"https:\/\/grotta.is\/#\/schema\/logo\/image\/\",\"url\":\"https:\/\/grotta.is\/wp-content\/uploads\/2020\/02\/ithrottafelagidgrotta_logo_512x512_transparent.png\",\"contentUrl\":\"https:\/\/grotta.is\/wp-content\/uploads\/2020\/02\/ithrottafelagidgrotta_logo_512x512_transparent.png\",\"width\":512,\"height\":512,\"caption\":\"\u00cd\u00fer\u00f3ttaf\u00e9lagi\u00f0 Gr\u00f3tta\"},\"image\":{\"@id\":\"https:\/\/grotta.is\/#\/schema\/logo\/image\/\"},\"sameAs\":[\"https:\/\/www.facebook.com\/grottasport\"]},{\"@type\":\"Person\",\"@id\":\"https:\/\/grotta.is\/#\/schema\/person\/08ec57bf09ee925f1b6a01540c14a5ce\",\"name\":\"Grotta\",\"url\":\"https:\/\/grotta.is\/en\/author\/inga\/\"}]}<\/script>\n<!-- \/ Yoast SEO plugin. -->","yoast_head_json":{"title":"Fj\u00f6gur f\u00e1 vi\u00f0urkenningar \u00e1 \u00e1rs\u00feingi UMSK - \u00cd\u00fer\u00f3ttaf\u00e9lagi\u00f0 Gr\u00f3tta","robots":{"index":"index","follow":"follow","max-snippet":"max-snippet:-1","max-image-preview":"max-image-preview:large","max-video-preview":"max-video-preview:-1"},"canonical":"https:\/\/grotta.is\/en\/almennt\/fjogur-fa-vidurkenningar-a-arsthingi-umsk\/","og_locale":"en_US","og_type":"article","og_title":"Fj\u00f6gur f\u00e1 vi\u00f0urkenningar \u00e1 \u00e1rs\u00feingi UMSK - \u00cd\u00fer\u00f3ttaf\u00e9lagi\u00f0 Gr\u00f3tta","og_description":"\u00c1 fimmtudaginn f\u00f3r fram \u00e1rs\u00feing UMSK \u00ed veislusal Golfkl\u00fabbsins Odds.\u00a0 \u00deingi\u00f0 var vel s\u00f3tt. J\u00f3hann Steinar Ingimundarson forma\u00f0ur UMF\u00cd veitti fj\u00f3rum sj\u00e1lfbo\u00f0ali\u00f0um sambandsins starfsmerki UMF\u00cd og tv\u00f6 af \u00feeim fengu [&hellip;]","og_url":"https:\/\/grotta.is\/en\/almennt\/fjogur-fa-vidurkenningar-a-arsthingi-umsk\/","og_site_name":"\u00cd\u00fer\u00f3ttaf\u00e9lagi\u00f0 Gr\u00f3tta","article_publisher":"https:\/\/www.facebook.com\/grottasport","article_published_time":"2023-04-03T18:05:46+00:00","article_modified_time":"2023-04-04T09:18:52+00:00","og_image":[{"width":2560,"height":1707,"url":"https:\/\/grotta.is\/wp-content\/uploads\/2023\/04\/MG_1822-scaled.jpg","type":"image\/jpeg"}],"author":"Grotta","twitter_card":"summary_large_image","twitter_misc":{"Written by":"Grotta","Est. reading time":"2 minutes"},"schema":{"@context":"https:\/\/schema.org","@graph":[{"@type":"Article","@id":"https:\/\/grotta.is\/almennt\/fjogur-fa-vidurkenningar-a-arsthingi-umsk\/#article","isPartOf":{"@id":"https:\/\/grotta.is\/almennt\/fjogur-fa-vidurkenningar-a-arsthingi-umsk\/"},"author":{"name":"Grotta","@id":"https:\/\/grotta.is\/#\/schema\/person\/08ec57bf09ee925f1b6a01540c14a5ce"},"headline":"Fj\u00f6gur f\u00e1 vi\u00f0urkenningar \u00e1 \u00e1rs\u00feingi UMSK","datePublished":"2023-04-03T18:05:46+00:00","dateModified":"2023-04-04T09:18:52+00:00","mainEntityOfPage":{"@id":"https:\/\/grotta.is\/almennt\/fjogur-fa-vidurkenningar-a-arsthingi-umsk\/"},"wordCount":341,"publisher":{"@id":"https:\/\/grotta.is\/#organization"},"image":{"@id":"https:\/\/grotta.is\/almennt\/fjogur-fa-vidurkenningar-a-arsthingi-umsk\/#primaryimage"},"thumbnailUrl":"https:\/\/grotta.is\/wp-content\/uploads\/2023\/04\/MG_1822-scaled.jpg","articleSection":["Almennt"],"inLanguage":"en-US"},{"@type":"WebPage","@id":"https:\/\/grotta.is\/almennt\/fjogur-fa-vidurkenningar-a-arsthingi-umsk\/","url":"https:\/\/grotta.is\/almennt\/fjogur-fa-vidurkenningar-a-arsthingi-umsk\/","name":"Fj\u00f6gur f\u00e1 vi\u00f0urkenningar \u00e1 \u00e1rs\u00feingi UMSK - \u00cd\u00fer\u00f3ttaf\u00e9lagi\u00f0 Gr\u00f3tta","isPartOf":{"@id":"https:\/\/grotta.is\/#website"},"primaryImageOfPage":{"@id":"https:\/\/grotta.is\/almennt\/fjogur-fa-vidurkenningar-a-arsthingi-umsk\/#primaryimage"},"image":{"@id":"https:\/\/grotta.is\/almennt\/fjogur-fa-vidurkenningar-a-arsthingi-umsk\/#primaryimage"},"thumbnailUrl":"https:\/\/grotta.is\/wp-content\/uploads\/2023\/04\/MG_1822-scaled.jpg","datePublished":"2023-04-03T18:05:46+00:00","dateModified":"2023-04-04T09:18:52+00:00","breadcrumb":{"@id":"https:\/\/grotta.is\/almennt\/fjogur-fa-vidurkenningar-a-arsthingi-umsk\/#breadcrumb"},"inLanguage":"en-US","potentialAction":[{"@type":"ReadAction","target":["https:\/\/grotta.is\/almennt\/fjogur-fa-vidurkenningar-a-arsthingi-umsk\/"]}]},{"@type":"ImageObject","inLanguage":"en-US","@id":"https:\/\/grotta.is\/almennt\/fjogur-fa-vidurkenningar-a-arsthingi-umsk\/#primaryimage","url":"https:\/\/grotta.is\/wp-content\/uploads\/2023\/04\/MG_1822-scaled.jpg","contentUrl":"https:\/\/grotta.is\/wp-content\/uploads\/2023\/04\/MG_1822-scaled.jpg","width":2560,"height":1707},{"@type":"BreadcrumbList","@id":"https:\/\/grotta.is\/almennt\/fjogur-fa-vidurkenningar-a-arsthingi-umsk\/#breadcrumb","itemListElement":[{"@type":"ListItem","position":1,"name":"Home","item":"https:\/\/grotta.is\/"},{"@type":"ListItem","position":2,"name":"Fj\u00f6gur f\u00e1 vi\u00f0urkenningar \u00e1 \u00e1rs\u00feingi UMSK"}]},{"@type":"WebSite","@id":"https:\/\/grotta.is\/#website","url":"https:\/\/grotta.is\/","name":"\u00cd\u00fer\u00f3ttaf\u00e9lagi\u00f0 Gr\u00f3tta","description":"\u00e1 Seltjarnarnesi","publisher":{"@id":"https:\/\/grotta.is\/#organization"},"potentialAction":[{"@type":"SearchAction","target":{"@type":"EntryPoint","urlTemplate":"https:\/\/grotta.is\/?s={search_term_string}"},"query-input":{"@type":"PropertyValueSpecification","valueRequired":true,"valueName":"search_term_string"}}],"inLanguage":"en-US"},{"@type":"Organization","@id":"https:\/\/grotta.is\/#organization","name":"\u00cd\u00fer\u00f3ttaf\u00e9lagi\u00f0 Gr\u00f3tta","url":"https:\/\/grotta.is\/","logo":{"@type":"ImageObject","inLanguage":"en-US","@id":"https:\/\/grotta.is\/#\/schema\/logo\/image\/","url":"https:\/\/grotta.is\/wp-content\/uploads\/2020\/02\/ithrottafelagidgrotta_logo_512x512_transparent.png","contentUrl":"https:\/\/grotta.is\/wp-content\/uploads\/2020\/02\/ithrottafelagidgrotta_logo_512x512_transparent.png","width":512,"height":512,"caption":"\u00cd\u00fer\u00f3ttaf\u00e9lagi\u00f0 Gr\u00f3tta"},"image":{"@id":"https:\/\/grotta.is\/#\/schema\/logo\/image\/"},"sameAs":["https:\/\/www.facebook.com\/grottasport"]},{"@type":"Person","@id":"https:\/\/grotta.is\/#\/schema\/person\/08ec57bf09ee925f1b6a01540c14a5ce","name":"Grotta","url":"https:\/\/grotta.is\/en\/author\/inga\/"}]}},"_links":{"self":[{"href":"https:\/\/grotta.is\/en\/wp-json\/wp\/v2\/posts\/420231","targetHints":{"allow":["GET"]}}],"collection":[{"href":"https:\/\/grotta.is\/en\/wp-json\/wp\/v2\/posts"}],"about":[{"href":"https:\/\/grotta.is\/en\/wp-json\/wp\/v2\/types\/post"}],"author":[{"embeddable":true,"href":"https:\/\/grotta.is\/en\/wp-json\/wp\/v2\/users\/2"}],"replies":[{"embeddable":true,"href":"https:\/\/grotta.is\/en\/wp-json\/wp\/v2\/comments?post=420231"}],"version-history":[{"count":3,"href":"https:\/\/grotta.is\/en\/wp-json\/wp\/v2\/posts\/420231\/revisions"}],"predecessor-version":[{"id":420241,"href":"https:\/\/grotta.is\/en\/wp-json\/wp\/v2\/posts\/420231\/revisions\/420241"}],"wp:featuredmedia":[{"embeddable":true,"href":"https:\/\/grotta.is\/en\/wp-json\/wp\/v2\/media\/420227"}],"wp:attachment":[{"href":"https:\/\/grotta.is\/en\/wp-json\/wp\/v2\/media?parent=420231"}],"wp:term":[{"taxonomy":"category","embeddable":true,"href":"https:\/\/grotta.is\/en\/wp-json\/wp\/v2\/categories?post=420231"},{"taxonomy":"post_tag","embeddable":true,"href":"https:\/\/grotta.is\/en\/wp-json\/wp\/v2\/tags?post=420231"}],"curies":[{"name":"wp","href":"https:\/\/api.w.org\/{rel}","templated":true}]}}