{"id":419157,"date":"2023-03-27T19:26:35","date_gmt":"2023-03-27T19:26:35","guid":{"rendered":"https:\/\/grotta.is\/?p=419157"},"modified":"2023-03-27T19:26:46","modified_gmt":"2023-03-27T19:26:46","slug":"ida-semur-vid-grottu","status":"publish","type":"post","link":"https:\/\/grotta.is\/en\/handknattleiksdeild\/ida-semur-vid-grottu\/","title":{"rendered":"\u00cdda semur vi\u00f0 Gr\u00f3ttu"},"content":{"rendered":"<p>\u00cdda Margr\u00e9t Stef\u00e1nsd\u00f3ttir hefur skrifa\u00f0 undir \u00feriggja \u00e1ra samning vi\u00f0 Handknattleiksdeild Gr\u00f3ttu. \u00cdda Margr\u00e9t hefur veri\u00f0 \u00e1 l\u00e1ni hj\u00e1 okkur fr\u00e1 Val \u00ed vetur en skiptir n\u00fa varanlega yfir til Gr\u00f3ttu.<\/p><p>\u00cdda er 21 \u00e1rs g\u00f6mul og leikur sem vinstri skytta. H\u00fan hefur komi\u00f0 eins og stormsveipur inn \u00ed Gr\u00f3ttuli\u00f0i\u00f0 og leikur lykilhlutverk me\u00f0 li\u00f0inu \u00e1 b\u00e1\u00f0um endum vallarins. \u00cdda hefur skora\u00f0 89 m\u00f6rk fyrir f\u00e9lagi\u00f0 \u00ed vetur.<\/p><p>\u201e\u00dea\u00f0 <a><\/a>eru mikil gle\u00f0it\u00ed\u00f0indi a\u00f0 \u00cdda semji vi\u00f0 okkur til \u00feriggja \u00e1ra. H\u00fan er gr\u00ed\u00f0arlega \u00f6flug skytta. \u00dea\u00f0 eru miklar vonir bundnar vi\u00f0 a\u00f0 h\u00fan eigi eftir dafna enn frekar sem leikma\u00f0ur \u00e1 n\u00e6stu misserum og hj\u00e1lpa li\u00f0inu a\u00f0 tryggja sig me\u00f0al bestu li\u00f0a landsins\u201c, sag\u00f0i Sigurj\u00f3n Fri\u00f0bj\u00f6rn Bj\u00f6rnsson \u00fej\u00e1lfari li\u00f0sins vi\u00f0 undirritunina.<\/p><p>\u00c1 n\u00e6stu d\u00f6gum m\u00e1 b\u00faast vi\u00f0 frekari fr\u00e9ttum af leikmannam\u00e1lum li\u00f0sins.<\/p><p>Mynd: Eyj\u00f3lfur Gar\u00f0arsson<\/p>","protected":false},"excerpt":{"rendered":"<p>\u00cdda Margr\u00e9t Stef\u00e1nsd\u00f3ttir hefur skrifa\u00f0 undir \u00feriggja \u00e1ra samning vi\u00f0 Handknattleiksdeild Gr\u00f3ttu. \u00cdda Margr\u00e9t hefur veri\u00f0 \u00e1 l\u00e1ni hj\u00e1 okkur fr\u00e1 Val \u00ed vetur en skiptir n\u00fa varanlega yfir til [&hellip;]<\/p>","protected":false},"author":10,"featured_media":419159,"comment_status":"closed","ping_status":"closed","sticky":false,"template":"","format":"standard","meta":{"footnotes":""},"categories":[12],"tags":[],"class_list":["post-419157","post","type-post","status-publish","format-standard","has-post-thumbnail","hentry","category-handknattleiksdeild"],"yoast_head":"<!-- This site is optimized with the Yoast SEO plugin v24.3 - https:\/\/yoast.com\/wordpress\/plugins\/seo\/ -->\n<title>\u00cdda semur vi\u00f0 Gr\u00f3ttu - \u00cd\u00fer\u00f3ttaf\u00e9lagi\u00f0 Gr\u00f3tta<\/title>\n<meta name=\"robots\" content=\"index, follow, max-snippet:-1, max-image-preview:large, max-video-preview:-1\" \/>\n<link rel=\"canonical\" href=\"https:\/\/grotta.is\/en\/handknattleiksdeild\/ida-semur-vid-grottu\/\" \/>\n<meta property=\"og:locale\" content=\"en_US\" \/>\n<meta property=\"og:type\" content=\"article\" \/>\n<meta property=\"og:title\" content=\"\u00cdda semur vi\u00f0 Gr\u00f3ttu - \u00cd\u00fer\u00f3ttaf\u00e9lagi\u00f0 Gr\u00f3tta\" \/>\n<meta property=\"og:description\" content=\"\u00cdda Margr\u00e9t Stef\u00e1nsd\u00f3ttir hefur skrifa\u00f0 undir \u00feriggja \u00e1ra samning vi\u00f0 Handknattleiksdeild Gr\u00f3ttu. \u00cdda Margr\u00e9t hefur veri\u00f0 \u00e1 l\u00e1ni hj\u00e1 okkur fr\u00e1 Val \u00ed vetur en skiptir n\u00fa varanlega yfir til [&hellip;]\" \/>\n<meta property=\"og:url\" content=\"https:\/\/grotta.is\/en\/handknattleiksdeild\/ida-semur-vid-grottu\/\" \/>\n<meta property=\"og:site_name\" content=\"\u00cd\u00fer\u00f3ttaf\u00e9lagi\u00f0 Gr\u00f3tta\" \/>\n<meta property=\"article:publisher\" content=\"https:\/\/www.facebook.com\/grottasport\" \/>\n<meta property=\"article:published_time\" content=\"2023-03-27T19:26:35+00:00\" \/>\n<meta property=\"article:modified_time\" content=\"2023-03-27T19:26:46+00:00\" \/>\n<meta property=\"og:image\" content=\"https:\/\/grotta.is\/wp-content\/uploads\/2023\/03\/1DX27310-scaled.jpg\" \/>\n\t<meta property=\"og:image:width\" content=\"2560\" \/>\n\t<meta property=\"og:image:height\" content=\"1432\" \/>\n\t<meta property=\"og:image:type\" content=\"image\/jpeg\" \/>\n<meta name=\"author\" content=\"Andri Sigf\u00fasson\" \/>\n<meta name=\"twitter:card\" content=\"summary_large_image\" \/>\n<meta name=\"twitter:label1\" content=\"Written by\" \/>\n\t<meta name=\"twitter:data1\" content=\"Andri Sigf\u00fasson\" \/>\n\t<meta name=\"twitter:label2\" content=\"Est. reading time\" \/>\n\t<meta name=\"twitter:data2\" content=\"1 minute\" \/>\n<script type=\"application\/ld+json\" class=\"yoast-schema-graph\">{\"@context\":\"https:\/\/schema.org\",\"@graph\":[{\"@type\":\"Article\",\"@id\":\"https:\/\/grotta.is\/handknattleiksdeild\/ida-semur-vid-grottu\/#article\",\"isPartOf\":{\"@id\":\"https:\/\/grotta.is\/handknattleiksdeild\/ida-semur-vid-grottu\/\"},\"author\":{\"name\":\"Andri Sigf\u00fasson\",\"@id\":\"https:\/\/grotta.is\/#\/schema\/person\/b21e9d5dfd92c90211e343e8d7252b1c\"},\"headline\":\"\u00cdda semur vi\u00f0 Gr\u00f3ttu\",\"datePublished\":\"2023-03-27T19:26:35+00:00\",\"dateModified\":\"2023-03-27T19:26:46+00:00\",\"mainEntityOfPage\":{\"@id\":\"https:\/\/grotta.is\/handknattleiksdeild\/ida-semur-vid-grottu\/\"},\"wordCount\":172,\"publisher\":{\"@id\":\"https:\/\/grotta.is\/#organization\"},\"image\":{\"@id\":\"https:\/\/grotta.is\/handknattleiksdeild\/ida-semur-vid-grottu\/#primaryimage\"},\"thumbnailUrl\":\"https:\/\/grotta.is\/wp-content\/uploads\/2023\/03\/1DX27310-scaled.jpg\",\"articleSection\":[\"Handknattleiksdeild\"],\"inLanguage\":\"en-US\"},{\"@type\":\"WebPage\",\"@id\":\"https:\/\/grotta.is\/handknattleiksdeild\/ida-semur-vid-grottu\/\",\"url\":\"https:\/\/grotta.is\/handknattleiksdeild\/ida-semur-vid-grottu\/\",\"name\":\"\u00cdda semur vi\u00f0 Gr\u00f3ttu - \u00cd\u00fer\u00f3ttaf\u00e9lagi\u00f0 Gr\u00f3tta\",\"isPartOf\":{\"@id\":\"https:\/\/grotta.is\/#website\"},\"primaryImageOfPage\":{\"@id\":\"https:\/\/grotta.is\/handknattleiksdeild\/ida-semur-vid-grottu\/#primaryimage\"},\"image\":{\"@id\":\"https:\/\/grotta.is\/handknattleiksdeild\/ida-semur-vid-grottu\/#primaryimage\"},\"thumbnailUrl\":\"https:\/\/grotta.is\/wp-content\/uploads\/2023\/03\/1DX27310-scaled.jpg\",\"datePublished\":\"2023-03-27T19:26:35+00:00\",\"dateModified\":\"2023-03-27T19:26:46+00:00\",\"breadcrumb\":{\"@id\":\"https:\/\/grotta.is\/handknattleiksdeild\/ida-semur-vid-grottu\/#breadcrumb\"},\"inLanguage\":\"en-US\",\"potentialAction\":[{\"@type\":\"ReadAction\",\"target\":[\"https:\/\/grotta.is\/handknattleiksdeild\/ida-semur-vid-grottu\/\"]}]},{\"@type\":\"ImageObject\",\"inLanguage\":\"en-US\",\"@id\":\"https:\/\/grotta.is\/handknattleiksdeild\/ida-semur-vid-grottu\/#primaryimage\",\"url\":\"https:\/\/grotta.is\/wp-content\/uploads\/2023\/03\/1DX27310-scaled.jpg\",\"contentUrl\":\"https:\/\/grotta.is\/wp-content\/uploads\/2023\/03\/1DX27310-scaled.jpg\",\"width\":2560,\"height\":1432},{\"@type\":\"BreadcrumbList\",\"@id\":\"https:\/\/grotta.is\/handknattleiksdeild\/ida-semur-vid-grottu\/#breadcrumb\",\"itemListElement\":[{\"@type\":\"ListItem\",\"position\":1,\"name\":\"Home\",\"item\":\"https:\/\/grotta.is\/\"},{\"@type\":\"ListItem\",\"position\":2,\"name\":\"\u00cdda semur vi\u00f0 Gr\u00f3ttu\"}]},{\"@type\":\"WebSite\",\"@id\":\"https:\/\/grotta.is\/#website\",\"url\":\"https:\/\/grotta.is\/\",\"name\":\"\u00cd\u00fer\u00f3ttaf\u00e9lagi\u00f0 Gr\u00f3tta\",\"description\":\"\u00e1 Seltjarnarnesi\",\"publisher\":{\"@id\":\"https:\/\/grotta.is\/#organization\"},\"potentialAction\":[{\"@type\":\"SearchAction\",\"target\":{\"@type\":\"EntryPoint\",\"urlTemplate\":\"https:\/\/grotta.is\/?s={search_term_string}\"},\"query-input\":{\"@type\":\"PropertyValueSpecification\",\"valueRequired\":true,\"valueName\":\"search_term_string\"}}],\"inLanguage\":\"en-US\"},{\"@type\":\"Organization\",\"@id\":\"https:\/\/grotta.is\/#organization\",\"name\":\"\u00cd\u00fer\u00f3ttaf\u00e9lagi\u00f0 Gr\u00f3tta\",\"url\":\"https:\/\/grotta.is\/\",\"logo\":{\"@type\":\"ImageObject\",\"inLanguage\":\"en-US\",\"@id\":\"https:\/\/grotta.is\/#\/schema\/logo\/image\/\",\"url\":\"https:\/\/grotta.is\/wp-content\/uploads\/2020\/02\/ithrottafelagidgrotta_logo_512x512_transparent.png\",\"contentUrl\":\"https:\/\/grotta.is\/wp-content\/uploads\/2020\/02\/ithrottafelagidgrotta_logo_512x512_transparent.png\",\"width\":512,\"height\":512,\"caption\":\"\u00cd\u00fer\u00f3ttaf\u00e9lagi\u00f0 Gr\u00f3tta\"},\"image\":{\"@id\":\"https:\/\/grotta.is\/#\/schema\/logo\/image\/\"},\"sameAs\":[\"https:\/\/www.facebook.com\/grottasport\"]},{\"@type\":\"Person\",\"@id\":\"https:\/\/grotta.is\/#\/schema\/person\/b21e9d5dfd92c90211e343e8d7252b1c\",\"name\":\"Andri Sigf\u00fasson\",\"url\":\"https:\/\/grotta.is\/en\/author\/andri\/\"}]}<\/script>\n<!-- \/ Yoast SEO plugin. -->","yoast_head_json":{"title":"\u00cdda semur vi\u00f0 Gr\u00f3ttu - \u00cd\u00fer\u00f3ttaf\u00e9lagi\u00f0 Gr\u00f3tta","robots":{"index":"index","follow":"follow","max-snippet":"max-snippet:-1","max-image-preview":"max-image-preview:large","max-video-preview":"max-video-preview:-1"},"canonical":"https:\/\/grotta.is\/en\/handknattleiksdeild\/ida-semur-vid-grottu\/","og_locale":"en_US","og_type":"article","og_title":"\u00cdda semur vi\u00f0 Gr\u00f3ttu - \u00cd\u00fer\u00f3ttaf\u00e9lagi\u00f0 Gr\u00f3tta","og_description":"\u00cdda Margr\u00e9t Stef\u00e1nsd\u00f3ttir hefur skrifa\u00f0 undir \u00feriggja \u00e1ra samning vi\u00f0 Handknattleiksdeild Gr\u00f3ttu. \u00cdda Margr\u00e9t hefur veri\u00f0 \u00e1 l\u00e1ni hj\u00e1 okkur fr\u00e1 Val \u00ed vetur en skiptir n\u00fa varanlega yfir til [&hellip;]","og_url":"https:\/\/grotta.is\/en\/handknattleiksdeild\/ida-semur-vid-grottu\/","og_site_name":"\u00cd\u00fer\u00f3ttaf\u00e9lagi\u00f0 Gr\u00f3tta","article_publisher":"https:\/\/www.facebook.com\/grottasport","article_published_time":"2023-03-27T19:26:35+00:00","article_modified_time":"2023-03-27T19:26:46+00:00","og_image":[{"width":2560,"height":1432,"url":"https:\/\/grotta.is\/wp-content\/uploads\/2023\/03\/1DX27310-scaled.jpg","type":"image\/jpeg"}],"author":"Andri Sigf\u00fasson","twitter_card":"summary_large_image","twitter_misc":{"Written by":"Andri Sigf\u00fasson","Est. reading time":"1 minute"},"schema":{"@context":"https:\/\/schema.org","@graph":[{"@type":"Article","@id":"https:\/\/grotta.is\/handknattleiksdeild\/ida-semur-vid-grottu\/#article","isPartOf":{"@id":"https:\/\/grotta.is\/handknattleiksdeild\/ida-semur-vid-grottu\/"},"author":{"name":"Andri Sigf\u00fasson","@id":"https:\/\/grotta.is\/#\/schema\/person\/b21e9d5dfd92c90211e343e8d7252b1c"},"headline":"\u00cdda semur vi\u00f0 Gr\u00f3ttu","datePublished":"2023-03-27T19:26:35+00:00","dateModified":"2023-03-27T19:26:46+00:00","mainEntityOfPage":{"@id":"https:\/\/grotta.is\/handknattleiksdeild\/ida-semur-vid-grottu\/"},"wordCount":172,"publisher":{"@id":"https:\/\/grotta.is\/#organization"},"image":{"@id":"https:\/\/grotta.is\/handknattleiksdeild\/ida-semur-vid-grottu\/#primaryimage"},"thumbnailUrl":"https:\/\/grotta.is\/wp-content\/uploads\/2023\/03\/1DX27310-scaled.jpg","articleSection":["Handknattleiksdeild"],"inLanguage":"en-US"},{"@type":"WebPage","@id":"https:\/\/grotta.is\/handknattleiksdeild\/ida-semur-vid-grottu\/","url":"https:\/\/grotta.is\/handknattleiksdeild\/ida-semur-vid-grottu\/","name":"\u00cdda semur vi\u00f0 Gr\u00f3ttu - \u00cd\u00fer\u00f3ttaf\u00e9lagi\u00f0 Gr\u00f3tta","isPartOf":{"@id":"https:\/\/grotta.is\/#website"},"primaryImageOfPage":{"@id":"https:\/\/grotta.is\/handknattleiksdeild\/ida-semur-vid-grottu\/#primaryimage"},"image":{"@id":"https:\/\/grotta.is\/handknattleiksdeild\/ida-semur-vid-grottu\/#primaryimage"},"thumbnailUrl":"https:\/\/grotta.is\/wp-content\/uploads\/2023\/03\/1DX27310-scaled.jpg","datePublished":"2023-03-27T19:26:35+00:00","dateModified":"2023-03-27T19:26:46+00:00","breadcrumb":{"@id":"https:\/\/grotta.is\/handknattleiksdeild\/ida-semur-vid-grottu\/#breadcrumb"},"inLanguage":"en-US","potentialAction":[{"@type":"ReadAction","target":["https:\/\/grotta.is\/handknattleiksdeild\/ida-semur-vid-grottu\/"]}]},{"@type":"ImageObject","inLanguage":"en-US","@id":"https:\/\/grotta.is\/handknattleiksdeild\/ida-semur-vid-grottu\/#primaryimage","url":"https:\/\/grotta.is\/wp-content\/uploads\/2023\/03\/1DX27310-scaled.jpg","contentUrl":"https:\/\/grotta.is\/wp-content\/uploads\/2023\/03\/1DX27310-scaled.jpg","width":2560,"height":1432},{"@type":"BreadcrumbList","@id":"https:\/\/grotta.is\/handknattleiksdeild\/ida-semur-vid-grottu\/#breadcrumb","itemListElement":[{"@type":"ListItem","position":1,"name":"Home","item":"https:\/\/grotta.is\/"},{"@type":"ListItem","position":2,"name":"\u00cdda semur vi\u00f0 Gr\u00f3ttu"}]},{"@type":"WebSite","@id":"https:\/\/grotta.is\/#website","url":"https:\/\/grotta.is\/","name":"\u00cd\u00fer\u00f3ttaf\u00e9lagi\u00f0 Gr\u00f3tta","description":"\u00e1 Seltjarnarnesi","publisher":{"@id":"https:\/\/grotta.is\/#organization"},"potentialAction":[{"@type":"SearchAction","target":{"@type":"EntryPoint","urlTemplate":"https:\/\/grotta.is\/?s={search_term_string}"},"query-input":{"@type":"PropertyValueSpecification","valueRequired":true,"valueName":"search_term_string"}}],"inLanguage":"en-US"},{"@type":"Organization","@id":"https:\/\/grotta.is\/#organization","name":"\u00cd\u00fer\u00f3ttaf\u00e9lagi\u00f0 Gr\u00f3tta","url":"https:\/\/grotta.is\/","logo":{"@type":"ImageObject","inLanguage":"en-US","@id":"https:\/\/grotta.is\/#\/schema\/logo\/image\/","url":"https:\/\/grotta.is\/wp-content\/uploads\/2020\/02\/ithrottafelagidgrotta_logo_512x512_transparent.png","contentUrl":"https:\/\/grotta.is\/wp-content\/uploads\/2020\/02\/ithrottafelagidgrotta_logo_512x512_transparent.png","width":512,"height":512,"caption":"\u00cd\u00fer\u00f3ttaf\u00e9lagi\u00f0 Gr\u00f3tta"},"image":{"@id":"https:\/\/grotta.is\/#\/schema\/logo\/image\/"},"sameAs":["https:\/\/www.facebook.com\/grottasport"]},{"@type":"Person","@id":"https:\/\/grotta.is\/#\/schema\/person\/b21e9d5dfd92c90211e343e8d7252b1c","name":"Andri Sigf\u00fasson","url":"https:\/\/grotta.is\/en\/author\/andri\/"}]}},"_links":{"self":[{"href":"https:\/\/grotta.is\/en\/wp-json\/wp\/v2\/posts\/419157","targetHints":{"allow":["GET"]}}],"collection":[{"href":"https:\/\/grotta.is\/en\/wp-json\/wp\/v2\/posts"}],"about":[{"href":"https:\/\/grotta.is\/en\/wp-json\/wp\/v2\/types\/post"}],"author":[{"embeddable":true,"href":"https:\/\/grotta.is\/en\/wp-json\/wp\/v2\/users\/10"}],"replies":[{"embeddable":true,"href":"https:\/\/grotta.is\/en\/wp-json\/wp\/v2\/comments?post=419157"}],"version-history":[{"count":2,"href":"https:\/\/grotta.is\/en\/wp-json\/wp\/v2\/posts\/419157\/revisions"}],"predecessor-version":[{"id":419161,"href":"https:\/\/grotta.is\/en\/wp-json\/wp\/v2\/posts\/419157\/revisions\/419161"}],"wp:featuredmedia":[{"embeddable":true,"href":"https:\/\/grotta.is\/en\/wp-json\/wp\/v2\/media\/419159"}],"wp:attachment":[{"href":"https:\/\/grotta.is\/en\/wp-json\/wp\/v2\/media?parent=419157"}],"wp:term":[{"taxonomy":"category","embeddable":true,"href":"https:\/\/grotta.is\/en\/wp-json\/wp\/v2\/categories?post=419157"},{"taxonomy":"post_tag","embeddable":true,"href":"https:\/\/grotta.is\/en\/wp-json\/wp\/v2\/tags?post=419157"}],"curies":[{"name":"wp","href":"https:\/\/api.w.org\/{rel}","templated":true}]}}