{"id":418861,"date":"2023-03-21T18:07:01","date_gmt":"2023-03-21T18:07:01","guid":{"rendered":"https:\/\/grotta.is\/?p=418861"},"modified":"2023-03-21T18:07:03","modified_gmt":"2023-03-21T18:07:03","slug":"tvo-lid-fra-grottu-i-bikarurslitum","status":"publish","type":"post","link":"https:\/\/grotta.is\/en\/handknattleiksdeild\/tvo-lid-fra-grottu-i-bikarurslitum\/","title":{"rendered":"Tv\u00f6 li\u00f0 fr\u00e1 Gr\u00f3ttu \u00ed bikar\u00farslitum"},"content":{"rendered":"<p>Gr\u00f3tta var me\u00f0 tv\u00f6 li\u00f0 \u00ed \u00farslitum Powerade-bikars HS\u00cd helgina 17. &#8211; 19.mars. 6.flokkur karla yngri l\u00e9k gegn Haukum og 5.flokkur kvenna eldri l\u00e9k gegn Val.<\/p><p><strong>6.flokkur karla yngri<\/strong><br>Eftir virkilega flottan leik voru \u00fea\u00f0 Haukar sem unnu me\u00f0 minnsta m\u00f6gulega mun, 9-10 \u00ed \u00farslitaleik bikarsins hj\u00e1 6.flokki karla yngri. Str\u00e1karnir okkar st\u00f3\u00f0u sig vel og geta heldur betur veri\u00f0 s\u00e1ttir me\u00f0 sinn leik \u00fe\u00f3 a\u00f0 andst\u00e6\u00f0ingurinn hafi veri\u00f0 sterkari \u00ed dag.<\/p><p><strong>5.flokkur kvenna eldri<\/strong><br>Stelpurnar \u00ed 5. flokki kvenna eldri t\u00f3ku \u00fe\u00e1tt \u00ed \u00farslitleik \u00ed Powerade-bikarnum gegn sterku Valsli\u00f0i \u00ed g\u00e6r. Miki\u00f0 jafnr\u00e6\u00f0i var me\u00f0 li\u00f0unum \u00ed fyrri h\u00e1lfleiknum og var a\u00f0eins tveggja marka munur \u00ed h\u00e1lfleik. Gr\u00f3ttustelpur n\u00e1\u00f0u ekki a\u00f0 fylgja eftir g\u00f3\u00f0um fyrri h\u00e1lfleik og vann Valur me\u00f0 sj\u00f6 marka mun, 13-20. Stelpurnar st\u00f3\u00f0u sig fr\u00e1b\u00e6rlega og var \u00feetta gr\u00ed\u00f0arlega skemmtileg upplifun og reynsla fyrir \u00fe\u00e6r.<\/p><p>Sannarlega fr\u00e1b\u00e6rir krakkar sem eru \u00ed yngri flokkum Gr\u00f3ttu.<\/p><p><img fetchpriority=\"high\" decoding=\"async\" width=\"600\" height=\"400\" class=\"wp-image-418864\" style=\"width: 600px;\" src=\"https:\/\/grotta.is\/wp-content\/uploads\/2023\/03\/337149281_1236337570621991_7213739962095666983_n.jpg\" alt=\"\" srcset=\"https:\/\/grotta.is\/wp-content\/uploads\/2023\/03\/337149281_1236337570621991_7213739962095666983_n.jpg 1080w, https:\/\/grotta.is\/wp-content\/uploads\/2023\/03\/337149281_1236337570621991_7213739962095666983_n-300x200.jpg 300w, https:\/\/grotta.is\/wp-content\/uploads\/2023\/03\/337149281_1236337570621991_7213739962095666983_n-1024x683.jpg 1024w, https:\/\/grotta.is\/wp-content\/uploads\/2023\/03\/337149281_1236337570621991_7213739962095666983_n-768x512.jpg 768w, https:\/\/grotta.is\/wp-content\/uploads\/2023\/03\/337149281_1236337570621991_7213739962095666983_n-18x12.jpg 18w, https:\/\/grotta.is\/wp-content\/uploads\/2023\/03\/337149281_1236337570621991_7213739962095666983_n-600x400.jpg 600w\" sizes=\"(max-width: 600px) 100vw, 600px\" \/><\/p><p><img decoding=\"async\" width=\"600\" height=\"400\" class=\"wp-image-418865 lazyload\" style=\"--smush-placeholder-width: 600px; --smush-placeholder-aspect-ratio: 600\/400;width: 600px;\" data-src=\"https:\/\/grotta.is\/wp-content\/uploads\/2023\/03\/336567032_566495415440408_3900278697479208864_n.jpg\" alt=\"\" data-srcset=\"https:\/\/grotta.is\/wp-content\/uploads\/2023\/03\/336567032_566495415440408_3900278697479208864_n.jpg 1080w, https:\/\/grotta.is\/wp-content\/uploads\/2023\/03\/336567032_566495415440408_3900278697479208864_n-300x200.jpg 300w, https:\/\/grotta.is\/wp-content\/uploads\/2023\/03\/336567032_566495415440408_3900278697479208864_n-1024x683.jpg 1024w, https:\/\/grotta.is\/wp-content\/uploads\/2023\/03\/336567032_566495415440408_3900278697479208864_n-768x512.jpg 768w, https:\/\/grotta.is\/wp-content\/uploads\/2023\/03\/336567032_566495415440408_3900278697479208864_n-18x12.jpg 18w, https:\/\/grotta.is\/wp-content\/uploads\/2023\/03\/336567032_566495415440408_3900278697479208864_n-600x400.jpg 600w\" data-sizes=\"(max-width: 600px) 100vw, 600px\" src=\"data:image\/gif;base64,R0lGODlhAQABAAAAACH5BAEKAAEALAAAAAABAAEAAAICTAEAOw==\" \/><\/p><p><img decoding=\"async\" width=\"600\" height=\"400\" class=\"wp-image-418866 lazyload\" style=\"--smush-placeholder-width: 600px; --smush-placeholder-aspect-ratio: 600\/400;width: 600px;\" data-src=\"https:\/\/grotta.is\/wp-content\/uploads\/2023\/03\/337045002_934632731284821_2576688976587959530_n.jpg\" alt=\"\" data-srcset=\"https:\/\/grotta.is\/wp-content\/uploads\/2023\/03\/337045002_934632731284821_2576688976587959530_n.jpg 960w, https:\/\/grotta.is\/wp-content\/uploads\/2023\/03\/337045002_934632731284821_2576688976587959530_n-300x200.jpg 300w, https:\/\/grotta.is\/wp-content\/uploads\/2023\/03\/337045002_934632731284821_2576688976587959530_n-768x512.jpg 768w, https:\/\/grotta.is\/wp-content\/uploads\/2023\/03\/337045002_934632731284821_2576688976587959530_n-18x12.jpg 18w, https:\/\/grotta.is\/wp-content\/uploads\/2023\/03\/337045002_934632731284821_2576688976587959530_n-600x400.jpg 600w\" data-sizes=\"(max-width: 600px) 100vw, 600px\" src=\"data:image\/gif;base64,R0lGODlhAQABAAAAACH5BAEKAAEALAAAAAABAAEAAAICTAEAOw==\" \/><\/p><p><img decoding=\"async\" width=\"600\" height=\"400\" class=\"wp-image-418867 lazyload\" style=\"--smush-placeholder-width: 600px; --smush-placeholder-aspect-ratio: 600\/400;width: 600px;\" data-src=\"https:\/\/grotta.is\/wp-content\/uploads\/2023\/03\/336469550_751874993001949_6061393358799699935_n.jpg\" alt=\"\" data-srcset=\"https:\/\/grotta.is\/wp-content\/uploads\/2023\/03\/336469550_751874993001949_6061393358799699935_n.jpg 1080w, https:\/\/grotta.is\/wp-content\/uploads\/2023\/03\/336469550_751874993001949_6061393358799699935_n-300x200.jpg 300w, https:\/\/grotta.is\/wp-content\/uploads\/2023\/03\/336469550_751874993001949_6061393358799699935_n-1024x683.jpg 1024w, https:\/\/grotta.is\/wp-content\/uploads\/2023\/03\/336469550_751874993001949_6061393358799699935_n-768x512.jpg 768w, https:\/\/grotta.is\/wp-content\/uploads\/2023\/03\/336469550_751874993001949_6061393358799699935_n-18x12.jpg 18w, https:\/\/grotta.is\/wp-content\/uploads\/2023\/03\/336469550_751874993001949_6061393358799699935_n-600x400.jpg 600w\" data-sizes=\"(max-width: 600px) 100vw, 600px\" src=\"data:image\/gif;base64,R0lGODlhAQABAAAAACH5BAEKAAEALAAAAAABAAEAAAICTAEAOw==\" \/><\/p><p><\/p>","protected":false},"excerpt":{"rendered":"<p>Gr\u00f3tta var me\u00f0 tv\u00f6 li\u00f0 \u00ed \u00farslitum Powerade-bikars HS\u00cd helgina 17. &#8211; 19.mars. 6.flokkur karla yngri l\u00e9k gegn Haukum og 5.flokkur kvenna eldri l\u00e9k gegn Val. 6.flokkur karla yngriEftir virkilega [&hellip;]<\/p>","protected":false},"author":10,"featured_media":418863,"comment_status":"closed","ping_status":"closed","sticky":false,"template":"","format":"standard","meta":{"footnotes":""},"categories":[12],"tags":[],"class_list":["post-418861","post","type-post","status-publish","format-standard","has-post-thumbnail","hentry","category-handknattleiksdeild"],"yoast_head":"<!-- This site is optimized with the Yoast SEO plugin v24.3 - https:\/\/yoast.com\/wordpress\/plugins\/seo\/ -->\n<title>Tv\u00f6 li\u00f0 fr\u00e1 Gr\u00f3ttu \u00ed bikar\u00farslitum - \u00cd\u00fer\u00f3ttaf\u00e9lagi\u00f0 Gr\u00f3tta<\/title>\n<meta name=\"robots\" content=\"index, follow, max-snippet:-1, max-image-preview:large, max-video-preview:-1\" \/>\n<link rel=\"canonical\" href=\"https:\/\/grotta.is\/en\/handknattleiksdeild\/tvo-lid-fra-grottu-i-bikarurslitum\/\" \/>\n<meta property=\"og:locale\" content=\"en_US\" \/>\n<meta property=\"og:type\" content=\"article\" \/>\n<meta property=\"og:title\" content=\"Tv\u00f6 li\u00f0 fr\u00e1 Gr\u00f3ttu \u00ed bikar\u00farslitum - \u00cd\u00fer\u00f3ttaf\u00e9lagi\u00f0 Gr\u00f3tta\" \/>\n<meta property=\"og:description\" content=\"Gr\u00f3tta var me\u00f0 tv\u00f6 li\u00f0 \u00ed \u00farslitum Powerade-bikars HS\u00cd helgina 17. &#8211; 19.mars. 6.flokkur karla yngri l\u00e9k gegn Haukum og 5.flokkur kvenna eldri l\u00e9k gegn Val. 6.flokkur karla yngriEftir virkilega [&hellip;]\" \/>\n<meta property=\"og:url\" content=\"https:\/\/grotta.is\/en\/handknattleiksdeild\/tvo-lid-fra-grottu-i-bikarurslitum\/\" \/>\n<meta property=\"og:site_name\" content=\"\u00cd\u00fer\u00f3ttaf\u00e9lagi\u00f0 Gr\u00f3tta\" \/>\n<meta property=\"article:publisher\" content=\"https:\/\/www.facebook.com\/grottasport\" \/>\n<meta property=\"article:published_time\" content=\"2023-03-21T18:07:01+00:00\" \/>\n<meta property=\"article:modified_time\" content=\"2023-03-21T18:07:03+00:00\" \/>\n<meta property=\"og:image\" content=\"https:\/\/grotta.is\/wp-content\/uploads\/2023\/03\/Powerade_Bikarinn_2023-logo-04.jpg\" \/>\n\t<meta property=\"og:image:width\" content=\"1333\" \/>\n\t<meta property=\"og:image:height\" content=\"566\" \/>\n\t<meta property=\"og:image:type\" content=\"image\/jpeg\" \/>\n<meta name=\"author\" content=\"Andri Sigf\u00fasson\" \/>\n<meta name=\"twitter:card\" content=\"summary_large_image\" \/>\n<meta name=\"twitter:label1\" content=\"Written by\" \/>\n\t<meta name=\"twitter:data1\" content=\"Andri Sigf\u00fasson\" \/>\n\t<meta name=\"twitter:label2\" content=\"Est. reading time\" \/>\n\t<meta name=\"twitter:data2\" content=\"2 minutes\" \/>\n<script type=\"application\/ld+json\" class=\"yoast-schema-graph\">{\"@context\":\"https:\/\/schema.org\",\"@graph\":[{\"@type\":\"Article\",\"@id\":\"https:\/\/grotta.is\/handknattleiksdeild\/tvo-lid-fra-grottu-i-bikarurslitum\/#article\",\"isPartOf\":{\"@id\":\"https:\/\/grotta.is\/handknattleiksdeild\/tvo-lid-fra-grottu-i-bikarurslitum\/\"},\"author\":{\"name\":\"Andri Sigf\u00fasson\",\"@id\":\"https:\/\/grotta.is\/#\/schema\/person\/b21e9d5dfd92c90211e343e8d7252b1c\"},\"headline\":\"Tv\u00f6 li\u00f0 fr\u00e1 Gr\u00f3ttu \u00ed bikar\u00farslitum\",\"datePublished\":\"2023-03-21T18:07:01+00:00\",\"dateModified\":\"2023-03-21T18:07:03+00:00\",\"mainEntityOfPage\":{\"@id\":\"https:\/\/grotta.is\/handknattleiksdeild\/tvo-lid-fra-grottu-i-bikarurslitum\/\"},\"wordCount\":169,\"publisher\":{\"@id\":\"https:\/\/grotta.is\/#organization\"},\"image\":{\"@id\":\"https:\/\/grotta.is\/handknattleiksdeild\/tvo-lid-fra-grottu-i-bikarurslitum\/#primaryimage\"},\"thumbnailUrl\":\"https:\/\/grotta.is\/wp-content\/uploads\/2023\/03\/Powerade_Bikarinn_2023-logo-04.jpg\",\"articleSection\":[\"Handknattleiksdeild\"],\"inLanguage\":\"en-US\"},{\"@type\":\"WebPage\",\"@id\":\"https:\/\/grotta.is\/handknattleiksdeild\/tvo-lid-fra-grottu-i-bikarurslitum\/\",\"url\":\"https:\/\/grotta.is\/handknattleiksdeild\/tvo-lid-fra-grottu-i-bikarurslitum\/\",\"name\":\"Tv\u00f6 li\u00f0 fr\u00e1 Gr\u00f3ttu \u00ed bikar\u00farslitum - \u00cd\u00fer\u00f3ttaf\u00e9lagi\u00f0 Gr\u00f3tta\",\"isPartOf\":{\"@id\":\"https:\/\/grotta.is\/#website\"},\"primaryImageOfPage\":{\"@id\":\"https:\/\/grotta.is\/handknattleiksdeild\/tvo-lid-fra-grottu-i-bikarurslitum\/#primaryimage\"},\"image\":{\"@id\":\"https:\/\/grotta.is\/handknattleiksdeild\/tvo-lid-fra-grottu-i-bikarurslitum\/#primaryimage\"},\"thumbnailUrl\":\"https:\/\/grotta.is\/wp-content\/uploads\/2023\/03\/Powerade_Bikarinn_2023-logo-04.jpg\",\"datePublished\":\"2023-03-21T18:07:01+00:00\",\"dateModified\":\"2023-03-21T18:07:03+00:00\",\"breadcrumb\":{\"@id\":\"https:\/\/grotta.is\/handknattleiksdeild\/tvo-lid-fra-grottu-i-bikarurslitum\/#breadcrumb\"},\"inLanguage\":\"en-US\",\"potentialAction\":[{\"@type\":\"ReadAction\",\"target\":[\"https:\/\/grotta.is\/handknattleiksdeild\/tvo-lid-fra-grottu-i-bikarurslitum\/\"]}]},{\"@type\":\"ImageObject\",\"inLanguage\":\"en-US\",\"@id\":\"https:\/\/grotta.is\/handknattleiksdeild\/tvo-lid-fra-grottu-i-bikarurslitum\/#primaryimage\",\"url\":\"https:\/\/grotta.is\/wp-content\/uploads\/2023\/03\/Powerade_Bikarinn_2023-logo-04.jpg\",\"contentUrl\":\"https:\/\/grotta.is\/wp-content\/uploads\/2023\/03\/Powerade_Bikarinn_2023-logo-04.jpg\",\"width\":1333,\"height\":566},{\"@type\":\"BreadcrumbList\",\"@id\":\"https:\/\/grotta.is\/handknattleiksdeild\/tvo-lid-fra-grottu-i-bikarurslitum\/#breadcrumb\",\"itemListElement\":[{\"@type\":\"ListItem\",\"position\":1,\"name\":\"Home\",\"item\":\"https:\/\/grotta.is\/\"},{\"@type\":\"ListItem\",\"position\":2,\"name\":\"Tv\u00f6 li\u00f0 fr\u00e1 Gr\u00f3ttu \u00ed bikar\u00farslitum\"}]},{\"@type\":\"WebSite\",\"@id\":\"https:\/\/grotta.is\/#website\",\"url\":\"https:\/\/grotta.is\/\",\"name\":\"\u00cd\u00fer\u00f3ttaf\u00e9lagi\u00f0 Gr\u00f3tta\",\"description\":\"\u00e1 Seltjarnarnesi\",\"publisher\":{\"@id\":\"https:\/\/grotta.is\/#organization\"},\"potentialAction\":[{\"@type\":\"SearchAction\",\"target\":{\"@type\":\"EntryPoint\",\"urlTemplate\":\"https:\/\/grotta.is\/?s={search_term_string}\"},\"query-input\":{\"@type\":\"PropertyValueSpecification\",\"valueRequired\":true,\"valueName\":\"search_term_string\"}}],\"inLanguage\":\"en-US\"},{\"@type\":\"Organization\",\"@id\":\"https:\/\/grotta.is\/#organization\",\"name\":\"\u00cd\u00fer\u00f3ttaf\u00e9lagi\u00f0 Gr\u00f3tta\",\"url\":\"https:\/\/grotta.is\/\",\"logo\":{\"@type\":\"ImageObject\",\"inLanguage\":\"en-US\",\"@id\":\"https:\/\/grotta.is\/#\/schema\/logo\/image\/\",\"url\":\"https:\/\/grotta.is\/wp-content\/uploads\/2020\/02\/ithrottafelagidgrotta_logo_512x512_transparent.png\",\"contentUrl\":\"https:\/\/grotta.is\/wp-content\/uploads\/2020\/02\/ithrottafelagidgrotta_logo_512x512_transparent.png\",\"width\":512,\"height\":512,\"caption\":\"\u00cd\u00fer\u00f3ttaf\u00e9lagi\u00f0 Gr\u00f3tta\"},\"image\":{\"@id\":\"https:\/\/grotta.is\/#\/schema\/logo\/image\/\"},\"sameAs\":[\"https:\/\/www.facebook.com\/grottasport\"]},{\"@type\":\"Person\",\"@id\":\"https:\/\/grotta.is\/#\/schema\/person\/b21e9d5dfd92c90211e343e8d7252b1c\",\"name\":\"Andri Sigf\u00fasson\",\"url\":\"https:\/\/grotta.is\/en\/author\/andri\/\"}]}<\/script>\n<!-- \/ Yoast SEO plugin. -->","yoast_head_json":{"title":"Tv\u00f6 li\u00f0 fr\u00e1 Gr\u00f3ttu \u00ed bikar\u00farslitum - \u00cd\u00fer\u00f3ttaf\u00e9lagi\u00f0 Gr\u00f3tta","robots":{"index":"index","follow":"follow","max-snippet":"max-snippet:-1","max-image-preview":"max-image-preview:large","max-video-preview":"max-video-preview:-1"},"canonical":"https:\/\/grotta.is\/en\/handknattleiksdeild\/tvo-lid-fra-grottu-i-bikarurslitum\/","og_locale":"en_US","og_type":"article","og_title":"Tv\u00f6 li\u00f0 fr\u00e1 Gr\u00f3ttu \u00ed bikar\u00farslitum - \u00cd\u00fer\u00f3ttaf\u00e9lagi\u00f0 Gr\u00f3tta","og_description":"Gr\u00f3tta var me\u00f0 tv\u00f6 li\u00f0 \u00ed \u00farslitum Powerade-bikars HS\u00cd helgina 17. &#8211; 19.mars. 6.flokkur karla yngri l\u00e9k gegn Haukum og 5.flokkur kvenna eldri l\u00e9k gegn Val. 6.flokkur karla yngriEftir virkilega [&hellip;]","og_url":"https:\/\/grotta.is\/en\/handknattleiksdeild\/tvo-lid-fra-grottu-i-bikarurslitum\/","og_site_name":"\u00cd\u00fer\u00f3ttaf\u00e9lagi\u00f0 Gr\u00f3tta","article_publisher":"https:\/\/www.facebook.com\/grottasport","article_published_time":"2023-03-21T18:07:01+00:00","article_modified_time":"2023-03-21T18:07:03+00:00","og_image":[{"width":1333,"height":566,"url":"https:\/\/grotta.is\/wp-content\/uploads\/2023\/03\/Powerade_Bikarinn_2023-logo-04.jpg","type":"image\/jpeg"}],"author":"Andri Sigf\u00fasson","twitter_card":"summary_large_image","twitter_misc":{"Written by":"Andri Sigf\u00fasson","Est. reading time":"2 minutes"},"schema":{"@context":"https:\/\/schema.org","@graph":[{"@type":"Article","@id":"https:\/\/grotta.is\/handknattleiksdeild\/tvo-lid-fra-grottu-i-bikarurslitum\/#article","isPartOf":{"@id":"https:\/\/grotta.is\/handknattleiksdeild\/tvo-lid-fra-grottu-i-bikarurslitum\/"},"author":{"name":"Andri Sigf\u00fasson","@id":"https:\/\/grotta.is\/#\/schema\/person\/b21e9d5dfd92c90211e343e8d7252b1c"},"headline":"Tv\u00f6 li\u00f0 fr\u00e1 Gr\u00f3ttu \u00ed bikar\u00farslitum","datePublished":"2023-03-21T18:07:01+00:00","dateModified":"2023-03-21T18:07:03+00:00","mainEntityOfPage":{"@id":"https:\/\/grotta.is\/handknattleiksdeild\/tvo-lid-fra-grottu-i-bikarurslitum\/"},"wordCount":169,"publisher":{"@id":"https:\/\/grotta.is\/#organization"},"image":{"@id":"https:\/\/grotta.is\/handknattleiksdeild\/tvo-lid-fra-grottu-i-bikarurslitum\/#primaryimage"},"thumbnailUrl":"https:\/\/grotta.is\/wp-content\/uploads\/2023\/03\/Powerade_Bikarinn_2023-logo-04.jpg","articleSection":["Handknattleiksdeild"],"inLanguage":"en-US"},{"@type":"WebPage","@id":"https:\/\/grotta.is\/handknattleiksdeild\/tvo-lid-fra-grottu-i-bikarurslitum\/","url":"https:\/\/grotta.is\/handknattleiksdeild\/tvo-lid-fra-grottu-i-bikarurslitum\/","name":"Tv\u00f6 li\u00f0 fr\u00e1 Gr\u00f3ttu \u00ed bikar\u00farslitum - \u00cd\u00fer\u00f3ttaf\u00e9lagi\u00f0 Gr\u00f3tta","isPartOf":{"@id":"https:\/\/grotta.is\/#website"},"primaryImageOfPage":{"@id":"https:\/\/grotta.is\/handknattleiksdeild\/tvo-lid-fra-grottu-i-bikarurslitum\/#primaryimage"},"image":{"@id":"https:\/\/grotta.is\/handknattleiksdeild\/tvo-lid-fra-grottu-i-bikarurslitum\/#primaryimage"},"thumbnailUrl":"https:\/\/grotta.is\/wp-content\/uploads\/2023\/03\/Powerade_Bikarinn_2023-logo-04.jpg","datePublished":"2023-03-21T18:07:01+00:00","dateModified":"2023-03-21T18:07:03+00:00","breadcrumb":{"@id":"https:\/\/grotta.is\/handknattleiksdeild\/tvo-lid-fra-grottu-i-bikarurslitum\/#breadcrumb"},"inLanguage":"en-US","potentialAction":[{"@type":"ReadAction","target":["https:\/\/grotta.is\/handknattleiksdeild\/tvo-lid-fra-grottu-i-bikarurslitum\/"]}]},{"@type":"ImageObject","inLanguage":"en-US","@id":"https:\/\/grotta.is\/handknattleiksdeild\/tvo-lid-fra-grottu-i-bikarurslitum\/#primaryimage","url":"https:\/\/grotta.is\/wp-content\/uploads\/2023\/03\/Powerade_Bikarinn_2023-logo-04.jpg","contentUrl":"https:\/\/grotta.is\/wp-content\/uploads\/2023\/03\/Powerade_Bikarinn_2023-logo-04.jpg","width":1333,"height":566},{"@type":"BreadcrumbList","@id":"https:\/\/grotta.is\/handknattleiksdeild\/tvo-lid-fra-grottu-i-bikarurslitum\/#breadcrumb","itemListElement":[{"@type":"ListItem","position":1,"name":"Home","item":"https:\/\/grotta.is\/"},{"@type":"ListItem","position":2,"name":"Tv\u00f6 li\u00f0 fr\u00e1 Gr\u00f3ttu \u00ed bikar\u00farslitum"}]},{"@type":"WebSite","@id":"https:\/\/grotta.is\/#website","url":"https:\/\/grotta.is\/","name":"\u00cd\u00fer\u00f3ttaf\u00e9lagi\u00f0 Gr\u00f3tta","description":"\u00e1 Seltjarnarnesi","publisher":{"@id":"https:\/\/grotta.is\/#organization"},"potentialAction":[{"@type":"SearchAction","target":{"@type":"EntryPoint","urlTemplate":"https:\/\/grotta.is\/?s={search_term_string}"},"query-input":{"@type":"PropertyValueSpecification","valueRequired":true,"valueName":"search_term_string"}}],"inLanguage":"en-US"},{"@type":"Organization","@id":"https:\/\/grotta.is\/#organization","name":"\u00cd\u00fer\u00f3ttaf\u00e9lagi\u00f0 Gr\u00f3tta","url":"https:\/\/grotta.is\/","logo":{"@type":"ImageObject","inLanguage":"en-US","@id":"https:\/\/grotta.is\/#\/schema\/logo\/image\/","url":"https:\/\/grotta.is\/wp-content\/uploads\/2020\/02\/ithrottafelagidgrotta_logo_512x512_transparent.png","contentUrl":"https:\/\/grotta.is\/wp-content\/uploads\/2020\/02\/ithrottafelagidgrotta_logo_512x512_transparent.png","width":512,"height":512,"caption":"\u00cd\u00fer\u00f3ttaf\u00e9lagi\u00f0 Gr\u00f3tta"},"image":{"@id":"https:\/\/grotta.is\/#\/schema\/logo\/image\/"},"sameAs":["https:\/\/www.facebook.com\/grottasport"]},{"@type":"Person","@id":"https:\/\/grotta.is\/#\/schema\/person\/b21e9d5dfd92c90211e343e8d7252b1c","name":"Andri Sigf\u00fasson","url":"https:\/\/grotta.is\/en\/author\/andri\/"}]}},"_links":{"self":[{"href":"https:\/\/grotta.is\/en\/wp-json\/wp\/v2\/posts\/418861","targetHints":{"allow":["GET"]}}],"collection":[{"href":"https:\/\/grotta.is\/en\/wp-json\/wp\/v2\/posts"}],"about":[{"href":"https:\/\/grotta.is\/en\/wp-json\/wp\/v2\/types\/post"}],"author":[{"embeddable":true,"href":"https:\/\/grotta.is\/en\/wp-json\/wp\/v2\/users\/10"}],"replies":[{"embeddable":true,"href":"https:\/\/grotta.is\/en\/wp-json\/wp\/v2\/comments?post=418861"}],"version-history":[{"count":1,"href":"https:\/\/grotta.is\/en\/wp-json\/wp\/v2\/posts\/418861\/revisions"}],"predecessor-version":[{"id":418868,"href":"https:\/\/grotta.is\/en\/wp-json\/wp\/v2\/posts\/418861\/revisions\/418868"}],"wp:featuredmedia":[{"embeddable":true,"href":"https:\/\/grotta.is\/en\/wp-json\/wp\/v2\/media\/418863"}],"wp:attachment":[{"href":"https:\/\/grotta.is\/en\/wp-json\/wp\/v2\/media?parent=418861"}],"wp:term":[{"taxonomy":"category","embeddable":true,"href":"https:\/\/grotta.is\/en\/wp-json\/wp\/v2\/categories?post=418861"},{"taxonomy":"post_tag","embeddable":true,"href":"https:\/\/grotta.is\/en\/wp-json\/wp\/v2\/tags?post=418861"}],"curies":[{"name":"wp","href":"https:\/\/api.w.org\/{rel}","templated":true}]}}