{"id":413730,"date":"2023-04-23T12:22:35","date_gmt":"2023-04-23T12:22:35","guid":{"rendered":"https:\/\/grotta.is\/?p=413730"},"modified":"2023-04-24T22:11:15","modified_gmt":"2023-04-24T22:11:15","slug":"adalfundur-grottu-27-april","status":"publish","type":"post","link":"https:\/\/grotta.is\/en\/almennt\/adalfundur-grottu-27-april\/","title":{"rendered":"A\u00f0alfundur Gr\u00f3ttu 27. apr\u00edl"},"content":{"rendered":"<p>A\u00f0alfundir a\u00f0alstj\u00f3rnar og deilda \u00cd\u00fer\u00f3ttaf\u00e9lagsins Gr\u00f3ttu fara fram fimmtudaginn 27. apr\u00edl 2023. A\u00f0alfundirnir hefjast kl. 17:30 og er gert r\u00e1\u00f0 fyrir a\u00f0 \u00feeim s\u00e9 loki\u00f0 kl. 18:30. Eftir a\u00f0 a\u00f0alfundum l\u00fdkur ver\u00f0ur \u00f6llum fundargestum bo\u00f0i\u00f0 upp \u00e1 l\u00e9ttar veitingar.<\/p><p>Fyrirspurnum og frambo\u00f0um til stj\u00f3rna skal skila\u00f0 \u00e1 netfangi\u00f0 <a href=\"mailto:grotta@grotta.is\">grotta@grotta.is<\/a><\/p><figure class=\"wp-block-image size-large\"><img fetchpriority=\"high\" decoding=\"async\" width=\"1024\" height=\"964\" src=\"https:\/\/grotta.is\/wp-content\/uploads\/2023\/02\/Auglysing_adalfundur_2023-1024x964.jpg\" alt=\"\" class=\"wp-image-413729\" srcset=\"https:\/\/grotta.is\/wp-content\/uploads\/2023\/02\/Auglysing_adalfundur_2023-1024x964.jpg 1024w, https:\/\/grotta.is\/wp-content\/uploads\/2023\/02\/Auglysing_adalfundur_2023-300x282.jpg 300w, https:\/\/grotta.is\/wp-content\/uploads\/2023\/02\/Auglysing_adalfundur_2023-768x723.jpg 768w, https:\/\/grotta.is\/wp-content\/uploads\/2023\/02\/Auglysing_adalfundur_2023-1536x1446.jpg 1536w, https:\/\/grotta.is\/wp-content\/uploads\/2023\/02\/Auglysing_adalfundur_2023-2048x1928.jpg 2048w, https:\/\/grotta.is\/wp-content\/uploads\/2023\/02\/Auglysing_adalfundur_2023-13x12.jpg 13w, https:\/\/grotta.is\/wp-content\/uploads\/2023\/02\/Auglysing_adalfundur_2023-600x565.jpg 600w\" sizes=\"(max-width: 1024px) 100vw, 1024px\" \/><\/figure>","protected":false},"excerpt":{"rendered":"<p>A\u00f0alfundir a\u00f0alstj\u00f3rnar og deilda \u00cd\u00fer\u00f3ttaf\u00e9lagsins Gr\u00f3ttu fara fram fimmtudaginn 27. apr\u00edl 2023. A\u00f0alfundirnir hefjast kl. 17:30 og er gert r\u00e1\u00f0 fyrir a\u00f0 \u00feeim s\u00e9 loki\u00f0 kl. 18:30. Eftir a\u00f0 a\u00f0alfundum [&hellip;]<\/p>","protected":false},"author":2,"featured_media":421959,"comment_status":"closed","ping_status":"closed","sticky":false,"template":"","format":"standard","meta":{"footnotes":""},"categories":[4,9,12,7],"tags":[],"class_list":["post-413730","post","type-post","status-publish","format-standard","has-post-thumbnail","hentry","category-almennt","category-fimleikadeild","category-handknattleiksdeild","category-knattspyrnudeild"],"yoast_head":"<!-- This site is optimized with the Yoast SEO plugin v24.3 - https:\/\/yoast.com\/wordpress\/plugins\/seo\/ -->\n<title>A\u00f0alfundur Gr\u00f3ttu 27. apr\u00edl - \u00cd\u00fer\u00f3ttaf\u00e9lagi\u00f0 Gr\u00f3tta<\/title>\n<meta name=\"robots\" content=\"index, follow, max-snippet:-1, max-image-preview:large, max-video-preview:-1\" \/>\n<link rel=\"canonical\" href=\"https:\/\/grotta.is\/en\/almennt\/adalfundur-grottu-27-april\/\" \/>\n<meta property=\"og:locale\" content=\"en_US\" \/>\n<meta property=\"og:type\" content=\"article\" \/>\n<meta property=\"og:title\" content=\"A\u00f0alfundur Gr\u00f3ttu 27. apr\u00edl - \u00cd\u00fer\u00f3ttaf\u00e9lagi\u00f0 Gr\u00f3tta\" \/>\n<meta property=\"og:description\" content=\"A\u00f0alfundir a\u00f0alstj\u00f3rnar og deilda \u00cd\u00fer\u00f3ttaf\u00e9lagsins Gr\u00f3ttu fara fram fimmtudaginn 27. apr\u00edl 2023. A\u00f0alfundirnir hefjast kl. 17:30 og er gert r\u00e1\u00f0 fyrir a\u00f0 \u00feeim s\u00e9 loki\u00f0 kl. 18:30. Eftir a\u00f0 a\u00f0alfundum [&hellip;]\" \/>\n<meta property=\"og:url\" content=\"https:\/\/grotta.is\/en\/almennt\/adalfundur-grottu-27-april\/\" \/>\n<meta property=\"og:site_name\" content=\"\u00cd\u00fer\u00f3ttaf\u00e9lagi\u00f0 Gr\u00f3tta\" \/>\n<meta property=\"article:publisher\" content=\"https:\/\/www.facebook.com\/grottasport\" \/>\n<meta property=\"article:published_time\" content=\"2023-04-23T12:22:35+00:00\" \/>\n<meta property=\"article:modified_time\" content=\"2023-04-24T22:11:15+00:00\" \/>\n<meta property=\"og:image\" content=\"https:\/\/grotta.is\/wp-content\/uploads\/2023\/02\/Auglysing_adalfundur_2023-1-scaled.jpg\" \/>\n\t<meta property=\"og:image:width\" content=\"2560\" \/>\n\t<meta property=\"og:image:height\" content=\"1471\" \/>\n\t<meta property=\"og:image:type\" content=\"image\/jpeg\" \/>\n<meta name=\"author\" content=\"Grotta\" \/>\n<meta name=\"twitter:card\" content=\"summary_large_image\" \/>\n<meta name=\"twitter:label1\" content=\"Written by\" \/>\n\t<meta name=\"twitter:data1\" content=\"Grotta\" \/>\n\t<meta name=\"twitter:label2\" content=\"Est. reading time\" \/>\n\t<meta name=\"twitter:data2\" content=\"1 minute\" \/>\n<script type=\"application\/ld+json\" class=\"yoast-schema-graph\">{\"@context\":\"https:\/\/schema.org\",\"@graph\":[{\"@type\":\"Article\",\"@id\":\"https:\/\/grotta.is\/almennt\/adalfundur-grottu-27-april\/#article\",\"isPartOf\":{\"@id\":\"https:\/\/grotta.is\/almennt\/adalfundur-grottu-27-april\/\"},\"author\":{\"name\":\"Grotta\",\"@id\":\"https:\/\/grotta.is\/#\/schema\/person\/08ec57bf09ee925f1b6a01540c14a5ce\"},\"headline\":\"A\u00f0alfundur Gr\u00f3ttu 27. apr\u00edl\",\"datePublished\":\"2023-04-23T12:22:35+00:00\",\"dateModified\":\"2023-04-24T22:11:15+00:00\",\"mainEntityOfPage\":{\"@id\":\"https:\/\/grotta.is\/almennt\/adalfundur-grottu-27-april\/\"},\"wordCount\":66,\"publisher\":{\"@id\":\"https:\/\/grotta.is\/#organization\"},\"image\":{\"@id\":\"https:\/\/grotta.is\/almennt\/adalfundur-grottu-27-april\/#primaryimage\"},\"thumbnailUrl\":\"https:\/\/grotta.is\/wp-content\/uploads\/2023\/02\/Auglysing_adalfundur_2023-1-scaled.jpg\",\"articleSection\":[\"Almennt\",\"Fimleikadeild\",\"Handknattleiksdeild\",\"Knattspyrnudeild\"],\"inLanguage\":\"en-US\"},{\"@type\":\"WebPage\",\"@id\":\"https:\/\/grotta.is\/almennt\/adalfundur-grottu-27-april\/\",\"url\":\"https:\/\/grotta.is\/almennt\/adalfundur-grottu-27-april\/\",\"name\":\"A\u00f0alfundur Gr\u00f3ttu 27. apr\u00edl - \u00cd\u00fer\u00f3ttaf\u00e9lagi\u00f0 Gr\u00f3tta\",\"isPartOf\":{\"@id\":\"https:\/\/grotta.is\/#website\"},\"primaryImageOfPage\":{\"@id\":\"https:\/\/grotta.is\/almennt\/adalfundur-grottu-27-april\/#primaryimage\"},\"image\":{\"@id\":\"https:\/\/grotta.is\/almennt\/adalfundur-grottu-27-april\/#primaryimage\"},\"thumbnailUrl\":\"https:\/\/grotta.is\/wp-content\/uploads\/2023\/02\/Auglysing_adalfundur_2023-1-scaled.jpg\",\"datePublished\":\"2023-04-23T12:22:35+00:00\",\"dateModified\":\"2023-04-24T22:11:15+00:00\",\"breadcrumb\":{\"@id\":\"https:\/\/grotta.is\/almennt\/adalfundur-grottu-27-april\/#breadcrumb\"},\"inLanguage\":\"en-US\",\"potentialAction\":[{\"@type\":\"ReadAction\",\"target\":[\"https:\/\/grotta.is\/almennt\/adalfundur-grottu-27-april\/\"]}]},{\"@type\":\"ImageObject\",\"inLanguage\":\"en-US\",\"@id\":\"https:\/\/grotta.is\/almennt\/adalfundur-grottu-27-april\/#primaryimage\",\"url\":\"https:\/\/grotta.is\/wp-content\/uploads\/2023\/02\/Auglysing_adalfundur_2023-1-scaled.jpg\",\"contentUrl\":\"https:\/\/grotta.is\/wp-content\/uploads\/2023\/02\/Auglysing_adalfundur_2023-1-scaled.jpg\",\"width\":2560,\"height\":1471},{\"@type\":\"BreadcrumbList\",\"@id\":\"https:\/\/grotta.is\/almennt\/adalfundur-grottu-27-april\/#breadcrumb\",\"itemListElement\":[{\"@type\":\"ListItem\",\"position\":1,\"name\":\"Home\",\"item\":\"https:\/\/grotta.is\/\"},{\"@type\":\"ListItem\",\"position\":2,\"name\":\"A\u00f0alfundur Gr\u00f3ttu 27. apr\u00edl\"}]},{\"@type\":\"WebSite\",\"@id\":\"https:\/\/grotta.is\/#website\",\"url\":\"https:\/\/grotta.is\/\",\"name\":\"\u00cd\u00fer\u00f3ttaf\u00e9lagi\u00f0 Gr\u00f3tta\",\"description\":\"\u00e1 Seltjarnarnesi\",\"publisher\":{\"@id\":\"https:\/\/grotta.is\/#organization\"},\"potentialAction\":[{\"@type\":\"SearchAction\",\"target\":{\"@type\":\"EntryPoint\",\"urlTemplate\":\"https:\/\/grotta.is\/?s={search_term_string}\"},\"query-input\":{\"@type\":\"PropertyValueSpecification\",\"valueRequired\":true,\"valueName\":\"search_term_string\"}}],\"inLanguage\":\"en-US\"},{\"@type\":\"Organization\",\"@id\":\"https:\/\/grotta.is\/#organization\",\"name\":\"\u00cd\u00fer\u00f3ttaf\u00e9lagi\u00f0 Gr\u00f3tta\",\"url\":\"https:\/\/grotta.is\/\",\"logo\":{\"@type\":\"ImageObject\",\"inLanguage\":\"en-US\",\"@id\":\"https:\/\/grotta.is\/#\/schema\/logo\/image\/\",\"url\":\"https:\/\/grotta.is\/wp-content\/uploads\/2020\/02\/ithrottafelagidgrotta_logo_512x512_transparent.png\",\"contentUrl\":\"https:\/\/grotta.is\/wp-content\/uploads\/2020\/02\/ithrottafelagidgrotta_logo_512x512_transparent.png\",\"width\":512,\"height\":512,\"caption\":\"\u00cd\u00fer\u00f3ttaf\u00e9lagi\u00f0 Gr\u00f3tta\"},\"image\":{\"@id\":\"https:\/\/grotta.is\/#\/schema\/logo\/image\/\"},\"sameAs\":[\"https:\/\/www.facebook.com\/grottasport\"]},{\"@type\":\"Person\",\"@id\":\"https:\/\/grotta.is\/#\/schema\/person\/08ec57bf09ee925f1b6a01540c14a5ce\",\"name\":\"Grotta\",\"url\":\"https:\/\/grotta.is\/en\/author\/inga\/\"}]}<\/script>\n<!-- \/ Yoast SEO plugin. -->","yoast_head_json":{"title":"A\u00f0alfundur Gr\u00f3ttu 27. apr\u00edl - \u00cd\u00fer\u00f3ttaf\u00e9lagi\u00f0 Gr\u00f3tta","robots":{"index":"index","follow":"follow","max-snippet":"max-snippet:-1","max-image-preview":"max-image-preview:large","max-video-preview":"max-video-preview:-1"},"canonical":"https:\/\/grotta.is\/en\/almennt\/adalfundur-grottu-27-april\/","og_locale":"en_US","og_type":"article","og_title":"A\u00f0alfundur Gr\u00f3ttu 27. apr\u00edl - \u00cd\u00fer\u00f3ttaf\u00e9lagi\u00f0 Gr\u00f3tta","og_description":"A\u00f0alfundir a\u00f0alstj\u00f3rnar og deilda \u00cd\u00fer\u00f3ttaf\u00e9lagsins Gr\u00f3ttu fara fram fimmtudaginn 27. apr\u00edl 2023. A\u00f0alfundirnir hefjast kl. 17:30 og er gert r\u00e1\u00f0 fyrir a\u00f0 \u00feeim s\u00e9 loki\u00f0 kl. 18:30. Eftir a\u00f0 a\u00f0alfundum [&hellip;]","og_url":"https:\/\/grotta.is\/en\/almennt\/adalfundur-grottu-27-april\/","og_site_name":"\u00cd\u00fer\u00f3ttaf\u00e9lagi\u00f0 Gr\u00f3tta","article_publisher":"https:\/\/www.facebook.com\/grottasport","article_published_time":"2023-04-23T12:22:35+00:00","article_modified_time":"2023-04-24T22:11:15+00:00","og_image":[{"width":2560,"height":1471,"url":"https:\/\/grotta.is\/wp-content\/uploads\/2023\/02\/Auglysing_adalfundur_2023-1-scaled.jpg","type":"image\/jpeg"}],"author":"Grotta","twitter_card":"summary_large_image","twitter_misc":{"Written by":"Grotta","Est. reading time":"1 minute"},"schema":{"@context":"https:\/\/schema.org","@graph":[{"@type":"Article","@id":"https:\/\/grotta.is\/almennt\/adalfundur-grottu-27-april\/#article","isPartOf":{"@id":"https:\/\/grotta.is\/almennt\/adalfundur-grottu-27-april\/"},"author":{"name":"Grotta","@id":"https:\/\/grotta.is\/#\/schema\/person\/08ec57bf09ee925f1b6a01540c14a5ce"},"headline":"A\u00f0alfundur Gr\u00f3ttu 27. apr\u00edl","datePublished":"2023-04-23T12:22:35+00:00","dateModified":"2023-04-24T22:11:15+00:00","mainEntityOfPage":{"@id":"https:\/\/grotta.is\/almennt\/adalfundur-grottu-27-april\/"},"wordCount":66,"publisher":{"@id":"https:\/\/grotta.is\/#organization"},"image":{"@id":"https:\/\/grotta.is\/almennt\/adalfundur-grottu-27-april\/#primaryimage"},"thumbnailUrl":"https:\/\/grotta.is\/wp-content\/uploads\/2023\/02\/Auglysing_adalfundur_2023-1-scaled.jpg","articleSection":["Almennt","Fimleikadeild","Handknattleiksdeild","Knattspyrnudeild"],"inLanguage":"en-US"},{"@type":"WebPage","@id":"https:\/\/grotta.is\/almennt\/adalfundur-grottu-27-april\/","url":"https:\/\/grotta.is\/almennt\/adalfundur-grottu-27-april\/","name":"A\u00f0alfundur Gr\u00f3ttu 27. apr\u00edl - \u00cd\u00fer\u00f3ttaf\u00e9lagi\u00f0 Gr\u00f3tta","isPartOf":{"@id":"https:\/\/grotta.is\/#website"},"primaryImageOfPage":{"@id":"https:\/\/grotta.is\/almennt\/adalfundur-grottu-27-april\/#primaryimage"},"image":{"@id":"https:\/\/grotta.is\/almennt\/adalfundur-grottu-27-april\/#primaryimage"},"thumbnailUrl":"https:\/\/grotta.is\/wp-content\/uploads\/2023\/02\/Auglysing_adalfundur_2023-1-scaled.jpg","datePublished":"2023-04-23T12:22:35+00:00","dateModified":"2023-04-24T22:11:15+00:00","breadcrumb":{"@id":"https:\/\/grotta.is\/almennt\/adalfundur-grottu-27-april\/#breadcrumb"},"inLanguage":"en-US","potentialAction":[{"@type":"ReadAction","target":["https:\/\/grotta.is\/almennt\/adalfundur-grottu-27-april\/"]}]},{"@type":"ImageObject","inLanguage":"en-US","@id":"https:\/\/grotta.is\/almennt\/adalfundur-grottu-27-april\/#primaryimage","url":"https:\/\/grotta.is\/wp-content\/uploads\/2023\/02\/Auglysing_adalfundur_2023-1-scaled.jpg","contentUrl":"https:\/\/grotta.is\/wp-content\/uploads\/2023\/02\/Auglysing_adalfundur_2023-1-scaled.jpg","width":2560,"height":1471},{"@type":"BreadcrumbList","@id":"https:\/\/grotta.is\/almennt\/adalfundur-grottu-27-april\/#breadcrumb","itemListElement":[{"@type":"ListItem","position":1,"name":"Home","item":"https:\/\/grotta.is\/"},{"@type":"ListItem","position":2,"name":"A\u00f0alfundur Gr\u00f3ttu 27. apr\u00edl"}]},{"@type":"WebSite","@id":"https:\/\/grotta.is\/#website","url":"https:\/\/grotta.is\/","name":"\u00cd\u00fer\u00f3ttaf\u00e9lagi\u00f0 Gr\u00f3tta","description":"\u00e1 Seltjarnarnesi","publisher":{"@id":"https:\/\/grotta.is\/#organization"},"potentialAction":[{"@type":"SearchAction","target":{"@type":"EntryPoint","urlTemplate":"https:\/\/grotta.is\/?s={search_term_string}"},"query-input":{"@type":"PropertyValueSpecification","valueRequired":true,"valueName":"search_term_string"}}],"inLanguage":"en-US"},{"@type":"Organization","@id":"https:\/\/grotta.is\/#organization","name":"\u00cd\u00fer\u00f3ttaf\u00e9lagi\u00f0 Gr\u00f3tta","url":"https:\/\/grotta.is\/","logo":{"@type":"ImageObject","inLanguage":"en-US","@id":"https:\/\/grotta.is\/#\/schema\/logo\/image\/","url":"https:\/\/grotta.is\/wp-content\/uploads\/2020\/02\/ithrottafelagidgrotta_logo_512x512_transparent.png","contentUrl":"https:\/\/grotta.is\/wp-content\/uploads\/2020\/02\/ithrottafelagidgrotta_logo_512x512_transparent.png","width":512,"height":512,"caption":"\u00cd\u00fer\u00f3ttaf\u00e9lagi\u00f0 Gr\u00f3tta"},"image":{"@id":"https:\/\/grotta.is\/#\/schema\/logo\/image\/"},"sameAs":["https:\/\/www.facebook.com\/grottasport"]},{"@type":"Person","@id":"https:\/\/grotta.is\/#\/schema\/person\/08ec57bf09ee925f1b6a01540c14a5ce","name":"Grotta","url":"https:\/\/grotta.is\/en\/author\/inga\/"}]}},"_links":{"self":[{"href":"https:\/\/grotta.is\/en\/wp-json\/wp\/v2\/posts\/413730","targetHints":{"allow":["GET"]}}],"collection":[{"href":"https:\/\/grotta.is\/en\/wp-json\/wp\/v2\/posts"}],"about":[{"href":"https:\/\/grotta.is\/en\/wp-json\/wp\/v2\/types\/post"}],"author":[{"embeddable":true,"href":"https:\/\/grotta.is\/en\/wp-json\/wp\/v2\/users\/2"}],"replies":[{"embeddable":true,"href":"https:\/\/grotta.is\/en\/wp-json\/wp\/v2\/comments?post=413730"}],"version-history":[{"count":3,"href":"https:\/\/grotta.is\/en\/wp-json\/wp\/v2\/posts\/413730\/revisions"}],"predecessor-version":[{"id":415154,"href":"https:\/\/grotta.is\/en\/wp-json\/wp\/v2\/posts\/413730\/revisions\/415154"}],"wp:featuredmedia":[{"embeddable":true,"href":"https:\/\/grotta.is\/en\/wp-json\/wp\/v2\/media\/421959"}],"wp:attachment":[{"href":"https:\/\/grotta.is\/en\/wp-json\/wp\/v2\/media?parent=413730"}],"wp:term":[{"taxonomy":"category","embeddable":true,"href":"https:\/\/grotta.is\/en\/wp-json\/wp\/v2\/categories?post=413730"},{"taxonomy":"post_tag","embeddable":true,"href":"https:\/\/grotta.is\/en\/wp-json\/wp\/v2\/tags?post=413730"}],"curies":[{"name":"wp","href":"https:\/\/api.w.org\/{rel}","templated":true}]}}